{"id":35529,"date":"2021-08-04T19:35:22","date_gmt":"2021-08-04T22:35:22","guid":{"rendered":"https:\/\/backupnpm.codetainer.com.br\/?p=35529"},"modified":"2021-08-04T19:35:22","modified_gmt":"2021-08-04T22:35:22","slug":"ciro-nogueira-toma-posse-cita-petronio-portela-e-diz-que-assume-cargo-pela-democracia","status":"publish","type":"post","link":"https:\/\/portalnpm.com\/index.php\/2021\/08\/04\/ciro-nogueira-toma-posse-cita-petronio-portela-e-diz-que-assume-cargo-pela-democracia\/","title":{"rendered":"Ciro Nogueira toma posse, cita Petr\u00f4nio Portela, e diz que assume cargo pela democracia"},"content":{"rendered":"<p style=\"text-align: justify;\">O senador piauiense Ciro Nogueira (Progressistas) tomou posse na tarde desta quarta-feira (4) como ministro-chefe da Casa Civil. A solenidade, bastante prestigiada, contou com a presen\u00e7a do presidente Jair Bolsonaro e dos presidentes do Senado e C\u00e2mara Federal, Rodrigo Pach\u00eaco e Arhur Lira, respectivamente. Em seu discurso, Ciro disse que teria sido mais f\u00e1cil se acovardar, mas que aceitou a miss\u00e3o pela democracia. Ele ainda citou o ex-governador Petr\u00f4nio Portela, av\u00f4 de suas filhas, ao afirmar que n\u00e3o h\u00e1 problema mudar de opini\u00e3o, desde que seja para melhor.<\/p>\n<p style=\"text-align: justify;\">\n<p style=\"text-align: justify;\">\n<p style=\"text-align: justify;\">\u201cTeria sido mais f\u00e1cil, sim, n\u00e3o enfrentar este desafio neste momento de tantas dificuldades, de tanta radicaliza\u00e7\u00e3o, de tantas cr\u00edticas. Teria sido mais f\u00e1cil, senhor Presidente, me acovardar com um pretexto qualquer, ao receber o cativante e honroso convite de vossa Excel\u00eancia para integrar o governo, num momento em que tudo est\u00e1 dif\u00edcil. Em que o mundo est\u00e1 dif\u00edcil, a economia est\u00e1 dif\u00edcil, as pessoas est\u00e3o dif\u00edceis, a realidade est\u00e1 dif\u00edcil, o Brasil est\u00e1 dif\u00edcil, a pol\u00edtica est\u00e1 dif\u00edcil, em que o dif\u00edcil parece ser o novo normal\u201d, afirmou.<\/p>\n<p style=\"text-align: justify;\">Teria sido mais f\u00e1cil, senhor Presidente, continuar exercendo as minhas fun\u00e7\u00f5es de senador da Rep\u00fablica pelo meu amado estado do Piau\u00ed, sabendo que poderia, sempre, contar com a lealdade e o prest\u00edgio que nunca me faltaram de Vossa Excel\u00eancia para levar benef\u00edcios para os piauienses e realizar, assim, um mandato produtivo como senador<strong>\u201d,\u00a0<\/strong>continuou o ministro, destacando que assume o cargo pela democracia.<\/p>\n<blockquote><p>&#8220;Eu tive a honra de aceitar o convite de Vossa Excel\u00eancia para assumir a chefia da Casa Civil da Presid\u00eancia da Rep\u00fablica, nestes momentos incertos que o pa\u00eds vive, porque isso \u00e9 o mais certo. Porque, com a minha presen\u00e7a, me somando \u00e0 equipe de seus ministros e ministras, n\u00f3s vamos ajudar o Brasil a dar os sinais certos para onde n\u00f3s estamos indo.\u00a0O primeiro deles, senhor Presidente, e que n\u00e3o tenham d\u00favida: a democracia \u00e9 l\u00edquida e certa. Dif\u00edcil por natureza, mas \u00e9 a coisa certa. E \u00e9 por ela que estou aqui, \u00e9 por ela que todos estamos aqui, \u00e9 por ela que Vossa Excel\u00eancia est\u00e1 aqui: para cuidarmos dela, para zelarmos por ela, para aprofundarmos na diversidade, nas diferen\u00e7as a nossa realidade democr\u00e1tica&#8221;.<\/p><\/blockquote>\n<p style=\"text-align: justify;\">Ciro, que assume o cargo em substitui\u00e7\u00e3o ao general Luiz Eduardo Ramos,\u00a0elogiou o governo Bolsonaro e comparou o presidente a um timoneiro cruzando uma tormenta, se referindo a pandemia do novo coronav\u00edrus.<\/p>\n<p style=\"text-align: justify;\">\u201cEste momento representa um ponto de inflex\u00e3o importante e digno de destaque. A travessia de seu governo, senhor Presidente, durante a maior pandemia da hist\u00f3ria da humanidade, produziu ondas e abalos gigantescos. Gra\u00e7as ao maior programa assistencial da hist\u00f3ria do Brasil, os brasileiros n\u00e3o ficaram \u00e0 deriva. A vacina\u00e7\u00e3o agora avan\u00e7a e, em breve, teremos todo o nosso pa\u00eds completamente imunizado e a economia pronta para crescer. Estamos cruzando o cabo das Tormentas. Das tormentas pol\u00edticas, das tormentas sociais, econ\u00f4micas e institucionais. Vossa Excel\u00eancia \u00e9 nosso timoneiro, e eu serei como aquele ajudante que estar\u00e1 constantemente ao seu lado, avisando dos perigos no percurso, tentando ajudar a enxergar em meio \u00e0 n\u00e9voa e querendo, sempre, auxili\u00e1-lo a encontrar o rumo certo\u201d, declarou.<\/p>\n<p style=\"text-align: justify;\">O ministro destacou que \u00e9 dever do governo preparar o pa\u00eds para as elei\u00e7\u00f5es 2022, trabalhando por bons indicadores.<\/p>\n<p style=\"text-align: justify;\">\u201cTemos agora, at\u00e9 o fim do seu atual governo, um per\u00edodo que conduzir\u00e1 \u00e0s elei\u00e7\u00f5es de 22. E \u00e9 nosso dever preparar o pa\u00eds para chegar \u00e0s elei\u00e7\u00f5es da forma certa, com a economia no prumo certo, com a pol\u00edtica ajustada da maneira certa, com a vacina\u00e7\u00e3o garantida e certa para todos os brasileiros, com o programa de assist\u00eancia social certo para que os brasileiros n\u00e3o vivam momentos incertos. E, principalmente, com os indicadores econ\u00f4micos cada vez mais mostrando que o Brasil est\u00e1 dando certo&#8221;, declarou, ressaltando que a hist\u00f3ria vai reconhecer o que o governo tem feito.<\/p>\n<p style=\"text-align: justify;\">&#8220;O que \u00e9 certo, senhor Presidente, pode ser muitas vezes atacado. O que \u00e9 certo pode ser v\u00edtima de todo o tipo de injusti\u00e7as e preconceitos. O que \u00e9 certo pode sofrer todo tipo de dificuldade. Mas ao final, senhor Presidente, a hist\u00f3ria mostra que, o que \u00e9 o certo \u00e9, e ser\u00e1 sempre, o certo&#8221;<\/p>\n<p style=\"text-align: justify;\"><img decoding=\"async\" src=\"https:\/\/cidadeverde.com\/assets\/uploads\/noticias\/b236060b7dce01d1421bc7fad9683086.jpg\" \/><\/p>\n<p style=\"text-align: justify;\">Eleitor de Lula e Dilma no passado, citando o av\u00f4 de suas filhas, o ex-governador Petronio Portela, Ciro afirmou que n\u00e3o h\u00e1 problema algum em mudar de opini\u00e3o.<\/p>\n<p style=\"text-align: justify;\">\u201cA pol\u00edtica provoca choques, tremores e abalos, e gostaria que toda vez que me visse presidente, lembrasse de um amortecedor. Meu nome \u00e9 temper\u00e2ncia e o sobrenome \u00e9 equil\u00edbrio. O\u00a0s\u00e1bio Petr\u00f4nio nos deixou a li\u00e7\u00e3o de que n\u00e3o h\u00e1 problema em mudar de opini\u00e3o. Mudar de opini\u00e3o n\u00e3o \u00e9 contradi\u00e7\u00e3o. Desde que seja para melhor. Conte com este amortecedor para que o ambiente, por vezes agitado dos nossos tempos, tenha neste seu leal servidor algu\u00e9m sempre comprometido com a pacifica\u00e7\u00e3o, a estabiliza\u00e7\u00e3o, a unidade\u201d, afirmou.<\/p>\n<p style=\"text-align: justify;\">O novo ministro tamb\u00e9m falou de emprego e destacou que o governo Bolsonaro n\u00e3o pode ser de palavras e sim de a\u00e7\u00f5es. \u201cApesar de todas as dificuldades que o seu governo enfrentou e enfrenta, com as reformas e, agora, com a recria\u00e7\u00e3o do Minist\u00e9rio do Trabalho e Previd\u00eancia, vamos acelerar a gera\u00e7\u00e3o de empregos, vamos acelerar a economia. Seu governo n\u00e3o \u00e9 de palavras, Presidente. Seu governo n\u00e3o \u00e9 de palanques. Seu governo \u00e9 de a\u00e7\u00f5es. E s\u00e3o as a\u00e7\u00f5es que ser\u00e3o julgadas, no momento certo\u201d, declarou, ressaltando a decis\u00e3o do presidente de colocar um nordestino em um dos principais cargos do governo.<\/p>\n<blockquote><p><strong>&#8220;Vossa Excel\u00eancia trouxe para c\u00e1 um nordestino. E n\u00e3o apenas um nordestino. Um nordestino do historicamente esquecido, mas sempre guerreiro e altivo estado do Piau\u00ed. Podemos dizer que vossa Excel\u00eancia trouxe para o cora\u00e7\u00e3o de seu governo um nordestino, para compartilhar com ele uma parte das importantes decis\u00f5es que tem de tomar. O Nordeste est\u00e1 no n\u00facleo do poder, Presidente, por decis\u00e3o sua&#8221;, afirmou.<\/strong><\/p><\/blockquote>\n<p style=\"text-align: justify;\">Novamente citando Petr\u00f4nio Portela, Ciro Nogueira afirmou que um pol\u00edtico precisa ter coragem. \u201cN\u00e3o posso deixar de evocar, por fim, a maior figura da hist\u00f3ria pol\u00edtica de meu estado, com quem tenho la\u00e7os de fam\u00edlia, o arquiteto da Democracia, Petr\u00f4nio Portella, tio-av\u00f4 de minhas filhas. Fonte de inspira\u00e7\u00e3o para todos e para mim, sempre senti a presen\u00e7a pr\u00f3xima de seu exemplo marcante. Lembro-me de que dizia: eEm mim, gra\u00e7as a Deus, existe um fator que considero fundamental para um pol\u00edtico: a coragem. Coragem que resiste a tudo. Coragem que vence a todas as condi\u00e7\u00f5es que normalmente levariam qualquer pessoa ao desespero\u201d, finalizou.<\/p>\n<p style=\"text-align: justify;\"><iframe src=\"https:\/\/www.youtube.com\/embed\/FzGv7DzIico?rel=0\" width=\"750\" height=\"415\" frameborder=\"0\" allowfullscreen=\"allowfullscreen\" data-mce-fragment=\"1\"><\/iframe><\/p>\n<p style=\"text-align: justify;\">\n<p style=\"text-align: justify;\"><em>H\u00e9rlon Moraes<br \/>\nherlonmoraes@cidadeverde.com<\/em><\/p>\n","protected":false},"excerpt":{"rendered":"<p>O senador piauiense Ciro Nogueira (Progressistas) tomou posse na tarde desta quarta-feira (4) como ministro-chefe da Casa Civil. A solenidade, bastante prestigiada, contou com a presen\u00e7a do presidente Jair Bolsonaro e dos presidentes do Senado e C\u00e2mara Federal, Rodrigo Pach\u00eaco e Arhur Lira, respectivamente. Em seu discurso, Ciro disse que teria sido mais f\u00e1cil se &hellip;<\/p>\n","protected":false},"author":2,"featured_media":35530,"comment_status":"open","ping_status":"open","sticky":false,"template":"","format":"standard","meta":{"content-type":"","rop_custom_images_group":[],"rop_custom_messages_group":[],"rop_publish_now":"initial","rop_publish_now_accounts":{"facebook_2648258775420054_1618374048415101":""},"rop_publish_now_history":[],"rop_publish_now_status":"pending","footnotes":"","_jetpack_memberships_contains_paid_content":false},"categories":[113],"tags":[535,1253,7430],"yoast_head":"<!-- This site is optimized with the Yoast SEO plugin v22.3 - https:\/\/yoast.com\/wordpress\/plugins\/seo\/ -->\n<title>Ciro Nogueira toma posse, cita Petr\u00f4nio Portela, e diz que assume cargo pela democracia - Portal NPM<\/title>\n<meta name=\"robots\" content=\"index, follow, max-snippet:-1, max-image-preview:large, max-video-preview:-1\" \/>\n<link rel=\"canonical\" href=\"https:\/\/portalnpm.com\/index.php\/2021\/08\/04\/ciro-nogueira-toma-posse-cita-petronio-portela-e-diz-que-assume-cargo-pela-democracia\/\" \/>\n<meta property=\"og:locale\" content=\"pt_BR\" \/>\n<meta property=\"og:type\" content=\"article\" \/>\n<meta property=\"og:title\" content=\"Ciro Nogueira toma posse, cita Petr\u00f4nio Portela, e diz que assume cargo pela democracia - Portal NPM\" \/>\n<meta property=\"og:description\" content=\"O senador piauiense Ciro Nogueira (Progressistas) tomou posse na tarde desta quarta-feira (4) como ministro-chefe da Casa Civil. A solenidade, bastante prestigiada, contou com a presen\u00e7a do presidente Jair Bolsonaro e dos presidentes do Senado e C\u00e2mara Federal, Rodrigo Pach\u00eaco e Arhur Lira, respectivamente. Em seu discurso, Ciro disse que teria sido mais f\u00e1cil se &hellip;\" \/>\n<meta property=\"og:url\" content=\"https:\/\/portalnpm.com\/index.php\/2021\/08\/04\/ciro-nogueira-toma-posse-cita-petronio-portela-e-diz-que-assume-cargo-pela-democracia\/\" \/>\n<meta property=\"og:site_name\" content=\"Portal NPM\" \/>\n<meta property=\"article:published_time\" content=\"2021-08-04T22:35:22+00:00\" \/>\n<meta name=\"author\" content=\"Genival Barbosa\" \/>\n<meta name=\"twitter:card\" content=\"summary_large_image\" \/>\n<meta name=\"twitter:label1\" content=\"Escrito por\" \/>\n\t<meta name=\"twitter:data1\" content=\"Genival Barbosa\" \/>\n\t<meta name=\"twitter:label2\" content=\"Est. tempo de leitura\" \/>\n\t<meta name=\"twitter:data2\" content=\"5 minutos\" \/>\n<script type=\"application\/ld+json\" class=\"yoast-schema-graph\">{\"@context\":\"https:\/\/schema.org\",\"@graph\":[{\"@type\":\"WebPage\",\"@id\":\"https:\/\/portalnpm.com\/index.php\/2021\/08\/04\/ciro-nogueira-toma-posse-cita-petronio-portela-e-diz-que-assume-cargo-pela-democracia\/\",\"url\":\"https:\/\/portalnpm.com\/index.php\/2021\/08\/04\/ciro-nogueira-toma-posse-cita-petronio-portela-e-diz-que-assume-cargo-pela-democracia\/\",\"name\":\"Ciro Nogueira toma posse, cita Petr\u00f4nio Portela, e diz que assume cargo pela democracia - Portal NPM\",\"isPartOf\":{\"@id\":\"https:\/\/portalnpm.com\/#website\"},\"primaryImageOfPage\":{\"@id\":\"https:\/\/portalnpm.com\/index.php\/2021\/08\/04\/ciro-nogueira-toma-posse-cita-petronio-portela-e-diz-que-assume-cargo-pela-democracia\/#primaryimage\"},\"image\":{\"@id\":\"https:\/\/portalnpm.com\/index.php\/2021\/08\/04\/ciro-nogueira-toma-posse-cita-petronio-portela-e-diz-que-assume-cargo-pela-democracia\/#primaryimage\"},\"thumbnailUrl\":\"\",\"datePublished\":\"2021-08-04T22:35:22+00:00\",\"dateModified\":\"2021-08-04T22:35:22+00:00\",\"author\":{\"@id\":\"https:\/\/portalnpm.com\/#\/schema\/person\/49313e563cfdefcc167f1ee4c017c294\"},\"breadcrumb\":{\"@id\":\"https:\/\/portalnpm.com\/index.php\/2021\/08\/04\/ciro-nogueira-toma-posse-cita-petronio-portela-e-diz-que-assume-cargo-pela-democracia\/#breadcrumb\"},\"inLanguage\":\"pt-BR\",\"potentialAction\":[{\"@type\":\"ReadAction\",\"target\":[\"https:\/\/portalnpm.com\/index.php\/2021\/08\/04\/ciro-nogueira-toma-posse-cita-petronio-portela-e-diz-que-assume-cargo-pela-democracia\/\"]}]},{\"@type\":\"ImageObject\",\"inLanguage\":\"pt-BR\",\"@id\":\"https:\/\/portalnpm.com\/index.php\/2021\/08\/04\/ciro-nogueira-toma-posse-cita-petronio-portela-e-diz-que-assume-cargo-pela-democracia\/#primaryimage\",\"url\":\"\",\"contentUrl\":\"\"},{\"@type\":\"BreadcrumbList\",\"@id\":\"https:\/\/portalnpm.com\/index.php\/2021\/08\/04\/ciro-nogueira-toma-posse-cita-petronio-portela-e-diz-que-assume-cargo-pela-democracia\/#breadcrumb\",\"itemListElement\":[{\"@type\":\"ListItem\",\"position\":1,\"name\":\"In\u00edcio\",\"item\":\"https:\/\/portalnpm.com\/\"},{\"@type\":\"ListItem\",\"position\":2,\"name\":\"Ciro Nogueira toma posse, cita Petr\u00f4nio Portela, e diz que assume cargo pela democracia\"}]},{\"@type\":\"WebSite\",\"@id\":\"https:\/\/portalnpm.com\/#website\",\"url\":\"https:\/\/portalnpm.com\/\",\"name\":\"Portal NPM\",\"description\":\"Not\u00edcias em Primeira M\u00e3o\",\"potentialAction\":[{\"@type\":\"SearchAction\",\"target\":{\"@type\":\"EntryPoint\",\"urlTemplate\":\"https:\/\/portalnpm.com\/?s={search_term_string}\"},\"query-input\":\"required name=search_term_string\"}],\"inLanguage\":\"pt-BR\"},{\"@type\":\"Person\",\"@id\":\"https:\/\/portalnpm.com\/#\/schema\/person\/49313e563cfdefcc167f1ee4c017c294\",\"name\":\"Genival Barbosa\",\"image\":{\"@type\":\"ImageObject\",\"inLanguage\":\"pt-BR\",\"@id\":\"https:\/\/portalnpm.com\/#\/schema\/person\/image\/\",\"url\":\"https:\/\/portalnpm.com\/wp-content\/uploads\/2024\/02\/avatar_user_2_1707743258-96x96.jpeg\",\"contentUrl\":\"https:\/\/portalnpm.com\/wp-content\/uploads\/2024\/02\/avatar_user_2_1707743258-96x96.jpeg\",\"caption\":\"Genival Barbosa\"},\"url\":\"https:\/\/portalnpm.com\/index.php\/author\/genival\/\"}]}<\/script>\n<!-- \/ Yoast SEO plugin. -->","yoast_head_json":{"title":"Ciro Nogueira toma posse, cita Petr\u00f4nio Portela, e diz que assume cargo pela democracia - Portal NPM","robots":{"index":"index","follow":"follow","max-snippet":"max-snippet:-1","max-image-preview":"max-image-preview:large","max-video-preview":"max-video-preview:-1"},"canonical":"https:\/\/portalnpm.com\/index.php\/2021\/08\/04\/ciro-nogueira-toma-posse-cita-petronio-portela-e-diz-que-assume-cargo-pela-democracia\/","og_locale":"pt_BR","og_type":"article","og_title":"Ciro Nogueira toma posse, cita Petr\u00f4nio Portela, e diz que assume cargo pela democracia - Portal NPM","og_description":"O senador piauiense Ciro Nogueira (Progressistas) tomou posse na tarde desta quarta-feira (4) como ministro-chefe da Casa Civil. A solenidade, bastante prestigiada, contou com a presen\u00e7a do presidente Jair Bolsonaro e dos presidentes do Senado e C\u00e2mara Federal, Rodrigo Pach\u00eaco e Arhur Lira, respectivamente. Em seu discurso, Ciro disse que teria sido mais f\u00e1cil se &hellip;","og_url":"https:\/\/portalnpm.com\/index.php\/2021\/08\/04\/ciro-nogueira-toma-posse-cita-petronio-portela-e-diz-que-assume-cargo-pela-democracia\/","og_site_name":"Portal NPM","article_published_time":"2021-08-04T22:35:22+00:00","author":"Genival Barbosa","twitter_card":"summary_large_image","twitter_misc":{"Escrito por":"Genival Barbosa","Est. tempo de leitura":"5 minutos"},"schema":{"@context":"https:\/\/schema.org","@graph":[{"@type":"WebPage","@id":"https:\/\/portalnpm.com\/index.php\/2021\/08\/04\/ciro-nogueira-toma-posse-cita-petronio-portela-e-diz-que-assume-cargo-pela-democracia\/","url":"https:\/\/portalnpm.com\/index.php\/2021\/08\/04\/ciro-nogueira-toma-posse-cita-petronio-portela-e-diz-que-assume-cargo-pela-democracia\/","name":"Ciro Nogueira toma posse, cita Petr\u00f4nio Portela, e diz que assume cargo pela democracia - Portal NPM","isPartOf":{"@id":"https:\/\/portalnpm.com\/#website"},"primaryImageOfPage":{"@id":"https:\/\/portalnpm.com\/index.php\/2021\/08\/04\/ciro-nogueira-toma-posse-cita-petronio-portela-e-diz-que-assume-cargo-pela-democracia\/#primaryimage"},"image":{"@id":"https:\/\/portalnpm.com\/index.php\/2021\/08\/04\/ciro-nogueira-toma-posse-cita-petronio-portela-e-diz-que-assume-cargo-pela-democracia\/#primaryimage"},"thumbnailUrl":"","datePublished":"2021-08-04T22:35:22+00:00","dateModified":"2021-08-04T22:35:22+00:00","author":{"@id":"https:\/\/portalnpm.com\/#\/schema\/person\/49313e563cfdefcc167f1ee4c017c294"},"breadcrumb":{"@id":"https:\/\/portalnpm.com\/index.php\/2021\/08\/04\/ciro-nogueira-toma-posse-cita-petronio-portela-e-diz-que-assume-cargo-pela-democracia\/#breadcrumb"},"inLanguage":"pt-BR","potentialAction":[{"@type":"ReadAction","target":["https:\/\/portalnpm.com\/index.php\/2021\/08\/04\/ciro-nogueira-toma-posse-cita-petronio-portela-e-diz-que-assume-cargo-pela-democracia\/"]}]},{"@type":"ImageObject","inLanguage":"pt-BR","@id":"https:\/\/portalnpm.com\/index.php\/2021\/08\/04\/ciro-nogueira-toma-posse-cita-petronio-portela-e-diz-que-assume-cargo-pela-democracia\/#primaryimage","url":"","contentUrl":""},{"@type":"BreadcrumbList","@id":"https:\/\/portalnpm.com\/index.php\/2021\/08\/04\/ciro-nogueira-toma-posse-cita-petronio-portela-e-diz-que-assume-cargo-pela-democracia\/#breadcrumb","itemListElement":[{"@type":"ListItem","position":1,"name":"In\u00edcio","item":"https:\/\/portalnpm.com\/"},{"@type":"ListItem","position":2,"name":"Ciro Nogueira toma posse, cita Petr\u00f4nio Portela, e diz que assume cargo pela democracia"}]},{"@type":"WebSite","@id":"https:\/\/portalnpm.com\/#website","url":"https:\/\/portalnpm.com\/","name":"Portal NPM","description":"Not\u00edcias em Primeira M\u00e3o","potentialAction":[{"@type":"SearchAction","target":{"@type":"EntryPoint","urlTemplate":"https:\/\/portalnpm.com\/?s={search_term_string}"},"query-input":"required name=search_term_string"}],"inLanguage":"pt-BR"},{"@type":"Person","@id":"https:\/\/portalnpm.com\/#\/schema\/person\/49313e563cfdefcc167f1ee4c017c294","name":"Genival Barbosa","image":{"@type":"ImageObject","inLanguage":"pt-BR","@id":"https:\/\/portalnpm.com\/#\/schema\/person\/image\/","url":"https:\/\/portalnpm.com\/wp-content\/uploads\/2024\/02\/avatar_user_2_1707743258-96x96.jpeg","contentUrl":"https:\/\/portalnpm.com\/wp-content\/uploads\/2024\/02\/avatar_user_2_1707743258-96x96.jpeg","caption":"Genival Barbosa"},"url":"https:\/\/portalnpm.com\/index.php\/author\/genival\/"}]}},"jetpack_sharing_enabled":true,"jetpack_featured_media_url":"","_links":{"self":[{"href":"https:\/\/portalnpm.com\/index.php\/wp-json\/wp\/v2\/posts\/35529"}],"collection":[{"href":"https:\/\/portalnpm.com\/index.php\/wp-json\/wp\/v2\/posts"}],"about":[{"href":"https:\/\/portalnpm.com\/index.php\/wp-json\/wp\/v2\/types\/post"}],"author":[{"embeddable":true,"href":"https:\/\/portalnpm.com\/index.php\/wp-json\/wp\/v2\/users\/2"}],"replies":[{"embeddable":true,"href":"https:\/\/portalnpm.com\/index.php\/wp-json\/wp\/v2\/comments?post=35529"}],"version-history":[{"count":0,"href":"https:\/\/portalnpm.com\/index.php\/wp-json\/wp\/v2\/posts\/35529\/revisions"}],"wp:featuredmedia":[{"embeddable":true,"href":"https:\/\/portalnpm.com\/index.php\/wp-json\/"}],"wp:attachment":[{"href":"https:\/\/portalnpm.com\/index.php\/wp-json\/wp\/v2\/media?parent=35529"}],"wp:term":[{"taxonomy":"category","embeddable":true,"href":"https:\/\/portalnpm.com\/index.php\/wp-json\/wp\/v2\/categories?post=35529"},{"taxonomy":"post_tag","embeddable":true,"href":"https:\/\/portalnpm.com\/index.php\/wp-json\/wp\/v2\/tags?post=35529"}],"curies":[{"name":"wp","href":"https:\/\/api.w.org\/{rel}","templated":true}]}}