{"id":35655,"date":"2021-08-09T13:39:39","date_gmt":"2021-08-09T16:39:39","guid":{"rendered":"https:\/\/backupnpm.codetainer.com.br\/?p=35655"},"modified":"2021-08-09T13:39:39","modified_gmt":"2021-08-09T16:39:39","slug":"estou-vacinado-o-que-muda-com-a-chegada-da-variante-delta-do-coronavirus","status":"publish","type":"post","link":"https:\/\/portalnpm.com\/index.php\/2021\/08\/09\/estou-vacinado-o-que-muda-com-a-chegada-da-variante-delta-do-coronavirus\/","title":{"rendered":"Estou vacinado. O que muda com a chegada da variante delta do coronav\u00edrus?"},"content":{"rendered":"<div class=\"visible-xs\">\n<div id=\"div-gpt-ad-mobile-cabecalho\" data-google-query-id=\"CKC-m_-vpPICFas5swAdHxMDGA\">\n<div id=\"google_ads_iframe_\/5580823\/Mobile_cabe\u00e7alho_320x100_0__container__\" style=\"text-align: justify;\"><\/div>\n<\/div>\n<\/div>\n<div id=\"content\" class=\"content-ultimas\">\n<div class=\"container\">\n<div class=\"row\">\n<div id=\"main\" class=\"col-sm-12 col-md-8\">\n<div class=\"hat\" style=\"text-align: justify;\"><\/div>\n<article class=\"clearfix\">\n<div class=\"post-body\">\n<p style=\"text-align: justify;\">A vacina\u00e7\u00e3o no Brasil avan\u00e7a a passos largos, com centenas de milhares de brasileiros recebendo a primeira ou a segunda dose das inje\u00e7\u00f5es contra a Covid-19 todos os dias. Com a chegada da variante delta ao pa\u00eds, por\u00e9m, especialistas afirmam que \u00e9 preciso cuidado, principalmente com indiv\u00edduos n\u00e3o imunizados ou imunizados de forma parcial.<\/p>\n<p style=\"text-align: justify;\">O aumento recente de casos em pa\u00edses que j\u00e1 viam a flexibiliza\u00e7\u00e3o total no horizonte, como Estados Unidos e Inglaterra, acende um alerta para o afrouxamento de regras no Brasil.<\/p>\n<p style=\"text-align: justify;\">Os temores em rela\u00e7\u00e3o \u00e0 delta foram confirmados em um relat\u00f3rio interno do CDC (Centro de Controle e Preven\u00e7\u00e3o de Doen\u00e7as) norte-americano, divulgado recentemente, que compara a transmiss\u00e3o dessa variante \u00e0 da catapora.<\/p>\n<p style=\"text-align: justify;\">Um outro estudo, ainda sem revis\u00e3o por pares, indica que a delta gera uma carga viral 1.260 vezes maior do que a cepa original.<\/p>\n<p style=\"text-align: justify;\">Al\u00e9m disso, a prote\u00e7\u00e3o contra a delta s\u00f3 \u00e9 desenvolvida ap\u00f3s 15 dias da aplica\u00e7\u00e3o da segunda dose das vacinas em uso hoje no Brasil.<\/p>\n<p style=\"text-align: justify;\"><em>Veja abaixo o que os especialistas dizem sobre como se proteger, quais medidas tomar e o que \u00e9 poss\u00edvel fazer ou n\u00e3o, mesmo ap\u00f3s as duas doses da vacina, frente ao risco de infec\u00e7\u00e3o pela variante.<\/em><\/p>\n<p><strong>Se estou vacinado, por que devo me preocupar com a variante delta?<\/strong><\/p>\n<p style=\"text-align: justify;\">As vacinas n\u00e3o garantem 100% de efic\u00e1cia contra o coronav\u00edrus Sars-CoV-2 \u2013nenhum imunizante ou medicamento tem esse poder. Assim, a alta circula\u00e7\u00e3o do v\u00edrus no Brasil e as novas variantes fazem o risco de infec\u00e7\u00e3o crescer.<\/p>\n<p style=\"text-align: justify;\">Em pa\u00edses com mais de 60% da popula\u00e7\u00e3o imunizada, como \u00e9 o caso da Inglaterra, de Israel e dos EUA, os casos voltaram a subir em julho ap\u00f3s meses de queda. Essa alta \u00e9 atribu\u00edda \u00e0 variante delta.<\/p>\n<p style=\"text-align: justify;\">A maioria dos novos casos foi registrada em indiv\u00edduos n\u00e3o vacinados. Nos EUA, por exemplo, os estados que tiveram maior alta s\u00e3o tamb\u00e9m os que apresentam a menor taxa de indiv\u00edduos completamente imunizados, e mais de 97% dos novos casos surgiram em pessoas n\u00e3o vacinadas.<\/p>\n<p style=\"text-align: justify;\">Infec\u00e7\u00e3o em indiv\u00edduos totalmente imunizados, apesar de rara, ainda pode ocorrer. Isso porque a maioria das vacinas desenvolvidas at\u00e9 agora protege contra os sintomas, o agravamento do quadro ou o \u00f3bito pela doen\u00e7a, mas n\u00e3o tem o poder de conter totalmente o cont\u00e1gio em si.<\/p>\n<p style=\"text-align: justify;\"><strong>Qual \u00e9 o risco real de contrair Covid mesmo ap\u00f3s a imuniza\u00e7\u00e3o completa? Esse risco aumenta com a variante delta?<\/strong><\/p>\n<p style=\"text-align: justify;\">Segundo Esper Kall\u00e1s, infectologista e professor da Faculdade de Medicina da USP, as vacinas contra a Covid-19 oferecem alto grau de prote\u00e7\u00e3o, que \u00e9 mantida para quadros graves da doen\u00e7a e mortes, mas h\u00e1 um leve escape na prote\u00e7\u00e3o oferecida contra cont\u00e1gio pela variante delta.<\/p>\n<p style=\"text-align: justify;\">Um estudo recente publicado na revista cient\u00edfica Nature mostrou que a efetividade das vacinas para bloquear a entrada do v\u00edrus nas c\u00e9lulas \u00e9 reduzida, mas ainda fica acima de 60% ap\u00f3s duas doses da Pfizer\/BioNTech e da Oxford\/AstraZeneca.<\/p>\n<p style=\"text-align: justify;\">J\u00e1 um artigo recente publicado no peri\u00f3dico The New England Journal of Medicine indica que, ap\u00f3s apenas uma dose da vacina dessas fabricantes, a prote\u00e7\u00e3o por resposta humoral (de anticorpos) cai de 49% para 30,7% e, com as duas doses, de 93,7% para 88%, no caso da Pfizer, e de 74,5% para 67% com a Oxford\/AstraZeneca.<\/p>\n<p style=\"text-align: justify;\">Esses dados mostram que, apesar de ser menos frequente, a infec\u00e7\u00e3o ap\u00f3s imuniza\u00e7\u00e3o completa, conhecida como escape vacinal, ainda pode ocorrer. Em geral, contudo, os sintomas tendem a ser mais brandos.<\/p>\n<p style=\"text-align: justify;\">&#8220;A pessoa pode ter uma infec\u00e7\u00e3o por Covid com nariz escorrendo, um pouquinho de febre que vai embora. O fundamental \u00e9 pensar que a vacina\u00e7\u00e3o \u00e9 uma estrat\u00e9gia coletiva, n\u00e3o individual, e quanto mais pessoas tivermos vacinadas na comunidade, maior ser\u00e1 o grau de prote\u00e7\u00e3o geral&#8221;, diz Kall\u00e1s.<\/p>\n<p style=\"text-align: justify;\"><strong>A m\u00e1scara \u00e9 \u00fatil contra a variante delta?<\/strong><\/p>\n<p style=\"text-align: justify;\">Especialistas afirmam que, independentemente do tipo de variante em circula\u00e7\u00e3o, as medidas de prote\u00e7\u00e3o devem permanecer as mesmas, isto \u00e9, distanciamento social, uso correto de m\u00e1scaras, higiene das m\u00e3os e vacina\u00e7\u00e3o.<\/p>\n<p style=\"text-align: justify;\">Para Vitor Mori, f\u00edsico e p\u00f3s-doutorando da Universidade de Vermont e membro do Observat\u00f3rio Covid-19 BR, o foco n\u00e3o deveria ser a variante em si, mas o poss\u00edvel aumento no n\u00famero de novos casos e hospitaliza\u00e7\u00f5es.<\/p>\n<p style=\"text-align: justify;\">&#8220;Com rela\u00e7\u00e3o \u00e0 delta, \u00e9 fundamental entender que as medidas de preven\u00e7\u00e3o n\u00e3o mudam e que tudo o que faz\u00edamos antes continua funcionando. Temos que redobrar o cuidado de preven\u00e7\u00e3o dentro do que \u00e9 fact\u00edvel&#8221;, diz.<\/p>\n<p style=\"text-align: justify;\">Mesmo pessoas vacinadas com as duas doses devem continuar usando as m\u00e1scaras at\u00e9 que toda a popula\u00e7\u00e3o esteja vacinada, afirma a imunologista Cristina Bonorino. Al\u00e9m disso, ela lembra que j\u00e1 h\u00e1 um consenso na comunidade cient\u00edfica que as m\u00e1scaras do tipo PFF2 s\u00e3o as que oferecem a melhor prote\u00e7\u00e3o e devem ser priorizadas, sobretudo em espa\u00e7os fechados.<\/p>\n<p style=\"text-align: justify;\"><strong>A variante delta interfere nos planos de voltar a frequentar espa\u00e7os fechados, como bares, restaurantes, academia e salas de aula?<\/strong><\/p>\n<p style=\"text-align: justify;\">Espa\u00e7os fechados ampliam o risco de cont\u00e1gio porque uma pessoa infectada que esteja no ambiente pode liberar o coronav\u00edrus em part\u00edculas menores que ficam suspensas o ar.<\/p>\n<p style=\"text-align: justify;\">&#8220;Em ambientes fechados e sem ventila\u00e7\u00e3o, \u00e9 poss\u00edvel ter essas part\u00edculas como nuvens no ar, o que favorece a transmiss\u00e3o, principalmente quando se tem m\u00e1scaras de baixo poder de filtra\u00e7\u00e3o&#8221;, afirma Raquel Stucchi, infectologista e professora da Unicamp,<\/p>\n<p style=\"text-align: justify;\">Recentemente, o CDC reorientou a popula\u00e7\u00e3o a utilizar m\u00e1scaras de prote\u00e7\u00e3o em locais p\u00fablicos e fechados devido ao aumento no n\u00famero de infec\u00e7\u00f5es pela delta.<\/p>\n<p style=\"text-align: justify;\">A recomenda\u00e7\u00e3o \u00e9 preferir espa\u00e7os abertos, bem ventilados, com distanciamento social e uso de m\u00e1scaras de qualidade, coo as do tipo PFF2.<\/p>\n<p style=\"text-align: justify;\">Em locais em que \u00e9 preciso tirar a m\u00e1scara para se alimentar, como restaurantes e bares, \u00e9 recomendado ficar em local aberto. Tamb\u00e9m \u00e9 importante manter distanciamento social de outras pessoas e p\u00f4r de volta a m\u00e1scara sempre que poss\u00edvel para evitar exposi\u00e7\u00e3o desnecess\u00e1ria.<\/p>\n<p style=\"text-align: justify;\"><strong>Como me proteger da delta em ambientes abertos?<\/strong><\/p>\n<p style=\"text-align: justify;\">Espa\u00e7os abertos criam risco bem menor se comparados a locais fechados, mas a alta capacidade de propaga\u00e7\u00e3o da delta altera esse cen\u00e1rio. &#8220;N\u00f3s j\u00e1 temos v\u00e1rias descri\u00e7\u00f5es sobre transmiss\u00f5es [pela delta] em ambientes abertos, algo que antes era desprez\u00edvel para outras variantes&#8221;, diz Stucchi.<\/p>\n<p style=\"text-align: justify;\">A recomenda\u00e7\u00e3o, ent\u00e3o, \u00e9 sempre utilizar m\u00e1scaras, manter o distanciamento social e higienizar as m\u00e3os mesmo em locais abertos e bem ventilados. Nesses casos, al\u00e9m das m\u00e1scaras de alto poder de filtra\u00e7\u00e3o, \u00e9 poss\u00edvel utilizar duas m\u00e1scaras, sendo uma cir\u00fargica por baixo de uma de pano, para evitar infec\u00e7\u00f5es ao ar livre.<\/p>\n<p style=\"text-align: justify;\"><strong>\u00c9 seguro viajar de avi\u00e3o? Devo evitar o lanche oferecido e ficar de m\u00e1scara durante todo o voo?<\/strong><\/p>\n<p style=\"text-align: justify;\">Segundo Stucchi, mesmo que os avi\u00f5es contem com sistemas de renova\u00e7\u00e3o de ar que diminuem o risco de transmiss\u00e3o, desde o in\u00edcio da pandemia existem casos de infec\u00e7\u00e3o em viagens a\u00e9reas.<\/p>\n<p style=\"text-align: justify;\">\u00c9 importante sempre utilizar m\u00e1scaras com alta capacidade de filtragem e retir\u00e1-la somente em situa\u00e7\u00f5es de extrema necessidade.<\/p>\n<p style=\"text-align: justify;\">Tendo em vista que a variante delta pode levar somente alguns segundos para entrar no organismo, \u00e9 necess\u00e1rio considerar o comportamento de outros passageiros ao redor para avaliar o risco.<\/p>\n<p style=\"text-align: justify;\"><strong>Qu\u00e3o seguros s\u00e3o \u00f4nibus, trens e metr\u00f4s para pessoas vacinadas?<\/strong><\/p>\n<p style=\"text-align: justify;\">Pessoas completamente vacinadas podem ser reinfectadas, mas raramente desenvolvem formas cr\u00edticas da doen\u00e7a. Segundo o CDC, somente 0,1 a cada 100 mil pessoas imunizadas que s\u00e3o infectadas devem desenvolver um quadro que demande hospitaliza\u00e7\u00e3o.<\/p>\n<p style=\"text-align: justify;\">No caso de \u00f4nibus, metr\u00f4s e trens, os principais pontos que devem ser levados em considera\u00e7\u00e3o s\u00e3o a vacina\u00e7\u00e3o dos passageiros, m\u00e1scaras adequadas, ventila\u00e7\u00e3o do ambiente, o tempo nesses meios de transporte e a quantidade de pessoas.<\/p>\n<p style=\"text-align: justify;\">Para Stucchi, um \u00f4nibus com as janelas abertas \u00e9 mais seguro que um metr\u00f4 com pouca circula\u00e7\u00e3o de ar. &#8220;No entanto, se voc\u00ea utiliza o metr\u00f4, mas por um per\u00edodo curto de tempo, como de uma esta\u00e7\u00e3o para outra, o risco vai ser pequeno&#8221;, afirma.<\/p>\n<p style=\"text-align: justify;\"><strong>Posso encontrar meus amigos e familiares? Qual a forma mais segura? Posso abra\u00e7\u00e1-los?<\/strong><\/p>\n<p style=\"text-align: justify;\">Caso seja indispens\u00e1vel, o ideal \u00e9 encontrar outras pessoas em ambientes abertos, bem ventilados, com todos utilizando m\u00e1scaras de boa qualidade e mantendo distanciamento social.<\/p>\n<p style=\"text-align: justify;\">Contatos pr\u00f3ximos, como abra\u00e7os e beijos, com pessoas que n\u00e3o moram na mesma casa n\u00e3o s\u00e3o recomendados. Segundo Stucchi, evitar essa aproxima\u00e7\u00e3o \u00e9 mais necess\u00e1rio entre pessoas de grupo de risco ou que j\u00e1 tenham sido imunizadas h\u00e1 mais de seis meses.<\/p>\n<p style=\"text-align: justify;\"><strong>Ap\u00f3s ter tomado as duas doses, posso encontrar pessoas n\u00e3o vacinadas ou n\u00e3o totalmente imunizadas?<\/strong><\/p>\n<p style=\"text-align: justify;\">As recomenda\u00e7\u00f5es de prote\u00e7\u00e3o s\u00e3o as mesmas: preferir espa\u00e7os abertos e ventilados, usar m\u00e1scaras de boa qualidade, manter distanciamento e sempre higienizar as m\u00e3os.<\/p>\n<p style=\"text-align: justify;\">Pessoas vacinadas podem se infectar novamente por qualquer variante e transmitir o v\u00edrus para quem n\u00e3o se vacinou. Como a delta tem uma taxa de transmiss\u00e3o mais alta, a chance de uma pessoa vacinada se infectar e contaminar algu\u00e9m ainda n\u00e3o imunizado existe e preocupa.<\/p>\n<p style=\"text-align: justify;\">Estudos preliminares em alguns pa\u00edses, como Canad\u00e1 e Esc\u00f3cia, indicam que a delta pode ser respons\u00e1vel por quadros mais graves da Covid-19 em pessoas ainda n\u00e3o vacinadas.<\/p>\n<p style=\"text-align: justify;\">Mas, segundo o infectologista Esper Kall\u00e1s, \u00e9 dif\u00edcil avaliar esses dados considerando popula\u00e7\u00f5es como um todo. &#8220;O que sabemos \u00e9 que h\u00e1 uma acelera\u00e7\u00e3o na cadeia de transmiss\u00e3o das pessoas infectadas com delta em rela\u00e7\u00e3o \u00e0s outras variantes&#8221;, diz.<\/p>\n<p style=\"text-align: justify;\"><strong>E se eu perder o prazo para tomar a segunda dose, perco o efeito da vacina?<\/strong><\/p>\n<p style=\"text-align: justify;\">A maioria das vacinas contra Covid-19 dispon\u00edveis foram desenvolvidas para garantir prote\u00e7\u00e3o total com duas doses e apresentam intervalos diferentes para aplica\u00e7\u00e3o entre elas. Por\u00e9m, devido \u00e0 escassez de doses em algumas cidades, algumas pessoas podem tomar a segunda dose fora do prazo.<\/p>\n<p style=\"text-align: justify;\">Segundo Kall\u00e1s, a perda do prazo da segunda dose n\u00e3o elimina o efeito da vacina, pois sempre haver\u00e1 algum grau de prote\u00e7\u00e3o. Ele ressalva, por\u00e9m, que o grau de prote\u00e7\u00e3o com apenas uma dose \u00e9 menor contra a variante delta.<\/p>\n<p style=\"text-align: justify;\">&#8220;Qu\u00e3o menor vai ser essa prote\u00e7\u00e3o ou qual o risco inerente n\u00e3o temos como calcular, porque n\u00e3o \u00e9 um fator \u00fanico, depende de quanto risco aquele indiv\u00edduo tem. \u00c9 claro que uma pessoa mais idosa, com maior predisposi\u00e7\u00e3o a desenvolver doen\u00e7a grave, com algum tipo de imunodefici\u00eancia, vai ter um maior risco. Isso vai depender tamb\u00e9m [do n\u00edvel da] taxa de transmiss\u00e3o naquela comunidade&#8221;, diz.<\/p>\n<p style=\"text-align: justify;\">Kall\u00e1s defende que haja uma avalia\u00e7\u00e3o por parte dos gestores sobre evetual antecipa\u00e7\u00e3o do calend\u00e1rio das pessoas que receberam apenas uma dose, permitindo que sejam imunizadas totalmente.<\/p>\n<p style=\"text-align: justify;\"><strong>Se a delta \u00e9 t\u00e3o contagiosa, faz diferen\u00e7a eu me vacinar?<\/strong><\/p>\n<p style=\"text-align: justify;\">A variante delta continua sendo o mesmo v\u00edrus que causou a pandemia, com a mesma capacidade de infectar e invadir as c\u00e9lulas do hospedeiro, diz a imunologista Cristina Bonorino. A diferen\u00e7a \u00e9 que a delta consegue driblar a prote\u00e7\u00e3o conferida pelos anticorpos, seja por infec\u00e7\u00e3o natural, seja por vacina\u00e7\u00e3o.<\/p>\n<p style=\"text-align: justify;\">&#8220;Em uma pessoa que se infecta com a variante delta, ela consegue burlar a resposta imune muito mais rapidamente, o que faz com que mais c\u00f3pias do v\u00edrus sejam produzidas no organismo, aumentando a chance de aquele indiv\u00edduo transmitir o v\u00edrus&#8221;, diz.<\/p>\n<p style=\"text-align: justify;\">No entanto, apesar de haver maior probabilidade de pessoas vacinadas transmitirem o v\u00edrus, Bonorino refor\u00e7a que as vacinas protegem contra quadros graves da Covid. Dados recentes divulgados pelo CDC mostram que a incid\u00eancia de mortes em vacinados nos Estados Unidos \u00e9 de 0,04 a cada 100 mil indiv\u00edduos, enquanto a mesma taxa \u00e9 de 0,96 para cada 100 mil nas pessoas n\u00e3o vacinadas (ou 25 vezes maior).<\/p>\n<p style=\"text-align: justify;\"><strong>Como eu sei se estou infectado com a delta?<\/strong><\/p>\n<p style=\"text-align: justify;\">A variante delta j\u00e1 est\u00e1 com transmiss\u00e3o comunit\u00e1ria em diversos estados do pa\u00eds, embora a falta de sequenciamento gen\u00f4mico em massa e uma a\u00e7\u00e3o coordenada nacional dificultem saber qual a sua participa\u00e7\u00e3o nos novos casos. Na \u00faltima quarta-feira (4), a Secretaria Estadual de Sa\u00fade do Rio de Janeiro afirmou que a delta corresponde a 45% das amostras analisadas na capital e 26% das do estado. Em S\u00e3o Paulo, um boletim divulgado pelo Instituto Adolfo Lutz (IAL) apontou a delta em 23,5% das amostras sequenciadas no instituto.<\/p>\n<p style=\"text-align: justify;\">Segundo Kall\u00e1s, da USP, essas porcentagens n\u00e3o devem balizar estrat\u00e9gias de diagn\u00f3stico individual. At\u00e9 o momento, a identifica\u00e7\u00e3o da delta e de outras variantes \u00e9 feita em laborat\u00f3rio por sequenciamento gen\u00e9tico ou com a utiliza\u00e7\u00e3o de testes espec\u00edficos.<\/p>\n<p style=\"text-align: justify;\">De todo modo, quanto mais aumenta a frequ\u00eancia de uma variante na popula\u00e7\u00e3o, maiores s\u00e3o as chances de os novos casos confirmados decorrerem.<\/p>\n<p>Fonte:\u00a0 Folhapress<\/p>\n<\/div>\n<\/article>\n<\/div>\n<\/div>\n<\/div>\n<\/div>\n","protected":false},"excerpt":{"rendered":"<p>A vacina\u00e7\u00e3o no Brasil avan\u00e7a a passos largos, com centenas de milhares de brasileiros recebendo a primeira ou a segunda dose das inje\u00e7\u00f5es contra a Covid-19 todos os dias. Com a chegada da variante delta ao pa\u00eds, por\u00e9m, especialistas afirmam que \u00e9 preciso cuidado, principalmente com indiv\u00edduos n\u00e3o imunizados ou imunizados de forma parcial. O &hellip;<\/p>\n","protected":false},"author":2,"featured_media":0,"comment_status":"open","ping_status":"open","sticky":false,"template":"","format":"standard","meta":{"content-type":"","rop_custom_images_group":[],"rop_custom_messages_group":[],"rop_publish_now":"initial","rop_publish_now_accounts":{"facebook_2648258775420054_1618374048415101":""},"rop_publish_now_history":[],"rop_publish_now_status":"pending","footnotes":"","_jetpack_memberships_contains_paid_content":false},"categories":[125],"tags":[11832,9050],"yoast_head":"<!-- This site is optimized with the Yoast SEO plugin v22.3 - https:\/\/yoast.com\/wordpress\/plugins\/seo\/ -->\n<title>Estou vacinado. O que muda com a chegada da variante delta do coronav\u00edrus? - Portal NPM<\/title>\n<meta name=\"robots\" content=\"index, follow, max-snippet:-1, max-image-preview:large, max-video-preview:-1\" \/>\n<link rel=\"canonical\" href=\"https:\/\/portalnpm.com\/index.php\/2021\/08\/09\/estou-vacinado-o-que-muda-com-a-chegada-da-variante-delta-do-coronavirus\/\" \/>\n<meta property=\"og:locale\" content=\"pt_BR\" \/>\n<meta property=\"og:type\" content=\"article\" \/>\n<meta property=\"og:title\" content=\"Estou vacinado. O que muda com a chegada da variante delta do coronav\u00edrus? - Portal NPM\" \/>\n<meta property=\"og:description\" content=\"A vacina\u00e7\u00e3o no Brasil avan\u00e7a a passos largos, com centenas de milhares de brasileiros recebendo a primeira ou a segunda dose das inje\u00e7\u00f5es contra a Covid-19 todos os dias. Com a chegada da variante delta ao pa\u00eds, por\u00e9m, especialistas afirmam que \u00e9 preciso cuidado, principalmente com indiv\u00edduos n\u00e3o imunizados ou imunizados de forma parcial. O &hellip;\" \/>\n<meta property=\"og:url\" content=\"https:\/\/portalnpm.com\/index.php\/2021\/08\/09\/estou-vacinado-o-que-muda-com-a-chegada-da-variante-delta-do-coronavirus\/\" \/>\n<meta property=\"og:site_name\" content=\"Portal NPM\" \/>\n<meta property=\"article:published_time\" content=\"2021-08-09T16:39:39+00:00\" \/>\n<meta name=\"author\" content=\"Genival Barbosa\" \/>\n<meta name=\"twitter:card\" content=\"summary_large_image\" \/>\n<meta name=\"twitter:label1\" content=\"Escrito por\" \/>\n\t<meta name=\"twitter:data1\" content=\"Genival Barbosa\" \/>\n\t<meta name=\"twitter:label2\" content=\"Est. tempo de leitura\" \/>\n\t<meta name=\"twitter:data2\" content=\"9 minutos\" \/>\n<script type=\"application\/ld+json\" class=\"yoast-schema-graph\">{\"@context\":\"https:\/\/schema.org\",\"@graph\":[{\"@type\":\"WebPage\",\"@id\":\"https:\/\/portalnpm.com\/index.php\/2021\/08\/09\/estou-vacinado-o-que-muda-com-a-chegada-da-variante-delta-do-coronavirus\/\",\"url\":\"https:\/\/portalnpm.com\/index.php\/2021\/08\/09\/estou-vacinado-o-que-muda-com-a-chegada-da-variante-delta-do-coronavirus\/\",\"name\":\"Estou vacinado. O que muda com a chegada da variante delta do coronav\u00edrus? - Portal NPM\",\"isPartOf\":{\"@id\":\"https:\/\/portalnpm.com\/#website\"},\"datePublished\":\"2021-08-09T16:39:39+00:00\",\"dateModified\":\"2021-08-09T16:39:39+00:00\",\"author\":{\"@id\":\"https:\/\/portalnpm.com\/#\/schema\/person\/49313e563cfdefcc167f1ee4c017c294\"},\"breadcrumb\":{\"@id\":\"https:\/\/portalnpm.com\/index.php\/2021\/08\/09\/estou-vacinado-o-que-muda-com-a-chegada-da-variante-delta-do-coronavirus\/#breadcrumb\"},\"inLanguage\":\"pt-BR\",\"potentialAction\":[{\"@type\":\"ReadAction\",\"target\":[\"https:\/\/portalnpm.com\/index.php\/2021\/08\/09\/estou-vacinado-o-que-muda-com-a-chegada-da-variante-delta-do-coronavirus\/\"]}]},{\"@type\":\"BreadcrumbList\",\"@id\":\"https:\/\/portalnpm.com\/index.php\/2021\/08\/09\/estou-vacinado-o-que-muda-com-a-chegada-da-variante-delta-do-coronavirus\/#breadcrumb\",\"itemListElement\":[{\"@type\":\"ListItem\",\"position\":1,\"name\":\"In\u00edcio\",\"item\":\"https:\/\/portalnpm.com\/\"},{\"@type\":\"ListItem\",\"position\":2,\"name\":\"Estou vacinado. O que muda com a chegada da variante delta do coronav\u00edrus?\"}]},{\"@type\":\"WebSite\",\"@id\":\"https:\/\/portalnpm.com\/#website\",\"url\":\"https:\/\/portalnpm.com\/\",\"name\":\"Portal NPM\",\"description\":\"Not\u00edcias em Primeira M\u00e3o\",\"potentialAction\":[{\"@type\":\"SearchAction\",\"target\":{\"@type\":\"EntryPoint\",\"urlTemplate\":\"https:\/\/portalnpm.com\/?s={search_term_string}\"},\"query-input\":\"required name=search_term_string\"}],\"inLanguage\":\"pt-BR\"},{\"@type\":\"Person\",\"@id\":\"https:\/\/portalnpm.com\/#\/schema\/person\/49313e563cfdefcc167f1ee4c017c294\",\"name\":\"Genival Barbosa\",\"image\":{\"@type\":\"ImageObject\",\"inLanguage\":\"pt-BR\",\"@id\":\"https:\/\/portalnpm.com\/#\/schema\/person\/image\/\",\"url\":\"https:\/\/portalnpm.com\/wp-content\/uploads\/2024\/02\/avatar_user_2_1707743258-96x96.jpeg\",\"contentUrl\":\"https:\/\/portalnpm.com\/wp-content\/uploads\/2024\/02\/avatar_user_2_1707743258-96x96.jpeg\",\"caption\":\"Genival Barbosa\"},\"url\":\"https:\/\/portalnpm.com\/index.php\/author\/genival\/\"}]}<\/script>\n<!-- \/ Yoast SEO plugin. -->","yoast_head_json":{"title":"Estou vacinado. O que muda com a chegada da variante delta do coronav\u00edrus? - Portal NPM","robots":{"index":"index","follow":"follow","max-snippet":"max-snippet:-1","max-image-preview":"max-image-preview:large","max-video-preview":"max-video-preview:-1"},"canonical":"https:\/\/portalnpm.com\/index.php\/2021\/08\/09\/estou-vacinado-o-que-muda-com-a-chegada-da-variante-delta-do-coronavirus\/","og_locale":"pt_BR","og_type":"article","og_title":"Estou vacinado. O que muda com a chegada da variante delta do coronav\u00edrus? - Portal NPM","og_description":"A vacina\u00e7\u00e3o no Brasil avan\u00e7a a passos largos, com centenas de milhares de brasileiros recebendo a primeira ou a segunda dose das inje\u00e7\u00f5es contra a Covid-19 todos os dias. Com a chegada da variante delta ao pa\u00eds, por\u00e9m, especialistas afirmam que \u00e9 preciso cuidado, principalmente com indiv\u00edduos n\u00e3o imunizados ou imunizados de forma parcial. O &hellip;","og_url":"https:\/\/portalnpm.com\/index.php\/2021\/08\/09\/estou-vacinado-o-que-muda-com-a-chegada-da-variante-delta-do-coronavirus\/","og_site_name":"Portal NPM","article_published_time":"2021-08-09T16:39:39+00:00","author":"Genival Barbosa","twitter_card":"summary_large_image","twitter_misc":{"Escrito por":"Genival Barbosa","Est. tempo de leitura":"9 minutos"},"schema":{"@context":"https:\/\/schema.org","@graph":[{"@type":"WebPage","@id":"https:\/\/portalnpm.com\/index.php\/2021\/08\/09\/estou-vacinado-o-que-muda-com-a-chegada-da-variante-delta-do-coronavirus\/","url":"https:\/\/portalnpm.com\/index.php\/2021\/08\/09\/estou-vacinado-o-que-muda-com-a-chegada-da-variante-delta-do-coronavirus\/","name":"Estou vacinado. O que muda com a chegada da variante delta do coronav\u00edrus? - Portal NPM","isPartOf":{"@id":"https:\/\/portalnpm.com\/#website"},"datePublished":"2021-08-09T16:39:39+00:00","dateModified":"2021-08-09T16:39:39+00:00","author":{"@id":"https:\/\/portalnpm.com\/#\/schema\/person\/49313e563cfdefcc167f1ee4c017c294"},"breadcrumb":{"@id":"https:\/\/portalnpm.com\/index.php\/2021\/08\/09\/estou-vacinado-o-que-muda-com-a-chegada-da-variante-delta-do-coronavirus\/#breadcrumb"},"inLanguage":"pt-BR","potentialAction":[{"@type":"ReadAction","target":["https:\/\/portalnpm.com\/index.php\/2021\/08\/09\/estou-vacinado-o-que-muda-com-a-chegada-da-variante-delta-do-coronavirus\/"]}]},{"@type":"BreadcrumbList","@id":"https:\/\/portalnpm.com\/index.php\/2021\/08\/09\/estou-vacinado-o-que-muda-com-a-chegada-da-variante-delta-do-coronavirus\/#breadcrumb","itemListElement":[{"@type":"ListItem","position":1,"name":"In\u00edcio","item":"https:\/\/portalnpm.com\/"},{"@type":"ListItem","position":2,"name":"Estou vacinado. O que muda com a chegada da variante delta do coronav\u00edrus?"}]},{"@type":"WebSite","@id":"https:\/\/portalnpm.com\/#website","url":"https:\/\/portalnpm.com\/","name":"Portal NPM","description":"Not\u00edcias em Primeira M\u00e3o","potentialAction":[{"@type":"SearchAction","target":{"@type":"EntryPoint","urlTemplate":"https:\/\/portalnpm.com\/?s={search_term_string}"},"query-input":"required name=search_term_string"}],"inLanguage":"pt-BR"},{"@type":"Person","@id":"https:\/\/portalnpm.com\/#\/schema\/person\/49313e563cfdefcc167f1ee4c017c294","name":"Genival Barbosa","image":{"@type":"ImageObject","inLanguage":"pt-BR","@id":"https:\/\/portalnpm.com\/#\/schema\/person\/image\/","url":"https:\/\/portalnpm.com\/wp-content\/uploads\/2024\/02\/avatar_user_2_1707743258-96x96.jpeg","contentUrl":"https:\/\/portalnpm.com\/wp-content\/uploads\/2024\/02\/avatar_user_2_1707743258-96x96.jpeg","caption":"Genival Barbosa"},"url":"https:\/\/portalnpm.com\/index.php\/author\/genival\/"}]}},"jetpack_sharing_enabled":true,"jetpack_featured_media_url":"","_links":{"self":[{"href":"https:\/\/portalnpm.com\/index.php\/wp-json\/wp\/v2\/posts\/35655"}],"collection":[{"href":"https:\/\/portalnpm.com\/index.php\/wp-json\/wp\/v2\/posts"}],"about":[{"href":"https:\/\/portalnpm.com\/index.php\/wp-json\/wp\/v2\/types\/post"}],"author":[{"embeddable":true,"href":"https:\/\/portalnpm.com\/index.php\/wp-json\/wp\/v2\/users\/2"}],"replies":[{"embeddable":true,"href":"https:\/\/portalnpm.com\/index.php\/wp-json\/wp\/v2\/comments?post=35655"}],"version-history":[{"count":0,"href":"https:\/\/portalnpm.com\/index.php\/wp-json\/wp\/v2\/posts\/35655\/revisions"}],"wp:attachment":[{"href":"https:\/\/portalnpm.com\/index.php\/wp-json\/wp\/v2\/media?parent=35655"}],"wp:term":[{"taxonomy":"category","embeddable":true,"href":"https:\/\/portalnpm.com\/index.php\/wp-json\/wp\/v2\/categories?post=35655"},{"taxonomy":"post_tag","embeddable":true,"href":"https:\/\/portalnpm.com\/index.php\/wp-json\/wp\/v2\/tags?post=35655"}],"curies":[{"name":"wp","href":"https:\/\/api.w.org\/{rel}","templated":true}]}}