{"id":35669,"date":"2021-08-09T13:54:40","date_gmt":"2021-08-09T16:54:40","guid":{"rendered":"https:\/\/backupnpm.codetainer.com.br\/?p=35669"},"modified":"2021-08-09T13:54:40","modified_gmt":"2021-08-09T16:54:40","slug":"a-relacao-entre-as-motociadas-de-bolsonaro-e-a-fome-do-brasileiro","status":"publish","type":"post","link":"https:\/\/portalnpm.com\/index.php\/2021\/08\/09\/a-relacao-entre-as-motociadas-de-bolsonaro-e-a-fome-do-brasileiro\/","title":{"rendered":"A rela\u00e7\u00e3o entre as motociadas de Bolsonaro e a fome do brasileiro"},"content":{"rendered":"<p style=\"text-align: justify;\"><em>Por Leonardo Sakamoto, jornalista, no facebook<\/em><\/p>\n<p style=\"text-align: justify;\">A motociata do Distrito Federal \u00e9 a oitava da pr\u00e9-campanha de Jair Bolsonaro por sua reelei\u00e7\u00e3o desde maio deste ano. A elas, somam-se dezenas de com\u00edcios eleitorais travestidos de inaugura\u00e7\u00f5es. Para tanto, usa recursos federais, estaduais, distritais e municipais, ou seja, dinheiro p\u00fablico oriundo de nossos impostos, a fim de garantir suporte aos atos &#8211; o que, em uma situa\u00e7\u00e3o social grave como a que estamos, n\u00e3o \u00e9 apenas ilegal, mas imoral.<\/p>\n<p style=\"text-align: justify;\">\n<p style=\"text-align: justify;\">\n<p style=\"text-align: justify;\">Em todos os eventos, o presidente atacou o isolamento social contra a covid-19, contribuindo para o aumento de mortos, mentiu sobre sistema eleitoral e as urnas eletr\u00f4nicas e amea\u00e7ou institui\u00e7\u00f5es da Rep\u00fablica ou qualquer coisa que se colocasse no seu caminho para um segundo mandato.<\/p>\n<p style=\"text-align: justify;\">Enquanto isso, o IBGE apontava que temos 14,8 milh\u00f5es de pessoas que procuraram trabalho, mas n\u00e3o encontraram, o que representa 14,6% da popula\u00e7\u00e3o. Na motociata de S\u00e3o Paulo, em junho, foram R$ 1,2 milh\u00e3o que os contribuintes do estado (fora os demais) tiveram que desembolsar para garantir policiamento extra para que ele pudesse fazer seu passeio de moto.<\/p>\n<p style=\"text-align: justify;\">Gente que passou fome porque ele reduziu o valor do aux\u00edlio emergencial. De acordo com o Dieese, os R$ 150 do piso do aux\u00edlio compram menos de 25% de uma cesta b\u00e1sica em cidades como S\u00e3o Paulo, Rio de Janeiro, Porto Alegre e Florian\u00f3polis, pen\u00faltima etapa de sua motociata eleitoral, neste s\u00e1bado (7). O que significa que gente passou fome por sua culpa.<\/p>\n<p style=\"text-align: justify;\">O que refor\u00e7a que o \u00fanico projeto que Bolsonaro sabe tocar desde o primeiro dia no cargo \u00e9 a de sua perman\u00eancia no poder. Quase 15 milh\u00f5es de desempregados t\u00eam fome? Que comam motociatas.<\/p>\n<p style=\"text-align: justify;\">Via Pensar Piau\u00ed<\/p>\n","protected":false},"excerpt":{"rendered":"<p>Por Leonardo Sakamoto, jornalista, no facebook A motociata do Distrito Federal \u00e9 a oitava da pr\u00e9-campanha de Jair Bolsonaro por sua reelei\u00e7\u00e3o desde maio deste ano. A elas, somam-se dezenas de com\u00edcios eleitorais travestidos de inaugura\u00e7\u00f5es. Para tanto, usa recursos federais, estaduais, distritais e municipais, ou seja, dinheiro p\u00fablico oriundo de nossos impostos, a fim &hellip;<\/p>\n","protected":false},"author":2,"featured_media":35670,"comment_status":"open","ping_status":"open","sticky":false,"template":"","format":"standard","meta":{"content-type":"","rop_custom_images_group":[],"rop_custom_messages_group":[],"rop_publish_now":"initial","rop_publish_now_accounts":{"facebook_2648258775420054_1618374048415101":""},"rop_publish_now_history":[],"rop_publish_now_status":"pending","footnotes":"","_jetpack_memberships_contains_paid_content":false},"categories":[125],"tags":[680,11415],"yoast_head":"<!-- This site is optimized with the Yoast SEO plugin v22.3 - https:\/\/yoast.com\/wordpress\/plugins\/seo\/ -->\n<title>A rela\u00e7\u00e3o entre as motociadas de Bolsonaro e a fome do brasileiro - Portal NPM<\/title>\n<meta name=\"robots\" content=\"index, follow, max-snippet:-1, max-image-preview:large, max-video-preview:-1\" \/>\n<link rel=\"canonical\" href=\"https:\/\/portalnpm.com\/index.php\/2021\/08\/09\/a-relacao-entre-as-motociadas-de-bolsonaro-e-a-fome-do-brasileiro\/\" \/>\n<meta property=\"og:locale\" content=\"pt_BR\" \/>\n<meta property=\"og:type\" content=\"article\" \/>\n<meta property=\"og:title\" content=\"A rela\u00e7\u00e3o entre as motociadas de Bolsonaro e a fome do brasileiro - Portal NPM\" \/>\n<meta property=\"og:description\" content=\"Por Leonardo Sakamoto, jornalista, no facebook A motociata do Distrito Federal \u00e9 a oitava da pr\u00e9-campanha de Jair Bolsonaro por sua reelei\u00e7\u00e3o desde maio deste ano. A elas, somam-se dezenas de com\u00edcios eleitorais travestidos de inaugura\u00e7\u00f5es. Para tanto, usa recursos federais, estaduais, distritais e municipais, ou seja, dinheiro p\u00fablico oriundo de nossos impostos, a fim &hellip;\" \/>\n<meta property=\"og:url\" content=\"https:\/\/portalnpm.com\/index.php\/2021\/08\/09\/a-relacao-entre-as-motociadas-de-bolsonaro-e-a-fome-do-brasileiro\/\" \/>\n<meta property=\"og:site_name\" content=\"Portal NPM\" \/>\n<meta property=\"article:published_time\" content=\"2021-08-09T16:54:40+00:00\" \/>\n<meta name=\"author\" content=\"Genival Barbosa\" \/>\n<meta name=\"twitter:card\" content=\"summary_large_image\" \/>\n<meta name=\"twitter:label1\" content=\"Escrito por\" \/>\n\t<meta name=\"twitter:data1\" content=\"Genival Barbosa\" \/>\n\t<meta name=\"twitter:label2\" content=\"Est. tempo de leitura\" \/>\n\t<meta name=\"twitter:data2\" content=\"2 minutos\" \/>\n<script type=\"application\/ld+json\" class=\"yoast-schema-graph\">{\"@context\":\"https:\/\/schema.org\",\"@graph\":[{\"@type\":\"WebPage\",\"@id\":\"https:\/\/portalnpm.com\/index.php\/2021\/08\/09\/a-relacao-entre-as-motociadas-de-bolsonaro-e-a-fome-do-brasileiro\/\",\"url\":\"https:\/\/portalnpm.com\/index.php\/2021\/08\/09\/a-relacao-entre-as-motociadas-de-bolsonaro-e-a-fome-do-brasileiro\/\",\"name\":\"A rela\u00e7\u00e3o entre as motociadas de Bolsonaro e a fome do brasileiro - Portal NPM\",\"isPartOf\":{\"@id\":\"https:\/\/portalnpm.com\/#website\"},\"primaryImageOfPage\":{\"@id\":\"https:\/\/portalnpm.com\/index.php\/2021\/08\/09\/a-relacao-entre-as-motociadas-de-bolsonaro-e-a-fome-do-brasileiro\/#primaryimage\"},\"image\":{\"@id\":\"https:\/\/portalnpm.com\/index.php\/2021\/08\/09\/a-relacao-entre-as-motociadas-de-bolsonaro-e-a-fome-do-brasileiro\/#primaryimage\"},\"thumbnailUrl\":\"\",\"datePublished\":\"2021-08-09T16:54:40+00:00\",\"dateModified\":\"2021-08-09T16:54:40+00:00\",\"author\":{\"@id\":\"https:\/\/portalnpm.com\/#\/schema\/person\/49313e563cfdefcc167f1ee4c017c294\"},\"breadcrumb\":{\"@id\":\"https:\/\/portalnpm.com\/index.php\/2021\/08\/09\/a-relacao-entre-as-motociadas-de-bolsonaro-e-a-fome-do-brasileiro\/#breadcrumb\"},\"inLanguage\":\"pt-BR\",\"potentialAction\":[{\"@type\":\"ReadAction\",\"target\":[\"https:\/\/portalnpm.com\/index.php\/2021\/08\/09\/a-relacao-entre-as-motociadas-de-bolsonaro-e-a-fome-do-brasileiro\/\"]}]},{\"@type\":\"ImageObject\",\"inLanguage\":\"pt-BR\",\"@id\":\"https:\/\/portalnpm.com\/index.php\/2021\/08\/09\/a-relacao-entre-as-motociadas-de-bolsonaro-e-a-fome-do-brasileiro\/#primaryimage\",\"url\":\"\",\"contentUrl\":\"\"},{\"@type\":\"BreadcrumbList\",\"@id\":\"https:\/\/portalnpm.com\/index.php\/2021\/08\/09\/a-relacao-entre-as-motociadas-de-bolsonaro-e-a-fome-do-brasileiro\/#breadcrumb\",\"itemListElement\":[{\"@type\":\"ListItem\",\"position\":1,\"name\":\"In\u00edcio\",\"item\":\"https:\/\/portalnpm.com\/\"},{\"@type\":\"ListItem\",\"position\":2,\"name\":\"A rela\u00e7\u00e3o entre as motociadas de Bolsonaro e a fome do brasileiro\"}]},{\"@type\":\"WebSite\",\"@id\":\"https:\/\/portalnpm.com\/#website\",\"url\":\"https:\/\/portalnpm.com\/\",\"name\":\"Portal NPM\",\"description\":\"Not\u00edcias em Primeira M\u00e3o\",\"potentialAction\":[{\"@type\":\"SearchAction\",\"target\":{\"@type\":\"EntryPoint\",\"urlTemplate\":\"https:\/\/portalnpm.com\/?s={search_term_string}\"},\"query-input\":\"required name=search_term_string\"}],\"inLanguage\":\"pt-BR\"},{\"@type\":\"Person\",\"@id\":\"https:\/\/portalnpm.com\/#\/schema\/person\/49313e563cfdefcc167f1ee4c017c294\",\"name\":\"Genival Barbosa\",\"image\":{\"@type\":\"ImageObject\",\"inLanguage\":\"pt-BR\",\"@id\":\"https:\/\/portalnpm.com\/#\/schema\/person\/image\/\",\"url\":\"https:\/\/portalnpm.com\/wp-content\/uploads\/2024\/02\/avatar_user_2_1707743258-96x96.jpeg\",\"contentUrl\":\"https:\/\/portalnpm.com\/wp-content\/uploads\/2024\/02\/avatar_user_2_1707743258-96x96.jpeg\",\"caption\":\"Genival Barbosa\"},\"url\":\"https:\/\/portalnpm.com\/index.php\/author\/genival\/\"}]}<\/script>\n<!-- \/ Yoast SEO plugin. -->","yoast_head_json":{"title":"A rela\u00e7\u00e3o entre as motociadas de Bolsonaro e a fome do brasileiro - Portal NPM","robots":{"index":"index","follow":"follow","max-snippet":"max-snippet:-1","max-image-preview":"max-image-preview:large","max-video-preview":"max-video-preview:-1"},"canonical":"https:\/\/portalnpm.com\/index.php\/2021\/08\/09\/a-relacao-entre-as-motociadas-de-bolsonaro-e-a-fome-do-brasileiro\/","og_locale":"pt_BR","og_type":"article","og_title":"A rela\u00e7\u00e3o entre as motociadas de Bolsonaro e a fome do brasileiro - Portal NPM","og_description":"Por Leonardo Sakamoto, jornalista, no facebook A motociata do Distrito Federal \u00e9 a oitava da pr\u00e9-campanha de Jair Bolsonaro por sua reelei\u00e7\u00e3o desde maio deste ano. A elas, somam-se dezenas de com\u00edcios eleitorais travestidos de inaugura\u00e7\u00f5es. Para tanto, usa recursos federais, estaduais, distritais e municipais, ou seja, dinheiro p\u00fablico oriundo de nossos impostos, a fim &hellip;","og_url":"https:\/\/portalnpm.com\/index.php\/2021\/08\/09\/a-relacao-entre-as-motociadas-de-bolsonaro-e-a-fome-do-brasileiro\/","og_site_name":"Portal NPM","article_published_time":"2021-08-09T16:54:40+00:00","author":"Genival Barbosa","twitter_card":"summary_large_image","twitter_misc":{"Escrito por":"Genival Barbosa","Est. tempo de leitura":"2 minutos"},"schema":{"@context":"https:\/\/schema.org","@graph":[{"@type":"WebPage","@id":"https:\/\/portalnpm.com\/index.php\/2021\/08\/09\/a-relacao-entre-as-motociadas-de-bolsonaro-e-a-fome-do-brasileiro\/","url":"https:\/\/portalnpm.com\/index.php\/2021\/08\/09\/a-relacao-entre-as-motociadas-de-bolsonaro-e-a-fome-do-brasileiro\/","name":"A rela\u00e7\u00e3o entre as motociadas de Bolsonaro e a fome do brasileiro - Portal NPM","isPartOf":{"@id":"https:\/\/portalnpm.com\/#website"},"primaryImageOfPage":{"@id":"https:\/\/portalnpm.com\/index.php\/2021\/08\/09\/a-relacao-entre-as-motociadas-de-bolsonaro-e-a-fome-do-brasileiro\/#primaryimage"},"image":{"@id":"https:\/\/portalnpm.com\/index.php\/2021\/08\/09\/a-relacao-entre-as-motociadas-de-bolsonaro-e-a-fome-do-brasileiro\/#primaryimage"},"thumbnailUrl":"","datePublished":"2021-08-09T16:54:40+00:00","dateModified":"2021-08-09T16:54:40+00:00","author":{"@id":"https:\/\/portalnpm.com\/#\/schema\/person\/49313e563cfdefcc167f1ee4c017c294"},"breadcrumb":{"@id":"https:\/\/portalnpm.com\/index.php\/2021\/08\/09\/a-relacao-entre-as-motociadas-de-bolsonaro-e-a-fome-do-brasileiro\/#breadcrumb"},"inLanguage":"pt-BR","potentialAction":[{"@type":"ReadAction","target":["https:\/\/portalnpm.com\/index.php\/2021\/08\/09\/a-relacao-entre-as-motociadas-de-bolsonaro-e-a-fome-do-brasileiro\/"]}]},{"@type":"ImageObject","inLanguage":"pt-BR","@id":"https:\/\/portalnpm.com\/index.php\/2021\/08\/09\/a-relacao-entre-as-motociadas-de-bolsonaro-e-a-fome-do-brasileiro\/#primaryimage","url":"","contentUrl":""},{"@type":"BreadcrumbList","@id":"https:\/\/portalnpm.com\/index.php\/2021\/08\/09\/a-relacao-entre-as-motociadas-de-bolsonaro-e-a-fome-do-brasileiro\/#breadcrumb","itemListElement":[{"@type":"ListItem","position":1,"name":"In\u00edcio","item":"https:\/\/portalnpm.com\/"},{"@type":"ListItem","position":2,"name":"A rela\u00e7\u00e3o entre as motociadas de Bolsonaro e a fome do brasileiro"}]},{"@type":"WebSite","@id":"https:\/\/portalnpm.com\/#website","url":"https:\/\/portalnpm.com\/","name":"Portal NPM","description":"Not\u00edcias em Primeira M\u00e3o","potentialAction":[{"@type":"SearchAction","target":{"@type":"EntryPoint","urlTemplate":"https:\/\/portalnpm.com\/?s={search_term_string}"},"query-input":"required name=search_term_string"}],"inLanguage":"pt-BR"},{"@type":"Person","@id":"https:\/\/portalnpm.com\/#\/schema\/person\/49313e563cfdefcc167f1ee4c017c294","name":"Genival Barbosa","image":{"@type":"ImageObject","inLanguage":"pt-BR","@id":"https:\/\/portalnpm.com\/#\/schema\/person\/image\/","url":"https:\/\/portalnpm.com\/wp-content\/uploads\/2024\/02\/avatar_user_2_1707743258-96x96.jpeg","contentUrl":"https:\/\/portalnpm.com\/wp-content\/uploads\/2024\/02\/avatar_user_2_1707743258-96x96.jpeg","caption":"Genival Barbosa"},"url":"https:\/\/portalnpm.com\/index.php\/author\/genival\/"}]}},"jetpack_sharing_enabled":true,"jetpack_featured_media_url":"","_links":{"self":[{"href":"https:\/\/portalnpm.com\/index.php\/wp-json\/wp\/v2\/posts\/35669"}],"collection":[{"href":"https:\/\/portalnpm.com\/index.php\/wp-json\/wp\/v2\/posts"}],"about":[{"href":"https:\/\/portalnpm.com\/index.php\/wp-json\/wp\/v2\/types\/post"}],"author":[{"embeddable":true,"href":"https:\/\/portalnpm.com\/index.php\/wp-json\/wp\/v2\/users\/2"}],"replies":[{"embeddable":true,"href":"https:\/\/portalnpm.com\/index.php\/wp-json\/wp\/v2\/comments?post=35669"}],"version-history":[{"count":0,"href":"https:\/\/portalnpm.com\/index.php\/wp-json\/wp\/v2\/posts\/35669\/revisions"}],"wp:featuredmedia":[{"embeddable":true,"href":"https:\/\/portalnpm.com\/index.php\/wp-json\/"}],"wp:attachment":[{"href":"https:\/\/portalnpm.com\/index.php\/wp-json\/wp\/v2\/media?parent=35669"}],"wp:term":[{"taxonomy":"category","embeddable":true,"href":"https:\/\/portalnpm.com\/index.php\/wp-json\/wp\/v2\/categories?post=35669"},{"taxonomy":"post_tag","embeddable":true,"href":"https:\/\/portalnpm.com\/index.php\/wp-json\/wp\/v2\/tags?post=35669"}],"curies":[{"name":"wp","href":"https:\/\/api.w.org\/{rel}","templated":true}]}}