{"id":35693,"date":"2021-08-10T08:52:18","date_gmt":"2021-08-10T11:52:18","guid":{"rendered":"https:\/\/backupnpm.codetainer.com.br\/?p=35693"},"modified":"2021-08-10T08:52:18","modified_gmt":"2021-08-10T11:52:18","slug":"homem-morre-eletrocutado-em-subestacao-de-complexo-eolico-em-marcolandia","status":"publish","type":"post","link":"https:\/\/portalnpm.com\/index.php\/2021\/08\/10\/homem-morre-eletrocutado-em-subestacao-de-complexo-eolico-em-marcolandia\/","title":{"rendered":"Homem morre eletrocutado em subesta\u00e7\u00e3o de complexo e\u00f3lico em Marcol\u00e2ndia"},"content":{"rendered":"<p style=\"text-align: justify;\"><strong>Adilson Silva de Lima, 30 anos<\/strong>,\u00a0<strong>morreu eletrocutado na Subesta\u00e7\u00e3o Chapada II, no Complexo E\u00f3lico Chapada do Piau\u00ed<\/strong>, na cidade de\u00a0<strong>Marcol\u00e2ndia<\/strong>. O acidente aconteceu, na \u00faltima quinta-feira (5). Adilson estava em seu primeiro dia de trabalho.<\/p>\n<p style=\"text-align: justify;\">\n<p style=\"text-align: justify;\">\n<p style=\"text-align: justify;\">De acordo com informa\u00e7\u00f5es do\u00a0<strong>capit\u00e3o Edimilson Pacheco<\/strong>, comandante do\u00a0<strong>GPM de Marcol\u00e2ndia<\/strong>, que atendeu \u00e0 ocorr\u00eancia, Adilson residia em Natal, no Rio Grande do Norte, trabalhava tamb\u00e9m em outros parques e\u00f3licos e foi contratado no dia (4\/8) por uma empresa de gera\u00e7\u00e3o de energia.<\/p>\n<p style=\"text-align: justify;\"><span class=\"fr-img-caption fr-fic fr-dib\"><span class=\"fr-img-wrap\"><span class=\"fr-inner\" contenteditable=\"true\" spellcheck=\"false\" data-gramm=\"false\">O caso foi encaminhado para a Delegacia Regional de Sim\u00f5es para as provid\u00eancias legais \u2013 Foto: Reprodu\u00e7\u00e3o\/APPM<\/span><\/span><\/span><\/p>\n<p style=\"text-align: justify;\">A\u00a0<strong>guarni\u00e7\u00e3o de servi\u00e7o foi solicitada<\/strong>\u00a0e se deslocou ao local indicado, constatando em seguida a veracidade da ocorr\u00eancia. A \u00e1rea foi isolada pela pol\u00edcia.<\/p>\n<p style=\"text-align: justify;\">Ainda de acordo com a PM, a\u00a0<strong>v\u00edtima foi socorrida e levada ao hospital, mas n\u00e3o resistiu<\/strong>\u00a0\u00e0 forte descarga el\u00e9trica, vindo a \u00f3bito, ap\u00f3s sofrer parada card\u00edaca, constatada pela equipe m\u00e9dica que fez o atendimento.<\/p>\n<p style=\"text-align: justify;\">O caso foi encaminhado para a Delegacia Regional de Sim\u00f5es para as provid\u00eancias legais.<\/p>\n<p style=\"text-align: justify;\"><strong>Fonte: Meio Norte<\/strong><\/p>\n","protected":false},"excerpt":{"rendered":"<p>Adilson Silva de Lima, 30 anos,\u00a0morreu eletrocutado na Subesta\u00e7\u00e3o Chapada II, no Complexo E\u00f3lico Chapada do Piau\u00ed, na cidade de\u00a0Marcol\u00e2ndia. O acidente aconteceu, na \u00faltima quinta-feira (5). Adilson estava em seu primeiro dia de trabalho. De acordo com informa\u00e7\u00f5es do\u00a0capit\u00e3o Edimilson Pacheco, comandante do\u00a0GPM de Marcol\u00e2ndia, que atendeu \u00e0 ocorr\u00eancia, Adilson residia em Natal, no &hellip;<\/p>\n","protected":false},"author":2,"featured_media":35694,"comment_status":"open","ping_status":"open","sticky":false,"template":"","format":"standard","meta":{"content-type":"","rop_custom_images_group":[],"rop_custom_messages_group":[],"rop_publish_now":"initial","rop_publish_now_accounts":{"facebook_2648258775420054_1618374048415101":""},"rop_publish_now_history":[],"rop_publish_now_status":"pending","footnotes":"","_jetpack_memberships_contains_paid_content":false},"categories":[113,555,109],"tags":[459,132,8457],"yoast_head":"<!-- This site is optimized with the Yoast SEO plugin v22.3 - https:\/\/yoast.com\/wordpress\/plugins\/seo\/ -->\n<title>Homem morre eletrocutado em subesta\u00e7\u00e3o de complexo e\u00f3lico em Marcol\u00e2ndia - Portal NPM<\/title>\n<meta name=\"robots\" content=\"index, follow, max-snippet:-1, max-image-preview:large, max-video-preview:-1\" \/>\n<link rel=\"canonical\" href=\"https:\/\/portalnpm.com\/index.php\/2021\/08\/10\/homem-morre-eletrocutado-em-subestacao-de-complexo-eolico-em-marcolandia\/\" \/>\n<meta property=\"og:locale\" content=\"pt_BR\" \/>\n<meta property=\"og:type\" content=\"article\" \/>\n<meta property=\"og:title\" content=\"Homem morre eletrocutado em subesta\u00e7\u00e3o de complexo e\u00f3lico em Marcol\u00e2ndia - Portal NPM\" \/>\n<meta property=\"og:description\" content=\"Adilson Silva de Lima, 30 anos,\u00a0morreu eletrocutado na Subesta\u00e7\u00e3o Chapada II, no Complexo E\u00f3lico Chapada do Piau\u00ed, na cidade de\u00a0Marcol\u00e2ndia. O acidente aconteceu, na \u00faltima quinta-feira (5). Adilson estava em seu primeiro dia de trabalho. De acordo com informa\u00e7\u00f5es do\u00a0capit\u00e3o Edimilson Pacheco, comandante do\u00a0GPM de Marcol\u00e2ndia, que atendeu \u00e0 ocorr\u00eancia, Adilson residia em Natal, no &hellip;\" \/>\n<meta property=\"og:url\" content=\"https:\/\/portalnpm.com\/index.php\/2021\/08\/10\/homem-morre-eletrocutado-em-subestacao-de-complexo-eolico-em-marcolandia\/\" \/>\n<meta property=\"og:site_name\" content=\"Portal NPM\" \/>\n<meta property=\"article:published_time\" content=\"2021-08-10T11:52:18+00:00\" \/>\n<meta name=\"author\" content=\"Genival Barbosa\" \/>\n<meta name=\"twitter:card\" content=\"summary_large_image\" \/>\n<meta name=\"twitter:label1\" content=\"Escrito por\" \/>\n\t<meta name=\"twitter:data1\" content=\"Genival Barbosa\" \/>\n\t<meta name=\"twitter:label2\" content=\"Est. tempo de leitura\" \/>\n\t<meta name=\"twitter:data2\" content=\"1 minuto\" \/>\n<script type=\"application\/ld+json\" class=\"yoast-schema-graph\">{\"@context\":\"https:\/\/schema.org\",\"@graph\":[{\"@type\":\"WebPage\",\"@id\":\"https:\/\/portalnpm.com\/index.php\/2021\/08\/10\/homem-morre-eletrocutado-em-subestacao-de-complexo-eolico-em-marcolandia\/\",\"url\":\"https:\/\/portalnpm.com\/index.php\/2021\/08\/10\/homem-morre-eletrocutado-em-subestacao-de-complexo-eolico-em-marcolandia\/\",\"name\":\"Homem morre eletrocutado em subesta\u00e7\u00e3o de complexo e\u00f3lico em Marcol\u00e2ndia - Portal NPM\",\"isPartOf\":{\"@id\":\"https:\/\/portalnpm.com\/#website\"},\"primaryImageOfPage\":{\"@id\":\"https:\/\/portalnpm.com\/index.php\/2021\/08\/10\/homem-morre-eletrocutado-em-subestacao-de-complexo-eolico-em-marcolandia\/#primaryimage\"},\"image\":{\"@id\":\"https:\/\/portalnpm.com\/index.php\/2021\/08\/10\/homem-morre-eletrocutado-em-subestacao-de-complexo-eolico-em-marcolandia\/#primaryimage\"},\"thumbnailUrl\":\"\",\"datePublished\":\"2021-08-10T11:52:18+00:00\",\"dateModified\":\"2021-08-10T11:52:18+00:00\",\"author\":{\"@id\":\"https:\/\/portalnpm.com\/#\/schema\/person\/49313e563cfdefcc167f1ee4c017c294\"},\"breadcrumb\":{\"@id\":\"https:\/\/portalnpm.com\/index.php\/2021\/08\/10\/homem-morre-eletrocutado-em-subestacao-de-complexo-eolico-em-marcolandia\/#breadcrumb\"},\"inLanguage\":\"pt-BR\",\"potentialAction\":[{\"@type\":\"ReadAction\",\"target\":[\"https:\/\/portalnpm.com\/index.php\/2021\/08\/10\/homem-morre-eletrocutado-em-subestacao-de-complexo-eolico-em-marcolandia\/\"]}]},{\"@type\":\"ImageObject\",\"inLanguage\":\"pt-BR\",\"@id\":\"https:\/\/portalnpm.com\/index.php\/2021\/08\/10\/homem-morre-eletrocutado-em-subestacao-de-complexo-eolico-em-marcolandia\/#primaryimage\",\"url\":\"\",\"contentUrl\":\"\"},{\"@type\":\"BreadcrumbList\",\"@id\":\"https:\/\/portalnpm.com\/index.php\/2021\/08\/10\/homem-morre-eletrocutado-em-subestacao-de-complexo-eolico-em-marcolandia\/#breadcrumb\",\"itemListElement\":[{\"@type\":\"ListItem\",\"position\":1,\"name\":\"In\u00edcio\",\"item\":\"https:\/\/portalnpm.com\/\"},{\"@type\":\"ListItem\",\"position\":2,\"name\":\"Homem morre eletrocutado em subesta\u00e7\u00e3o de complexo e\u00f3lico em Marcol\u00e2ndia\"}]},{\"@type\":\"WebSite\",\"@id\":\"https:\/\/portalnpm.com\/#website\",\"url\":\"https:\/\/portalnpm.com\/\",\"name\":\"Portal NPM\",\"description\":\"Not\u00edcias em Primeira M\u00e3o\",\"potentialAction\":[{\"@type\":\"SearchAction\",\"target\":{\"@type\":\"EntryPoint\",\"urlTemplate\":\"https:\/\/portalnpm.com\/?s={search_term_string}\"},\"query-input\":\"required name=search_term_string\"}],\"inLanguage\":\"pt-BR\"},{\"@type\":\"Person\",\"@id\":\"https:\/\/portalnpm.com\/#\/schema\/person\/49313e563cfdefcc167f1ee4c017c294\",\"name\":\"Genival Barbosa\",\"image\":{\"@type\":\"ImageObject\",\"inLanguage\":\"pt-BR\",\"@id\":\"https:\/\/portalnpm.com\/#\/schema\/person\/image\/\",\"url\":\"https:\/\/portalnpm.com\/wp-content\/uploads\/2024\/02\/avatar_user_2_1707743258-96x96.jpeg\",\"contentUrl\":\"https:\/\/portalnpm.com\/wp-content\/uploads\/2024\/02\/avatar_user_2_1707743258-96x96.jpeg\",\"caption\":\"Genival Barbosa\"},\"url\":\"https:\/\/portalnpm.com\/index.php\/author\/genival\/\"}]}<\/script>\n<!-- \/ Yoast SEO plugin. -->","yoast_head_json":{"title":"Homem morre eletrocutado em subesta\u00e7\u00e3o de complexo e\u00f3lico em Marcol\u00e2ndia - Portal NPM","robots":{"index":"index","follow":"follow","max-snippet":"max-snippet:-1","max-image-preview":"max-image-preview:large","max-video-preview":"max-video-preview:-1"},"canonical":"https:\/\/portalnpm.com\/index.php\/2021\/08\/10\/homem-morre-eletrocutado-em-subestacao-de-complexo-eolico-em-marcolandia\/","og_locale":"pt_BR","og_type":"article","og_title":"Homem morre eletrocutado em subesta\u00e7\u00e3o de complexo e\u00f3lico em Marcol\u00e2ndia - Portal NPM","og_description":"Adilson Silva de Lima, 30 anos,\u00a0morreu eletrocutado na Subesta\u00e7\u00e3o Chapada II, no Complexo E\u00f3lico Chapada do Piau\u00ed, na cidade de\u00a0Marcol\u00e2ndia. O acidente aconteceu, na \u00faltima quinta-feira (5). Adilson estava em seu primeiro dia de trabalho. De acordo com informa\u00e7\u00f5es do\u00a0capit\u00e3o Edimilson Pacheco, comandante do\u00a0GPM de Marcol\u00e2ndia, que atendeu \u00e0 ocorr\u00eancia, Adilson residia em Natal, no &hellip;","og_url":"https:\/\/portalnpm.com\/index.php\/2021\/08\/10\/homem-morre-eletrocutado-em-subestacao-de-complexo-eolico-em-marcolandia\/","og_site_name":"Portal NPM","article_published_time":"2021-08-10T11:52:18+00:00","author":"Genival Barbosa","twitter_card":"summary_large_image","twitter_misc":{"Escrito por":"Genival Barbosa","Est. tempo de leitura":"1 minuto"},"schema":{"@context":"https:\/\/schema.org","@graph":[{"@type":"WebPage","@id":"https:\/\/portalnpm.com\/index.php\/2021\/08\/10\/homem-morre-eletrocutado-em-subestacao-de-complexo-eolico-em-marcolandia\/","url":"https:\/\/portalnpm.com\/index.php\/2021\/08\/10\/homem-morre-eletrocutado-em-subestacao-de-complexo-eolico-em-marcolandia\/","name":"Homem morre eletrocutado em subesta\u00e7\u00e3o de complexo e\u00f3lico em Marcol\u00e2ndia - Portal NPM","isPartOf":{"@id":"https:\/\/portalnpm.com\/#website"},"primaryImageOfPage":{"@id":"https:\/\/portalnpm.com\/index.php\/2021\/08\/10\/homem-morre-eletrocutado-em-subestacao-de-complexo-eolico-em-marcolandia\/#primaryimage"},"image":{"@id":"https:\/\/portalnpm.com\/index.php\/2021\/08\/10\/homem-morre-eletrocutado-em-subestacao-de-complexo-eolico-em-marcolandia\/#primaryimage"},"thumbnailUrl":"","datePublished":"2021-08-10T11:52:18+00:00","dateModified":"2021-08-10T11:52:18+00:00","author":{"@id":"https:\/\/portalnpm.com\/#\/schema\/person\/49313e563cfdefcc167f1ee4c017c294"},"breadcrumb":{"@id":"https:\/\/portalnpm.com\/index.php\/2021\/08\/10\/homem-morre-eletrocutado-em-subestacao-de-complexo-eolico-em-marcolandia\/#breadcrumb"},"inLanguage":"pt-BR","potentialAction":[{"@type":"ReadAction","target":["https:\/\/portalnpm.com\/index.php\/2021\/08\/10\/homem-morre-eletrocutado-em-subestacao-de-complexo-eolico-em-marcolandia\/"]}]},{"@type":"ImageObject","inLanguage":"pt-BR","@id":"https:\/\/portalnpm.com\/index.php\/2021\/08\/10\/homem-morre-eletrocutado-em-subestacao-de-complexo-eolico-em-marcolandia\/#primaryimage","url":"","contentUrl":""},{"@type":"BreadcrumbList","@id":"https:\/\/portalnpm.com\/index.php\/2021\/08\/10\/homem-morre-eletrocutado-em-subestacao-de-complexo-eolico-em-marcolandia\/#breadcrumb","itemListElement":[{"@type":"ListItem","position":1,"name":"In\u00edcio","item":"https:\/\/portalnpm.com\/"},{"@type":"ListItem","position":2,"name":"Homem morre eletrocutado em subesta\u00e7\u00e3o de complexo e\u00f3lico em Marcol\u00e2ndia"}]},{"@type":"WebSite","@id":"https:\/\/portalnpm.com\/#website","url":"https:\/\/portalnpm.com\/","name":"Portal NPM","description":"Not\u00edcias em Primeira M\u00e3o","potentialAction":[{"@type":"SearchAction","target":{"@type":"EntryPoint","urlTemplate":"https:\/\/portalnpm.com\/?s={search_term_string}"},"query-input":"required name=search_term_string"}],"inLanguage":"pt-BR"},{"@type":"Person","@id":"https:\/\/portalnpm.com\/#\/schema\/person\/49313e563cfdefcc167f1ee4c017c294","name":"Genival Barbosa","image":{"@type":"ImageObject","inLanguage":"pt-BR","@id":"https:\/\/portalnpm.com\/#\/schema\/person\/image\/","url":"https:\/\/portalnpm.com\/wp-content\/uploads\/2024\/02\/avatar_user_2_1707743258-96x96.jpeg","contentUrl":"https:\/\/portalnpm.com\/wp-content\/uploads\/2024\/02\/avatar_user_2_1707743258-96x96.jpeg","caption":"Genival Barbosa"},"url":"https:\/\/portalnpm.com\/index.php\/author\/genival\/"}]}},"jetpack_sharing_enabled":true,"jetpack_featured_media_url":"","_links":{"self":[{"href":"https:\/\/portalnpm.com\/index.php\/wp-json\/wp\/v2\/posts\/35693"}],"collection":[{"href":"https:\/\/portalnpm.com\/index.php\/wp-json\/wp\/v2\/posts"}],"about":[{"href":"https:\/\/portalnpm.com\/index.php\/wp-json\/wp\/v2\/types\/post"}],"author":[{"embeddable":true,"href":"https:\/\/portalnpm.com\/index.php\/wp-json\/wp\/v2\/users\/2"}],"replies":[{"embeddable":true,"href":"https:\/\/portalnpm.com\/index.php\/wp-json\/wp\/v2\/comments?post=35693"}],"version-history":[{"count":0,"href":"https:\/\/portalnpm.com\/index.php\/wp-json\/wp\/v2\/posts\/35693\/revisions"}],"wp:featuredmedia":[{"embeddable":true,"href":"https:\/\/portalnpm.com\/index.php\/wp-json\/"}],"wp:attachment":[{"href":"https:\/\/portalnpm.com\/index.php\/wp-json\/wp\/v2\/media?parent=35693"}],"wp:term":[{"taxonomy":"category","embeddable":true,"href":"https:\/\/portalnpm.com\/index.php\/wp-json\/wp\/v2\/categories?post=35693"},{"taxonomy":"post_tag","embeddable":true,"href":"https:\/\/portalnpm.com\/index.php\/wp-json\/wp\/v2\/tags?post=35693"}],"curies":[{"name":"wp","href":"https:\/\/api.w.org\/{rel}","templated":true}]}}