{"id":3574,"date":"2018-12-18T11:23:01","date_gmt":"2018-12-18T13:23:01","guid":{"rendered":"http:\/\/srv.portalnpm.com.br\/?p=3574"},"modified":"2018-12-18T11:23:01","modified_gmt":"2018-12-18T13:23:01","slug":"portal-npm-parabeniza-sao-juliao-pelos-seus-58-anos-de-emancipacao-politica","status":"publish","type":"post","link":"https:\/\/portalnpm.com\/index.php\/2018\/12\/18\/portal-npm-parabeniza-sao-juliao-pelos-seus-58-anos-de-emancipacao-politica\/","title":{"rendered":"Portal NPM parabeniza S\u00e3o Juli\u00e3o pelos seus 58 anos de emancipa\u00e7\u00e3o pol\u00edtica"},"content":{"rendered":"<p style=\"text-align: justify;\">Neste dia 18 de Dezembro, a nossa cidade completa 58 anos, e hoje, nada mais justo que parabenizar o povo s\u00e3ojuli\u00e3oense, gente de bem, guerreira, honesta e batalhadora que, com seu trabalho di\u00e1rio, constr\u00f3i o desenvolvimento do munic\u00edpio e dentro das suas possibilidades n\u00e3o mede esfor\u00e7os na busca do crescimento e de melhores dias para essa cidade.<\/p>\n<p style=\"text-align: justify;\">Desejamos que cada mun\u00edcipe seja um ponto de apoio na constante constru\u00e7\u00e3o de um S\u00e3o Juli\u00e3o melhor, que atrav\u00e9s de valores s\u00f3lidos ajudem a preparar as crian\u00e7as e jovens para este processo cont\u00ednuo de transforma\u00e7\u00e3o que o nosso munic\u00edpio tanto precisa. \u00c9 necess\u00e1rio semear a\u00e7\u00f5es e colher conquistas, buscando no presente o futuro para que as conquistas da comunidade sejam sempre crescentes, demonstrando que somos n\u00f3s quem fazemos o amanh\u00e3 e que nossa perseveran\u00e7a \u00e9 a luz que ilumina o caminho rumo a uma cidade mais justa e cidad\u00e3.<\/p>\n<p style=\"text-align: justify;\">Parab\u00e9ns a todos que diariamente cumprem sua miss\u00e3o, contribuindo assim com o desenvolvimento do munic\u00edpio; buscando sempre novos projetos e aceitando o desafio de fazer mais e melhor; n\u00e3o perdendo de vista os anseios da comunidade, mostrando assim que n\u00e3o existem fronteiras ou limites para alcan\u00e7armos nossos objetivos; existem sim barreiras e desafios que ser\u00e3o transpostas sempre que for da vontade daqueles que governam e principalmente, se for fruto do anseio do nosso povo.<\/p>\n<figure id=\"attachment_3576\" aria-describedby=\"caption-attachment-3576\" style=\"width: 300px\" class=\"wp-caption alignnone\"><img fetchpriority=\"high\" decoding=\"async\" class=\"size-medium wp-image-3576\" src=\"http:\/\/portalnpm.com.br\/wp-content\/uploads\/2018\/12\/IMG-20181008-WA0331-800x445-1-300x167.jpg\" alt=\"\" width=\"300\" height=\"167\" \/><figcaption id=\"caption-attachment-3576\" class=\"wp-caption-text\">S\u00e3o Juli\u00e3o-PI, terra da cal, do cobre e dos sonhos<\/figcaption><\/figure>\n<p><img decoding=\"async\" class=\"alignnone size-medium wp-image-3577\" src=\"http:\/\/portalnpm.com.br\/wp-content\/uploads\/2018\/12\/CYMERA_20181218_095311-300x184.jpg\" alt=\"\" width=\"300\" height=\"184\" \/><\/p>\n<p><img decoding=\"async\" class=\"alignnone size-medium wp-image-3575\" src=\"http:\/\/portalnpm.com.br\/wp-content\/uploads\/2018\/12\/IMG-20181218-WA0034-300x270.jpg\" alt=\"\" width=\"300\" height=\"270\" \/><\/p>\n<p><strong>Atenciosamente, <\/strong><br \/>\n<strong>Equipe do Portal NPM<\/strong><\/p>\n<p><em>Carmo Santos, Luis Alberto, Patrilia Isabel, Rafael Almeida, William Marques e Zenilton Lima<\/em><\/p>\n","protected":false},"excerpt":{"rendered":"<p>Neste dia 18 de Dezembro, a nossa cidade completa 58 anos, e hoje, nada mais justo que parabenizar o povo s\u00e3ojuli\u00e3oense, gente de bem, guerreira, honesta e batalhadora que, com seu trabalho di\u00e1rio, constr\u00f3i o desenvolvimento do munic\u00edpio e dentro das suas possibilidades n\u00e3o mede esfor\u00e7os na busca do crescimento e de melhores dias para &hellip;<\/p>\n","protected":false},"author":3,"featured_media":3579,"comment_status":"open","ping_status":"open","sticky":false,"template":"","format":"standard","meta":{"content-type":"","rop_custom_images_group":[],"rop_custom_messages_group":[],"rop_publish_now":"initial","rop_publish_now_accounts":{"facebook_2648258775420054_1618374048415101":""},"rop_publish_now_history":[],"rop_publish_now_status":"pending","footnotes":"","_jetpack_memberships_contains_paid_content":false},"categories":[113,136],"tags":[1747,1748,137],"yoast_head":"<!-- This site is optimized with the Yoast SEO plugin v22.3 - https:\/\/yoast.com\/wordpress\/plugins\/seo\/ -->\n<title>Portal NPM parabeniza S\u00e3o Juli\u00e3o pelos seus 58 anos de emancipa\u00e7\u00e3o pol\u00edtica - Portal NPM<\/title>\n<meta name=\"robots\" content=\"index, follow, max-snippet:-1, max-image-preview:large, max-video-preview:-1\" \/>\n<link rel=\"canonical\" href=\"https:\/\/portalnpm.com\/index.php\/2018\/12\/18\/portal-npm-parabeniza-sao-juliao-pelos-seus-58-anos-de-emancipacao-politica\/\" \/>\n<meta property=\"og:locale\" content=\"pt_BR\" \/>\n<meta property=\"og:type\" content=\"article\" \/>\n<meta property=\"og:title\" content=\"Portal NPM parabeniza S\u00e3o Juli\u00e3o pelos seus 58 anos de emancipa\u00e7\u00e3o pol\u00edtica - Portal NPM\" \/>\n<meta property=\"og:description\" content=\"Neste dia 18 de Dezembro, a nossa cidade completa 58 anos, e hoje, nada mais justo que parabenizar o povo s\u00e3ojuli\u00e3oense, gente de bem, guerreira, honesta e batalhadora que, com seu trabalho di\u00e1rio, constr\u00f3i o desenvolvimento do munic\u00edpio e dentro das suas possibilidades n\u00e3o mede esfor\u00e7os na busca do crescimento e de melhores dias para &hellip;\" \/>\n<meta property=\"og:url\" content=\"https:\/\/portalnpm.com\/index.php\/2018\/12\/18\/portal-npm-parabeniza-sao-juliao-pelos-seus-58-anos-de-emancipacao-politica\/\" \/>\n<meta property=\"og:site_name\" content=\"Portal NPM\" \/>\n<meta property=\"article:published_time\" content=\"2018-12-18T13:23:01+00:00\" \/>\n<meta name=\"author\" content=\"Luis Alberto\" \/>\n<meta name=\"twitter:card\" content=\"summary_large_image\" \/>\n<meta name=\"twitter:label1\" content=\"Escrito por\" \/>\n\t<meta name=\"twitter:data1\" content=\"Luis Alberto\" \/>\n\t<meta name=\"twitter:label2\" content=\"Est. tempo de leitura\" \/>\n\t<meta name=\"twitter:data2\" content=\"1 minuto\" \/>\n<script type=\"application\/ld+json\" class=\"yoast-schema-graph\">{\"@context\":\"https:\/\/schema.org\",\"@graph\":[{\"@type\":\"WebPage\",\"@id\":\"https:\/\/portalnpm.com\/index.php\/2018\/12\/18\/portal-npm-parabeniza-sao-juliao-pelos-seus-58-anos-de-emancipacao-politica\/\",\"url\":\"https:\/\/portalnpm.com\/index.php\/2018\/12\/18\/portal-npm-parabeniza-sao-juliao-pelos-seus-58-anos-de-emancipacao-politica\/\",\"name\":\"Portal NPM parabeniza S\u00e3o Juli\u00e3o pelos seus 58 anos de emancipa\u00e7\u00e3o pol\u00edtica - Portal NPM\",\"isPartOf\":{\"@id\":\"https:\/\/portalnpm.com\/#website\"},\"primaryImageOfPage\":{\"@id\":\"https:\/\/portalnpm.com\/index.php\/2018\/12\/18\/portal-npm-parabeniza-sao-juliao-pelos-seus-58-anos-de-emancipacao-politica\/#primaryimage\"},\"image\":{\"@id\":\"https:\/\/portalnpm.com\/index.php\/2018\/12\/18\/portal-npm-parabeniza-sao-juliao-pelos-seus-58-anos-de-emancipacao-politica\/#primaryimage\"},\"thumbnailUrl\":\"\",\"datePublished\":\"2018-12-18T13:23:01+00:00\",\"dateModified\":\"2018-12-18T13:23:01+00:00\",\"author\":{\"@id\":\"https:\/\/portalnpm.com\/#\/schema\/person\/5c8006acdf71774cd4e7a5ab98482152\"},\"breadcrumb\":{\"@id\":\"https:\/\/portalnpm.com\/index.php\/2018\/12\/18\/portal-npm-parabeniza-sao-juliao-pelos-seus-58-anos-de-emancipacao-politica\/#breadcrumb\"},\"inLanguage\":\"pt-BR\",\"potentialAction\":[{\"@type\":\"ReadAction\",\"target\":[\"https:\/\/portalnpm.com\/index.php\/2018\/12\/18\/portal-npm-parabeniza-sao-juliao-pelos-seus-58-anos-de-emancipacao-politica\/\"]}]},{\"@type\":\"ImageObject\",\"inLanguage\":\"pt-BR\",\"@id\":\"https:\/\/portalnpm.com\/index.php\/2018\/12\/18\/portal-npm-parabeniza-sao-juliao-pelos-seus-58-anos-de-emancipacao-politica\/#primaryimage\",\"url\":\"\",\"contentUrl\":\"\"},{\"@type\":\"BreadcrumbList\",\"@id\":\"https:\/\/portalnpm.com\/index.php\/2018\/12\/18\/portal-npm-parabeniza-sao-juliao-pelos-seus-58-anos-de-emancipacao-politica\/#breadcrumb\",\"itemListElement\":[{\"@type\":\"ListItem\",\"position\":1,\"name\":\"In\u00edcio\",\"item\":\"https:\/\/portalnpm.com\/\"},{\"@type\":\"ListItem\",\"position\":2,\"name\":\"Portal NPM parabeniza S\u00e3o Juli\u00e3o pelos seus 58 anos de emancipa\u00e7\u00e3o pol\u00edtica\"}]},{\"@type\":\"WebSite\",\"@id\":\"https:\/\/portalnpm.com\/#website\",\"url\":\"https:\/\/portalnpm.com\/\",\"name\":\"Portal NPM\",\"description\":\"Not\u00edcias em Primeira M\u00e3o\",\"potentialAction\":[{\"@type\":\"SearchAction\",\"target\":{\"@type\":\"EntryPoint\",\"urlTemplate\":\"https:\/\/portalnpm.com\/?s={search_term_string}\"},\"query-input\":\"required name=search_term_string\"}],\"inLanguage\":\"pt-BR\"},{\"@type\":\"Person\",\"@id\":\"https:\/\/portalnpm.com\/#\/schema\/person\/5c8006acdf71774cd4e7a5ab98482152\",\"name\":\"Luis Alberto\",\"image\":{\"@type\":\"ImageObject\",\"inLanguage\":\"pt-BR\",\"@id\":\"https:\/\/portalnpm.com\/#\/schema\/person\/image\/\",\"url\":\"https:\/\/portalnpm.com\/wp-content\/uploads\/2024\/12\/avatar_user_3_1734699769-96x96.jpeg\",\"contentUrl\":\"https:\/\/portalnpm.com\/wp-content\/uploads\/2024\/12\/avatar_user_3_1734699769-96x96.jpeg\",\"caption\":\"Luis Alberto\"},\"description\":\"Editor-geral do Portal NPM, \u00e9 formado como T\u00e9cnico em Seguran\u00e7a do Trabalho pela Escola Metropolitana de Cursos T\u00e9cnicos. Det\u00e9m ainda licenciatura em Educa\u00e7\u00e3o F\u00edsica e bacharelado em Ci\u00eancias Pol\u00edticas, ambos obtidos pela institui\u00e7\u00e3o Anhanguera\/UNOPAR.\",\"url\":\"https:\/\/portalnpm.com\/index.php\/author\/pereira\/\"}]}<\/script>\n<!-- \/ Yoast SEO plugin. -->","yoast_head_json":{"title":"Portal NPM parabeniza S\u00e3o Juli\u00e3o pelos seus 58 anos de emancipa\u00e7\u00e3o pol\u00edtica - Portal NPM","robots":{"index":"index","follow":"follow","max-snippet":"max-snippet:-1","max-image-preview":"max-image-preview:large","max-video-preview":"max-video-preview:-1"},"canonical":"https:\/\/portalnpm.com\/index.php\/2018\/12\/18\/portal-npm-parabeniza-sao-juliao-pelos-seus-58-anos-de-emancipacao-politica\/","og_locale":"pt_BR","og_type":"article","og_title":"Portal NPM parabeniza S\u00e3o Juli\u00e3o pelos seus 58 anos de emancipa\u00e7\u00e3o pol\u00edtica - Portal NPM","og_description":"Neste dia 18 de Dezembro, a nossa cidade completa 58 anos, e hoje, nada mais justo que parabenizar o povo s\u00e3ojuli\u00e3oense, gente de bem, guerreira, honesta e batalhadora que, com seu trabalho di\u00e1rio, constr\u00f3i o desenvolvimento do munic\u00edpio e dentro das suas possibilidades n\u00e3o mede esfor\u00e7os na busca do crescimento e de melhores dias para &hellip;","og_url":"https:\/\/portalnpm.com\/index.php\/2018\/12\/18\/portal-npm-parabeniza-sao-juliao-pelos-seus-58-anos-de-emancipacao-politica\/","og_site_name":"Portal NPM","article_published_time":"2018-12-18T13:23:01+00:00","author":"Luis Alberto","twitter_card":"summary_large_image","twitter_misc":{"Escrito por":"Luis Alberto","Est. tempo de leitura":"1 minuto"},"schema":{"@context":"https:\/\/schema.org","@graph":[{"@type":"WebPage","@id":"https:\/\/portalnpm.com\/index.php\/2018\/12\/18\/portal-npm-parabeniza-sao-juliao-pelos-seus-58-anos-de-emancipacao-politica\/","url":"https:\/\/portalnpm.com\/index.php\/2018\/12\/18\/portal-npm-parabeniza-sao-juliao-pelos-seus-58-anos-de-emancipacao-politica\/","name":"Portal NPM parabeniza S\u00e3o Juli\u00e3o pelos seus 58 anos de emancipa\u00e7\u00e3o pol\u00edtica - Portal NPM","isPartOf":{"@id":"https:\/\/portalnpm.com\/#website"},"primaryImageOfPage":{"@id":"https:\/\/portalnpm.com\/index.php\/2018\/12\/18\/portal-npm-parabeniza-sao-juliao-pelos-seus-58-anos-de-emancipacao-politica\/#primaryimage"},"image":{"@id":"https:\/\/portalnpm.com\/index.php\/2018\/12\/18\/portal-npm-parabeniza-sao-juliao-pelos-seus-58-anos-de-emancipacao-politica\/#primaryimage"},"thumbnailUrl":"","datePublished":"2018-12-18T13:23:01+00:00","dateModified":"2018-12-18T13:23:01+00:00","author":{"@id":"https:\/\/portalnpm.com\/#\/schema\/person\/5c8006acdf71774cd4e7a5ab98482152"},"breadcrumb":{"@id":"https:\/\/portalnpm.com\/index.php\/2018\/12\/18\/portal-npm-parabeniza-sao-juliao-pelos-seus-58-anos-de-emancipacao-politica\/#breadcrumb"},"inLanguage":"pt-BR","potentialAction":[{"@type":"ReadAction","target":["https:\/\/portalnpm.com\/index.php\/2018\/12\/18\/portal-npm-parabeniza-sao-juliao-pelos-seus-58-anos-de-emancipacao-politica\/"]}]},{"@type":"ImageObject","inLanguage":"pt-BR","@id":"https:\/\/portalnpm.com\/index.php\/2018\/12\/18\/portal-npm-parabeniza-sao-juliao-pelos-seus-58-anos-de-emancipacao-politica\/#primaryimage","url":"","contentUrl":""},{"@type":"BreadcrumbList","@id":"https:\/\/portalnpm.com\/index.php\/2018\/12\/18\/portal-npm-parabeniza-sao-juliao-pelos-seus-58-anos-de-emancipacao-politica\/#breadcrumb","itemListElement":[{"@type":"ListItem","position":1,"name":"In\u00edcio","item":"https:\/\/portalnpm.com\/"},{"@type":"ListItem","position":2,"name":"Portal NPM parabeniza S\u00e3o Juli\u00e3o pelos seus 58 anos de emancipa\u00e7\u00e3o pol\u00edtica"}]},{"@type":"WebSite","@id":"https:\/\/portalnpm.com\/#website","url":"https:\/\/portalnpm.com\/","name":"Portal NPM","description":"Not\u00edcias em Primeira M\u00e3o","potentialAction":[{"@type":"SearchAction","target":{"@type":"EntryPoint","urlTemplate":"https:\/\/portalnpm.com\/?s={search_term_string}"},"query-input":"required name=search_term_string"}],"inLanguage":"pt-BR"},{"@type":"Person","@id":"https:\/\/portalnpm.com\/#\/schema\/person\/5c8006acdf71774cd4e7a5ab98482152","name":"Luis Alberto","image":{"@type":"ImageObject","inLanguage":"pt-BR","@id":"https:\/\/portalnpm.com\/#\/schema\/person\/image\/","url":"https:\/\/portalnpm.com\/wp-content\/uploads\/2024\/12\/avatar_user_3_1734699769-96x96.jpeg","contentUrl":"https:\/\/portalnpm.com\/wp-content\/uploads\/2024\/12\/avatar_user_3_1734699769-96x96.jpeg","caption":"Luis Alberto"},"description":"Editor-geral do Portal NPM, \u00e9 formado como T\u00e9cnico em Seguran\u00e7a do Trabalho pela Escola Metropolitana de Cursos T\u00e9cnicos. Det\u00e9m ainda licenciatura em Educa\u00e7\u00e3o F\u00edsica e bacharelado em Ci\u00eancias Pol\u00edticas, ambos obtidos pela institui\u00e7\u00e3o Anhanguera\/UNOPAR.","url":"https:\/\/portalnpm.com\/index.php\/author\/pereira\/"}]}},"jetpack_sharing_enabled":true,"jetpack_featured_media_url":"","_links":{"self":[{"href":"https:\/\/portalnpm.com\/index.php\/wp-json\/wp\/v2\/posts\/3574"}],"collection":[{"href":"https:\/\/portalnpm.com\/index.php\/wp-json\/wp\/v2\/posts"}],"about":[{"href":"https:\/\/portalnpm.com\/index.php\/wp-json\/wp\/v2\/types\/post"}],"author":[{"embeddable":true,"href":"https:\/\/portalnpm.com\/index.php\/wp-json\/wp\/v2\/users\/3"}],"replies":[{"embeddable":true,"href":"https:\/\/portalnpm.com\/index.php\/wp-json\/wp\/v2\/comments?post=3574"}],"version-history":[{"count":0,"href":"https:\/\/portalnpm.com\/index.php\/wp-json\/wp\/v2\/posts\/3574\/revisions"}],"wp:featuredmedia":[{"embeddable":true,"href":"https:\/\/portalnpm.com\/index.php\/wp-json\/"}],"wp:attachment":[{"href":"https:\/\/portalnpm.com\/index.php\/wp-json\/wp\/v2\/media?parent=3574"}],"wp:term":[{"taxonomy":"category","embeddable":true,"href":"https:\/\/portalnpm.com\/index.php\/wp-json\/wp\/v2\/categories?post=3574"},{"taxonomy":"post_tag","embeddable":true,"href":"https:\/\/portalnpm.com\/index.php\/wp-json\/wp\/v2\/tags?post=3574"}],"curies":[{"name":"wp","href":"https:\/\/api.w.org\/{rel}","templated":true}]}}