{"id":35793,"date":"2021-08-13T19:53:02","date_gmt":"2021-08-13T22:53:02","guid":{"rendered":"https:\/\/backupnpm.codetainer.com.br\/?p=35793"},"modified":"2021-08-13T19:53:02","modified_gmt":"2021-08-13T22:53:02","slug":"acidente-entre-duas-motos-deixa-idoso-gravemente-ferido-em-paulistana","status":"publish","type":"post","link":"https:\/\/portalnpm.com\/index.php\/2021\/08\/13\/acidente-entre-duas-motos-deixa-idoso-gravemente-ferido-em-paulistana\/","title":{"rendered":"Acidente entre duas motos deixa idoso gravemente ferido em Paulistana"},"content":{"rendered":"<p style=\"text-align: justify;\">Um acidente envolvendo duas motocicletas deixou um homem, de 63 anos, gravemente ferido, por volta de meio-dia desta sexta-feira (13\/08\/2021), na BR-407, imedia\u00e7\u00f5es do Clube Fais\u00e3o em Paulistana-PI.<\/p>\n<p style=\"text-align: justify;\">\n<p style=\"text-align: justify;\">\n<p style=\"text-align: justify;\">De acordo com informa\u00e7\u00f5es obtidas no local, as motos teriam se chocado quando seguiam em dire\u00e7\u00e3o contr\u00e1ria.<\/p>\n<p style=\"text-align: justify;\">O idoso, identificado por Raimundo Jos\u00e9 de Castro, morador da localidade Monte Verde, regi\u00e3o da Aroeira, zona rural de Paulistana, foi socorrido pelo SAMU com sangramento na regi\u00e3o da cabe\u00e7a e suspeita de fratura em uma das pernas.<\/p>\n<p style=\"text-align: justify;\">A outra pessoa envolvida, que conduzia a outra moto, foi identificada como Maria Aparecida, moradora da cidade, sofreu ferimentos leves e tamb\u00e9m foi atendida no Hospital Regional. O idoso, ap\u00f3s atendimento no HRMPF, foi transferido para o Hospital Regional de Picos\/PI.<\/p>\n<p style=\"text-align: justify;\"><img decoding=\"async\" src=\"https:\/\/1.bp.blogspot.com\/-w_clGs_9OkU\/YRayqetKLUI\/AAAAAAAADAA\/JrRmW9I7lV86Q35Cs90zKmKZifbl7RulwCLcBGAsYHQ\/s900\/AQQ5.JPG\" \/><\/p>\n<p style=\"text-align: justify;\">Por\u00a0 FN Not\u00edcias<\/p>\n","protected":false},"excerpt":{"rendered":"<p>Um acidente envolvendo duas motocicletas deixou um homem, de 63 anos, gravemente ferido, por volta de meio-dia desta sexta-feira (13\/08\/2021), na BR-407, imedia\u00e7\u00f5es do Clube Fais\u00e3o em Paulistana-PI. De acordo com informa\u00e7\u00f5es obtidas no local, as motos teriam se chocado quando seguiam em dire\u00e7\u00e3o contr\u00e1ria. O idoso, identificado por Raimundo Jos\u00e9 de Castro, morador da &hellip;<\/p>\n","protected":false},"author":2,"featured_media":0,"comment_status":"open","ping_status":"open","sticky":false,"template":"","format":"standard","meta":{"content-type":"","rop_custom_images_group":[],"rop_custom_messages_group":[],"rop_publish_now":"initial","rop_publish_now_accounts":{"facebook_2648258775420054_1618374048415101":""},"rop_publish_now_history":[],"rop_publish_now_status":"pending","footnotes":"","_jetpack_memberships_contains_paid_content":false},"categories":[118,188],"tags":[154,600],"yoast_head":"<!-- This site is optimized with the Yoast SEO plugin v22.3 - https:\/\/yoast.com\/wordpress\/plugins\/seo\/ -->\n<title>Acidente entre duas motos deixa idoso gravemente ferido em Paulistana - Portal NPM<\/title>\n<meta name=\"robots\" content=\"index, follow, max-snippet:-1, max-image-preview:large, max-video-preview:-1\" \/>\n<link rel=\"canonical\" href=\"https:\/\/portalnpm.com\/index.php\/2021\/08\/13\/acidente-entre-duas-motos-deixa-idoso-gravemente-ferido-em-paulistana\/\" \/>\n<meta property=\"og:locale\" content=\"pt_BR\" \/>\n<meta property=\"og:type\" content=\"article\" \/>\n<meta property=\"og:title\" content=\"Acidente entre duas motos deixa idoso gravemente ferido em Paulistana - Portal NPM\" \/>\n<meta property=\"og:description\" content=\"Um acidente envolvendo duas motocicletas deixou um homem, de 63 anos, gravemente ferido, por volta de meio-dia desta sexta-feira (13\/08\/2021), na BR-407, imedia\u00e7\u00f5es do Clube Fais\u00e3o em Paulistana-PI. De acordo com informa\u00e7\u00f5es obtidas no local, as motos teriam se chocado quando seguiam em dire\u00e7\u00e3o contr\u00e1ria. O idoso, identificado por Raimundo Jos\u00e9 de Castro, morador da &hellip;\" \/>\n<meta property=\"og:url\" content=\"https:\/\/portalnpm.com\/index.php\/2021\/08\/13\/acidente-entre-duas-motos-deixa-idoso-gravemente-ferido-em-paulistana\/\" \/>\n<meta property=\"og:site_name\" content=\"Portal NPM\" \/>\n<meta property=\"article:published_time\" content=\"2021-08-13T22:53:02+00:00\" \/>\n<meta property=\"og:image\" content=\"https:\/\/1.bp.blogspot.com\/-w_clGs_9OkU\/YRayqetKLUI\/AAAAAAAADAA\/JrRmW9I7lV86Q35Cs90zKmKZifbl7RulwCLcBGAsYHQ\/s900\/AQQ5.JPG\" \/>\n<meta name=\"author\" content=\"Genival Barbosa\" \/>\n<meta name=\"twitter:card\" content=\"summary_large_image\" \/>\n<meta name=\"twitter:label1\" content=\"Escrito por\" \/>\n\t<meta name=\"twitter:data1\" content=\"Genival Barbosa\" \/>\n\t<meta name=\"twitter:label2\" content=\"Est. tempo de leitura\" \/>\n\t<meta name=\"twitter:data2\" content=\"1 minuto\" \/>\n<script type=\"application\/ld+json\" class=\"yoast-schema-graph\">{\"@context\":\"https:\/\/schema.org\",\"@graph\":[{\"@type\":\"WebPage\",\"@id\":\"https:\/\/portalnpm.com\/index.php\/2021\/08\/13\/acidente-entre-duas-motos-deixa-idoso-gravemente-ferido-em-paulistana\/\",\"url\":\"https:\/\/portalnpm.com\/index.php\/2021\/08\/13\/acidente-entre-duas-motos-deixa-idoso-gravemente-ferido-em-paulistana\/\",\"name\":\"Acidente entre duas motos deixa idoso gravemente ferido em Paulistana - Portal NPM\",\"isPartOf\":{\"@id\":\"https:\/\/portalnpm.com\/#website\"},\"primaryImageOfPage\":{\"@id\":\"https:\/\/portalnpm.com\/index.php\/2021\/08\/13\/acidente-entre-duas-motos-deixa-idoso-gravemente-ferido-em-paulistana\/#primaryimage\"},\"image\":{\"@id\":\"https:\/\/portalnpm.com\/index.php\/2021\/08\/13\/acidente-entre-duas-motos-deixa-idoso-gravemente-ferido-em-paulistana\/#primaryimage\"},\"thumbnailUrl\":\"https:\/\/1.bp.blogspot.com\/-w_clGs_9OkU\/YRayqetKLUI\/AAAAAAAADAA\/JrRmW9I7lV86Q35Cs90zKmKZifbl7RulwCLcBGAsYHQ\/s900\/AQQ5.JPG\",\"datePublished\":\"2021-08-13T22:53:02+00:00\",\"dateModified\":\"2021-08-13T22:53:02+00:00\",\"author\":{\"@id\":\"https:\/\/portalnpm.com\/#\/schema\/person\/49313e563cfdefcc167f1ee4c017c294\"},\"breadcrumb\":{\"@id\":\"https:\/\/portalnpm.com\/index.php\/2021\/08\/13\/acidente-entre-duas-motos-deixa-idoso-gravemente-ferido-em-paulistana\/#breadcrumb\"},\"inLanguage\":\"pt-BR\",\"potentialAction\":[{\"@type\":\"ReadAction\",\"target\":[\"https:\/\/portalnpm.com\/index.php\/2021\/08\/13\/acidente-entre-duas-motos-deixa-idoso-gravemente-ferido-em-paulistana\/\"]}]},{\"@type\":\"ImageObject\",\"inLanguage\":\"pt-BR\",\"@id\":\"https:\/\/portalnpm.com\/index.php\/2021\/08\/13\/acidente-entre-duas-motos-deixa-idoso-gravemente-ferido-em-paulistana\/#primaryimage\",\"url\":\"https:\/\/1.bp.blogspot.com\/-w_clGs_9OkU\/YRayqetKLUI\/AAAAAAAADAA\/JrRmW9I7lV86Q35Cs90zKmKZifbl7RulwCLcBGAsYHQ\/s900\/AQQ5.JPG\",\"contentUrl\":\"https:\/\/1.bp.blogspot.com\/-w_clGs_9OkU\/YRayqetKLUI\/AAAAAAAADAA\/JrRmW9I7lV86Q35Cs90zKmKZifbl7RulwCLcBGAsYHQ\/s900\/AQQ5.JPG\"},{\"@type\":\"BreadcrumbList\",\"@id\":\"https:\/\/portalnpm.com\/index.php\/2021\/08\/13\/acidente-entre-duas-motos-deixa-idoso-gravemente-ferido-em-paulistana\/#breadcrumb\",\"itemListElement\":[{\"@type\":\"ListItem\",\"position\":1,\"name\":\"In\u00edcio\",\"item\":\"https:\/\/portalnpm.com\/\"},{\"@type\":\"ListItem\",\"position\":2,\"name\":\"Acidente entre duas motos deixa idoso gravemente ferido em Paulistana\"}]},{\"@type\":\"WebSite\",\"@id\":\"https:\/\/portalnpm.com\/#website\",\"url\":\"https:\/\/portalnpm.com\/\",\"name\":\"Portal NPM\",\"description\":\"Not\u00edcias em Primeira M\u00e3o\",\"potentialAction\":[{\"@type\":\"SearchAction\",\"target\":{\"@type\":\"EntryPoint\",\"urlTemplate\":\"https:\/\/portalnpm.com\/?s={search_term_string}\"},\"query-input\":\"required name=search_term_string\"}],\"inLanguage\":\"pt-BR\"},{\"@type\":\"Person\",\"@id\":\"https:\/\/portalnpm.com\/#\/schema\/person\/49313e563cfdefcc167f1ee4c017c294\",\"name\":\"Genival Barbosa\",\"image\":{\"@type\":\"ImageObject\",\"inLanguage\":\"pt-BR\",\"@id\":\"https:\/\/portalnpm.com\/#\/schema\/person\/image\/\",\"url\":\"https:\/\/portalnpm.com\/wp-content\/uploads\/2024\/02\/avatar_user_2_1707743258-96x96.jpeg\",\"contentUrl\":\"https:\/\/portalnpm.com\/wp-content\/uploads\/2024\/02\/avatar_user_2_1707743258-96x96.jpeg\",\"caption\":\"Genival Barbosa\"},\"url\":\"https:\/\/portalnpm.com\/index.php\/author\/genival\/\"}]}<\/script>\n<!-- \/ Yoast SEO plugin. -->","yoast_head_json":{"title":"Acidente entre duas motos deixa idoso gravemente ferido em Paulistana - Portal NPM","robots":{"index":"index","follow":"follow","max-snippet":"max-snippet:-1","max-image-preview":"max-image-preview:large","max-video-preview":"max-video-preview:-1"},"canonical":"https:\/\/portalnpm.com\/index.php\/2021\/08\/13\/acidente-entre-duas-motos-deixa-idoso-gravemente-ferido-em-paulistana\/","og_locale":"pt_BR","og_type":"article","og_title":"Acidente entre duas motos deixa idoso gravemente ferido em Paulistana - Portal NPM","og_description":"Um acidente envolvendo duas motocicletas deixou um homem, de 63 anos, gravemente ferido, por volta de meio-dia desta sexta-feira (13\/08\/2021), na BR-407, imedia\u00e7\u00f5es do Clube Fais\u00e3o em Paulistana-PI. De acordo com informa\u00e7\u00f5es obtidas no local, as motos teriam se chocado quando seguiam em dire\u00e7\u00e3o contr\u00e1ria. O idoso, identificado por Raimundo Jos\u00e9 de Castro, morador da &hellip;","og_url":"https:\/\/portalnpm.com\/index.php\/2021\/08\/13\/acidente-entre-duas-motos-deixa-idoso-gravemente-ferido-em-paulistana\/","og_site_name":"Portal NPM","article_published_time":"2021-08-13T22:53:02+00:00","og_image":[{"url":"https:\/\/1.bp.blogspot.com\/-w_clGs_9OkU\/YRayqetKLUI\/AAAAAAAADAA\/JrRmW9I7lV86Q35Cs90zKmKZifbl7RulwCLcBGAsYHQ\/s900\/AQQ5.JPG"}],"author":"Genival Barbosa","twitter_card":"summary_large_image","twitter_misc":{"Escrito por":"Genival Barbosa","Est. tempo de leitura":"1 minuto"},"schema":{"@context":"https:\/\/schema.org","@graph":[{"@type":"WebPage","@id":"https:\/\/portalnpm.com\/index.php\/2021\/08\/13\/acidente-entre-duas-motos-deixa-idoso-gravemente-ferido-em-paulistana\/","url":"https:\/\/portalnpm.com\/index.php\/2021\/08\/13\/acidente-entre-duas-motos-deixa-idoso-gravemente-ferido-em-paulistana\/","name":"Acidente entre duas motos deixa idoso gravemente ferido em Paulistana - Portal NPM","isPartOf":{"@id":"https:\/\/portalnpm.com\/#website"},"primaryImageOfPage":{"@id":"https:\/\/portalnpm.com\/index.php\/2021\/08\/13\/acidente-entre-duas-motos-deixa-idoso-gravemente-ferido-em-paulistana\/#primaryimage"},"image":{"@id":"https:\/\/portalnpm.com\/index.php\/2021\/08\/13\/acidente-entre-duas-motos-deixa-idoso-gravemente-ferido-em-paulistana\/#primaryimage"},"thumbnailUrl":"https:\/\/1.bp.blogspot.com\/-w_clGs_9OkU\/YRayqetKLUI\/AAAAAAAADAA\/JrRmW9I7lV86Q35Cs90zKmKZifbl7RulwCLcBGAsYHQ\/s900\/AQQ5.JPG","datePublished":"2021-08-13T22:53:02+00:00","dateModified":"2021-08-13T22:53:02+00:00","author":{"@id":"https:\/\/portalnpm.com\/#\/schema\/person\/49313e563cfdefcc167f1ee4c017c294"},"breadcrumb":{"@id":"https:\/\/portalnpm.com\/index.php\/2021\/08\/13\/acidente-entre-duas-motos-deixa-idoso-gravemente-ferido-em-paulistana\/#breadcrumb"},"inLanguage":"pt-BR","potentialAction":[{"@type":"ReadAction","target":["https:\/\/portalnpm.com\/index.php\/2021\/08\/13\/acidente-entre-duas-motos-deixa-idoso-gravemente-ferido-em-paulistana\/"]}]},{"@type":"ImageObject","inLanguage":"pt-BR","@id":"https:\/\/portalnpm.com\/index.php\/2021\/08\/13\/acidente-entre-duas-motos-deixa-idoso-gravemente-ferido-em-paulistana\/#primaryimage","url":"https:\/\/1.bp.blogspot.com\/-w_clGs_9OkU\/YRayqetKLUI\/AAAAAAAADAA\/JrRmW9I7lV86Q35Cs90zKmKZifbl7RulwCLcBGAsYHQ\/s900\/AQQ5.JPG","contentUrl":"https:\/\/1.bp.blogspot.com\/-w_clGs_9OkU\/YRayqetKLUI\/AAAAAAAADAA\/JrRmW9I7lV86Q35Cs90zKmKZifbl7RulwCLcBGAsYHQ\/s900\/AQQ5.JPG"},{"@type":"BreadcrumbList","@id":"https:\/\/portalnpm.com\/index.php\/2021\/08\/13\/acidente-entre-duas-motos-deixa-idoso-gravemente-ferido-em-paulistana\/#breadcrumb","itemListElement":[{"@type":"ListItem","position":1,"name":"In\u00edcio","item":"https:\/\/portalnpm.com\/"},{"@type":"ListItem","position":2,"name":"Acidente entre duas motos deixa idoso gravemente ferido em Paulistana"}]},{"@type":"WebSite","@id":"https:\/\/portalnpm.com\/#website","url":"https:\/\/portalnpm.com\/","name":"Portal NPM","description":"Not\u00edcias em Primeira M\u00e3o","potentialAction":[{"@type":"SearchAction","target":{"@type":"EntryPoint","urlTemplate":"https:\/\/portalnpm.com\/?s={search_term_string}"},"query-input":"required name=search_term_string"}],"inLanguage":"pt-BR"},{"@type":"Person","@id":"https:\/\/portalnpm.com\/#\/schema\/person\/49313e563cfdefcc167f1ee4c017c294","name":"Genival Barbosa","image":{"@type":"ImageObject","inLanguage":"pt-BR","@id":"https:\/\/portalnpm.com\/#\/schema\/person\/image\/","url":"https:\/\/portalnpm.com\/wp-content\/uploads\/2024\/02\/avatar_user_2_1707743258-96x96.jpeg","contentUrl":"https:\/\/portalnpm.com\/wp-content\/uploads\/2024\/02\/avatar_user_2_1707743258-96x96.jpeg","caption":"Genival Barbosa"},"url":"https:\/\/portalnpm.com\/index.php\/author\/genival\/"}]}},"jetpack_sharing_enabled":true,"jetpack_featured_media_url":"","_links":{"self":[{"href":"https:\/\/portalnpm.com\/index.php\/wp-json\/wp\/v2\/posts\/35793"}],"collection":[{"href":"https:\/\/portalnpm.com\/index.php\/wp-json\/wp\/v2\/posts"}],"about":[{"href":"https:\/\/portalnpm.com\/index.php\/wp-json\/wp\/v2\/types\/post"}],"author":[{"embeddable":true,"href":"https:\/\/portalnpm.com\/index.php\/wp-json\/wp\/v2\/users\/2"}],"replies":[{"embeddable":true,"href":"https:\/\/portalnpm.com\/index.php\/wp-json\/wp\/v2\/comments?post=35793"}],"version-history":[{"count":0,"href":"https:\/\/portalnpm.com\/index.php\/wp-json\/wp\/v2\/posts\/35793\/revisions"}],"wp:attachment":[{"href":"https:\/\/portalnpm.com\/index.php\/wp-json\/wp\/v2\/media?parent=35793"}],"wp:term":[{"taxonomy":"category","embeddable":true,"href":"https:\/\/portalnpm.com\/index.php\/wp-json\/wp\/v2\/categories?post=35793"},{"taxonomy":"post_tag","embeddable":true,"href":"https:\/\/portalnpm.com\/index.php\/wp-json\/wp\/v2\/tags?post=35793"}],"curies":[{"name":"wp","href":"https:\/\/api.w.org\/{rel}","templated":true}]}}