{"id":36069,"date":"2021-08-25T19:23:19","date_gmt":"2021-08-25T22:23:19","guid":{"rendered":"https:\/\/backupnpm.codetainer.com.br\/?p=36069"},"modified":"2021-08-25T19:23:19","modified_gmt":"2021-08-25T22:23:19","slug":"ministerio-da-saude-anuncia-3a-dose-contra-covid-19-com-pfizer-veja-quem-recebera","status":"publish","type":"post","link":"https:\/\/portalnpm.com\/index.php\/2021\/08\/25\/ministerio-da-saude-anuncia-3a-dose-contra-covid-19-com-pfizer-veja-quem-recebera\/","title":{"rendered":"Minist\u00e9rio da Sa\u00fade anuncia 3\u00aa dose contra Covid-19 com Pfizer: veja quem receber\u00e1"},"content":{"rendered":"<p style=\"text-align: justify;\">Em comunicado, o Minist\u00e9rio da Sa\u00fade anunciou nesta quarta-feira (25) que, em breve, ter\u00e1 in\u00edcio a aplica\u00e7\u00e3o da terceira dose da vacina contra COVID-19 em certos grupos de pessoas.<\/p>\n<p style=\"text-align: justify;\">\n<p style=\"text-align: justify;\">\n<p style=\"text-align: justify;\">A quest\u00e3o, que j\u00e1 vem sendo discutida h\u00e1 meses, se tornar\u00e1 realidade a partir da segunda quinzena de setembro \u2013 e, assim como foi feito com as primeiras doses, o processo vai come\u00e7ar com indiv\u00edduos que integram grupos de risco.<\/p>\n<h2 style=\"text-align: justify;\">Sa\u00fade anuncia refor\u00e7o da vacina de COVID-19 em setembro<\/h2>\n<p style=\"text-align: justify;\"><span class=\"storyimage fullwidth inlineimage\" data-aop=\"image\"><span class=\"image\" data-attrib=\"Pool\/Equipe\/Getty Images\" data-caption=\"Pool\/Equipe\/Getty Images\" data-id=\"38\" data-m=\"{&quot;i&quot;:38,&quot;p&quot;:36,&quot;n&quot;:&quot;openModal&quot;,&quot;t&quot;:&quot;articleImages&quot;,&quot;o&quot;:2}\"><img decoding=\"async\" class=\"loaded\" src=\"https:\/\/img-s-msn-com.akamaized.net\/tenant\/amp\/entityid\/AANJBfE.img?h=158&amp;w=300&amp;m=6&amp;q=60&amp;o=f&amp;l=f\" alt=\"Pool\/Equipe\/Getty Images\" data-src=\"{&quot;default&quot;:&quot;\/\/img-s-msn-com.akamaized.net\/tenant\/amp\/entityid\/AANJBfE.img?h=158&amp;w=300&amp;m=6&amp;q=60&amp;o=f&amp;l=f&quot;}\" \/><\/span><span class=\"caption truncate\"><span class=\"attribution\">\u00a9 Pool\/Equipe\/Getty Images<\/span>\u00a0Pool\/Equipe\/Getty Images<\/span><\/span><\/p>\n<p style=\"text-align: justify;\">Em meio a discuss\u00f5es sobre o assunto, o Minist\u00e9rio da Sa\u00fade anunciou nesta quarta-feira (25) o in\u00edcio da aplica\u00e7\u00e3o de um refor\u00e7o da vacina contra COVID-19 a partir de setembro.<\/p>\n<p style=\"text-align: justify;\">Segundo a nota, a ideia \u00e9 come\u00e7ar por indiv\u00edduos imunossuprimidos (ou seja, que t\u00eam ou est\u00e3o com a imunidade comprometida, como pessoas em tratamento com quimioterapia) de todas as idades e idosos acima dos 70 anos vacinados h\u00e1 seis meses.<\/p>\n<p style=\"text-align: justify;\"><span class=\"storyimage fullwidth inlineimage\" data-aop=\"image\"><span class=\"image\" data-attrib=\"iStock\" data-caption=\"iStock\" data-id=\"39\" data-m=\"{&quot;i&quot;:39,&quot;p&quot;:36,&quot;n&quot;:&quot;openModal&quot;,&quot;t&quot;:&quot;articleImages&quot;,&quot;o&quot;:3}\"><img decoding=\"async\" class=\"loaded\" src=\"https:\/\/img-s-msn-com.akamaized.net\/tenant\/amp\/entityid\/AANJFhb.img?h=158&amp;w=300&amp;m=6&amp;q=60&amp;o=f&amp;l=f\" alt=\"iStock\" data-src=\"{&quot;default&quot;:&quot;\/\/img-s-msn-com.akamaized.net\/tenant\/amp\/entityid\/AANJFhb.img?h=158&amp;w=300&amp;m=6&amp;q=60&amp;o=f&amp;l=f&quot;}\" \/><\/span><span class=\"caption truncate\"><span class=\"attribution\">\u00a9 iStock<\/span>\u00a0iStock<\/span><\/span><\/p>\n<p style=\"text-align: justify;\">A partir da segunda quinzena do pr\u00f3ximo m\u00eas, estes grupos poder\u00e3o tomar o refor\u00e7o \u2013 e, para esta dose, a indica\u00e7\u00e3o \u00e9 utilizar o imunizante da Pfizer ou, de maneira alternativa, a da Janssen ou AstraZeneca.<\/p>\n<p style=\"text-align: justify;\">Al\u00e9m disso, a pasta anunciou tamb\u00e9m que, na mesma \u00e9poca, o intervalo entre as doses da Pfizer e da AstraZeneca ser\u00e1 reduzido, passando de 12 para oito semanas (medida voltada para toda a popula\u00e7\u00e3o).<\/p>\n<p style=\"text-align: justify;\">Fonte:\u00a0 Vix<\/p>\n","protected":false},"excerpt":{"rendered":"<p>Em comunicado, o Minist\u00e9rio da Sa\u00fade anunciou nesta quarta-feira (25) que, em breve, ter\u00e1 in\u00edcio a aplica\u00e7\u00e3o da terceira dose da vacina contra COVID-19 em certos grupos de pessoas. A quest\u00e3o, que j\u00e1 vem sendo discutida h\u00e1 meses, se tornar\u00e1 realidade a partir da segunda quinzena de setembro \u2013 e, assim como foi feito com &hellip;<\/p>\n","protected":false},"author":2,"featured_media":36070,"comment_status":"open","ping_status":"open","sticky":false,"template":"","format":"standard","meta":{"content-type":"","rop_custom_images_group":[],"rop_custom_messages_group":[],"rop_publish_now":"initial","rop_publish_now_accounts":{"facebook_2648258775420054_1618374048415101":""},"rop_publish_now_history":[],"rop_publish_now_status":"pending","footnotes":"","_jetpack_memberships_contains_paid_content":false},"categories":[125],"tags":[223,10257,7477,5261,2807],"yoast_head":"<!-- This site is optimized with the Yoast SEO plugin v22.3 - https:\/\/yoast.com\/wordpress\/plugins\/seo\/ -->\n<title>Minist\u00e9rio da Sa\u00fade anuncia 3\u00aa dose contra Covid-19 com Pfizer: veja quem receber\u00e1 - Portal NPM<\/title>\n<meta name=\"robots\" content=\"index, follow, max-snippet:-1, max-image-preview:large, max-video-preview:-1\" \/>\n<link rel=\"canonical\" href=\"https:\/\/portalnpm.com\/index.php\/2021\/08\/25\/ministerio-da-saude-anuncia-3a-dose-contra-covid-19-com-pfizer-veja-quem-recebera\/\" \/>\n<meta property=\"og:locale\" content=\"pt_BR\" \/>\n<meta property=\"og:type\" content=\"article\" \/>\n<meta property=\"og:title\" content=\"Minist\u00e9rio da Sa\u00fade anuncia 3\u00aa dose contra Covid-19 com Pfizer: veja quem receber\u00e1 - Portal NPM\" \/>\n<meta property=\"og:description\" content=\"Em comunicado, o Minist\u00e9rio da Sa\u00fade anunciou nesta quarta-feira (25) que, em breve, ter\u00e1 in\u00edcio a aplica\u00e7\u00e3o da terceira dose da vacina contra COVID-19 em certos grupos de pessoas. A quest\u00e3o, que j\u00e1 vem sendo discutida h\u00e1 meses, se tornar\u00e1 realidade a partir da segunda quinzena de setembro \u2013 e, assim como foi feito com &hellip;\" \/>\n<meta property=\"og:url\" content=\"https:\/\/portalnpm.com\/index.php\/2021\/08\/25\/ministerio-da-saude-anuncia-3a-dose-contra-covid-19-com-pfizer-veja-quem-recebera\/\" \/>\n<meta property=\"og:site_name\" content=\"Portal NPM\" \/>\n<meta property=\"article:published_time\" content=\"2021-08-25T22:23:19+00:00\" \/>\n<meta name=\"author\" content=\"Genival Barbosa\" \/>\n<meta name=\"twitter:card\" content=\"summary_large_image\" \/>\n<meta name=\"twitter:label1\" content=\"Escrito por\" \/>\n\t<meta name=\"twitter:data1\" content=\"Genival Barbosa\" \/>\n\t<meta name=\"twitter:label2\" content=\"Est. tempo de leitura\" \/>\n\t<meta name=\"twitter:data2\" content=\"2 minutos\" \/>\n<script type=\"application\/ld+json\" class=\"yoast-schema-graph\">{\"@context\":\"https:\/\/schema.org\",\"@graph\":[{\"@type\":\"WebPage\",\"@id\":\"https:\/\/portalnpm.com\/index.php\/2021\/08\/25\/ministerio-da-saude-anuncia-3a-dose-contra-covid-19-com-pfizer-veja-quem-recebera\/\",\"url\":\"https:\/\/portalnpm.com\/index.php\/2021\/08\/25\/ministerio-da-saude-anuncia-3a-dose-contra-covid-19-com-pfizer-veja-quem-recebera\/\",\"name\":\"Minist\u00e9rio da Sa\u00fade anuncia 3\u00aa dose contra Covid-19 com Pfizer: veja quem receber\u00e1 - Portal NPM\",\"isPartOf\":{\"@id\":\"https:\/\/portalnpm.com\/#website\"},\"primaryImageOfPage\":{\"@id\":\"https:\/\/portalnpm.com\/index.php\/2021\/08\/25\/ministerio-da-saude-anuncia-3a-dose-contra-covid-19-com-pfizer-veja-quem-recebera\/#primaryimage\"},\"image\":{\"@id\":\"https:\/\/portalnpm.com\/index.php\/2021\/08\/25\/ministerio-da-saude-anuncia-3a-dose-contra-covid-19-com-pfizer-veja-quem-recebera\/#primaryimage\"},\"thumbnailUrl\":\"\",\"datePublished\":\"2021-08-25T22:23:19+00:00\",\"dateModified\":\"2021-08-25T22:23:19+00:00\",\"author\":{\"@id\":\"https:\/\/portalnpm.com\/#\/schema\/person\/49313e563cfdefcc167f1ee4c017c294\"},\"breadcrumb\":{\"@id\":\"https:\/\/portalnpm.com\/index.php\/2021\/08\/25\/ministerio-da-saude-anuncia-3a-dose-contra-covid-19-com-pfizer-veja-quem-recebera\/#breadcrumb\"},\"inLanguage\":\"pt-BR\",\"potentialAction\":[{\"@type\":\"ReadAction\",\"target\":[\"https:\/\/portalnpm.com\/index.php\/2021\/08\/25\/ministerio-da-saude-anuncia-3a-dose-contra-covid-19-com-pfizer-veja-quem-recebera\/\"]}]},{\"@type\":\"ImageObject\",\"inLanguage\":\"pt-BR\",\"@id\":\"https:\/\/portalnpm.com\/index.php\/2021\/08\/25\/ministerio-da-saude-anuncia-3a-dose-contra-covid-19-com-pfizer-veja-quem-recebera\/#primaryimage\",\"url\":\"\",\"contentUrl\":\"\"},{\"@type\":\"BreadcrumbList\",\"@id\":\"https:\/\/portalnpm.com\/index.php\/2021\/08\/25\/ministerio-da-saude-anuncia-3a-dose-contra-covid-19-com-pfizer-veja-quem-recebera\/#breadcrumb\",\"itemListElement\":[{\"@type\":\"ListItem\",\"position\":1,\"name\":\"In\u00edcio\",\"item\":\"https:\/\/portalnpm.com\/\"},{\"@type\":\"ListItem\",\"position\":2,\"name\":\"Minist\u00e9rio da Sa\u00fade anuncia 3\u00aa dose contra Covid-19 com Pfizer: veja quem receber\u00e1\"}]},{\"@type\":\"WebSite\",\"@id\":\"https:\/\/portalnpm.com\/#website\",\"url\":\"https:\/\/portalnpm.com\/\",\"name\":\"Portal NPM\",\"description\":\"Not\u00edcias em Primeira M\u00e3o\",\"potentialAction\":[{\"@type\":\"SearchAction\",\"target\":{\"@type\":\"EntryPoint\",\"urlTemplate\":\"https:\/\/portalnpm.com\/?s={search_term_string}\"},\"query-input\":\"required name=search_term_string\"}],\"inLanguage\":\"pt-BR\"},{\"@type\":\"Person\",\"@id\":\"https:\/\/portalnpm.com\/#\/schema\/person\/49313e563cfdefcc167f1ee4c017c294\",\"name\":\"Genival Barbosa\",\"image\":{\"@type\":\"ImageObject\",\"inLanguage\":\"pt-BR\",\"@id\":\"https:\/\/portalnpm.com\/#\/schema\/person\/image\/\",\"url\":\"https:\/\/portalnpm.com\/wp-content\/uploads\/2024\/02\/avatar_user_2_1707743258-96x96.jpeg\",\"contentUrl\":\"https:\/\/portalnpm.com\/wp-content\/uploads\/2024\/02\/avatar_user_2_1707743258-96x96.jpeg\",\"caption\":\"Genival Barbosa\"},\"url\":\"https:\/\/portalnpm.com\/index.php\/author\/genival\/\"}]}<\/script>\n<!-- \/ Yoast SEO plugin. -->","yoast_head_json":{"title":"Minist\u00e9rio da Sa\u00fade anuncia 3\u00aa dose contra Covid-19 com Pfizer: veja quem receber\u00e1 - Portal NPM","robots":{"index":"index","follow":"follow","max-snippet":"max-snippet:-1","max-image-preview":"max-image-preview:large","max-video-preview":"max-video-preview:-1"},"canonical":"https:\/\/portalnpm.com\/index.php\/2021\/08\/25\/ministerio-da-saude-anuncia-3a-dose-contra-covid-19-com-pfizer-veja-quem-recebera\/","og_locale":"pt_BR","og_type":"article","og_title":"Minist\u00e9rio da Sa\u00fade anuncia 3\u00aa dose contra Covid-19 com Pfizer: veja quem receber\u00e1 - Portal NPM","og_description":"Em comunicado, o Minist\u00e9rio da Sa\u00fade anunciou nesta quarta-feira (25) que, em breve, ter\u00e1 in\u00edcio a aplica\u00e7\u00e3o da terceira dose da vacina contra COVID-19 em certos grupos de pessoas. A quest\u00e3o, que j\u00e1 vem sendo discutida h\u00e1 meses, se tornar\u00e1 realidade a partir da segunda quinzena de setembro \u2013 e, assim como foi feito com &hellip;","og_url":"https:\/\/portalnpm.com\/index.php\/2021\/08\/25\/ministerio-da-saude-anuncia-3a-dose-contra-covid-19-com-pfizer-veja-quem-recebera\/","og_site_name":"Portal NPM","article_published_time":"2021-08-25T22:23:19+00:00","author":"Genival Barbosa","twitter_card":"summary_large_image","twitter_misc":{"Escrito por":"Genival Barbosa","Est. tempo de leitura":"2 minutos"},"schema":{"@context":"https:\/\/schema.org","@graph":[{"@type":"WebPage","@id":"https:\/\/portalnpm.com\/index.php\/2021\/08\/25\/ministerio-da-saude-anuncia-3a-dose-contra-covid-19-com-pfizer-veja-quem-recebera\/","url":"https:\/\/portalnpm.com\/index.php\/2021\/08\/25\/ministerio-da-saude-anuncia-3a-dose-contra-covid-19-com-pfizer-veja-quem-recebera\/","name":"Minist\u00e9rio da Sa\u00fade anuncia 3\u00aa dose contra Covid-19 com Pfizer: veja quem receber\u00e1 - Portal NPM","isPartOf":{"@id":"https:\/\/portalnpm.com\/#website"},"primaryImageOfPage":{"@id":"https:\/\/portalnpm.com\/index.php\/2021\/08\/25\/ministerio-da-saude-anuncia-3a-dose-contra-covid-19-com-pfizer-veja-quem-recebera\/#primaryimage"},"image":{"@id":"https:\/\/portalnpm.com\/index.php\/2021\/08\/25\/ministerio-da-saude-anuncia-3a-dose-contra-covid-19-com-pfizer-veja-quem-recebera\/#primaryimage"},"thumbnailUrl":"","datePublished":"2021-08-25T22:23:19+00:00","dateModified":"2021-08-25T22:23:19+00:00","author":{"@id":"https:\/\/portalnpm.com\/#\/schema\/person\/49313e563cfdefcc167f1ee4c017c294"},"breadcrumb":{"@id":"https:\/\/portalnpm.com\/index.php\/2021\/08\/25\/ministerio-da-saude-anuncia-3a-dose-contra-covid-19-com-pfizer-veja-quem-recebera\/#breadcrumb"},"inLanguage":"pt-BR","potentialAction":[{"@type":"ReadAction","target":["https:\/\/portalnpm.com\/index.php\/2021\/08\/25\/ministerio-da-saude-anuncia-3a-dose-contra-covid-19-com-pfizer-veja-quem-recebera\/"]}]},{"@type":"ImageObject","inLanguage":"pt-BR","@id":"https:\/\/portalnpm.com\/index.php\/2021\/08\/25\/ministerio-da-saude-anuncia-3a-dose-contra-covid-19-com-pfizer-veja-quem-recebera\/#primaryimage","url":"","contentUrl":""},{"@type":"BreadcrumbList","@id":"https:\/\/portalnpm.com\/index.php\/2021\/08\/25\/ministerio-da-saude-anuncia-3a-dose-contra-covid-19-com-pfizer-veja-quem-recebera\/#breadcrumb","itemListElement":[{"@type":"ListItem","position":1,"name":"In\u00edcio","item":"https:\/\/portalnpm.com\/"},{"@type":"ListItem","position":2,"name":"Minist\u00e9rio da Sa\u00fade anuncia 3\u00aa dose contra Covid-19 com Pfizer: veja quem receber\u00e1"}]},{"@type":"WebSite","@id":"https:\/\/portalnpm.com\/#website","url":"https:\/\/portalnpm.com\/","name":"Portal NPM","description":"Not\u00edcias em Primeira M\u00e3o","potentialAction":[{"@type":"SearchAction","target":{"@type":"EntryPoint","urlTemplate":"https:\/\/portalnpm.com\/?s={search_term_string}"},"query-input":"required name=search_term_string"}],"inLanguage":"pt-BR"},{"@type":"Person","@id":"https:\/\/portalnpm.com\/#\/schema\/person\/49313e563cfdefcc167f1ee4c017c294","name":"Genival Barbosa","image":{"@type":"ImageObject","inLanguage":"pt-BR","@id":"https:\/\/portalnpm.com\/#\/schema\/person\/image\/","url":"https:\/\/portalnpm.com\/wp-content\/uploads\/2024\/02\/avatar_user_2_1707743258-96x96.jpeg","contentUrl":"https:\/\/portalnpm.com\/wp-content\/uploads\/2024\/02\/avatar_user_2_1707743258-96x96.jpeg","caption":"Genival Barbosa"},"url":"https:\/\/portalnpm.com\/index.php\/author\/genival\/"}]}},"jetpack_sharing_enabled":true,"jetpack_featured_media_url":"","_links":{"self":[{"href":"https:\/\/portalnpm.com\/index.php\/wp-json\/wp\/v2\/posts\/36069"}],"collection":[{"href":"https:\/\/portalnpm.com\/index.php\/wp-json\/wp\/v2\/posts"}],"about":[{"href":"https:\/\/portalnpm.com\/index.php\/wp-json\/wp\/v2\/types\/post"}],"author":[{"embeddable":true,"href":"https:\/\/portalnpm.com\/index.php\/wp-json\/wp\/v2\/users\/2"}],"replies":[{"embeddable":true,"href":"https:\/\/portalnpm.com\/index.php\/wp-json\/wp\/v2\/comments?post=36069"}],"version-history":[{"count":0,"href":"https:\/\/portalnpm.com\/index.php\/wp-json\/wp\/v2\/posts\/36069\/revisions"}],"wp:featuredmedia":[{"embeddable":true,"href":"https:\/\/portalnpm.com\/index.php\/wp-json\/"}],"wp:attachment":[{"href":"https:\/\/portalnpm.com\/index.php\/wp-json\/wp\/v2\/media?parent=36069"}],"wp:term":[{"taxonomy":"category","embeddable":true,"href":"https:\/\/portalnpm.com\/index.php\/wp-json\/wp\/v2\/categories?post=36069"},{"taxonomy":"post_tag","embeddable":true,"href":"https:\/\/portalnpm.com\/index.php\/wp-json\/wp\/v2\/tags?post=36069"}],"curies":[{"name":"wp","href":"https:\/\/api.w.org\/{rel}","templated":true}]}}