{"id":3612,"date":"2018-12-18T14:21:26","date_gmt":"2018-12-18T16:21:26","guid":{"rendered":"http:\/\/srv.portalnpm.com.br\/?p=3612"},"modified":"2018-12-18T14:21:26","modified_gmt":"2018-12-18T16:21:26","slug":"gil-paraibano-e-bele-medeiros-sao-diplomados-em-solenidade-no-tribunal-de-justica","status":"publish","type":"post","link":"https:\/\/portalnpm.com\/index.php\/2018\/12\/18\/gil-paraibano-e-bele-medeiros-sao-diplomados-em-solenidade-no-tribunal-de-justica\/","title":{"rendered":"Gil Paraibano e Bel\u00ea Medeiros s\u00e3o diplomados em solenidade no Tribunal de Justi\u00e7a"},"content":{"rendered":"<div id=\"sizer\">\n<p style=\"text-align: justify;\">O ex-prefeito de Picos, Gil Paraibano (PP), foi diplomado segundo suplente do senador Ciro Nogueira (PP), juntamente com Bel\u00ea Medeiros (PP), que recebeu o diploma de quarta suplente de deputada estadual. A solenidade aconteceu na noite da segunda-feira, 17, no audit\u00f3rio do Tribunal de Justi\u00e7a do Piau\u00ed (TJ-PI).<\/p>\n<p><img fetchpriority=\"high\" decoding=\"async\" class=\"alignnone size-medium wp-image-3640\" src=\"http:\/\/portalnpm.com.br\/wp-content\/uploads\/2018\/12\/gil-paraibano-promete-investir-em-infraestrutura-368957-300x216.jpg\" alt=\"\" width=\"300\" height=\"216\" \/><\/p>\n<p style=\"text-align: justify;\">O senador Ciro Nogueira, presidente nacional do PP, foi reeleito para o Senado Federal no pleito do dia 03 de outubro. Esse ser\u00e1 o seu segundo mandato consecutivo como senador. Por ocasi\u00e3o do pleito, ele recebeu 897.959 votos, o que corresponde a 29,92% dos votos v\u00e1lidos do Piau\u00ed.<\/p>\n<p style=\"text-align: justify;\">Em Picos, Ciro Nogueira recebeu 14.410 votos, o que equivale a 23,61% dos votos v\u00e1lidos do eleitorado local. Quando escolheu Gil Paraibano como o seu segundo suplente, ele disse, por diversas vezes, que esta era uma forma de homenagear a cidade e tamb\u00e9m o ex-prefeito.<\/p>\n<p style=\"text-align: justify;\">Quanto a Bel\u00ea Medeiros, ela recebeu 21.584, o que corresponde a 1,19% dos v\u00e1lidos no \u00faltimo pleito.<\/p>\n<\/div>\n<p style=\"text-align: justify;\"><strong>Fonte: Folha Atual<\/strong><\/p>\n","protected":false},"excerpt":{"rendered":"<p>O ex-prefeito de Picos, Gil Paraibano (PP), foi diplomado segundo suplente do senador Ciro Nogueira (PP), juntamente com Bel\u00ea Medeiros (PP), que recebeu o diploma de quarta suplente de deputada estadual. A solenidade aconteceu na noite da segunda-feira, 17, no audit\u00f3rio do Tribunal de Justi\u00e7a do Piau\u00ed (TJ-PI). O senador Ciro Nogueira, presidente nacional do &hellip;<\/p>\n","protected":false},"author":4,"featured_media":3637,"comment_status":"open","ping_status":"open","sticky":false,"template":"","format":"standard","meta":{"content-type":"","rop_custom_images_group":[],"rop_custom_messages_group":[],"rop_publish_now":"initial","rop_publish_now_accounts":{"facebook_2648258775420054_1618374048415101":""},"rop_publish_now_history":[],"rop_publish_now_status":"pending","footnotes":"","_jetpack_memberships_contains_paid_content":false},"categories":[113,109,127],"tags":[1750,1751,1752,1753],"yoast_head":"<!-- This site is optimized with the Yoast SEO plugin v22.3 - https:\/\/yoast.com\/wordpress\/plugins\/seo\/ -->\n<title>Gil Paraibano e Bel\u00ea Medeiros s\u00e3o diplomados em solenidade no Tribunal de Justi\u00e7a - Portal NPM<\/title>\n<meta name=\"robots\" content=\"index, follow, max-snippet:-1, max-image-preview:large, max-video-preview:-1\" \/>\n<link rel=\"canonical\" href=\"https:\/\/portalnpm.com\/index.php\/2018\/12\/18\/gil-paraibano-e-bele-medeiros-sao-diplomados-em-solenidade-no-tribunal-de-justica\/\" \/>\n<meta property=\"og:locale\" content=\"pt_BR\" \/>\n<meta property=\"og:type\" content=\"article\" \/>\n<meta property=\"og:title\" content=\"Gil Paraibano e Bel\u00ea Medeiros s\u00e3o diplomados em solenidade no Tribunal de Justi\u00e7a - Portal NPM\" \/>\n<meta property=\"og:description\" content=\"O ex-prefeito de Picos, Gil Paraibano (PP), foi diplomado segundo suplente do senador Ciro Nogueira (PP), juntamente com Bel\u00ea Medeiros (PP), que recebeu o diploma de quarta suplente de deputada estadual. A solenidade aconteceu na noite da segunda-feira, 17, no audit\u00f3rio do Tribunal de Justi\u00e7a do Piau\u00ed (TJ-PI). O senador Ciro Nogueira, presidente nacional do &hellip;\" \/>\n<meta property=\"og:url\" content=\"https:\/\/portalnpm.com\/index.php\/2018\/12\/18\/gil-paraibano-e-bele-medeiros-sao-diplomados-em-solenidade-no-tribunal-de-justica\/\" \/>\n<meta property=\"og:site_name\" content=\"Portal NPM\" \/>\n<meta property=\"article:published_time\" content=\"2018-12-18T16:21:26+00:00\" \/>\n<meta name=\"author\" content=\"Reda\u00e7\u00e3o\" \/>\n<meta name=\"twitter:card\" content=\"summary_large_image\" \/>\n<meta name=\"twitter:label1\" content=\"Escrito por\" \/>\n\t<meta name=\"twitter:data1\" content=\"Reda\u00e7\u00e3o\" \/>\n\t<meta name=\"twitter:label2\" content=\"Est. tempo de leitura\" \/>\n\t<meta name=\"twitter:data2\" content=\"1 minuto\" \/>\n<script type=\"application\/ld+json\" class=\"yoast-schema-graph\">{\"@context\":\"https:\/\/schema.org\",\"@graph\":[{\"@type\":\"WebPage\",\"@id\":\"https:\/\/portalnpm.com\/index.php\/2018\/12\/18\/gil-paraibano-e-bele-medeiros-sao-diplomados-em-solenidade-no-tribunal-de-justica\/\",\"url\":\"https:\/\/portalnpm.com\/index.php\/2018\/12\/18\/gil-paraibano-e-bele-medeiros-sao-diplomados-em-solenidade-no-tribunal-de-justica\/\",\"name\":\"Gil Paraibano e Bel\u00ea Medeiros s\u00e3o diplomados em solenidade no Tribunal de Justi\u00e7a - Portal NPM\",\"isPartOf\":{\"@id\":\"https:\/\/portalnpm.com\/#website\"},\"primaryImageOfPage\":{\"@id\":\"https:\/\/portalnpm.com\/index.php\/2018\/12\/18\/gil-paraibano-e-bele-medeiros-sao-diplomados-em-solenidade-no-tribunal-de-justica\/#primaryimage\"},\"image\":{\"@id\":\"https:\/\/portalnpm.com\/index.php\/2018\/12\/18\/gil-paraibano-e-bele-medeiros-sao-diplomados-em-solenidade-no-tribunal-de-justica\/#primaryimage\"},\"thumbnailUrl\":\"\",\"datePublished\":\"2018-12-18T16:21:26+00:00\",\"dateModified\":\"2018-12-18T16:21:26+00:00\",\"author\":{\"@id\":\"https:\/\/portalnpm.com\/#\/schema\/person\/0b5f230ec96cee25504fa328e7f2b733\"},\"breadcrumb\":{\"@id\":\"https:\/\/portalnpm.com\/index.php\/2018\/12\/18\/gil-paraibano-e-bele-medeiros-sao-diplomados-em-solenidade-no-tribunal-de-justica\/#breadcrumb\"},\"inLanguage\":\"pt-BR\",\"potentialAction\":[{\"@type\":\"ReadAction\",\"target\":[\"https:\/\/portalnpm.com\/index.php\/2018\/12\/18\/gil-paraibano-e-bele-medeiros-sao-diplomados-em-solenidade-no-tribunal-de-justica\/\"]}]},{\"@type\":\"ImageObject\",\"inLanguage\":\"pt-BR\",\"@id\":\"https:\/\/portalnpm.com\/index.php\/2018\/12\/18\/gil-paraibano-e-bele-medeiros-sao-diplomados-em-solenidade-no-tribunal-de-justica\/#primaryimage\",\"url\":\"\",\"contentUrl\":\"\"},{\"@type\":\"BreadcrumbList\",\"@id\":\"https:\/\/portalnpm.com\/index.php\/2018\/12\/18\/gil-paraibano-e-bele-medeiros-sao-diplomados-em-solenidade-no-tribunal-de-justica\/#breadcrumb\",\"itemListElement\":[{\"@type\":\"ListItem\",\"position\":1,\"name\":\"In\u00edcio\",\"item\":\"https:\/\/portalnpm.com\/\"},{\"@type\":\"ListItem\",\"position\":2,\"name\":\"Gil Paraibano e Bel\u00ea Medeiros s\u00e3o diplomados em solenidade no Tribunal de Justi\u00e7a\"}]},{\"@type\":\"WebSite\",\"@id\":\"https:\/\/portalnpm.com\/#website\",\"url\":\"https:\/\/portalnpm.com\/\",\"name\":\"Portal NPM\",\"description\":\"Not\u00edcias em Primeira M\u00e3o\",\"potentialAction\":[{\"@type\":\"SearchAction\",\"target\":{\"@type\":\"EntryPoint\",\"urlTemplate\":\"https:\/\/portalnpm.com\/?s={search_term_string}\"},\"query-input\":\"required name=search_term_string\"}],\"inLanguage\":\"pt-BR\"},{\"@type\":\"Person\",\"@id\":\"https:\/\/portalnpm.com\/#\/schema\/person\/0b5f230ec96cee25504fa328e7f2b733\",\"name\":\"Reda\u00e7\u00e3o\",\"image\":{\"@type\":\"ImageObject\",\"inLanguage\":\"pt-BR\",\"@id\":\"https:\/\/portalnpm.com\/#\/schema\/person\/image\/\",\"url\":\"https:\/\/portalnpm.com\/wp-content\/uploads\/2024\/03\/avatar_user_4_1710097212-96x96.png\",\"contentUrl\":\"https:\/\/portalnpm.com\/wp-content\/uploads\/2024\/03\/avatar_user_4_1710097212-96x96.png\",\"caption\":\"Reda\u00e7\u00e3o\"},\"url\":\"https:\/\/portalnpm.com\/index.php\/author\/redacao\/\"}]}<\/script>\n<!-- \/ Yoast SEO plugin. -->","yoast_head_json":{"title":"Gil Paraibano e Bel\u00ea Medeiros s\u00e3o diplomados em solenidade no Tribunal de Justi\u00e7a - Portal NPM","robots":{"index":"index","follow":"follow","max-snippet":"max-snippet:-1","max-image-preview":"max-image-preview:large","max-video-preview":"max-video-preview:-1"},"canonical":"https:\/\/portalnpm.com\/index.php\/2018\/12\/18\/gil-paraibano-e-bele-medeiros-sao-diplomados-em-solenidade-no-tribunal-de-justica\/","og_locale":"pt_BR","og_type":"article","og_title":"Gil Paraibano e Bel\u00ea Medeiros s\u00e3o diplomados em solenidade no Tribunal de Justi\u00e7a - Portal NPM","og_description":"O ex-prefeito de Picos, Gil Paraibano (PP), foi diplomado segundo suplente do senador Ciro Nogueira (PP), juntamente com Bel\u00ea Medeiros (PP), que recebeu o diploma de quarta suplente de deputada estadual. A solenidade aconteceu na noite da segunda-feira, 17, no audit\u00f3rio do Tribunal de Justi\u00e7a do Piau\u00ed (TJ-PI). O senador Ciro Nogueira, presidente nacional do &hellip;","og_url":"https:\/\/portalnpm.com\/index.php\/2018\/12\/18\/gil-paraibano-e-bele-medeiros-sao-diplomados-em-solenidade-no-tribunal-de-justica\/","og_site_name":"Portal NPM","article_published_time":"2018-12-18T16:21:26+00:00","author":"Reda\u00e7\u00e3o","twitter_card":"summary_large_image","twitter_misc":{"Escrito por":"Reda\u00e7\u00e3o","Est. tempo de leitura":"1 minuto"},"schema":{"@context":"https:\/\/schema.org","@graph":[{"@type":"WebPage","@id":"https:\/\/portalnpm.com\/index.php\/2018\/12\/18\/gil-paraibano-e-bele-medeiros-sao-diplomados-em-solenidade-no-tribunal-de-justica\/","url":"https:\/\/portalnpm.com\/index.php\/2018\/12\/18\/gil-paraibano-e-bele-medeiros-sao-diplomados-em-solenidade-no-tribunal-de-justica\/","name":"Gil Paraibano e Bel\u00ea Medeiros s\u00e3o diplomados em solenidade no Tribunal de Justi\u00e7a - Portal NPM","isPartOf":{"@id":"https:\/\/portalnpm.com\/#website"},"primaryImageOfPage":{"@id":"https:\/\/portalnpm.com\/index.php\/2018\/12\/18\/gil-paraibano-e-bele-medeiros-sao-diplomados-em-solenidade-no-tribunal-de-justica\/#primaryimage"},"image":{"@id":"https:\/\/portalnpm.com\/index.php\/2018\/12\/18\/gil-paraibano-e-bele-medeiros-sao-diplomados-em-solenidade-no-tribunal-de-justica\/#primaryimage"},"thumbnailUrl":"","datePublished":"2018-12-18T16:21:26+00:00","dateModified":"2018-12-18T16:21:26+00:00","author":{"@id":"https:\/\/portalnpm.com\/#\/schema\/person\/0b5f230ec96cee25504fa328e7f2b733"},"breadcrumb":{"@id":"https:\/\/portalnpm.com\/index.php\/2018\/12\/18\/gil-paraibano-e-bele-medeiros-sao-diplomados-em-solenidade-no-tribunal-de-justica\/#breadcrumb"},"inLanguage":"pt-BR","potentialAction":[{"@type":"ReadAction","target":["https:\/\/portalnpm.com\/index.php\/2018\/12\/18\/gil-paraibano-e-bele-medeiros-sao-diplomados-em-solenidade-no-tribunal-de-justica\/"]}]},{"@type":"ImageObject","inLanguage":"pt-BR","@id":"https:\/\/portalnpm.com\/index.php\/2018\/12\/18\/gil-paraibano-e-bele-medeiros-sao-diplomados-em-solenidade-no-tribunal-de-justica\/#primaryimage","url":"","contentUrl":""},{"@type":"BreadcrumbList","@id":"https:\/\/portalnpm.com\/index.php\/2018\/12\/18\/gil-paraibano-e-bele-medeiros-sao-diplomados-em-solenidade-no-tribunal-de-justica\/#breadcrumb","itemListElement":[{"@type":"ListItem","position":1,"name":"In\u00edcio","item":"https:\/\/portalnpm.com\/"},{"@type":"ListItem","position":2,"name":"Gil Paraibano e Bel\u00ea Medeiros s\u00e3o diplomados em solenidade no Tribunal de Justi\u00e7a"}]},{"@type":"WebSite","@id":"https:\/\/portalnpm.com\/#website","url":"https:\/\/portalnpm.com\/","name":"Portal NPM","description":"Not\u00edcias em Primeira M\u00e3o","potentialAction":[{"@type":"SearchAction","target":{"@type":"EntryPoint","urlTemplate":"https:\/\/portalnpm.com\/?s={search_term_string}"},"query-input":"required name=search_term_string"}],"inLanguage":"pt-BR"},{"@type":"Person","@id":"https:\/\/portalnpm.com\/#\/schema\/person\/0b5f230ec96cee25504fa328e7f2b733","name":"Reda\u00e7\u00e3o","image":{"@type":"ImageObject","inLanguage":"pt-BR","@id":"https:\/\/portalnpm.com\/#\/schema\/person\/image\/","url":"https:\/\/portalnpm.com\/wp-content\/uploads\/2024\/03\/avatar_user_4_1710097212-96x96.png","contentUrl":"https:\/\/portalnpm.com\/wp-content\/uploads\/2024\/03\/avatar_user_4_1710097212-96x96.png","caption":"Reda\u00e7\u00e3o"},"url":"https:\/\/portalnpm.com\/index.php\/author\/redacao\/"}]}},"jetpack_sharing_enabled":true,"jetpack_featured_media_url":"","_links":{"self":[{"href":"https:\/\/portalnpm.com\/index.php\/wp-json\/wp\/v2\/posts\/3612"}],"collection":[{"href":"https:\/\/portalnpm.com\/index.php\/wp-json\/wp\/v2\/posts"}],"about":[{"href":"https:\/\/portalnpm.com\/index.php\/wp-json\/wp\/v2\/types\/post"}],"author":[{"embeddable":true,"href":"https:\/\/portalnpm.com\/index.php\/wp-json\/wp\/v2\/users\/4"}],"replies":[{"embeddable":true,"href":"https:\/\/portalnpm.com\/index.php\/wp-json\/wp\/v2\/comments?post=3612"}],"version-history":[{"count":0,"href":"https:\/\/portalnpm.com\/index.php\/wp-json\/wp\/v2\/posts\/3612\/revisions"}],"wp:featuredmedia":[{"embeddable":true,"href":"https:\/\/portalnpm.com\/index.php\/wp-json\/"}],"wp:attachment":[{"href":"https:\/\/portalnpm.com\/index.php\/wp-json\/wp\/v2\/media?parent=3612"}],"wp:term":[{"taxonomy":"category","embeddable":true,"href":"https:\/\/portalnpm.com\/index.php\/wp-json\/wp\/v2\/categories?post=3612"},{"taxonomy":"post_tag","embeddable":true,"href":"https:\/\/portalnpm.com\/index.php\/wp-json\/wp\/v2\/tags?post=3612"}],"curies":[{"name":"wp","href":"https:\/\/api.w.org\/{rel}","templated":true}]}}