{"id":36216,"date":"2021-08-30T20:04:33","date_gmt":"2021-08-30T23:04:33","guid":{"rendered":"https:\/\/backupnpm.codetainer.com.br\/?p=36216"},"modified":"2021-08-30T20:04:33","modified_gmt":"2021-08-30T23:04:33","slug":"willian-acerta-com-o-corinthians-e-assinara-contrato-ate-o-fim-de-2023","status":"publish","type":"post","link":"https:\/\/portalnpm.com\/index.php\/2021\/08\/30\/willian-acerta-com-o-corinthians-e-assinara-contrato-ate-o-fim-de-2023\/","title":{"rendered":"Willian acerta com o Corinthians e assinar\u00e1 contrato at\u00e9 o fim de 2023"},"content":{"rendered":"<p style=\"text-align: justify;\">O meia-atacante Willian est\u00e1 de volta ao Corinthians ap\u00f3s mais de uma d\u00e9cada atuando no futebol europeu. Nas \u00faltimas horas, o jogador chegou a um acordo com o Arsenal e assinar\u00e1 sua rescis\u00e3o contratual nesta segunda-feira (30).<\/p>\n<p style=\"text-align: justify;\">\n<p style=\"text-align: justify;\">\n<p style=\"text-align: justify;\">Com isso, ficar\u00e1 livre para fechar com o clube do Parque S\u00e3o Jorge. O v\u00ednculo ser\u00e1 v\u00e1lido at\u00e9 o fim da temporada 2023.<\/p>\n<p style=\"text-align: justify;\">Revelado nas categorias de base do Corinthians, Willian conseguiu encerrar as negocia\u00e7\u00f5es com o Arsenal ap\u00f3s dias de conversa.<\/p>\n<p style=\"text-align: justify;\">O brasileiro estava insatisfeito com o clube londrino, que havia lhe prometido um projeto ambicioso de retomada de protagonismo no futebol ingl\u00eas, mas nem sequer se classificou para a Liga dos Campe\u00f5es desta temporada e come\u00e7ou mal a atual edi\u00e7\u00e3o da Premier League.<\/p>\n<p style=\"text-align: justify;\">A informa\u00e7\u00e3o foi divulgada pela &#8216;ESPN Brasil&#8217; e confirmada pelo UOL Esporte.<\/p>\n<p style=\"text-align: justify;\">A princ\u00edpio, o projeto do atleta era permanecer na Europa, mas o interesse do Corinthians em contar com o jogador pesou em sua decis\u00e3o.<\/p>\n<p style=\"text-align: justify;\">O clube apresentou uma proposta de longo prazo, com Willian sendo o s\u00edmbolo do momento de reconstru\u00e7\u00e3o do Alvinegro encabe\u00e7ado pelo presidente Duilio Monteiro Alves. Os n\u00fameros do contrato s\u00e3o mantidos em sigilo, mas pessoas envolvidas na negocia\u00e7\u00e3o garantem que as cifras s\u00e3o altas.<\/p>\n<p style=\"text-align: justify;\">Na segunda-feira, o Arsenal divulgar\u00e1 a rescis\u00e3o contratual com Willian. Na sequ\u00eancia, o meia-atacante embarca para S\u00e3o Paulo para realizar exames m\u00e9dicos e assinar com o Corinthians at\u00e9 o fim de 2023, justamente quando se encerra a gest\u00e3o do presidente Duilio.<\/p>\n<p style=\"text-align: justify;\">Nos bastidores, o clube do Parque S\u00e3o Jorge v\u00ea a contrata\u00e7\u00e3o do jogador como uma vit\u00f3ria no mercado da bola.<\/p>\n<p style=\"text-align: justify;\">A chegada de Willian \u00e9 a sexta contrata\u00e7\u00e3o desta diretoria, que passou os sete primeiros meses do ano sem fazer qualquer movimenta\u00e7\u00e3o no mercado. Nas \u00faltimas semanas, o Corinthians tamb\u00e9m acertou com Giuliano, Renato Augusto, Roger Guedes, Carlos Miguel e Jo\u00e3o Pedro.<\/p>\n<p style=\"text-align: justify;\">Fonte: UOL\/FOLHAPRESS<\/p>\n","protected":false},"excerpt":{"rendered":"<p>O meia-atacante Willian est\u00e1 de volta ao Corinthians ap\u00f3s mais de uma d\u00e9cada atuando no futebol europeu. Nas \u00faltimas horas, o jogador chegou a um acordo com o Arsenal e assinar\u00e1 sua rescis\u00e3o contratual nesta segunda-feira (30). Com isso, ficar\u00e1 livre para fechar com o clube do Parque S\u00e3o Jorge. O v\u00ednculo ser\u00e1 v\u00e1lido at\u00e9 &hellip;<\/p>\n","protected":false},"author":2,"featured_media":36217,"comment_status":"open","ping_status":"open","sticky":false,"template":"","format":"standard","meta":{"content-type":"","rop_custom_images_group":[],"rop_custom_messages_group":[],"rop_publish_now":"initial","rop_publish_now_accounts":{"facebook_2648258775420054_1618374048415101":""},"rop_publish_now_history":[],"rop_publish_now_status":"pending","footnotes":"","_jetpack_memberships_contains_paid_content":false},"categories":[108],"tags":[2563,169,12518],"yoast_head":"<!-- This site is optimized with the Yoast SEO plugin v22.3 - https:\/\/yoast.com\/wordpress\/plugins\/seo\/ -->\n<title>Willian acerta com o Corinthians e assinar\u00e1 contrato at\u00e9 o fim de 2023 - Portal NPM<\/title>\n<meta name=\"robots\" content=\"index, follow, max-snippet:-1, max-image-preview:large, max-video-preview:-1\" \/>\n<link rel=\"canonical\" href=\"https:\/\/portalnpm.com\/index.php\/2021\/08\/30\/willian-acerta-com-o-corinthians-e-assinara-contrato-ate-o-fim-de-2023\/\" \/>\n<meta property=\"og:locale\" content=\"pt_BR\" \/>\n<meta property=\"og:type\" content=\"article\" \/>\n<meta property=\"og:title\" content=\"Willian acerta com o Corinthians e assinar\u00e1 contrato at\u00e9 o fim de 2023 - Portal NPM\" \/>\n<meta property=\"og:description\" content=\"O meia-atacante Willian est\u00e1 de volta ao Corinthians ap\u00f3s mais de uma d\u00e9cada atuando no futebol europeu. Nas \u00faltimas horas, o jogador chegou a um acordo com o Arsenal e assinar\u00e1 sua rescis\u00e3o contratual nesta segunda-feira (30). Com isso, ficar\u00e1 livre para fechar com o clube do Parque S\u00e3o Jorge. O v\u00ednculo ser\u00e1 v\u00e1lido at\u00e9 &hellip;\" \/>\n<meta property=\"og:url\" content=\"https:\/\/portalnpm.com\/index.php\/2021\/08\/30\/willian-acerta-com-o-corinthians-e-assinara-contrato-ate-o-fim-de-2023\/\" \/>\n<meta property=\"og:site_name\" content=\"Portal NPM\" \/>\n<meta property=\"article:published_time\" content=\"2021-08-30T23:04:33+00:00\" \/>\n<meta name=\"author\" content=\"Genival Barbosa\" \/>\n<meta name=\"twitter:card\" content=\"summary_large_image\" \/>\n<meta name=\"twitter:label1\" content=\"Escrito por\" \/>\n\t<meta name=\"twitter:data1\" content=\"Genival Barbosa\" \/>\n\t<meta name=\"twitter:label2\" content=\"Est. tempo de leitura\" \/>\n\t<meta name=\"twitter:data2\" content=\"2 minutos\" \/>\n<script type=\"application\/ld+json\" class=\"yoast-schema-graph\">{\"@context\":\"https:\/\/schema.org\",\"@graph\":[{\"@type\":\"WebPage\",\"@id\":\"https:\/\/portalnpm.com\/index.php\/2021\/08\/30\/willian-acerta-com-o-corinthians-e-assinara-contrato-ate-o-fim-de-2023\/\",\"url\":\"https:\/\/portalnpm.com\/index.php\/2021\/08\/30\/willian-acerta-com-o-corinthians-e-assinara-contrato-ate-o-fim-de-2023\/\",\"name\":\"Willian acerta com o Corinthians e assinar\u00e1 contrato at\u00e9 o fim de 2023 - Portal NPM\",\"isPartOf\":{\"@id\":\"https:\/\/portalnpm.com\/#website\"},\"primaryImageOfPage\":{\"@id\":\"https:\/\/portalnpm.com\/index.php\/2021\/08\/30\/willian-acerta-com-o-corinthians-e-assinara-contrato-ate-o-fim-de-2023\/#primaryimage\"},\"image\":{\"@id\":\"https:\/\/portalnpm.com\/index.php\/2021\/08\/30\/willian-acerta-com-o-corinthians-e-assinara-contrato-ate-o-fim-de-2023\/#primaryimage\"},\"thumbnailUrl\":\"\",\"datePublished\":\"2021-08-30T23:04:33+00:00\",\"dateModified\":\"2021-08-30T23:04:33+00:00\",\"author\":{\"@id\":\"https:\/\/portalnpm.com\/#\/schema\/person\/49313e563cfdefcc167f1ee4c017c294\"},\"breadcrumb\":{\"@id\":\"https:\/\/portalnpm.com\/index.php\/2021\/08\/30\/willian-acerta-com-o-corinthians-e-assinara-contrato-ate-o-fim-de-2023\/#breadcrumb\"},\"inLanguage\":\"pt-BR\",\"potentialAction\":[{\"@type\":\"ReadAction\",\"target\":[\"https:\/\/portalnpm.com\/index.php\/2021\/08\/30\/willian-acerta-com-o-corinthians-e-assinara-contrato-ate-o-fim-de-2023\/\"]}]},{\"@type\":\"ImageObject\",\"inLanguage\":\"pt-BR\",\"@id\":\"https:\/\/portalnpm.com\/index.php\/2021\/08\/30\/willian-acerta-com-o-corinthians-e-assinara-contrato-ate-o-fim-de-2023\/#primaryimage\",\"url\":\"\",\"contentUrl\":\"\"},{\"@type\":\"BreadcrumbList\",\"@id\":\"https:\/\/portalnpm.com\/index.php\/2021\/08\/30\/willian-acerta-com-o-corinthians-e-assinara-contrato-ate-o-fim-de-2023\/#breadcrumb\",\"itemListElement\":[{\"@type\":\"ListItem\",\"position\":1,\"name\":\"In\u00edcio\",\"item\":\"https:\/\/portalnpm.com\/\"},{\"@type\":\"ListItem\",\"position\":2,\"name\":\"Willian acerta com o Corinthians e assinar\u00e1 contrato at\u00e9 o fim de 2023\"}]},{\"@type\":\"WebSite\",\"@id\":\"https:\/\/portalnpm.com\/#website\",\"url\":\"https:\/\/portalnpm.com\/\",\"name\":\"Portal NPM\",\"description\":\"Not\u00edcias em Primeira M\u00e3o\",\"potentialAction\":[{\"@type\":\"SearchAction\",\"target\":{\"@type\":\"EntryPoint\",\"urlTemplate\":\"https:\/\/portalnpm.com\/?s={search_term_string}\"},\"query-input\":\"required name=search_term_string\"}],\"inLanguage\":\"pt-BR\"},{\"@type\":\"Person\",\"@id\":\"https:\/\/portalnpm.com\/#\/schema\/person\/49313e563cfdefcc167f1ee4c017c294\",\"name\":\"Genival Barbosa\",\"image\":{\"@type\":\"ImageObject\",\"inLanguage\":\"pt-BR\",\"@id\":\"https:\/\/portalnpm.com\/#\/schema\/person\/image\/\",\"url\":\"https:\/\/portalnpm.com\/wp-content\/uploads\/2024\/02\/avatar_user_2_1707743258-96x96.jpeg\",\"contentUrl\":\"https:\/\/portalnpm.com\/wp-content\/uploads\/2024\/02\/avatar_user_2_1707743258-96x96.jpeg\",\"caption\":\"Genival Barbosa\"},\"url\":\"https:\/\/portalnpm.com\/index.php\/author\/genival\/\"}]}<\/script>\n<!-- \/ Yoast SEO plugin. -->","yoast_head_json":{"title":"Willian acerta com o Corinthians e assinar\u00e1 contrato at\u00e9 o fim de 2023 - Portal NPM","robots":{"index":"index","follow":"follow","max-snippet":"max-snippet:-1","max-image-preview":"max-image-preview:large","max-video-preview":"max-video-preview:-1"},"canonical":"https:\/\/portalnpm.com\/index.php\/2021\/08\/30\/willian-acerta-com-o-corinthians-e-assinara-contrato-ate-o-fim-de-2023\/","og_locale":"pt_BR","og_type":"article","og_title":"Willian acerta com o Corinthians e assinar\u00e1 contrato at\u00e9 o fim de 2023 - Portal NPM","og_description":"O meia-atacante Willian est\u00e1 de volta ao Corinthians ap\u00f3s mais de uma d\u00e9cada atuando no futebol europeu. Nas \u00faltimas horas, o jogador chegou a um acordo com o Arsenal e assinar\u00e1 sua rescis\u00e3o contratual nesta segunda-feira (30). Com isso, ficar\u00e1 livre para fechar com o clube do Parque S\u00e3o Jorge. O v\u00ednculo ser\u00e1 v\u00e1lido at\u00e9 &hellip;","og_url":"https:\/\/portalnpm.com\/index.php\/2021\/08\/30\/willian-acerta-com-o-corinthians-e-assinara-contrato-ate-o-fim-de-2023\/","og_site_name":"Portal NPM","article_published_time":"2021-08-30T23:04:33+00:00","author":"Genival Barbosa","twitter_card":"summary_large_image","twitter_misc":{"Escrito por":"Genival Barbosa","Est. tempo de leitura":"2 minutos"},"schema":{"@context":"https:\/\/schema.org","@graph":[{"@type":"WebPage","@id":"https:\/\/portalnpm.com\/index.php\/2021\/08\/30\/willian-acerta-com-o-corinthians-e-assinara-contrato-ate-o-fim-de-2023\/","url":"https:\/\/portalnpm.com\/index.php\/2021\/08\/30\/willian-acerta-com-o-corinthians-e-assinara-contrato-ate-o-fim-de-2023\/","name":"Willian acerta com o Corinthians e assinar\u00e1 contrato at\u00e9 o fim de 2023 - Portal NPM","isPartOf":{"@id":"https:\/\/portalnpm.com\/#website"},"primaryImageOfPage":{"@id":"https:\/\/portalnpm.com\/index.php\/2021\/08\/30\/willian-acerta-com-o-corinthians-e-assinara-contrato-ate-o-fim-de-2023\/#primaryimage"},"image":{"@id":"https:\/\/portalnpm.com\/index.php\/2021\/08\/30\/willian-acerta-com-o-corinthians-e-assinara-contrato-ate-o-fim-de-2023\/#primaryimage"},"thumbnailUrl":"","datePublished":"2021-08-30T23:04:33+00:00","dateModified":"2021-08-30T23:04:33+00:00","author":{"@id":"https:\/\/portalnpm.com\/#\/schema\/person\/49313e563cfdefcc167f1ee4c017c294"},"breadcrumb":{"@id":"https:\/\/portalnpm.com\/index.php\/2021\/08\/30\/willian-acerta-com-o-corinthians-e-assinara-contrato-ate-o-fim-de-2023\/#breadcrumb"},"inLanguage":"pt-BR","potentialAction":[{"@type":"ReadAction","target":["https:\/\/portalnpm.com\/index.php\/2021\/08\/30\/willian-acerta-com-o-corinthians-e-assinara-contrato-ate-o-fim-de-2023\/"]}]},{"@type":"ImageObject","inLanguage":"pt-BR","@id":"https:\/\/portalnpm.com\/index.php\/2021\/08\/30\/willian-acerta-com-o-corinthians-e-assinara-contrato-ate-o-fim-de-2023\/#primaryimage","url":"","contentUrl":""},{"@type":"BreadcrumbList","@id":"https:\/\/portalnpm.com\/index.php\/2021\/08\/30\/willian-acerta-com-o-corinthians-e-assinara-contrato-ate-o-fim-de-2023\/#breadcrumb","itemListElement":[{"@type":"ListItem","position":1,"name":"In\u00edcio","item":"https:\/\/portalnpm.com\/"},{"@type":"ListItem","position":2,"name":"Willian acerta com o Corinthians e assinar\u00e1 contrato at\u00e9 o fim de 2023"}]},{"@type":"WebSite","@id":"https:\/\/portalnpm.com\/#website","url":"https:\/\/portalnpm.com\/","name":"Portal NPM","description":"Not\u00edcias em Primeira M\u00e3o","potentialAction":[{"@type":"SearchAction","target":{"@type":"EntryPoint","urlTemplate":"https:\/\/portalnpm.com\/?s={search_term_string}"},"query-input":"required name=search_term_string"}],"inLanguage":"pt-BR"},{"@type":"Person","@id":"https:\/\/portalnpm.com\/#\/schema\/person\/49313e563cfdefcc167f1ee4c017c294","name":"Genival Barbosa","image":{"@type":"ImageObject","inLanguage":"pt-BR","@id":"https:\/\/portalnpm.com\/#\/schema\/person\/image\/","url":"https:\/\/portalnpm.com\/wp-content\/uploads\/2024\/02\/avatar_user_2_1707743258-96x96.jpeg","contentUrl":"https:\/\/portalnpm.com\/wp-content\/uploads\/2024\/02\/avatar_user_2_1707743258-96x96.jpeg","caption":"Genival Barbosa"},"url":"https:\/\/portalnpm.com\/index.php\/author\/genival\/"}]}},"jetpack_sharing_enabled":true,"jetpack_featured_media_url":"","_links":{"self":[{"href":"https:\/\/portalnpm.com\/index.php\/wp-json\/wp\/v2\/posts\/36216"}],"collection":[{"href":"https:\/\/portalnpm.com\/index.php\/wp-json\/wp\/v2\/posts"}],"about":[{"href":"https:\/\/portalnpm.com\/index.php\/wp-json\/wp\/v2\/types\/post"}],"author":[{"embeddable":true,"href":"https:\/\/portalnpm.com\/index.php\/wp-json\/wp\/v2\/users\/2"}],"replies":[{"embeddable":true,"href":"https:\/\/portalnpm.com\/index.php\/wp-json\/wp\/v2\/comments?post=36216"}],"version-history":[{"count":0,"href":"https:\/\/portalnpm.com\/index.php\/wp-json\/wp\/v2\/posts\/36216\/revisions"}],"wp:featuredmedia":[{"embeddable":true,"href":"https:\/\/portalnpm.com\/index.php\/wp-json\/"}],"wp:attachment":[{"href":"https:\/\/portalnpm.com\/index.php\/wp-json\/wp\/v2\/media?parent=36216"}],"wp:term":[{"taxonomy":"category","embeddable":true,"href":"https:\/\/portalnpm.com\/index.php\/wp-json\/wp\/v2\/categories?post=36216"},{"taxonomy":"post_tag","embeddable":true,"href":"https:\/\/portalnpm.com\/index.php\/wp-json\/wp\/v2\/tags?post=36216"}],"curies":[{"name":"wp","href":"https:\/\/api.w.org\/{rel}","templated":true}]}}