{"id":36227,"date":"2021-08-31T19:29:59","date_gmt":"2021-08-31T22:29:59","guid":{"rendered":"https:\/\/backupnpm.codetainer.com.br\/?p=36227"},"modified":"2021-08-31T19:29:59","modified_gmt":"2021-08-31T22:29:59","slug":"sao-paulo-registra-primeira-morte-de-covid-causada-pela-variante-delta","status":"publish","type":"post","link":"https:\/\/portalnpm.com\/index.php\/2021\/08\/31\/sao-paulo-registra-primeira-morte-de-covid-causada-pela-variante-delta\/","title":{"rendered":"S\u00e3o Paulo registra primeira morte de covid causada pela variante delta"},"content":{"rendered":"<p style=\"text-align: justify;\">O Estado de S\u00e3o Paulo registrou a primeira morte por covid-19 causada pela variante Delta, identificada pela primeira vez na \u00cdndia. O \u00f3bito, divulgado na segunda-feira (30), ocorreu em Piracicaba, no interior do Estado, e se refere a uma mulher de 74 anos, com comorbidade e j\u00e1 vacinada com duas doses do imunizante da Coronavac.<\/p>\n<p style=\"text-align: justify;\">\n<p style=\"text-align: justify;\">\n<p style=\"text-align: justify;\">Em coletiva de imprensa nesta ter\u00e7a-feira (31), o governador do Estado, Jo\u00e3o Doria (PSB), foi questionado sobre o assunto, mas recusou comentar. Segundo Doria, o tema ser\u00e1 tratado na entrevista sobre o combate ao coronav\u00edrus programada para quarta-feira (1\u00b0).<\/p>\n<p style=\"text-align: justify;\">No dia 18 de agosto, em coletiva de imprensa no Pal\u00e1cio dos Bandeirantes, o governador anunciou o fim das medidas de restri\u00e7\u00e3o contra a covid-19 no Estado, atribuindo o feito \u00e0 campanha de vacina\u00e7\u00e3o. De acordo com informa\u00e7\u00f5es divulgadas nesta segunda-feira, 30, pelo governo paulista, desde o in\u00edcio da pandemia, S\u00e3o Paulo registrou 4.255.324 casos e 145.558 \u00f3bitos pela doen\u00e7a.<\/p>\n<p style=\"text-align: justify;\">\nFonte:Estad\u00e3o Conte\u00fado<\/p>\n","protected":false},"excerpt":{"rendered":"<p>O Estado de S\u00e3o Paulo registrou a primeira morte por covid-19 causada pela variante Delta, identificada pela primeira vez na \u00cdndia. O \u00f3bito, divulgado na segunda-feira (30), ocorreu em Piracicaba, no interior do Estado, e se refere a uma mulher de 74 anos, com comorbidade e j\u00e1 vacinada com duas doses do imunizante da Coronavac. &hellip;<\/p>\n","protected":false},"author":2,"featured_media":36228,"comment_status":"open","ping_status":"open","sticky":false,"template":"","format":"standard","meta":{"content-type":"","rop_custom_images_group":[],"rop_custom_messages_group":[],"rop_publish_now":"initial","rop_publish_now_accounts":{"facebook_2648258775420054_1618374048415101":""},"rop_publish_now_history":[],"rop_publish_now_status":"pending","footnotes":"","_jetpack_memberships_contains_paid_content":false},"categories":[118],"tags":[162,11816],"yoast_head":"<!-- This site is optimized with the Yoast SEO plugin v22.3 - https:\/\/yoast.com\/wordpress\/plugins\/seo\/ -->\n<title>S\u00e3o Paulo registra primeira morte de covid causada pela variante delta - Portal NPM<\/title>\n<meta name=\"robots\" content=\"index, follow, max-snippet:-1, max-image-preview:large, max-video-preview:-1\" \/>\n<link rel=\"canonical\" href=\"https:\/\/portalnpm.com\/index.php\/2021\/08\/31\/sao-paulo-registra-primeira-morte-de-covid-causada-pela-variante-delta\/\" \/>\n<meta property=\"og:locale\" content=\"pt_BR\" \/>\n<meta property=\"og:type\" content=\"article\" \/>\n<meta property=\"og:title\" content=\"S\u00e3o Paulo registra primeira morte de covid causada pela variante delta - Portal NPM\" \/>\n<meta property=\"og:description\" content=\"O Estado de S\u00e3o Paulo registrou a primeira morte por covid-19 causada pela variante Delta, identificada pela primeira vez na \u00cdndia. O \u00f3bito, divulgado na segunda-feira (30), ocorreu em Piracicaba, no interior do Estado, e se refere a uma mulher de 74 anos, com comorbidade e j\u00e1 vacinada com duas doses do imunizante da Coronavac. &hellip;\" \/>\n<meta property=\"og:url\" content=\"https:\/\/portalnpm.com\/index.php\/2021\/08\/31\/sao-paulo-registra-primeira-morte-de-covid-causada-pela-variante-delta\/\" \/>\n<meta property=\"og:site_name\" content=\"Portal NPM\" \/>\n<meta property=\"article:published_time\" content=\"2021-08-31T22:29:59+00:00\" \/>\n<meta name=\"author\" content=\"Genival Barbosa\" \/>\n<meta name=\"twitter:card\" content=\"summary_large_image\" \/>\n<meta name=\"twitter:label1\" content=\"Escrito por\" \/>\n\t<meta name=\"twitter:data1\" content=\"Genival Barbosa\" \/>\n\t<meta name=\"twitter:label2\" content=\"Est. tempo de leitura\" \/>\n\t<meta name=\"twitter:data2\" content=\"1 minuto\" \/>\n<script type=\"application\/ld+json\" class=\"yoast-schema-graph\">{\"@context\":\"https:\/\/schema.org\",\"@graph\":[{\"@type\":\"WebPage\",\"@id\":\"https:\/\/portalnpm.com\/index.php\/2021\/08\/31\/sao-paulo-registra-primeira-morte-de-covid-causada-pela-variante-delta\/\",\"url\":\"https:\/\/portalnpm.com\/index.php\/2021\/08\/31\/sao-paulo-registra-primeira-morte-de-covid-causada-pela-variante-delta\/\",\"name\":\"S\u00e3o Paulo registra primeira morte de covid causada pela variante delta - Portal NPM\",\"isPartOf\":{\"@id\":\"https:\/\/portalnpm.com\/#website\"},\"primaryImageOfPage\":{\"@id\":\"https:\/\/portalnpm.com\/index.php\/2021\/08\/31\/sao-paulo-registra-primeira-morte-de-covid-causada-pela-variante-delta\/#primaryimage\"},\"image\":{\"@id\":\"https:\/\/portalnpm.com\/index.php\/2021\/08\/31\/sao-paulo-registra-primeira-morte-de-covid-causada-pela-variante-delta\/#primaryimage\"},\"thumbnailUrl\":\"\",\"datePublished\":\"2021-08-31T22:29:59+00:00\",\"dateModified\":\"2021-08-31T22:29:59+00:00\",\"author\":{\"@id\":\"https:\/\/portalnpm.com\/#\/schema\/person\/49313e563cfdefcc167f1ee4c017c294\"},\"breadcrumb\":{\"@id\":\"https:\/\/portalnpm.com\/index.php\/2021\/08\/31\/sao-paulo-registra-primeira-morte-de-covid-causada-pela-variante-delta\/#breadcrumb\"},\"inLanguage\":\"pt-BR\",\"potentialAction\":[{\"@type\":\"ReadAction\",\"target\":[\"https:\/\/portalnpm.com\/index.php\/2021\/08\/31\/sao-paulo-registra-primeira-morte-de-covid-causada-pela-variante-delta\/\"]}]},{\"@type\":\"ImageObject\",\"inLanguage\":\"pt-BR\",\"@id\":\"https:\/\/portalnpm.com\/index.php\/2021\/08\/31\/sao-paulo-registra-primeira-morte-de-covid-causada-pela-variante-delta\/#primaryimage\",\"url\":\"\",\"contentUrl\":\"\"},{\"@type\":\"BreadcrumbList\",\"@id\":\"https:\/\/portalnpm.com\/index.php\/2021\/08\/31\/sao-paulo-registra-primeira-morte-de-covid-causada-pela-variante-delta\/#breadcrumb\",\"itemListElement\":[{\"@type\":\"ListItem\",\"position\":1,\"name\":\"In\u00edcio\",\"item\":\"https:\/\/portalnpm.com\/\"},{\"@type\":\"ListItem\",\"position\":2,\"name\":\"S\u00e3o Paulo registra primeira morte de covid causada pela variante delta\"}]},{\"@type\":\"WebSite\",\"@id\":\"https:\/\/portalnpm.com\/#website\",\"url\":\"https:\/\/portalnpm.com\/\",\"name\":\"Portal NPM\",\"description\":\"Not\u00edcias em Primeira M\u00e3o\",\"potentialAction\":[{\"@type\":\"SearchAction\",\"target\":{\"@type\":\"EntryPoint\",\"urlTemplate\":\"https:\/\/portalnpm.com\/?s={search_term_string}\"},\"query-input\":\"required name=search_term_string\"}],\"inLanguage\":\"pt-BR\"},{\"@type\":\"Person\",\"@id\":\"https:\/\/portalnpm.com\/#\/schema\/person\/49313e563cfdefcc167f1ee4c017c294\",\"name\":\"Genival Barbosa\",\"image\":{\"@type\":\"ImageObject\",\"inLanguage\":\"pt-BR\",\"@id\":\"https:\/\/portalnpm.com\/#\/schema\/person\/image\/\",\"url\":\"https:\/\/portalnpm.com\/wp-content\/uploads\/2024\/02\/avatar_user_2_1707743258-96x96.jpeg\",\"contentUrl\":\"https:\/\/portalnpm.com\/wp-content\/uploads\/2024\/02\/avatar_user_2_1707743258-96x96.jpeg\",\"caption\":\"Genival Barbosa\"},\"url\":\"https:\/\/portalnpm.com\/index.php\/author\/genival\/\"}]}<\/script>\n<!-- \/ Yoast SEO plugin. -->","yoast_head_json":{"title":"S\u00e3o Paulo registra primeira morte de covid causada pela variante delta - Portal NPM","robots":{"index":"index","follow":"follow","max-snippet":"max-snippet:-1","max-image-preview":"max-image-preview:large","max-video-preview":"max-video-preview:-1"},"canonical":"https:\/\/portalnpm.com\/index.php\/2021\/08\/31\/sao-paulo-registra-primeira-morte-de-covid-causada-pela-variante-delta\/","og_locale":"pt_BR","og_type":"article","og_title":"S\u00e3o Paulo registra primeira morte de covid causada pela variante delta - Portal NPM","og_description":"O Estado de S\u00e3o Paulo registrou a primeira morte por covid-19 causada pela variante Delta, identificada pela primeira vez na \u00cdndia. O \u00f3bito, divulgado na segunda-feira (30), ocorreu em Piracicaba, no interior do Estado, e se refere a uma mulher de 74 anos, com comorbidade e j\u00e1 vacinada com duas doses do imunizante da Coronavac. &hellip;","og_url":"https:\/\/portalnpm.com\/index.php\/2021\/08\/31\/sao-paulo-registra-primeira-morte-de-covid-causada-pela-variante-delta\/","og_site_name":"Portal NPM","article_published_time":"2021-08-31T22:29:59+00:00","author":"Genival Barbosa","twitter_card":"summary_large_image","twitter_misc":{"Escrito por":"Genival Barbosa","Est. tempo de leitura":"1 minuto"},"schema":{"@context":"https:\/\/schema.org","@graph":[{"@type":"WebPage","@id":"https:\/\/portalnpm.com\/index.php\/2021\/08\/31\/sao-paulo-registra-primeira-morte-de-covid-causada-pela-variante-delta\/","url":"https:\/\/portalnpm.com\/index.php\/2021\/08\/31\/sao-paulo-registra-primeira-morte-de-covid-causada-pela-variante-delta\/","name":"S\u00e3o Paulo registra primeira morte de covid causada pela variante delta - Portal NPM","isPartOf":{"@id":"https:\/\/portalnpm.com\/#website"},"primaryImageOfPage":{"@id":"https:\/\/portalnpm.com\/index.php\/2021\/08\/31\/sao-paulo-registra-primeira-morte-de-covid-causada-pela-variante-delta\/#primaryimage"},"image":{"@id":"https:\/\/portalnpm.com\/index.php\/2021\/08\/31\/sao-paulo-registra-primeira-morte-de-covid-causada-pela-variante-delta\/#primaryimage"},"thumbnailUrl":"","datePublished":"2021-08-31T22:29:59+00:00","dateModified":"2021-08-31T22:29:59+00:00","author":{"@id":"https:\/\/portalnpm.com\/#\/schema\/person\/49313e563cfdefcc167f1ee4c017c294"},"breadcrumb":{"@id":"https:\/\/portalnpm.com\/index.php\/2021\/08\/31\/sao-paulo-registra-primeira-morte-de-covid-causada-pela-variante-delta\/#breadcrumb"},"inLanguage":"pt-BR","potentialAction":[{"@type":"ReadAction","target":["https:\/\/portalnpm.com\/index.php\/2021\/08\/31\/sao-paulo-registra-primeira-morte-de-covid-causada-pela-variante-delta\/"]}]},{"@type":"ImageObject","inLanguage":"pt-BR","@id":"https:\/\/portalnpm.com\/index.php\/2021\/08\/31\/sao-paulo-registra-primeira-morte-de-covid-causada-pela-variante-delta\/#primaryimage","url":"","contentUrl":""},{"@type":"BreadcrumbList","@id":"https:\/\/portalnpm.com\/index.php\/2021\/08\/31\/sao-paulo-registra-primeira-morte-de-covid-causada-pela-variante-delta\/#breadcrumb","itemListElement":[{"@type":"ListItem","position":1,"name":"In\u00edcio","item":"https:\/\/portalnpm.com\/"},{"@type":"ListItem","position":2,"name":"S\u00e3o Paulo registra primeira morte de covid causada pela variante delta"}]},{"@type":"WebSite","@id":"https:\/\/portalnpm.com\/#website","url":"https:\/\/portalnpm.com\/","name":"Portal NPM","description":"Not\u00edcias em Primeira M\u00e3o","potentialAction":[{"@type":"SearchAction","target":{"@type":"EntryPoint","urlTemplate":"https:\/\/portalnpm.com\/?s={search_term_string}"},"query-input":"required name=search_term_string"}],"inLanguage":"pt-BR"},{"@type":"Person","@id":"https:\/\/portalnpm.com\/#\/schema\/person\/49313e563cfdefcc167f1ee4c017c294","name":"Genival Barbosa","image":{"@type":"ImageObject","inLanguage":"pt-BR","@id":"https:\/\/portalnpm.com\/#\/schema\/person\/image\/","url":"https:\/\/portalnpm.com\/wp-content\/uploads\/2024\/02\/avatar_user_2_1707743258-96x96.jpeg","contentUrl":"https:\/\/portalnpm.com\/wp-content\/uploads\/2024\/02\/avatar_user_2_1707743258-96x96.jpeg","caption":"Genival Barbosa"},"url":"https:\/\/portalnpm.com\/index.php\/author\/genival\/"}]}},"jetpack_sharing_enabled":true,"jetpack_featured_media_url":"","_links":{"self":[{"href":"https:\/\/portalnpm.com\/index.php\/wp-json\/wp\/v2\/posts\/36227"}],"collection":[{"href":"https:\/\/portalnpm.com\/index.php\/wp-json\/wp\/v2\/posts"}],"about":[{"href":"https:\/\/portalnpm.com\/index.php\/wp-json\/wp\/v2\/types\/post"}],"author":[{"embeddable":true,"href":"https:\/\/portalnpm.com\/index.php\/wp-json\/wp\/v2\/users\/2"}],"replies":[{"embeddable":true,"href":"https:\/\/portalnpm.com\/index.php\/wp-json\/wp\/v2\/comments?post=36227"}],"version-history":[{"count":0,"href":"https:\/\/portalnpm.com\/index.php\/wp-json\/wp\/v2\/posts\/36227\/revisions"}],"wp:featuredmedia":[{"embeddable":true,"href":"https:\/\/portalnpm.com\/index.php\/wp-json\/"}],"wp:attachment":[{"href":"https:\/\/portalnpm.com\/index.php\/wp-json\/wp\/v2\/media?parent=36227"}],"wp:term":[{"taxonomy":"category","embeddable":true,"href":"https:\/\/portalnpm.com\/index.php\/wp-json\/wp\/v2\/categories?post=36227"},{"taxonomy":"post_tag","embeddable":true,"href":"https:\/\/portalnpm.com\/index.php\/wp-json\/wp\/v2\/tags?post=36227"}],"curies":[{"name":"wp","href":"https:\/\/api.w.org\/{rel}","templated":true}]}}