{"id":36248,"date":"2021-08-31T20:01:25","date_gmt":"2021-08-31T23:01:25","guid":{"rendered":"https:\/\/backupnpm.codetainer.com.br\/?p=36248"},"modified":"2021-08-31T20:01:25","modified_gmt":"2021-08-31T23:01:25","slug":"alagoinha-do-piaui-morre-aos-34-anos-a-professora-paloma-alencar-vitima-da-covid-19","status":"publish","type":"post","link":"https:\/\/portalnpm.com\/index.php\/2021\/08\/31\/alagoinha-do-piaui-morre-aos-34-anos-a-professora-paloma-alencar-vitima-da-covid-19\/","title":{"rendered":"Alagoinha do Piau\u00ed | Morre aos 34 anos a professora Paloma Alencar, v\u00edtima da Covid-19"},"content":{"rendered":"<article class=\"single_content single-post-item  post type-post\">\n<header class=\"entry-header\">\n<p style=\"text-align: justify;\">Faleceu no in\u00edcio da tarde dessa ter\u00e7a-feira, 31 de agosto, a professora Paloma Alencar, aos 34 anos de idade, v\u00edtima da Covid-19.<\/p>\n<p style=\"text-align: justify;\">\n<p style=\"text-align: justify;\">\n<p style=\"text-align: justify;\">Ela estava gr\u00e1vida de 07 meses quando no \u00faltimo dia 09 de agosto foi internada e em seguida entubada, em um hospital de Teresina, ap\u00f3s ter sido diagnosticada com a covid-19.<\/p>\n<p style=\"text-align: justify;\">Segundo informa\u00e7\u00f5es repassadas, Paloma teve que ser submetida recentemente \u00e0 uma interven\u00e7\u00e3o cir\u00fargica cesariana ap\u00f3s romper a\u00a0 bolsa prematuramente e entrar em trabalho de parto.<\/p>\n<p style=\"text-align: justify;\">Paloma Alencar nasceu em Alagoinha do Piau\u00ed e atuava enquanto professora na rede municipal de PIO IX. Neste ano ela havia sido promovida para o cargo de diretora de umas das unidades escolares.<\/p>\n<p style=\"text-align: justify;\">A professora completaria 35 anos de idade no pr\u00f3ximo dia 29 de setembro. Ela era casada e partiu deixando o esposo e um filho rec\u00e9m-nascido.<\/p>\n<p style=\"text-align: justify;\">O Sindicato dos Trabalhadores em Educa\u00e7\u00e3o do Piau\u00ed \u2013 Regional de Pio IX (SINTE) emitiu uma nota de pesar na qual manifesta a sua solidariedade aos familiares e amigos enlutados:<\/p>\n<p style=\"text-align: justify;\">\n<p style=\"text-align: justify;\"><img fetchpriority=\"high\" decoding=\"async\" class=\"alignnone size-full wp-image-249949\" src=\"https:\/\/www.piauiemfoco.com.br\/wp-content\/uploads\/2021\/08\/IMG-20210831-WA0152.jpg\" sizes=\"(max-width: 1080px) 100vw, 1080px\" srcset=\"https:\/\/www.piauiemfoco.com.br\/wp-content\/uploads\/2021\/08\/IMG-20210831-WA0152.jpg 1080w, https:\/\/www.piauiemfoco.com.br\/wp-content\/uploads\/2021\/08\/IMG-20210831-WA0152-300x300.jpg 300w, https:\/\/www.piauiemfoco.com.br\/wp-content\/uploads\/2021\/08\/IMG-20210831-WA0152-1024x1024.jpg 1024w, https:\/\/www.piauiemfoco.com.br\/wp-content\/uploads\/2021\/08\/IMG-20210831-WA0152-768x768.jpg 768w, https:\/\/www.piauiemfoco.com.br\/wp-content\/uploads\/2021\/08\/IMG-20210831-WA0152-640x640.jpg 640w\" alt=\"\" width=\"1080\" height=\"1080\" \/><\/p>\n<\/header>\n<\/article>\n<div class=\"row\">\n<div id=\"comments\" class=\" comments-area\">\n<div id=\"respond\" class=\"comment-respond\">\n<h3 id=\"reply-title\" class=\"comment-reply-title\" style=\"text-align: justify;\"><strong>Fonte:\u00a0 Piau\u00ed em Foco<\/strong><\/h3>\n<\/div>\n<\/div>\n<\/div>\n","protected":false},"excerpt":{"rendered":"<p>Faleceu no in\u00edcio da tarde dessa ter\u00e7a-feira, 31 de agosto, a professora Paloma Alencar, aos 34 anos de idade, v\u00edtima da Covid-19. Ela estava gr\u00e1vida de 07 meses quando no \u00faltimo dia 09 de agosto foi internada e em seguida entubada, em um hospital de Teresina, ap\u00f3s ter sido diagnosticada com a covid-19. Segundo informa\u00e7\u00f5es &hellip;<\/p>\n","protected":false},"author":2,"featured_media":36249,"comment_status":"open","ping_status":"open","sticky":false,"template":"","format":"standard","meta":{"content-type":"","rop_custom_images_group":[],"rop_custom_messages_group":[],"rop_publish_now":"initial","rop_publish_now_accounts":{"facebook_2648258775420054_1618374048415101":""},"rop_publish_now_history":[],"rop_publish_now_status":"pending","footnotes":"","_jetpack_memberships_contains_paid_content":false},"categories":[144,109],"tags":[1216,132,625],"yoast_head":"<!-- This site is optimized with the Yoast SEO plugin v22.3 - https:\/\/yoast.com\/wordpress\/plugins\/seo\/ -->\n<title>Alagoinha do Piau\u00ed | Morre aos 34 anos a professora Paloma Alencar, v\u00edtima da Covid-19 - Portal NPM<\/title>\n<meta name=\"robots\" content=\"index, follow, max-snippet:-1, max-image-preview:large, max-video-preview:-1\" \/>\n<link rel=\"canonical\" href=\"https:\/\/portalnpm.com\/index.php\/2021\/08\/31\/alagoinha-do-piaui-morre-aos-34-anos-a-professora-paloma-alencar-vitima-da-covid-19\/\" \/>\n<meta property=\"og:locale\" content=\"pt_BR\" \/>\n<meta property=\"og:type\" content=\"article\" \/>\n<meta property=\"og:title\" content=\"Alagoinha do Piau\u00ed | Morre aos 34 anos a professora Paloma Alencar, v\u00edtima da Covid-19 - Portal NPM\" \/>\n<meta property=\"og:description\" content=\"Faleceu no in\u00edcio da tarde dessa ter\u00e7a-feira, 31 de agosto, a professora Paloma Alencar, aos 34 anos de idade, v\u00edtima da Covid-19. Ela estava gr\u00e1vida de 07 meses quando no \u00faltimo dia 09 de agosto foi internada e em seguida entubada, em um hospital de Teresina, ap\u00f3s ter sido diagnosticada com a covid-19. Segundo informa\u00e7\u00f5es &hellip;\" \/>\n<meta property=\"og:url\" content=\"https:\/\/portalnpm.com\/index.php\/2021\/08\/31\/alagoinha-do-piaui-morre-aos-34-anos-a-professora-paloma-alencar-vitima-da-covid-19\/\" \/>\n<meta property=\"og:site_name\" content=\"Portal NPM\" \/>\n<meta property=\"article:published_time\" content=\"2021-08-31T23:01:25+00:00\" \/>\n<meta name=\"author\" content=\"Genival Barbosa\" \/>\n<meta name=\"twitter:card\" content=\"summary_large_image\" \/>\n<meta name=\"twitter:label1\" content=\"Escrito por\" \/>\n\t<meta name=\"twitter:data1\" content=\"Genival Barbosa\" \/>\n\t<meta name=\"twitter:label2\" content=\"Est. tempo de leitura\" \/>\n\t<meta name=\"twitter:data2\" content=\"1 minuto\" \/>\n<script type=\"application\/ld+json\" class=\"yoast-schema-graph\">{\"@context\":\"https:\/\/schema.org\",\"@graph\":[{\"@type\":\"WebPage\",\"@id\":\"https:\/\/portalnpm.com\/index.php\/2021\/08\/31\/alagoinha-do-piaui-morre-aos-34-anos-a-professora-paloma-alencar-vitima-da-covid-19\/\",\"url\":\"https:\/\/portalnpm.com\/index.php\/2021\/08\/31\/alagoinha-do-piaui-morre-aos-34-anos-a-professora-paloma-alencar-vitima-da-covid-19\/\",\"name\":\"Alagoinha do Piau\u00ed | Morre aos 34 anos a professora Paloma Alencar, v\u00edtima da Covid-19 - Portal NPM\",\"isPartOf\":{\"@id\":\"https:\/\/portalnpm.com\/#website\"},\"primaryImageOfPage\":{\"@id\":\"https:\/\/portalnpm.com\/index.php\/2021\/08\/31\/alagoinha-do-piaui-morre-aos-34-anos-a-professora-paloma-alencar-vitima-da-covid-19\/#primaryimage\"},\"image\":{\"@id\":\"https:\/\/portalnpm.com\/index.php\/2021\/08\/31\/alagoinha-do-piaui-morre-aos-34-anos-a-professora-paloma-alencar-vitima-da-covid-19\/#primaryimage\"},\"thumbnailUrl\":\"\",\"datePublished\":\"2021-08-31T23:01:25+00:00\",\"dateModified\":\"2021-08-31T23:01:25+00:00\",\"author\":{\"@id\":\"https:\/\/portalnpm.com\/#\/schema\/person\/49313e563cfdefcc167f1ee4c017c294\"},\"breadcrumb\":{\"@id\":\"https:\/\/portalnpm.com\/index.php\/2021\/08\/31\/alagoinha-do-piaui-morre-aos-34-anos-a-professora-paloma-alencar-vitima-da-covid-19\/#breadcrumb\"},\"inLanguage\":\"pt-BR\",\"potentialAction\":[{\"@type\":\"ReadAction\",\"target\":[\"https:\/\/portalnpm.com\/index.php\/2021\/08\/31\/alagoinha-do-piaui-morre-aos-34-anos-a-professora-paloma-alencar-vitima-da-covid-19\/\"]}]},{\"@type\":\"ImageObject\",\"inLanguage\":\"pt-BR\",\"@id\":\"https:\/\/portalnpm.com\/index.php\/2021\/08\/31\/alagoinha-do-piaui-morre-aos-34-anos-a-professora-paloma-alencar-vitima-da-covid-19\/#primaryimage\",\"url\":\"\",\"contentUrl\":\"\"},{\"@type\":\"BreadcrumbList\",\"@id\":\"https:\/\/portalnpm.com\/index.php\/2021\/08\/31\/alagoinha-do-piaui-morre-aos-34-anos-a-professora-paloma-alencar-vitima-da-covid-19\/#breadcrumb\",\"itemListElement\":[{\"@type\":\"ListItem\",\"position\":1,\"name\":\"In\u00edcio\",\"item\":\"https:\/\/portalnpm.com\/\"},{\"@type\":\"ListItem\",\"position\":2,\"name\":\"Alagoinha do Piau\u00ed | Morre aos 34 anos a professora Paloma Alencar, v\u00edtima da Covid-19\"}]},{\"@type\":\"WebSite\",\"@id\":\"https:\/\/portalnpm.com\/#website\",\"url\":\"https:\/\/portalnpm.com\/\",\"name\":\"Portal NPM\",\"description\":\"Not\u00edcias em Primeira M\u00e3o\",\"potentialAction\":[{\"@type\":\"SearchAction\",\"target\":{\"@type\":\"EntryPoint\",\"urlTemplate\":\"https:\/\/portalnpm.com\/?s={search_term_string}\"},\"query-input\":\"required name=search_term_string\"}],\"inLanguage\":\"pt-BR\"},{\"@type\":\"Person\",\"@id\":\"https:\/\/portalnpm.com\/#\/schema\/person\/49313e563cfdefcc167f1ee4c017c294\",\"name\":\"Genival Barbosa\",\"image\":{\"@type\":\"ImageObject\",\"inLanguage\":\"pt-BR\",\"@id\":\"https:\/\/portalnpm.com\/#\/schema\/person\/image\/\",\"url\":\"https:\/\/portalnpm.com\/wp-content\/uploads\/2024\/02\/avatar_user_2_1707743258-96x96.jpeg\",\"contentUrl\":\"https:\/\/portalnpm.com\/wp-content\/uploads\/2024\/02\/avatar_user_2_1707743258-96x96.jpeg\",\"caption\":\"Genival Barbosa\"},\"url\":\"https:\/\/portalnpm.com\/index.php\/author\/genival\/\"}]}<\/script>\n<!-- \/ Yoast SEO plugin. -->","yoast_head_json":{"title":"Alagoinha do Piau\u00ed | Morre aos 34 anos a professora Paloma Alencar, v\u00edtima da Covid-19 - Portal NPM","robots":{"index":"index","follow":"follow","max-snippet":"max-snippet:-1","max-image-preview":"max-image-preview:large","max-video-preview":"max-video-preview:-1"},"canonical":"https:\/\/portalnpm.com\/index.php\/2021\/08\/31\/alagoinha-do-piaui-morre-aos-34-anos-a-professora-paloma-alencar-vitima-da-covid-19\/","og_locale":"pt_BR","og_type":"article","og_title":"Alagoinha do Piau\u00ed | Morre aos 34 anos a professora Paloma Alencar, v\u00edtima da Covid-19 - Portal NPM","og_description":"Faleceu no in\u00edcio da tarde dessa ter\u00e7a-feira, 31 de agosto, a professora Paloma Alencar, aos 34 anos de idade, v\u00edtima da Covid-19. Ela estava gr\u00e1vida de 07 meses quando no \u00faltimo dia 09 de agosto foi internada e em seguida entubada, em um hospital de Teresina, ap\u00f3s ter sido diagnosticada com a covid-19. Segundo informa\u00e7\u00f5es &hellip;","og_url":"https:\/\/portalnpm.com\/index.php\/2021\/08\/31\/alagoinha-do-piaui-morre-aos-34-anos-a-professora-paloma-alencar-vitima-da-covid-19\/","og_site_name":"Portal NPM","article_published_time":"2021-08-31T23:01:25+00:00","author":"Genival Barbosa","twitter_card":"summary_large_image","twitter_misc":{"Escrito por":"Genival Barbosa","Est. tempo de leitura":"1 minuto"},"schema":{"@context":"https:\/\/schema.org","@graph":[{"@type":"WebPage","@id":"https:\/\/portalnpm.com\/index.php\/2021\/08\/31\/alagoinha-do-piaui-morre-aos-34-anos-a-professora-paloma-alencar-vitima-da-covid-19\/","url":"https:\/\/portalnpm.com\/index.php\/2021\/08\/31\/alagoinha-do-piaui-morre-aos-34-anos-a-professora-paloma-alencar-vitima-da-covid-19\/","name":"Alagoinha do Piau\u00ed | Morre aos 34 anos a professora Paloma Alencar, v\u00edtima da Covid-19 - Portal NPM","isPartOf":{"@id":"https:\/\/portalnpm.com\/#website"},"primaryImageOfPage":{"@id":"https:\/\/portalnpm.com\/index.php\/2021\/08\/31\/alagoinha-do-piaui-morre-aos-34-anos-a-professora-paloma-alencar-vitima-da-covid-19\/#primaryimage"},"image":{"@id":"https:\/\/portalnpm.com\/index.php\/2021\/08\/31\/alagoinha-do-piaui-morre-aos-34-anos-a-professora-paloma-alencar-vitima-da-covid-19\/#primaryimage"},"thumbnailUrl":"","datePublished":"2021-08-31T23:01:25+00:00","dateModified":"2021-08-31T23:01:25+00:00","author":{"@id":"https:\/\/portalnpm.com\/#\/schema\/person\/49313e563cfdefcc167f1ee4c017c294"},"breadcrumb":{"@id":"https:\/\/portalnpm.com\/index.php\/2021\/08\/31\/alagoinha-do-piaui-morre-aos-34-anos-a-professora-paloma-alencar-vitima-da-covid-19\/#breadcrumb"},"inLanguage":"pt-BR","potentialAction":[{"@type":"ReadAction","target":["https:\/\/portalnpm.com\/index.php\/2021\/08\/31\/alagoinha-do-piaui-morre-aos-34-anos-a-professora-paloma-alencar-vitima-da-covid-19\/"]}]},{"@type":"ImageObject","inLanguage":"pt-BR","@id":"https:\/\/portalnpm.com\/index.php\/2021\/08\/31\/alagoinha-do-piaui-morre-aos-34-anos-a-professora-paloma-alencar-vitima-da-covid-19\/#primaryimage","url":"","contentUrl":""},{"@type":"BreadcrumbList","@id":"https:\/\/portalnpm.com\/index.php\/2021\/08\/31\/alagoinha-do-piaui-morre-aos-34-anos-a-professora-paloma-alencar-vitima-da-covid-19\/#breadcrumb","itemListElement":[{"@type":"ListItem","position":1,"name":"In\u00edcio","item":"https:\/\/portalnpm.com\/"},{"@type":"ListItem","position":2,"name":"Alagoinha do Piau\u00ed | Morre aos 34 anos a professora Paloma Alencar, v\u00edtima da Covid-19"}]},{"@type":"WebSite","@id":"https:\/\/portalnpm.com\/#website","url":"https:\/\/portalnpm.com\/","name":"Portal NPM","description":"Not\u00edcias em Primeira M\u00e3o","potentialAction":[{"@type":"SearchAction","target":{"@type":"EntryPoint","urlTemplate":"https:\/\/portalnpm.com\/?s={search_term_string}"},"query-input":"required name=search_term_string"}],"inLanguage":"pt-BR"},{"@type":"Person","@id":"https:\/\/portalnpm.com\/#\/schema\/person\/49313e563cfdefcc167f1ee4c017c294","name":"Genival Barbosa","image":{"@type":"ImageObject","inLanguage":"pt-BR","@id":"https:\/\/portalnpm.com\/#\/schema\/person\/image\/","url":"https:\/\/portalnpm.com\/wp-content\/uploads\/2024\/02\/avatar_user_2_1707743258-96x96.jpeg","contentUrl":"https:\/\/portalnpm.com\/wp-content\/uploads\/2024\/02\/avatar_user_2_1707743258-96x96.jpeg","caption":"Genival Barbosa"},"url":"https:\/\/portalnpm.com\/index.php\/author\/genival\/"}]}},"jetpack_sharing_enabled":true,"jetpack_featured_media_url":"","_links":{"self":[{"href":"https:\/\/portalnpm.com\/index.php\/wp-json\/wp\/v2\/posts\/36248"}],"collection":[{"href":"https:\/\/portalnpm.com\/index.php\/wp-json\/wp\/v2\/posts"}],"about":[{"href":"https:\/\/portalnpm.com\/index.php\/wp-json\/wp\/v2\/types\/post"}],"author":[{"embeddable":true,"href":"https:\/\/portalnpm.com\/index.php\/wp-json\/wp\/v2\/users\/2"}],"replies":[{"embeddable":true,"href":"https:\/\/portalnpm.com\/index.php\/wp-json\/wp\/v2\/comments?post=36248"}],"version-history":[{"count":0,"href":"https:\/\/portalnpm.com\/index.php\/wp-json\/wp\/v2\/posts\/36248\/revisions"}],"wp:featuredmedia":[{"embeddable":true,"href":"https:\/\/portalnpm.com\/index.php\/wp-json\/"}],"wp:attachment":[{"href":"https:\/\/portalnpm.com\/index.php\/wp-json\/wp\/v2\/media?parent=36248"}],"wp:term":[{"taxonomy":"category","embeddable":true,"href":"https:\/\/portalnpm.com\/index.php\/wp-json\/wp\/v2\/categories?post=36248"},{"taxonomy":"post_tag","embeddable":true,"href":"https:\/\/portalnpm.com\/index.php\/wp-json\/wp\/v2\/tags?post=36248"}],"curies":[{"name":"wp","href":"https:\/\/api.w.org\/{rel}","templated":true}]}}