{"id":36347,"date":"2021-09-05T10:40:45","date_gmt":"2021-09-05T13:40:45","guid":{"rendered":"https:\/\/backupnpm.codetainer.com.br\/?p=36347"},"modified":"2021-09-05T10:40:45","modified_gmt":"2021-09-05T13:40:45","slug":"vaca-louca-faz-pais-suspender-vendas-de-carnes-a-china","status":"publish","type":"post","link":"https:\/\/portalnpm.com\/index.php\/2021\/09\/05\/vaca-louca-faz-pais-suspender-vendas-de-carnes-a-china\/","title":{"rendered":"&#8216;Vaca louca&#8217; faz Pa\u00eds suspender vendas de carnes \u00e0 China"},"content":{"rendered":"<p style=\"text-align: justify;\">O Minist\u00e9rio da Agricultura confirmou neste s\u00e1bado, 4, a exist\u00eancia de dois casos do chamado &#8220;mal da vaca louca&#8221;, como \u00e9 conhecida a Encefalopatia Espongiforme Bovina (EEB), em frigor\u00edficos de Nova Cana\u00e3 do Norte (MT) e de Belo Horizonte (MG). Al\u00e9m das notifica\u00e7\u00f5es protocolares, o governo decidiu pela suspens\u00e3o das exporta\u00e7\u00f5es de carne bovina para a China, seguindo o compromisso de protocolo sanit\u00e1rio firmado entre os dois pa\u00edses.<\/p>\n<p style=\"text-align: justify;\">\n<p style=\"text-align: justify;\">\n<p style=\"text-align: justify;\">De acordo com a Secretaria de Defesa Agropecu\u00e1ria, estes s\u00e3o o quarto e o quinto casos de EEB at\u00edpica registrados em 23 anos de vigil\u00e2ncia para a doen\u00e7a &#8211; o Brasil nunca registrou a ocorr\u00eancia de caso de EEB cl\u00e1ssica.<\/p>\n<p style=\"text-align: justify;\">A EEB at\u00edpica, segundo o minist\u00e9rio, ocorre de maneira espont\u00e2nea e espor\u00e1dica, e n\u00e3o est\u00e1 relacionada \u00e0 ingest\u00e3o de alimentos contaminados. \u00c9 verificada uma muta\u00e7\u00e3o em um \u00fanico animal. J\u00e1 a do tipo cl\u00e1ssico est\u00e1 relacionada \u00e0 contamina\u00e7\u00e3o por alimenta\u00e7\u00e3o, quando h\u00e1 a possibilidade de afetar uma maior quantidade de animais do rebanho &#8211; como aconteceu entre 1992 e 1993 no Reino Unido.<\/p>\n<p style=\"text-align: justify;\">A China \u00e9 o maior parceiro comercial do Pa\u00eds. Junto com Hong Kong, o pa\u00eds asi\u00e1tico respondeu por uma fatia de 59% da receita e do volume exportado pelo Brasil em carne bovina (in natura e processada) desde o in\u00edcio do ano, de acordo com dados divulgados no s\u00e1bado pela Associa\u00e7\u00e3o Brasileira de Frigor\u00edficos<\/p>\n<p style=\"text-align: justify;\">&#8220;Todas as a\u00e7\u00f5es sanit\u00e1rias de mitiga\u00e7\u00e3o de risco foram conclu\u00eddas antes mesmo da emiss\u00e3o do resultado final pelo laborat\u00f3rio de refer\u00eancia da Organiza\u00e7\u00e3o Mundial de Sa\u00fade Animal (OIE), em Alberta, no Canad\u00e1. Portanto, n\u00e3o h\u00e1 risco para a sa\u00fade humana e animal&#8221;, diz a pasta em nota. Os casos foram detectados durante inspe\u00e7\u00e3o &#8220;ante-mortem&#8221;, procedimento usado para animais que apresentam idade avan\u00e7ada.<\/p>\n<p style=\"text-align: justify;\">O minist\u00e9rio afirmou ainda que obteve a confirma\u00e7\u00e3o na sexta-feira e que, na sequ\u00eancia, informou oficialmente a OIE. A suspens\u00e3o das vendas para a China seguir\u00e1 at\u00e9 que as autoridades do pa\u00eds asi\u00e1tico concluam a avalia\u00e7\u00e3o das informa\u00e7\u00f5es repassadas sobre os casos. H\u00e1 dois anos, quando o Brasil tamb\u00e9m registrou um caso at\u00edpico do mal da vaca louca, as exporta\u00e7\u00f5es para China ficaram suspensas por quase 15 dias.<\/p>\n<p style=\"text-align: justify;\">&#8220;A OIE exclui a ocorr\u00eancia de casos de EEB at\u00edpica para efeitos do reconhecimento do status oficial de risco do pa\u00eds&#8221;, diz o minist\u00e9rio. Desta forma, conforme o governo, o Brasil mant\u00e9m sua classifica\u00e7\u00e3o como pa\u00eds de risco insignificante para a doen\u00e7a, o que n\u00e3o justificaria qualquer impacto no com\u00e9rcio de animais e seus produtos e subprodutos.<\/p>\n<p style=\"text-align: justify;\"><strong>Solu\u00e7\u00e3o r\u00e1pida<\/strong><\/p>\n<p style=\"text-align: justify;\">Segundo o pecuarista Pedro de Camargo Neto, consultor em agroneg\u00f3cio e ex-presidente da Sociedade Rural Brasileira, a suspens\u00e3o tende a ser algo moment\u00e2neo, visto que os casos s\u00e3o at\u00edpicos, ou seja, n\u00e3o existe nada generalizado.<\/p>\n<p style=\"text-align: justify;\">O especialista aponta que a decis\u00e3o do Minist\u00e9rio da Agricultura de suspender a exporta\u00e7\u00e3o \u00e9 uma forma de se antecipar ao problema. Casos semelhantes j\u00e1 ocorreram no passado, inclusive em outros pa\u00edses, frisa.<\/p>\n<p style=\"text-align: justify;\">Agora, o foco ser\u00e1 a realiza\u00e7\u00e3o de exames para se provar que os casos s\u00e3o de fato at\u00edpicos, e, com a documenta\u00e7\u00e3o em m\u00e3os, abre-se novamente as exporta\u00e7\u00f5es.<\/p>\n<p style=\"text-align: justify;\">A vantagem com essa medida, segundo Camargo Neto, \u00e9 que o Brasil passa a ter maior controle da situa\u00e7\u00e3o, evitando, dessa forma, que a decis\u00e3o de suspens\u00e3o de neg\u00f3cios venha da China.<\/p>\n<p style=\"text-align: justify;\"><em>Fonte: Estad\u00e3o Conte\u00fado<\/em><\/p>\n","protected":false},"excerpt":{"rendered":"<p>O Minist\u00e9rio da Agricultura confirmou neste s\u00e1bado, 4, a exist\u00eancia de dois casos do chamado &#8220;mal da vaca louca&#8221;, como \u00e9 conhecida a Encefalopatia Espongiforme Bovina (EEB), em frigor\u00edficos de Nova Cana\u00e3 do Norte (MT) e de Belo Horizonte (MG). Al\u00e9m das notifica\u00e7\u00f5es protocolares, o governo decidiu pela suspens\u00e3o das exporta\u00e7\u00f5es de carne bovina para &hellip;<\/p>\n","protected":false},"author":2,"featured_media":36348,"comment_status":"open","ping_status":"open","sticky":false,"template":"","format":"standard","meta":{"content-type":"","rop_custom_images_group":[],"rop_custom_messages_group":[],"rop_publish_now":"initial","rop_publish_now_accounts":{"facebook_2648258775420054_1618374048415101":""},"rop_publish_now_history":[],"rop_publish_now_status":"pending","footnotes":"","_jetpack_memberships_contains_paid_content":false},"categories":[901],"tags":[674,3350,14820],"yoast_head":"<!-- This site is optimized with the Yoast SEO plugin v22.3 - https:\/\/yoast.com\/wordpress\/plugins\/seo\/ -->\n<title>&#039;Vaca louca&#039; faz Pa\u00eds suspender vendas de carnes \u00e0 China - Portal NPM<\/title>\n<meta name=\"robots\" content=\"index, follow, max-snippet:-1, max-image-preview:large, max-video-preview:-1\" \/>\n<link rel=\"canonical\" href=\"https:\/\/portalnpm.com\/index.php\/2021\/09\/05\/vaca-louca-faz-pais-suspender-vendas-de-carnes-a-china\/\" \/>\n<meta property=\"og:locale\" content=\"pt_BR\" \/>\n<meta property=\"og:type\" content=\"article\" \/>\n<meta property=\"og:title\" content=\"&#039;Vaca louca&#039; faz Pa\u00eds suspender vendas de carnes \u00e0 China - Portal NPM\" \/>\n<meta property=\"og:description\" content=\"O Minist\u00e9rio da Agricultura confirmou neste s\u00e1bado, 4, a exist\u00eancia de dois casos do chamado &#8220;mal da vaca louca&#8221;, como \u00e9 conhecida a Encefalopatia Espongiforme Bovina (EEB), em frigor\u00edficos de Nova Cana\u00e3 do Norte (MT) e de Belo Horizonte (MG). Al\u00e9m das notifica\u00e7\u00f5es protocolares, o governo decidiu pela suspens\u00e3o das exporta\u00e7\u00f5es de carne bovina para &hellip;\" \/>\n<meta property=\"og:url\" content=\"https:\/\/portalnpm.com\/index.php\/2021\/09\/05\/vaca-louca-faz-pais-suspender-vendas-de-carnes-a-china\/\" \/>\n<meta property=\"og:site_name\" content=\"Portal NPM\" \/>\n<meta property=\"article:published_time\" content=\"2021-09-05T13:40:45+00:00\" \/>\n<meta name=\"author\" content=\"Genival Barbosa\" \/>\n<meta name=\"twitter:card\" content=\"summary_large_image\" \/>\n<meta name=\"twitter:label1\" content=\"Escrito por\" \/>\n\t<meta name=\"twitter:data1\" content=\"Genival Barbosa\" \/>\n\t<meta name=\"twitter:label2\" content=\"Est. tempo de leitura\" \/>\n\t<meta name=\"twitter:data2\" content=\"3 minutos\" \/>\n<script type=\"application\/ld+json\" class=\"yoast-schema-graph\">{\"@context\":\"https:\/\/schema.org\",\"@graph\":[{\"@type\":\"WebPage\",\"@id\":\"https:\/\/portalnpm.com\/index.php\/2021\/09\/05\/vaca-louca-faz-pais-suspender-vendas-de-carnes-a-china\/\",\"url\":\"https:\/\/portalnpm.com\/index.php\/2021\/09\/05\/vaca-louca-faz-pais-suspender-vendas-de-carnes-a-china\/\",\"name\":\"'Vaca louca' faz Pa\u00eds suspender vendas de carnes \u00e0 China - Portal NPM\",\"isPartOf\":{\"@id\":\"https:\/\/portalnpm.com\/#website\"},\"primaryImageOfPage\":{\"@id\":\"https:\/\/portalnpm.com\/index.php\/2021\/09\/05\/vaca-louca-faz-pais-suspender-vendas-de-carnes-a-china\/#primaryimage\"},\"image\":{\"@id\":\"https:\/\/portalnpm.com\/index.php\/2021\/09\/05\/vaca-louca-faz-pais-suspender-vendas-de-carnes-a-china\/#primaryimage\"},\"thumbnailUrl\":\"\",\"datePublished\":\"2021-09-05T13:40:45+00:00\",\"dateModified\":\"2021-09-05T13:40:45+00:00\",\"author\":{\"@id\":\"https:\/\/portalnpm.com\/#\/schema\/person\/49313e563cfdefcc167f1ee4c017c294\"},\"breadcrumb\":{\"@id\":\"https:\/\/portalnpm.com\/index.php\/2021\/09\/05\/vaca-louca-faz-pais-suspender-vendas-de-carnes-a-china\/#breadcrumb\"},\"inLanguage\":\"pt-BR\",\"potentialAction\":[{\"@type\":\"ReadAction\",\"target\":[\"https:\/\/portalnpm.com\/index.php\/2021\/09\/05\/vaca-louca-faz-pais-suspender-vendas-de-carnes-a-china\/\"]}]},{\"@type\":\"ImageObject\",\"inLanguage\":\"pt-BR\",\"@id\":\"https:\/\/portalnpm.com\/index.php\/2021\/09\/05\/vaca-louca-faz-pais-suspender-vendas-de-carnes-a-china\/#primaryimage\",\"url\":\"\",\"contentUrl\":\"\"},{\"@type\":\"BreadcrumbList\",\"@id\":\"https:\/\/portalnpm.com\/index.php\/2021\/09\/05\/vaca-louca-faz-pais-suspender-vendas-de-carnes-a-china\/#breadcrumb\",\"itemListElement\":[{\"@type\":\"ListItem\",\"position\":1,\"name\":\"In\u00edcio\",\"item\":\"https:\/\/portalnpm.com\/\"},{\"@type\":\"ListItem\",\"position\":2,\"name\":\"&#8216;Vaca louca&#8217; faz Pa\u00eds suspender vendas de carnes \u00e0 China\"}]},{\"@type\":\"WebSite\",\"@id\":\"https:\/\/portalnpm.com\/#website\",\"url\":\"https:\/\/portalnpm.com\/\",\"name\":\"Portal NPM\",\"description\":\"Not\u00edcias em Primeira M\u00e3o\",\"potentialAction\":[{\"@type\":\"SearchAction\",\"target\":{\"@type\":\"EntryPoint\",\"urlTemplate\":\"https:\/\/portalnpm.com\/?s={search_term_string}\"},\"query-input\":\"required name=search_term_string\"}],\"inLanguage\":\"pt-BR\"},{\"@type\":\"Person\",\"@id\":\"https:\/\/portalnpm.com\/#\/schema\/person\/49313e563cfdefcc167f1ee4c017c294\",\"name\":\"Genival Barbosa\",\"image\":{\"@type\":\"ImageObject\",\"inLanguage\":\"pt-BR\",\"@id\":\"https:\/\/portalnpm.com\/#\/schema\/person\/image\/\",\"url\":\"https:\/\/portalnpm.com\/wp-content\/uploads\/2024\/02\/avatar_user_2_1707743258-96x96.jpeg\",\"contentUrl\":\"https:\/\/portalnpm.com\/wp-content\/uploads\/2024\/02\/avatar_user_2_1707743258-96x96.jpeg\",\"caption\":\"Genival Barbosa\"},\"url\":\"https:\/\/portalnpm.com\/index.php\/author\/genival\/\"}]}<\/script>\n<!-- \/ Yoast SEO plugin. -->","yoast_head_json":{"title":"'Vaca louca' faz Pa\u00eds suspender vendas de carnes \u00e0 China - Portal NPM","robots":{"index":"index","follow":"follow","max-snippet":"max-snippet:-1","max-image-preview":"max-image-preview:large","max-video-preview":"max-video-preview:-1"},"canonical":"https:\/\/portalnpm.com\/index.php\/2021\/09\/05\/vaca-louca-faz-pais-suspender-vendas-de-carnes-a-china\/","og_locale":"pt_BR","og_type":"article","og_title":"'Vaca louca' faz Pa\u00eds suspender vendas de carnes \u00e0 China - Portal NPM","og_description":"O Minist\u00e9rio da Agricultura confirmou neste s\u00e1bado, 4, a exist\u00eancia de dois casos do chamado &#8220;mal da vaca louca&#8221;, como \u00e9 conhecida a Encefalopatia Espongiforme Bovina (EEB), em frigor\u00edficos de Nova Cana\u00e3 do Norte (MT) e de Belo Horizonte (MG). Al\u00e9m das notifica\u00e7\u00f5es protocolares, o governo decidiu pela suspens\u00e3o das exporta\u00e7\u00f5es de carne bovina para &hellip;","og_url":"https:\/\/portalnpm.com\/index.php\/2021\/09\/05\/vaca-louca-faz-pais-suspender-vendas-de-carnes-a-china\/","og_site_name":"Portal NPM","article_published_time":"2021-09-05T13:40:45+00:00","author":"Genival Barbosa","twitter_card":"summary_large_image","twitter_misc":{"Escrito por":"Genival Barbosa","Est. tempo de leitura":"3 minutos"},"schema":{"@context":"https:\/\/schema.org","@graph":[{"@type":"WebPage","@id":"https:\/\/portalnpm.com\/index.php\/2021\/09\/05\/vaca-louca-faz-pais-suspender-vendas-de-carnes-a-china\/","url":"https:\/\/portalnpm.com\/index.php\/2021\/09\/05\/vaca-louca-faz-pais-suspender-vendas-de-carnes-a-china\/","name":"'Vaca louca' faz Pa\u00eds suspender vendas de carnes \u00e0 China - Portal NPM","isPartOf":{"@id":"https:\/\/portalnpm.com\/#website"},"primaryImageOfPage":{"@id":"https:\/\/portalnpm.com\/index.php\/2021\/09\/05\/vaca-louca-faz-pais-suspender-vendas-de-carnes-a-china\/#primaryimage"},"image":{"@id":"https:\/\/portalnpm.com\/index.php\/2021\/09\/05\/vaca-louca-faz-pais-suspender-vendas-de-carnes-a-china\/#primaryimage"},"thumbnailUrl":"","datePublished":"2021-09-05T13:40:45+00:00","dateModified":"2021-09-05T13:40:45+00:00","author":{"@id":"https:\/\/portalnpm.com\/#\/schema\/person\/49313e563cfdefcc167f1ee4c017c294"},"breadcrumb":{"@id":"https:\/\/portalnpm.com\/index.php\/2021\/09\/05\/vaca-louca-faz-pais-suspender-vendas-de-carnes-a-china\/#breadcrumb"},"inLanguage":"pt-BR","potentialAction":[{"@type":"ReadAction","target":["https:\/\/portalnpm.com\/index.php\/2021\/09\/05\/vaca-louca-faz-pais-suspender-vendas-de-carnes-a-china\/"]}]},{"@type":"ImageObject","inLanguage":"pt-BR","@id":"https:\/\/portalnpm.com\/index.php\/2021\/09\/05\/vaca-louca-faz-pais-suspender-vendas-de-carnes-a-china\/#primaryimage","url":"","contentUrl":""},{"@type":"BreadcrumbList","@id":"https:\/\/portalnpm.com\/index.php\/2021\/09\/05\/vaca-louca-faz-pais-suspender-vendas-de-carnes-a-china\/#breadcrumb","itemListElement":[{"@type":"ListItem","position":1,"name":"In\u00edcio","item":"https:\/\/portalnpm.com\/"},{"@type":"ListItem","position":2,"name":"&#8216;Vaca louca&#8217; faz Pa\u00eds suspender vendas de carnes \u00e0 China"}]},{"@type":"WebSite","@id":"https:\/\/portalnpm.com\/#website","url":"https:\/\/portalnpm.com\/","name":"Portal NPM","description":"Not\u00edcias em Primeira M\u00e3o","potentialAction":[{"@type":"SearchAction","target":{"@type":"EntryPoint","urlTemplate":"https:\/\/portalnpm.com\/?s={search_term_string}"},"query-input":"required name=search_term_string"}],"inLanguage":"pt-BR"},{"@type":"Person","@id":"https:\/\/portalnpm.com\/#\/schema\/person\/49313e563cfdefcc167f1ee4c017c294","name":"Genival Barbosa","image":{"@type":"ImageObject","inLanguage":"pt-BR","@id":"https:\/\/portalnpm.com\/#\/schema\/person\/image\/","url":"https:\/\/portalnpm.com\/wp-content\/uploads\/2024\/02\/avatar_user_2_1707743258-96x96.jpeg","contentUrl":"https:\/\/portalnpm.com\/wp-content\/uploads\/2024\/02\/avatar_user_2_1707743258-96x96.jpeg","caption":"Genival Barbosa"},"url":"https:\/\/portalnpm.com\/index.php\/author\/genival\/"}]}},"jetpack_sharing_enabled":true,"jetpack_featured_media_url":"","_links":{"self":[{"href":"https:\/\/portalnpm.com\/index.php\/wp-json\/wp\/v2\/posts\/36347"}],"collection":[{"href":"https:\/\/portalnpm.com\/index.php\/wp-json\/wp\/v2\/posts"}],"about":[{"href":"https:\/\/portalnpm.com\/index.php\/wp-json\/wp\/v2\/types\/post"}],"author":[{"embeddable":true,"href":"https:\/\/portalnpm.com\/index.php\/wp-json\/wp\/v2\/users\/2"}],"replies":[{"embeddable":true,"href":"https:\/\/portalnpm.com\/index.php\/wp-json\/wp\/v2\/comments?post=36347"}],"version-history":[{"count":0,"href":"https:\/\/portalnpm.com\/index.php\/wp-json\/wp\/v2\/posts\/36347\/revisions"}],"wp:featuredmedia":[{"embeddable":true,"href":"https:\/\/portalnpm.com\/index.php\/wp-json\/"}],"wp:attachment":[{"href":"https:\/\/portalnpm.com\/index.php\/wp-json\/wp\/v2\/media?parent=36347"}],"wp:term":[{"taxonomy":"category","embeddable":true,"href":"https:\/\/portalnpm.com\/index.php\/wp-json\/wp\/v2\/categories?post=36347"},{"taxonomy":"post_tag","embeddable":true,"href":"https:\/\/portalnpm.com\/index.php\/wp-json\/wp\/v2\/tags?post=36347"}],"curies":[{"name":"wp","href":"https:\/\/api.w.org\/{rel}","templated":true}]}}