{"id":36385,"date":"2021-09-07T11:14:27","date_gmt":"2021-09-07T14:14:27","guid":{"rendered":"https:\/\/backupnpm.codetainer.com.br\/?p=36385"},"modified":"2021-09-07T11:14:27","modified_gmt":"2021-09-07T14:14:27","slug":"oms-afirma-que-casos-de-vaca-louca-no-brasil-nao-oferecem-risco","status":"publish","type":"post","link":"https:\/\/portalnpm.com\/index.php\/2021\/09\/07\/oms-afirma-que-casos-de-vaca-louca-no-brasil-nao-oferecem-risco\/","title":{"rendered":"OMS afirma que casos de vaca louca no Brasil n\u00e3o oferecem risco"},"content":{"rendered":"<header>\n<div id=\"menu-bar\" class=\"menu-bar\">\n<div class=\"container\">\n<div id=\"ra_dois\" class=\"tv-radio\" style=\"text-align: justify;\">A Organiza\u00e7\u00e3o Mundial de Sa\u00fade Animal (OIE) informou, nessa segunda-feira (6), que os dois casos at\u00edpicos do mal da vaca louca, registrados em frigor\u00edficos de Belo Horizonte e de Nova Cana\u00e3 do Norte (MT), n\u00e3o representam risco para a cadeia de produ\u00e7\u00e3o bovina do pa\u00eds.<\/div>\n<\/div>\n<\/div>\n<\/header>\n<p><main><\/p>\n<div class=\"container post-content\">\n<blockquote><p>\u201cOs informes foram apresentados pelo Servi\u00e7o Veterin\u00e1rio Oficial do Brasil. Os casos ocorreram de forma independente e isolada e foram confirmados pelo laborat\u00f3rio de refer\u00eancia internacional da OIE, localizado no Canad\u00e1, na \u00faltima sexta-feira (3)\u201d, disse o Mapa em nota.<\/p><\/blockquote>\n<p style=\"text-align: justify;\">O registro dos dois casos provocou a suspens\u00e3o das exporta\u00e7\u00f5es para a China, em cumprimento ao protocolo sanit\u00e1rio firmado entre o pa\u00eds e o Brasil.<\/p>\n<p style=\"text-align: justify;\">De acordo com a Associa\u00e7\u00e3o Brasileira das Ind\u00fastrias Exportadoras de Carnes (Abiec), a China segue como principal destino da carne brasileira. No m\u00eas de julho, o volume total de exporta\u00e7\u00e3o foi de 91.144 toneladas, com crescimento de 11,2%.<\/p>\n<p style=\"text-align: justify;\">Segundo o Mapa, a EEB at\u00edpica ocorre de maneira espont\u00e2nea e espor\u00e1dica e n\u00e3o est\u00e1 relacionada \u00e0 ingest\u00e3o de alimentos contaminados.<\/p>\n<p style=\"text-align: justify;\">*Com informa\u00e7\u00f5es G1<\/p>\n<\/div>\n<p><\/main><\/p>\n","protected":false},"excerpt":{"rendered":"<p>A Organiza\u00e7\u00e3o Mundial de Sa\u00fade Animal (OIE) informou, nessa segunda-feira (6), que os dois casos at\u00edpicos do mal da vaca louca, registrados em frigor\u00edficos de Belo Horizonte e de Nova Cana\u00e3 do Norte (MT), n\u00e3o representam risco para a cadeia de produ\u00e7\u00e3o bovina do pa\u00eds. \u201cOs informes foram apresentados pelo Servi\u00e7o Veterin\u00e1rio Oficial do Brasil. &hellip;<\/p>\n","protected":false},"author":2,"featured_media":36386,"comment_status":"open","ping_status":"open","sticky":false,"template":"","format":"standard","meta":{"content-type":"","rop_custom_images_group":[],"rop_custom_messages_group":[],"rop_publish_now":"initial","rop_publish_now_accounts":{"facebook_2648258775420054_1618374048415101":""},"rop_publish_now_history":[],"rop_publish_now_status":"pending","footnotes":"","_jetpack_memberships_contains_paid_content":false},"categories":[901],"tags":[1612,2947,14820],"yoast_head":"<!-- This site is optimized with the Yoast SEO plugin v22.3 - https:\/\/yoast.com\/wordpress\/plugins\/seo\/ -->\n<title>OMS afirma que casos de vaca louca no Brasil n\u00e3o oferecem risco - Portal NPM<\/title>\n<meta name=\"robots\" content=\"index, follow, max-snippet:-1, max-image-preview:large, max-video-preview:-1\" \/>\n<link rel=\"canonical\" href=\"https:\/\/portalnpm.com\/index.php\/2021\/09\/07\/oms-afirma-que-casos-de-vaca-louca-no-brasil-nao-oferecem-risco\/\" \/>\n<meta property=\"og:locale\" content=\"pt_BR\" \/>\n<meta property=\"og:type\" content=\"article\" \/>\n<meta property=\"og:title\" content=\"OMS afirma que casos de vaca louca no Brasil n\u00e3o oferecem risco - Portal NPM\" \/>\n<meta property=\"og:description\" content=\"A Organiza\u00e7\u00e3o Mundial de Sa\u00fade Animal (OIE) informou, nessa segunda-feira (6), que os dois casos at\u00edpicos do mal da vaca louca, registrados em frigor\u00edficos de Belo Horizonte e de Nova Cana\u00e3 do Norte (MT), n\u00e3o representam risco para a cadeia de produ\u00e7\u00e3o bovina do pa\u00eds. \u201cOs informes foram apresentados pelo Servi\u00e7o Veterin\u00e1rio Oficial do Brasil. &hellip;\" \/>\n<meta property=\"og:url\" content=\"https:\/\/portalnpm.com\/index.php\/2021\/09\/07\/oms-afirma-que-casos-de-vaca-louca-no-brasil-nao-oferecem-risco\/\" \/>\n<meta property=\"og:site_name\" content=\"Portal NPM\" \/>\n<meta property=\"article:published_time\" content=\"2021-09-07T14:14:27+00:00\" \/>\n<meta name=\"author\" content=\"Genival Barbosa\" \/>\n<meta name=\"twitter:card\" content=\"summary_large_image\" \/>\n<meta name=\"twitter:label1\" content=\"Escrito por\" \/>\n\t<meta name=\"twitter:data1\" content=\"Genival Barbosa\" \/>\n\t<meta name=\"twitter:label2\" content=\"Est. tempo de leitura\" \/>\n\t<meta name=\"twitter:data2\" content=\"1 minuto\" \/>\n<script type=\"application\/ld+json\" class=\"yoast-schema-graph\">{\"@context\":\"https:\/\/schema.org\",\"@graph\":[{\"@type\":\"WebPage\",\"@id\":\"https:\/\/portalnpm.com\/index.php\/2021\/09\/07\/oms-afirma-que-casos-de-vaca-louca-no-brasil-nao-oferecem-risco\/\",\"url\":\"https:\/\/portalnpm.com\/index.php\/2021\/09\/07\/oms-afirma-que-casos-de-vaca-louca-no-brasil-nao-oferecem-risco\/\",\"name\":\"OMS afirma que casos de vaca louca no Brasil n\u00e3o oferecem risco - Portal NPM\",\"isPartOf\":{\"@id\":\"https:\/\/portalnpm.com\/#website\"},\"primaryImageOfPage\":{\"@id\":\"https:\/\/portalnpm.com\/index.php\/2021\/09\/07\/oms-afirma-que-casos-de-vaca-louca-no-brasil-nao-oferecem-risco\/#primaryimage\"},\"image\":{\"@id\":\"https:\/\/portalnpm.com\/index.php\/2021\/09\/07\/oms-afirma-que-casos-de-vaca-louca-no-brasil-nao-oferecem-risco\/#primaryimage\"},\"thumbnailUrl\":\"\",\"datePublished\":\"2021-09-07T14:14:27+00:00\",\"dateModified\":\"2021-09-07T14:14:27+00:00\",\"author\":{\"@id\":\"https:\/\/portalnpm.com\/#\/schema\/person\/49313e563cfdefcc167f1ee4c017c294\"},\"breadcrumb\":{\"@id\":\"https:\/\/portalnpm.com\/index.php\/2021\/09\/07\/oms-afirma-que-casos-de-vaca-louca-no-brasil-nao-oferecem-risco\/#breadcrumb\"},\"inLanguage\":\"pt-BR\",\"potentialAction\":[{\"@type\":\"ReadAction\",\"target\":[\"https:\/\/portalnpm.com\/index.php\/2021\/09\/07\/oms-afirma-que-casos-de-vaca-louca-no-brasil-nao-oferecem-risco\/\"]}]},{\"@type\":\"ImageObject\",\"inLanguage\":\"pt-BR\",\"@id\":\"https:\/\/portalnpm.com\/index.php\/2021\/09\/07\/oms-afirma-que-casos-de-vaca-louca-no-brasil-nao-oferecem-risco\/#primaryimage\",\"url\":\"\",\"contentUrl\":\"\"},{\"@type\":\"BreadcrumbList\",\"@id\":\"https:\/\/portalnpm.com\/index.php\/2021\/09\/07\/oms-afirma-que-casos-de-vaca-louca-no-brasil-nao-oferecem-risco\/#breadcrumb\",\"itemListElement\":[{\"@type\":\"ListItem\",\"position\":1,\"name\":\"In\u00edcio\",\"item\":\"https:\/\/portalnpm.com\/\"},{\"@type\":\"ListItem\",\"position\":2,\"name\":\"OMS afirma que casos de vaca louca no Brasil n\u00e3o oferecem risco\"}]},{\"@type\":\"WebSite\",\"@id\":\"https:\/\/portalnpm.com\/#website\",\"url\":\"https:\/\/portalnpm.com\/\",\"name\":\"Portal NPM\",\"description\":\"Not\u00edcias em Primeira M\u00e3o\",\"potentialAction\":[{\"@type\":\"SearchAction\",\"target\":{\"@type\":\"EntryPoint\",\"urlTemplate\":\"https:\/\/portalnpm.com\/?s={search_term_string}\"},\"query-input\":\"required name=search_term_string\"}],\"inLanguage\":\"pt-BR\"},{\"@type\":\"Person\",\"@id\":\"https:\/\/portalnpm.com\/#\/schema\/person\/49313e563cfdefcc167f1ee4c017c294\",\"name\":\"Genival Barbosa\",\"image\":{\"@type\":\"ImageObject\",\"inLanguage\":\"pt-BR\",\"@id\":\"https:\/\/portalnpm.com\/#\/schema\/person\/image\/\",\"url\":\"https:\/\/portalnpm.com\/wp-content\/uploads\/2024\/02\/avatar_user_2_1707743258-96x96.jpeg\",\"contentUrl\":\"https:\/\/portalnpm.com\/wp-content\/uploads\/2024\/02\/avatar_user_2_1707743258-96x96.jpeg\",\"caption\":\"Genival Barbosa\"},\"url\":\"https:\/\/portalnpm.com\/index.php\/author\/genival\/\"}]}<\/script>\n<!-- \/ Yoast SEO plugin. -->","yoast_head_json":{"title":"OMS afirma que casos de vaca louca no Brasil n\u00e3o oferecem risco - Portal NPM","robots":{"index":"index","follow":"follow","max-snippet":"max-snippet:-1","max-image-preview":"max-image-preview:large","max-video-preview":"max-video-preview:-1"},"canonical":"https:\/\/portalnpm.com\/index.php\/2021\/09\/07\/oms-afirma-que-casos-de-vaca-louca-no-brasil-nao-oferecem-risco\/","og_locale":"pt_BR","og_type":"article","og_title":"OMS afirma que casos de vaca louca no Brasil n\u00e3o oferecem risco - Portal NPM","og_description":"A Organiza\u00e7\u00e3o Mundial de Sa\u00fade Animal (OIE) informou, nessa segunda-feira (6), que os dois casos at\u00edpicos do mal da vaca louca, registrados em frigor\u00edficos de Belo Horizonte e de Nova Cana\u00e3 do Norte (MT), n\u00e3o representam risco para a cadeia de produ\u00e7\u00e3o bovina do pa\u00eds. \u201cOs informes foram apresentados pelo Servi\u00e7o Veterin\u00e1rio Oficial do Brasil. &hellip;","og_url":"https:\/\/portalnpm.com\/index.php\/2021\/09\/07\/oms-afirma-que-casos-de-vaca-louca-no-brasil-nao-oferecem-risco\/","og_site_name":"Portal NPM","article_published_time":"2021-09-07T14:14:27+00:00","author":"Genival Barbosa","twitter_card":"summary_large_image","twitter_misc":{"Escrito por":"Genival Barbosa","Est. tempo de leitura":"1 minuto"},"schema":{"@context":"https:\/\/schema.org","@graph":[{"@type":"WebPage","@id":"https:\/\/portalnpm.com\/index.php\/2021\/09\/07\/oms-afirma-que-casos-de-vaca-louca-no-brasil-nao-oferecem-risco\/","url":"https:\/\/portalnpm.com\/index.php\/2021\/09\/07\/oms-afirma-que-casos-de-vaca-louca-no-brasil-nao-oferecem-risco\/","name":"OMS afirma que casos de vaca louca no Brasil n\u00e3o oferecem risco - Portal NPM","isPartOf":{"@id":"https:\/\/portalnpm.com\/#website"},"primaryImageOfPage":{"@id":"https:\/\/portalnpm.com\/index.php\/2021\/09\/07\/oms-afirma-que-casos-de-vaca-louca-no-brasil-nao-oferecem-risco\/#primaryimage"},"image":{"@id":"https:\/\/portalnpm.com\/index.php\/2021\/09\/07\/oms-afirma-que-casos-de-vaca-louca-no-brasil-nao-oferecem-risco\/#primaryimage"},"thumbnailUrl":"","datePublished":"2021-09-07T14:14:27+00:00","dateModified":"2021-09-07T14:14:27+00:00","author":{"@id":"https:\/\/portalnpm.com\/#\/schema\/person\/49313e563cfdefcc167f1ee4c017c294"},"breadcrumb":{"@id":"https:\/\/portalnpm.com\/index.php\/2021\/09\/07\/oms-afirma-que-casos-de-vaca-louca-no-brasil-nao-oferecem-risco\/#breadcrumb"},"inLanguage":"pt-BR","potentialAction":[{"@type":"ReadAction","target":["https:\/\/portalnpm.com\/index.php\/2021\/09\/07\/oms-afirma-que-casos-de-vaca-louca-no-brasil-nao-oferecem-risco\/"]}]},{"@type":"ImageObject","inLanguage":"pt-BR","@id":"https:\/\/portalnpm.com\/index.php\/2021\/09\/07\/oms-afirma-que-casos-de-vaca-louca-no-brasil-nao-oferecem-risco\/#primaryimage","url":"","contentUrl":""},{"@type":"BreadcrumbList","@id":"https:\/\/portalnpm.com\/index.php\/2021\/09\/07\/oms-afirma-que-casos-de-vaca-louca-no-brasil-nao-oferecem-risco\/#breadcrumb","itemListElement":[{"@type":"ListItem","position":1,"name":"In\u00edcio","item":"https:\/\/portalnpm.com\/"},{"@type":"ListItem","position":2,"name":"OMS afirma que casos de vaca louca no Brasil n\u00e3o oferecem risco"}]},{"@type":"WebSite","@id":"https:\/\/portalnpm.com\/#website","url":"https:\/\/portalnpm.com\/","name":"Portal NPM","description":"Not\u00edcias em Primeira M\u00e3o","potentialAction":[{"@type":"SearchAction","target":{"@type":"EntryPoint","urlTemplate":"https:\/\/portalnpm.com\/?s={search_term_string}"},"query-input":"required name=search_term_string"}],"inLanguage":"pt-BR"},{"@type":"Person","@id":"https:\/\/portalnpm.com\/#\/schema\/person\/49313e563cfdefcc167f1ee4c017c294","name":"Genival Barbosa","image":{"@type":"ImageObject","inLanguage":"pt-BR","@id":"https:\/\/portalnpm.com\/#\/schema\/person\/image\/","url":"https:\/\/portalnpm.com\/wp-content\/uploads\/2024\/02\/avatar_user_2_1707743258-96x96.jpeg","contentUrl":"https:\/\/portalnpm.com\/wp-content\/uploads\/2024\/02\/avatar_user_2_1707743258-96x96.jpeg","caption":"Genival Barbosa"},"url":"https:\/\/portalnpm.com\/index.php\/author\/genival\/"}]}},"jetpack_sharing_enabled":true,"jetpack_featured_media_url":"","_links":{"self":[{"href":"https:\/\/portalnpm.com\/index.php\/wp-json\/wp\/v2\/posts\/36385"}],"collection":[{"href":"https:\/\/portalnpm.com\/index.php\/wp-json\/wp\/v2\/posts"}],"about":[{"href":"https:\/\/portalnpm.com\/index.php\/wp-json\/wp\/v2\/types\/post"}],"author":[{"embeddable":true,"href":"https:\/\/portalnpm.com\/index.php\/wp-json\/wp\/v2\/users\/2"}],"replies":[{"embeddable":true,"href":"https:\/\/portalnpm.com\/index.php\/wp-json\/wp\/v2\/comments?post=36385"}],"version-history":[{"count":0,"href":"https:\/\/portalnpm.com\/index.php\/wp-json\/wp\/v2\/posts\/36385\/revisions"}],"wp:featuredmedia":[{"embeddable":true,"href":"https:\/\/portalnpm.com\/index.php\/wp-json\/"}],"wp:attachment":[{"href":"https:\/\/portalnpm.com\/index.php\/wp-json\/wp\/v2\/media?parent=36385"}],"wp:term":[{"taxonomy":"category","embeddable":true,"href":"https:\/\/portalnpm.com\/index.php\/wp-json\/wp\/v2\/categories?post=36385"},{"taxonomy":"post_tag","embeddable":true,"href":"https:\/\/portalnpm.com\/index.php\/wp-json\/wp\/v2\/tags?post=36385"}],"curies":[{"name":"wp","href":"https:\/\/api.w.org\/{rel}","templated":true}]}}