{"id":36455,"date":"2021-09-08T19:44:12","date_gmt":"2021-09-08T22:44:12","guid":{"rendered":"https:\/\/backupnpm.codetainer.com.br\/?p=36455"},"modified":"2021-09-08T19:44:12","modified_gmt":"2021-09-08T22:44:12","slug":"casal-e-filha-de-um-ano-sao-mortos-dentro-de-carro-no-ceara","status":"publish","type":"post","link":"https:\/\/portalnpm.com\/index.php\/2021\/09\/08\/casal-e-filha-de-um-ano-sao-mortos-dentro-de-carro-no-ceara\/","title":{"rendered":"Casal e filha de um ano s\u00e3o mortos dentro de carro no Cear\u00e1"},"content":{"rendered":"<p style=\"text-align: justify;\">Um triplo homic\u00eddio foi registrado na noite desta ter\u00e7a-feira (07) em uma localidade da zona rural do munic\u00edpio cearence de Horizonte, regi\u00e3o metropolitana de Fortaleza. As v\u00edtimas s\u00e3o um casal e sua filha, uma beb\u00ea de aproximadamente um ano de idade, que estavam em um carro quando foram atingidos por disparos de arma de fogo.<\/p>\n<p style=\"text-align: justify;\">\n<p style=\"text-align: justify;\">\n<p style=\"text-align: justify;\">De acordo com informa\u00e7\u00f5es da Secretaria de Seguran\u00e7a P\u00fablica e Defesa Social do Cear\u00e1, o homem e a mulher tinham 25 anos. A idade da crian\u00e7a n\u00e3o foi confirmada.<\/p>\n<p style=\"text-align: justify;\">Equipes da Pol\u00edcia Militar do Cear\u00e1 (PMCE) e da Per\u00edcia Forense do Estado do Cear\u00e1 (Pefoce) foram acionadas e realizaram os primeiros levantamentos no local. O caso \u00e9 investigado pela Delegacia Metropolitana de Horizonte da Pol\u00edcia Civil.<\/p>\n<p style=\"text-align: justify;\">Ainda de acordo com a secretaria, as Pol\u00edcias Civil e Militar do Cear\u00e1 realizam dilig\u00eancias com o intuito de identificar e capturar os suspeitos envolvidos no triplo homic\u00eddio registrado em Horizonte.<\/p>\n<p style=\"text-align: justify;\">A motiva\u00e7\u00e3o do crime ainda \u00e9 desconhecida.<\/p>\n<p style=\"text-align: justify;\"><strong>Den\u00fancias<\/strong><\/p>\n<p style=\"text-align: justify;\">A popula\u00e7\u00e3o pode contribuir com as investiga\u00e7\u00f5es repassando informa\u00e7\u00f5es que auxiliem os trabalhos policiais. As den\u00fancias podem ser feitas para o n\u00famero 181, o Disque-Den\u00fancia da Secretaria da Seguran\u00e7a P\u00fablica e Defesa Social (SSPDS), ou para o (85) 3101-0181, que \u00e9 o n\u00famero de WhatsApp, por onde podem ser feitas den\u00fancias via mensagem, \u00e1udio, v\u00eddeo e fotografia.<\/p>\n<p style=\"text-align: justify;\">As den\u00fancias tamb\u00e9m podem ser encaminhadas para o telefone (85) 3336-6164, da Delegacia Metropolitana de Horizonte. O sigilo e o anonimato s\u00e3o garantidos.<\/p>\n<p style=\"text-align: justify;\">\n<p style=\"text-align: justify;\">\n<p style=\"text-align: justify;\">\n<em><strong>Natanael Souza<\/strong><br \/>\n<strong>Com informa\u00e7\u00f5es da Secretaria de Seguran\u00e7a do Cear\u00e1<\/strong><br \/>\n<strong>redacao@cidadeverde.com<\/strong>\u00a0<\/em><\/p>\n","protected":false},"excerpt":{"rendered":"<p>Um triplo homic\u00eddio foi registrado na noite desta ter\u00e7a-feira (07) em uma localidade da zona rural do munic\u00edpio cearence de Horizonte, regi\u00e3o metropolitana de Fortaleza. As v\u00edtimas s\u00e3o um casal e sua filha, uma beb\u00ea de aproximadamente um ano de idade, que estavam em um carro quando foram atingidos por disparos de arma de fogo. &hellip;<\/p>\n","protected":false},"author":2,"featured_media":36456,"comment_status":"open","ping_status":"open","sticky":false,"template":"","format":"standard","meta":{"content-type":"","rop_custom_images_group":[],"rop_custom_messages_group":[],"rop_publish_now":"initial","rop_publish_now_accounts":{"facebook_2648258775420054_1618374048415101":""},"rop_publish_now_history":[],"rop_publish_now_status":"pending","footnotes":"","_jetpack_memberships_contains_paid_content":false},"categories":[145],"tags":[1163,657,3263],"yoast_head":"<!-- This site is optimized with the Yoast SEO plugin v22.3 - https:\/\/yoast.com\/wordpress\/plugins\/seo\/ -->\n<title>Casal e filha de um ano s\u00e3o mortos dentro de carro no Cear\u00e1 - Portal NPM<\/title>\n<meta name=\"robots\" content=\"index, follow, max-snippet:-1, max-image-preview:large, max-video-preview:-1\" \/>\n<link rel=\"canonical\" href=\"https:\/\/portalnpm.com\/index.php\/2021\/09\/08\/casal-e-filha-de-um-ano-sao-mortos-dentro-de-carro-no-ceara\/\" \/>\n<meta property=\"og:locale\" content=\"pt_BR\" \/>\n<meta property=\"og:type\" content=\"article\" \/>\n<meta property=\"og:title\" content=\"Casal e filha de um ano s\u00e3o mortos dentro de carro no Cear\u00e1 - Portal NPM\" \/>\n<meta property=\"og:description\" content=\"Um triplo homic\u00eddio foi registrado na noite desta ter\u00e7a-feira (07) em uma localidade da zona rural do munic\u00edpio cearence de Horizonte, regi\u00e3o metropolitana de Fortaleza. As v\u00edtimas s\u00e3o um casal e sua filha, uma beb\u00ea de aproximadamente um ano de idade, que estavam em um carro quando foram atingidos por disparos de arma de fogo. &hellip;\" \/>\n<meta property=\"og:url\" content=\"https:\/\/portalnpm.com\/index.php\/2021\/09\/08\/casal-e-filha-de-um-ano-sao-mortos-dentro-de-carro-no-ceara\/\" \/>\n<meta property=\"og:site_name\" content=\"Portal NPM\" \/>\n<meta property=\"article:published_time\" content=\"2021-09-08T22:44:12+00:00\" \/>\n<meta name=\"author\" content=\"Genival Barbosa\" \/>\n<meta name=\"twitter:card\" content=\"summary_large_image\" \/>\n<meta name=\"twitter:label1\" content=\"Escrito por\" \/>\n\t<meta name=\"twitter:data1\" content=\"Genival Barbosa\" \/>\n\t<meta name=\"twitter:label2\" content=\"Est. tempo de leitura\" \/>\n\t<meta name=\"twitter:data2\" content=\"2 minutos\" \/>\n<script type=\"application\/ld+json\" class=\"yoast-schema-graph\">{\"@context\":\"https:\/\/schema.org\",\"@graph\":[{\"@type\":\"WebPage\",\"@id\":\"https:\/\/portalnpm.com\/index.php\/2021\/09\/08\/casal-e-filha-de-um-ano-sao-mortos-dentro-de-carro-no-ceara\/\",\"url\":\"https:\/\/portalnpm.com\/index.php\/2021\/09\/08\/casal-e-filha-de-um-ano-sao-mortos-dentro-de-carro-no-ceara\/\",\"name\":\"Casal e filha de um ano s\u00e3o mortos dentro de carro no Cear\u00e1 - Portal NPM\",\"isPartOf\":{\"@id\":\"https:\/\/portalnpm.com\/#website\"},\"primaryImageOfPage\":{\"@id\":\"https:\/\/portalnpm.com\/index.php\/2021\/09\/08\/casal-e-filha-de-um-ano-sao-mortos-dentro-de-carro-no-ceara\/#primaryimage\"},\"image\":{\"@id\":\"https:\/\/portalnpm.com\/index.php\/2021\/09\/08\/casal-e-filha-de-um-ano-sao-mortos-dentro-de-carro-no-ceara\/#primaryimage\"},\"thumbnailUrl\":\"\",\"datePublished\":\"2021-09-08T22:44:12+00:00\",\"dateModified\":\"2021-09-08T22:44:12+00:00\",\"author\":{\"@id\":\"https:\/\/portalnpm.com\/#\/schema\/person\/49313e563cfdefcc167f1ee4c017c294\"},\"breadcrumb\":{\"@id\":\"https:\/\/portalnpm.com\/index.php\/2021\/09\/08\/casal-e-filha-de-um-ano-sao-mortos-dentro-de-carro-no-ceara\/#breadcrumb\"},\"inLanguage\":\"pt-BR\",\"potentialAction\":[{\"@type\":\"ReadAction\",\"target\":[\"https:\/\/portalnpm.com\/index.php\/2021\/09\/08\/casal-e-filha-de-um-ano-sao-mortos-dentro-de-carro-no-ceara\/\"]}]},{\"@type\":\"ImageObject\",\"inLanguage\":\"pt-BR\",\"@id\":\"https:\/\/portalnpm.com\/index.php\/2021\/09\/08\/casal-e-filha-de-um-ano-sao-mortos-dentro-de-carro-no-ceara\/#primaryimage\",\"url\":\"\",\"contentUrl\":\"\"},{\"@type\":\"BreadcrumbList\",\"@id\":\"https:\/\/portalnpm.com\/index.php\/2021\/09\/08\/casal-e-filha-de-um-ano-sao-mortos-dentro-de-carro-no-ceara\/#breadcrumb\",\"itemListElement\":[{\"@type\":\"ListItem\",\"position\":1,\"name\":\"In\u00edcio\",\"item\":\"https:\/\/portalnpm.com\/\"},{\"@type\":\"ListItem\",\"position\":2,\"name\":\"Casal e filha de um ano s\u00e3o mortos dentro de carro no Cear\u00e1\"}]},{\"@type\":\"WebSite\",\"@id\":\"https:\/\/portalnpm.com\/#website\",\"url\":\"https:\/\/portalnpm.com\/\",\"name\":\"Portal NPM\",\"description\":\"Not\u00edcias em Primeira M\u00e3o\",\"potentialAction\":[{\"@type\":\"SearchAction\",\"target\":{\"@type\":\"EntryPoint\",\"urlTemplate\":\"https:\/\/portalnpm.com\/?s={search_term_string}\"},\"query-input\":\"required name=search_term_string\"}],\"inLanguage\":\"pt-BR\"},{\"@type\":\"Person\",\"@id\":\"https:\/\/portalnpm.com\/#\/schema\/person\/49313e563cfdefcc167f1ee4c017c294\",\"name\":\"Genival Barbosa\",\"image\":{\"@type\":\"ImageObject\",\"inLanguage\":\"pt-BR\",\"@id\":\"https:\/\/portalnpm.com\/#\/schema\/person\/image\/\",\"url\":\"https:\/\/portalnpm.com\/wp-content\/uploads\/2024\/02\/avatar_user_2_1707743258-96x96.jpeg\",\"contentUrl\":\"https:\/\/portalnpm.com\/wp-content\/uploads\/2024\/02\/avatar_user_2_1707743258-96x96.jpeg\",\"caption\":\"Genival Barbosa\"},\"url\":\"https:\/\/portalnpm.com\/index.php\/author\/genival\/\"}]}<\/script>\n<!-- \/ Yoast SEO plugin. -->","yoast_head_json":{"title":"Casal e filha de um ano s\u00e3o mortos dentro de carro no Cear\u00e1 - Portal NPM","robots":{"index":"index","follow":"follow","max-snippet":"max-snippet:-1","max-image-preview":"max-image-preview:large","max-video-preview":"max-video-preview:-1"},"canonical":"https:\/\/portalnpm.com\/index.php\/2021\/09\/08\/casal-e-filha-de-um-ano-sao-mortos-dentro-de-carro-no-ceara\/","og_locale":"pt_BR","og_type":"article","og_title":"Casal e filha de um ano s\u00e3o mortos dentro de carro no Cear\u00e1 - Portal NPM","og_description":"Um triplo homic\u00eddio foi registrado na noite desta ter\u00e7a-feira (07) em uma localidade da zona rural do munic\u00edpio cearence de Horizonte, regi\u00e3o metropolitana de Fortaleza. As v\u00edtimas s\u00e3o um casal e sua filha, uma beb\u00ea de aproximadamente um ano de idade, que estavam em um carro quando foram atingidos por disparos de arma de fogo. &hellip;","og_url":"https:\/\/portalnpm.com\/index.php\/2021\/09\/08\/casal-e-filha-de-um-ano-sao-mortos-dentro-de-carro-no-ceara\/","og_site_name":"Portal NPM","article_published_time":"2021-09-08T22:44:12+00:00","author":"Genival Barbosa","twitter_card":"summary_large_image","twitter_misc":{"Escrito por":"Genival Barbosa","Est. tempo de leitura":"2 minutos"},"schema":{"@context":"https:\/\/schema.org","@graph":[{"@type":"WebPage","@id":"https:\/\/portalnpm.com\/index.php\/2021\/09\/08\/casal-e-filha-de-um-ano-sao-mortos-dentro-de-carro-no-ceara\/","url":"https:\/\/portalnpm.com\/index.php\/2021\/09\/08\/casal-e-filha-de-um-ano-sao-mortos-dentro-de-carro-no-ceara\/","name":"Casal e filha de um ano s\u00e3o mortos dentro de carro no Cear\u00e1 - Portal NPM","isPartOf":{"@id":"https:\/\/portalnpm.com\/#website"},"primaryImageOfPage":{"@id":"https:\/\/portalnpm.com\/index.php\/2021\/09\/08\/casal-e-filha-de-um-ano-sao-mortos-dentro-de-carro-no-ceara\/#primaryimage"},"image":{"@id":"https:\/\/portalnpm.com\/index.php\/2021\/09\/08\/casal-e-filha-de-um-ano-sao-mortos-dentro-de-carro-no-ceara\/#primaryimage"},"thumbnailUrl":"","datePublished":"2021-09-08T22:44:12+00:00","dateModified":"2021-09-08T22:44:12+00:00","author":{"@id":"https:\/\/portalnpm.com\/#\/schema\/person\/49313e563cfdefcc167f1ee4c017c294"},"breadcrumb":{"@id":"https:\/\/portalnpm.com\/index.php\/2021\/09\/08\/casal-e-filha-de-um-ano-sao-mortos-dentro-de-carro-no-ceara\/#breadcrumb"},"inLanguage":"pt-BR","potentialAction":[{"@type":"ReadAction","target":["https:\/\/portalnpm.com\/index.php\/2021\/09\/08\/casal-e-filha-de-um-ano-sao-mortos-dentro-de-carro-no-ceara\/"]}]},{"@type":"ImageObject","inLanguage":"pt-BR","@id":"https:\/\/portalnpm.com\/index.php\/2021\/09\/08\/casal-e-filha-de-um-ano-sao-mortos-dentro-de-carro-no-ceara\/#primaryimage","url":"","contentUrl":""},{"@type":"BreadcrumbList","@id":"https:\/\/portalnpm.com\/index.php\/2021\/09\/08\/casal-e-filha-de-um-ano-sao-mortos-dentro-de-carro-no-ceara\/#breadcrumb","itemListElement":[{"@type":"ListItem","position":1,"name":"In\u00edcio","item":"https:\/\/portalnpm.com\/"},{"@type":"ListItem","position":2,"name":"Casal e filha de um ano s\u00e3o mortos dentro de carro no Cear\u00e1"}]},{"@type":"WebSite","@id":"https:\/\/portalnpm.com\/#website","url":"https:\/\/portalnpm.com\/","name":"Portal NPM","description":"Not\u00edcias em Primeira M\u00e3o","potentialAction":[{"@type":"SearchAction","target":{"@type":"EntryPoint","urlTemplate":"https:\/\/portalnpm.com\/?s={search_term_string}"},"query-input":"required name=search_term_string"}],"inLanguage":"pt-BR"},{"@type":"Person","@id":"https:\/\/portalnpm.com\/#\/schema\/person\/49313e563cfdefcc167f1ee4c017c294","name":"Genival Barbosa","image":{"@type":"ImageObject","inLanguage":"pt-BR","@id":"https:\/\/portalnpm.com\/#\/schema\/person\/image\/","url":"https:\/\/portalnpm.com\/wp-content\/uploads\/2024\/02\/avatar_user_2_1707743258-96x96.jpeg","contentUrl":"https:\/\/portalnpm.com\/wp-content\/uploads\/2024\/02\/avatar_user_2_1707743258-96x96.jpeg","caption":"Genival Barbosa"},"url":"https:\/\/portalnpm.com\/index.php\/author\/genival\/"}]}},"jetpack_sharing_enabled":true,"jetpack_featured_media_url":"","_links":{"self":[{"href":"https:\/\/portalnpm.com\/index.php\/wp-json\/wp\/v2\/posts\/36455"}],"collection":[{"href":"https:\/\/portalnpm.com\/index.php\/wp-json\/wp\/v2\/posts"}],"about":[{"href":"https:\/\/portalnpm.com\/index.php\/wp-json\/wp\/v2\/types\/post"}],"author":[{"embeddable":true,"href":"https:\/\/portalnpm.com\/index.php\/wp-json\/wp\/v2\/users\/2"}],"replies":[{"embeddable":true,"href":"https:\/\/portalnpm.com\/index.php\/wp-json\/wp\/v2\/comments?post=36455"}],"version-history":[{"count":0,"href":"https:\/\/portalnpm.com\/index.php\/wp-json\/wp\/v2\/posts\/36455\/revisions"}],"wp:featuredmedia":[{"embeddable":true,"href":"https:\/\/portalnpm.com\/index.php\/wp-json\/"}],"wp:attachment":[{"href":"https:\/\/portalnpm.com\/index.php\/wp-json\/wp\/v2\/media?parent=36455"}],"wp:term":[{"taxonomy":"category","embeddable":true,"href":"https:\/\/portalnpm.com\/index.php\/wp-json\/wp\/v2\/categories?post=36455"},{"taxonomy":"post_tag","embeddable":true,"href":"https:\/\/portalnpm.com\/index.php\/wp-json\/wp\/v2\/tags?post=36455"}],"curies":[{"name":"wp","href":"https:\/\/api.w.org\/{rel}","templated":true}]}}