{"id":36471,"date":"2021-09-08T21:07:26","date_gmt":"2021-09-09T00:07:26","guid":{"rendered":"https:\/\/backupnpm.codetainer.com.br\/?p=36471"},"modified":"2021-09-08T21:07:26","modified_gmt":"2021-09-09T00:07:26","slug":"homem-suspeito-de-variante-delta-do-coronavirus-esta-internado-no-hospital-regional-de-picos","status":"publish","type":"post","link":"https:\/\/portalnpm.com\/index.php\/2021\/09\/08\/homem-suspeito-de-variante-delta-do-coronavirus-esta-internado-no-hospital-regional-de-picos\/","title":{"rendered":"Homem suspeito de variante Delta do coronavirus est\u00e1 internado no Hospital Regional de Picos"},"content":{"rendered":"<p style=\"text-align: justify;\">Est\u00e1 internado no Hospital Regional Justino Luz, em Picos, um paciente com suspeita de portar a variante Delta do novo coronavirus. O paciente \u00e9 um homem de 71 anos e est\u00e1 em um leito de Unidade de Terapia Intensiva (UTI) isolado. Ele j\u00e1 foi submetido a exame e o material enviado ao Laborat\u00f3rio Central de Sa\u00fade P\u00fablica do Piau\u00ed (LACEN) para an\u00e1lise atrav\u00e9s do m\u00e9todo RT-PCR.<\/p>\n<p style=\"text-align: justify;\">\n<p style=\"text-align: justify;\">\n<p style=\"text-align: justify;\">O RT-PCR \u00e9 um m\u00e9todo de an\u00e1lise que utiliza t\u00e9cnicas de biologia molecular para detectar se o v\u00edrus SARS-CoV-2 est\u00e1 presente no corpo.\u00a0 \u00c9 o exame considerado \u201cpadr\u00e3o-ouro\u201d para diagn\u00f3stico por meio de um swab e possui alto grau de confiabilidade, acima de 90%.<\/p>\n<p style=\"text-align: justify;\">A infec\u00e7\u00e3o pela variante ainda n\u00e3o foi confirmada, mas inspira cuidados j\u00e1 que o paciente esteve em S\u00e3o Paulo e chegou recentemente a cidade de Picos com sintomas da doen\u00e7a. Por precau\u00e7\u00e3o, a unidade de sa\u00fade realiza o tratamento de forma isolada at\u00e9 a emiss\u00e3o do resultado do teste pelo Laborat\u00f3rio Central do Piaui.<\/p>\n<p style=\"text-align: justify;\"><strong>Variante Delta<\/strong><\/p>\n<div id=\"d_e506070454k4800429\" style=\"text-align: justify;\"><\/div>\n<p style=\"text-align: justify;\">Detectada pela primeira vez na \u00cdndia, em outubro de 2020, a muta\u00e7\u00e3o do v\u00edrus SARS-CoV-2 (causador da Covid-19), conhecida como Variante Delta (B.1 617.2, antes tamb\u00e9m chamada de variante indiana), j\u00e1 foi registrada em mais de 130 pa\u00edses, conforme divulgado pela Organiza\u00e7\u00e3o Mundial da Sa\u00fade (OMS), em 30 de julho deste ano.<\/p>\n<p style=\"text-align: justify;\">Segundo a Funda\u00e7\u00e3o Oswaldo Cruz, ela \u00e9 considerada uma variante de preocupa\u00e7\u00e3o por ser mais transmiss\u00edvel do que as anteriores (Alfa, Beta e Gama), o que a faz mais contagiosa do que a cepa original.<\/p>\n<p style=\"text-align: justify;\">Sua r\u00e1pida dissemina\u00e7\u00e3o em tempos de flexibiliza\u00e7\u00e3o das medidas de isolamento social em muitos pa\u00edses e no Brasil, chama a aten\u00e7\u00e3o dos cientistas em um momento em que os avan\u00e7os para controlar a pandemia come\u00e7avam a se observar a partir dos aumentos nas percentagens de cidad\u00e3os vacinados.<\/p>\n<p style=\"text-align: justify;\">Fonte: Grande Picos<\/p>\n","protected":false},"excerpt":{"rendered":"<p>Est\u00e1 internado no Hospital Regional Justino Luz, em Picos, um paciente com suspeita de portar a variante Delta do novo coronavirus. O paciente \u00e9 um homem de 71 anos e est\u00e1 em um leito de Unidade de Terapia Intensiva (UTI) isolado. Ele j\u00e1 foi submetido a exame e o material enviado ao Laborat\u00f3rio Central de &hellip;<\/p>\n","protected":false},"author":2,"featured_media":36472,"comment_status":"open","ping_status":"open","sticky":false,"template":"","format":"standard","meta":{"content-type":"","rop_custom_images_group":[],"rop_custom_messages_group":[],"rop_publish_now":"initial","rop_publish_now_accounts":{"facebook_2648258775420054_1618374048415101":""},"rop_publish_now_history":[],"rop_publish_now_status":"pending","footnotes":"","_jetpack_memberships_contains_paid_content":false},"categories":[109,127],"tags":[2323,3942,128],"yoast_head":"<!-- This site is optimized with the Yoast SEO plugin v22.3 - https:\/\/yoast.com\/wordpress\/plugins\/seo\/ -->\n<title>Homem suspeito de variante Delta do coronavirus est\u00e1 internado no Hospital Regional de Picos - Portal NPM<\/title>\n<meta name=\"robots\" content=\"index, follow, max-snippet:-1, max-image-preview:large, max-video-preview:-1\" \/>\n<link rel=\"canonical\" href=\"https:\/\/portalnpm.com\/index.php\/2021\/09\/08\/homem-suspeito-de-variante-delta-do-coronavirus-esta-internado-no-hospital-regional-de-picos\/\" \/>\n<meta property=\"og:locale\" content=\"pt_BR\" \/>\n<meta property=\"og:type\" content=\"article\" \/>\n<meta property=\"og:title\" content=\"Homem suspeito de variante Delta do coronavirus est\u00e1 internado no Hospital Regional de Picos - Portal NPM\" \/>\n<meta property=\"og:description\" content=\"Est\u00e1 internado no Hospital Regional Justino Luz, em Picos, um paciente com suspeita de portar a variante Delta do novo coronavirus. O paciente \u00e9 um homem de 71 anos e est\u00e1 em um leito de Unidade de Terapia Intensiva (UTI) isolado. Ele j\u00e1 foi submetido a exame e o material enviado ao Laborat\u00f3rio Central de &hellip;\" \/>\n<meta property=\"og:url\" content=\"https:\/\/portalnpm.com\/index.php\/2021\/09\/08\/homem-suspeito-de-variante-delta-do-coronavirus-esta-internado-no-hospital-regional-de-picos\/\" \/>\n<meta property=\"og:site_name\" content=\"Portal NPM\" \/>\n<meta property=\"article:published_time\" content=\"2021-09-09T00:07:26+00:00\" \/>\n<meta name=\"author\" content=\"Genival Barbosa\" \/>\n<meta name=\"twitter:card\" content=\"summary_large_image\" \/>\n<meta name=\"twitter:label1\" content=\"Escrito por\" \/>\n\t<meta name=\"twitter:data1\" content=\"Genival Barbosa\" \/>\n\t<meta name=\"twitter:label2\" content=\"Est. tempo de leitura\" \/>\n\t<meta name=\"twitter:data2\" content=\"2 minutos\" \/>\n<script type=\"application\/ld+json\" class=\"yoast-schema-graph\">{\"@context\":\"https:\/\/schema.org\",\"@graph\":[{\"@type\":\"WebPage\",\"@id\":\"https:\/\/portalnpm.com\/index.php\/2021\/09\/08\/homem-suspeito-de-variante-delta-do-coronavirus-esta-internado-no-hospital-regional-de-picos\/\",\"url\":\"https:\/\/portalnpm.com\/index.php\/2021\/09\/08\/homem-suspeito-de-variante-delta-do-coronavirus-esta-internado-no-hospital-regional-de-picos\/\",\"name\":\"Homem suspeito de variante Delta do coronavirus est\u00e1 internado no Hospital Regional de Picos - Portal NPM\",\"isPartOf\":{\"@id\":\"https:\/\/portalnpm.com\/#website\"},\"primaryImageOfPage\":{\"@id\":\"https:\/\/portalnpm.com\/index.php\/2021\/09\/08\/homem-suspeito-de-variante-delta-do-coronavirus-esta-internado-no-hospital-regional-de-picos\/#primaryimage\"},\"image\":{\"@id\":\"https:\/\/portalnpm.com\/index.php\/2021\/09\/08\/homem-suspeito-de-variante-delta-do-coronavirus-esta-internado-no-hospital-regional-de-picos\/#primaryimage\"},\"thumbnailUrl\":\"\",\"datePublished\":\"2021-09-09T00:07:26+00:00\",\"dateModified\":\"2021-09-09T00:07:26+00:00\",\"author\":{\"@id\":\"https:\/\/portalnpm.com\/#\/schema\/person\/49313e563cfdefcc167f1ee4c017c294\"},\"breadcrumb\":{\"@id\":\"https:\/\/portalnpm.com\/index.php\/2021\/09\/08\/homem-suspeito-de-variante-delta-do-coronavirus-esta-internado-no-hospital-regional-de-picos\/#breadcrumb\"},\"inLanguage\":\"pt-BR\",\"potentialAction\":[{\"@type\":\"ReadAction\",\"target\":[\"https:\/\/portalnpm.com\/index.php\/2021\/09\/08\/homem-suspeito-de-variante-delta-do-coronavirus-esta-internado-no-hospital-regional-de-picos\/\"]}]},{\"@type\":\"ImageObject\",\"inLanguage\":\"pt-BR\",\"@id\":\"https:\/\/portalnpm.com\/index.php\/2021\/09\/08\/homem-suspeito-de-variante-delta-do-coronavirus-esta-internado-no-hospital-regional-de-picos\/#primaryimage\",\"url\":\"\",\"contentUrl\":\"\"},{\"@type\":\"BreadcrumbList\",\"@id\":\"https:\/\/portalnpm.com\/index.php\/2021\/09\/08\/homem-suspeito-de-variante-delta-do-coronavirus-esta-internado-no-hospital-regional-de-picos\/#breadcrumb\",\"itemListElement\":[{\"@type\":\"ListItem\",\"position\":1,\"name\":\"In\u00edcio\",\"item\":\"https:\/\/portalnpm.com\/\"},{\"@type\":\"ListItem\",\"position\":2,\"name\":\"Homem suspeito de variante Delta do coronavirus est\u00e1 internado no Hospital Regional de Picos\"}]},{\"@type\":\"WebSite\",\"@id\":\"https:\/\/portalnpm.com\/#website\",\"url\":\"https:\/\/portalnpm.com\/\",\"name\":\"Portal NPM\",\"description\":\"Not\u00edcias em Primeira M\u00e3o\",\"potentialAction\":[{\"@type\":\"SearchAction\",\"target\":{\"@type\":\"EntryPoint\",\"urlTemplate\":\"https:\/\/portalnpm.com\/?s={search_term_string}\"},\"query-input\":\"required name=search_term_string\"}],\"inLanguage\":\"pt-BR\"},{\"@type\":\"Person\",\"@id\":\"https:\/\/portalnpm.com\/#\/schema\/person\/49313e563cfdefcc167f1ee4c017c294\",\"name\":\"Genival Barbosa\",\"image\":{\"@type\":\"ImageObject\",\"inLanguage\":\"pt-BR\",\"@id\":\"https:\/\/portalnpm.com\/#\/schema\/person\/image\/\",\"url\":\"https:\/\/portalnpm.com\/wp-content\/uploads\/2024\/02\/avatar_user_2_1707743258-96x96.jpeg\",\"contentUrl\":\"https:\/\/portalnpm.com\/wp-content\/uploads\/2024\/02\/avatar_user_2_1707743258-96x96.jpeg\",\"caption\":\"Genival Barbosa\"},\"url\":\"https:\/\/portalnpm.com\/index.php\/author\/genival\/\"}]}<\/script>\n<!-- \/ Yoast SEO plugin. -->","yoast_head_json":{"title":"Homem suspeito de variante Delta do coronavirus est\u00e1 internado no Hospital Regional de Picos - Portal NPM","robots":{"index":"index","follow":"follow","max-snippet":"max-snippet:-1","max-image-preview":"max-image-preview:large","max-video-preview":"max-video-preview:-1"},"canonical":"https:\/\/portalnpm.com\/index.php\/2021\/09\/08\/homem-suspeito-de-variante-delta-do-coronavirus-esta-internado-no-hospital-regional-de-picos\/","og_locale":"pt_BR","og_type":"article","og_title":"Homem suspeito de variante Delta do coronavirus est\u00e1 internado no Hospital Regional de Picos - Portal NPM","og_description":"Est\u00e1 internado no Hospital Regional Justino Luz, em Picos, um paciente com suspeita de portar a variante Delta do novo coronavirus. O paciente \u00e9 um homem de 71 anos e est\u00e1 em um leito de Unidade de Terapia Intensiva (UTI) isolado. Ele j\u00e1 foi submetido a exame e o material enviado ao Laborat\u00f3rio Central de &hellip;","og_url":"https:\/\/portalnpm.com\/index.php\/2021\/09\/08\/homem-suspeito-de-variante-delta-do-coronavirus-esta-internado-no-hospital-regional-de-picos\/","og_site_name":"Portal NPM","article_published_time":"2021-09-09T00:07:26+00:00","author":"Genival Barbosa","twitter_card":"summary_large_image","twitter_misc":{"Escrito por":"Genival Barbosa","Est. tempo de leitura":"2 minutos"},"schema":{"@context":"https:\/\/schema.org","@graph":[{"@type":"WebPage","@id":"https:\/\/portalnpm.com\/index.php\/2021\/09\/08\/homem-suspeito-de-variante-delta-do-coronavirus-esta-internado-no-hospital-regional-de-picos\/","url":"https:\/\/portalnpm.com\/index.php\/2021\/09\/08\/homem-suspeito-de-variante-delta-do-coronavirus-esta-internado-no-hospital-regional-de-picos\/","name":"Homem suspeito de variante Delta do coronavirus est\u00e1 internado no Hospital Regional de Picos - Portal NPM","isPartOf":{"@id":"https:\/\/portalnpm.com\/#website"},"primaryImageOfPage":{"@id":"https:\/\/portalnpm.com\/index.php\/2021\/09\/08\/homem-suspeito-de-variante-delta-do-coronavirus-esta-internado-no-hospital-regional-de-picos\/#primaryimage"},"image":{"@id":"https:\/\/portalnpm.com\/index.php\/2021\/09\/08\/homem-suspeito-de-variante-delta-do-coronavirus-esta-internado-no-hospital-regional-de-picos\/#primaryimage"},"thumbnailUrl":"","datePublished":"2021-09-09T00:07:26+00:00","dateModified":"2021-09-09T00:07:26+00:00","author":{"@id":"https:\/\/portalnpm.com\/#\/schema\/person\/49313e563cfdefcc167f1ee4c017c294"},"breadcrumb":{"@id":"https:\/\/portalnpm.com\/index.php\/2021\/09\/08\/homem-suspeito-de-variante-delta-do-coronavirus-esta-internado-no-hospital-regional-de-picos\/#breadcrumb"},"inLanguage":"pt-BR","potentialAction":[{"@type":"ReadAction","target":["https:\/\/portalnpm.com\/index.php\/2021\/09\/08\/homem-suspeito-de-variante-delta-do-coronavirus-esta-internado-no-hospital-regional-de-picos\/"]}]},{"@type":"ImageObject","inLanguage":"pt-BR","@id":"https:\/\/portalnpm.com\/index.php\/2021\/09\/08\/homem-suspeito-de-variante-delta-do-coronavirus-esta-internado-no-hospital-regional-de-picos\/#primaryimage","url":"","contentUrl":""},{"@type":"BreadcrumbList","@id":"https:\/\/portalnpm.com\/index.php\/2021\/09\/08\/homem-suspeito-de-variante-delta-do-coronavirus-esta-internado-no-hospital-regional-de-picos\/#breadcrumb","itemListElement":[{"@type":"ListItem","position":1,"name":"In\u00edcio","item":"https:\/\/portalnpm.com\/"},{"@type":"ListItem","position":2,"name":"Homem suspeito de variante Delta do coronavirus est\u00e1 internado no Hospital Regional de Picos"}]},{"@type":"WebSite","@id":"https:\/\/portalnpm.com\/#website","url":"https:\/\/portalnpm.com\/","name":"Portal NPM","description":"Not\u00edcias em Primeira M\u00e3o","potentialAction":[{"@type":"SearchAction","target":{"@type":"EntryPoint","urlTemplate":"https:\/\/portalnpm.com\/?s={search_term_string}"},"query-input":"required name=search_term_string"}],"inLanguage":"pt-BR"},{"@type":"Person","@id":"https:\/\/portalnpm.com\/#\/schema\/person\/49313e563cfdefcc167f1ee4c017c294","name":"Genival Barbosa","image":{"@type":"ImageObject","inLanguage":"pt-BR","@id":"https:\/\/portalnpm.com\/#\/schema\/person\/image\/","url":"https:\/\/portalnpm.com\/wp-content\/uploads\/2024\/02\/avatar_user_2_1707743258-96x96.jpeg","contentUrl":"https:\/\/portalnpm.com\/wp-content\/uploads\/2024\/02\/avatar_user_2_1707743258-96x96.jpeg","caption":"Genival Barbosa"},"url":"https:\/\/portalnpm.com\/index.php\/author\/genival\/"}]}},"jetpack_sharing_enabled":true,"jetpack_featured_media_url":"","_links":{"self":[{"href":"https:\/\/portalnpm.com\/index.php\/wp-json\/wp\/v2\/posts\/36471"}],"collection":[{"href":"https:\/\/portalnpm.com\/index.php\/wp-json\/wp\/v2\/posts"}],"about":[{"href":"https:\/\/portalnpm.com\/index.php\/wp-json\/wp\/v2\/types\/post"}],"author":[{"embeddable":true,"href":"https:\/\/portalnpm.com\/index.php\/wp-json\/wp\/v2\/users\/2"}],"replies":[{"embeddable":true,"href":"https:\/\/portalnpm.com\/index.php\/wp-json\/wp\/v2\/comments?post=36471"}],"version-history":[{"count":0,"href":"https:\/\/portalnpm.com\/index.php\/wp-json\/wp\/v2\/posts\/36471\/revisions"}],"wp:featuredmedia":[{"embeddable":true,"href":"https:\/\/portalnpm.com\/index.php\/wp-json\/"}],"wp:attachment":[{"href":"https:\/\/portalnpm.com\/index.php\/wp-json\/wp\/v2\/media?parent=36471"}],"wp:term":[{"taxonomy":"category","embeddable":true,"href":"https:\/\/portalnpm.com\/index.php\/wp-json\/wp\/v2\/categories?post=36471"},{"taxonomy":"post_tag","embeddable":true,"href":"https:\/\/portalnpm.com\/index.php\/wp-json\/wp\/v2\/tags?post=36471"}],"curies":[{"name":"wp","href":"https:\/\/api.w.org\/{rel}","templated":true}]}}