{"id":36531,"date":"2021-09-11T09:42:26","date_gmt":"2021-09-11T12:42:26","guid":{"rendered":"https:\/\/backupnpm.codetainer.com.br\/?p=36531"},"modified":"2021-09-11T09:42:26","modified_gmt":"2021-09-11T12:42:26","slug":"estudante-de-medicina-de-20-anos-morre-de-covid-apos-participar-de-festa","status":"publish","type":"post","link":"https:\/\/portalnpm.com\/index.php\/2021\/09\/11\/estudante-de-medicina-de-20-anos-morre-de-covid-apos-participar-de-festa\/","title":{"rendered":"Estudante de medicina de 20 anos morre de Covid ap\u00f3s participar de festa"},"content":{"rendered":"<p style=\"text-align: justify;\"><strong>Uma jovem de 20 anos\u00a0<\/strong>que cursava o 2\u00ba per\u00edodo de medicina morreu, na \u00faltima quarta-feira (8),\u00a0<strong>v\u00edtima da Covid-19<\/strong>\u00a0em Itajub\u00e1, no Sul de Minas Gerais. Giulia Lima Bertelli estava internada no Hospital de Cl\u00ednicas,\u00a0<strong>mas n\u00e3o resistiu \u00e0s complica\u00e7\u00f5es da doen\u00e7a.<\/strong><\/p>\n<p style=\"text-align: justify;\">\n<p style=\"text-align: justify;\">\n<p style=\"text-align: justify;\">Giulia era aluna da Faculdade de Medicina de Itajub\u00e1, que suspendeu as aulas presenciais no m\u00eas passado diante do risco de\u00a0<strong>surto de Covid<\/strong>. A suspens\u00e3o aconteceu depois que\u00a0<strong>estudantes da institui\u00e7\u00e3o participaram de uma festa clandestina no dia 12 de agosto<\/strong>\u00a0no munic\u00edpio.<\/p>\n<p style=\"text-align: justify;\">Por\u00e9m, a institui\u00e7\u00e3o n\u00e3o confirmou se o \u00f3bito da estudante tem rela\u00e7\u00e3o com a festa. O Di\u00e1rio de Itajub\u00e1 publicou uma nota divulgada pela faculdade que diz:\u00a0<em>\u201cComo os demais colegas, a estudante realizou o teste, que deu resultado negativo, por\u00e9m, com os sintomas em evolu\u00e7\u00e3o, a jovem foi hospitalizada e seu estado se agravou nos \u00faltimos dias\u201d.<\/em><\/p>\n<figure class=\"wp-caption alignnone\" style=\"text-align: justify;\"><img fetchpriority=\"high\" decoding=\"async\" src=\"https:\/\/i1.wp.com\/static.meionorte.com\/uploads\/imagens\/2021\/9\/10\/estudante-de-medicina-de-20-anos-morre-vitima-da-covid-19-2a9ec1cc-ff30-4495-afbd-279bc79b4606.jpg?resize=799%2C448&amp;ssl=1\" alt=\"Estudante participou de uma festa clandestina no \u00faltimo dia 12 de agosto - Foto: Arquivo Pessoal\" width=\"380\" height=\"213\" \/><figcaption class=\"wp-caption-text\">Estudante participou de uma festa clandestina no \u00faltimo dia 12 de agosto \u2013 Foto: Arquivo Pessoal<\/figcaption><\/figure>\n<p style=\"text-align: justify;\">A Faculdade de Medicina tamb\u00e9m publicou nas redes sociais uma nota de pesar lamentando a morte da aluna: \u201cAos amigos de classe, lamentamos pela perda da colega que entre o conv\u00edvio acad\u00eamico trouxe a todos bons momentos que ser\u00e3o recordados com eterna saudade. Pedimos a Deus que conforte pais, familiares e amigos neste momento de luto\u201d.<\/p>\n<p style=\"text-align: justify;\">A institui\u00e7\u00e3o ainda pede para que os estudantes evitem qualquer tipo de festa no per\u00edodo de pandemia. \u201cFestas e demais encontros n\u00e3o devem ser realizados, com o objetivo de preservar a vida e a seguran\u00e7a de todos\u201d, diz a nota.<\/p>\n<p style=\"text-align: justify;\"><strong>Fonte: Meio Norte<\/strong><\/p>\n","protected":false},"excerpt":{"rendered":"<p>Uma jovem de 20 anos\u00a0que cursava o 2\u00ba per\u00edodo de medicina morreu, na \u00faltima quarta-feira (8),\u00a0v\u00edtima da Covid-19\u00a0em Itajub\u00e1, no Sul de Minas Gerais. Giulia Lima Bertelli estava internada no Hospital de Cl\u00ednicas,\u00a0mas n\u00e3o resistiu \u00e0s complica\u00e7\u00f5es da doen\u00e7a. Giulia era aluna da Faculdade de Medicina de Itajub\u00e1, que suspendeu as aulas presenciais no m\u00eas &hellip;<\/p>\n","protected":false},"author":2,"featured_media":0,"comment_status":"open","ping_status":"open","sticky":false,"template":"","format":"standard","meta":{"content-type":"","rop_custom_images_group":[],"rop_custom_messages_group":[],"rop_publish_now":"initial","rop_publish_now_accounts":{"facebook_2648258775420054_1618374048415101":""},"rop_publish_now_history":[],"rop_publish_now_status":"pending","footnotes":"","_jetpack_memberships_contains_paid_content":false},"categories":[125],"tags":[1113,606,132],"yoast_head":"<!-- This site is optimized with the Yoast SEO plugin v22.3 - https:\/\/yoast.com\/wordpress\/plugins\/seo\/ -->\n<title>Estudante de medicina de 20 anos morre de Covid ap\u00f3s participar de festa - Portal NPM<\/title>\n<meta name=\"robots\" content=\"index, follow, max-snippet:-1, max-image-preview:large, max-video-preview:-1\" \/>\n<link rel=\"canonical\" href=\"https:\/\/portalnpm.com\/index.php\/2021\/09\/11\/estudante-de-medicina-de-20-anos-morre-de-covid-apos-participar-de-festa\/\" \/>\n<meta property=\"og:locale\" content=\"pt_BR\" \/>\n<meta property=\"og:type\" content=\"article\" \/>\n<meta property=\"og:title\" content=\"Estudante de medicina de 20 anos morre de Covid ap\u00f3s participar de festa - Portal NPM\" \/>\n<meta property=\"og:description\" content=\"Uma jovem de 20 anos\u00a0que cursava o 2\u00ba per\u00edodo de medicina morreu, na \u00faltima quarta-feira (8),\u00a0v\u00edtima da Covid-19\u00a0em Itajub\u00e1, no Sul de Minas Gerais. Giulia Lima Bertelli estava internada no Hospital de Cl\u00ednicas,\u00a0mas n\u00e3o resistiu \u00e0s complica\u00e7\u00f5es da doen\u00e7a. Giulia era aluna da Faculdade de Medicina de Itajub\u00e1, que suspendeu as aulas presenciais no m\u00eas &hellip;\" \/>\n<meta property=\"og:url\" content=\"https:\/\/portalnpm.com\/index.php\/2021\/09\/11\/estudante-de-medicina-de-20-anos-morre-de-covid-apos-participar-de-festa\/\" \/>\n<meta property=\"og:site_name\" content=\"Portal NPM\" \/>\n<meta property=\"article:published_time\" content=\"2021-09-11T12:42:26+00:00\" \/>\n<meta property=\"og:image\" content=\"https:\/\/i1.wp.com\/static.meionorte.com\/uploads\/imagens\/2021\/9\/10\/estudante-de-medicina-de-20-anos-morre-vitima-da-covid-19-2a9ec1cc-ff30-4495-afbd-279bc79b4606.jpg?resize=799%2C448&amp;ssl=1\" \/>\n<meta name=\"author\" content=\"Genival Barbosa\" \/>\n<meta name=\"twitter:card\" content=\"summary_large_image\" \/>\n<meta name=\"twitter:label1\" content=\"Escrito por\" \/>\n\t<meta name=\"twitter:data1\" content=\"Genival Barbosa\" \/>\n\t<meta name=\"twitter:label2\" content=\"Est. tempo de leitura\" \/>\n\t<meta name=\"twitter:data2\" content=\"2 minutos\" \/>\n<script type=\"application\/ld+json\" class=\"yoast-schema-graph\">{\"@context\":\"https:\/\/schema.org\",\"@graph\":[{\"@type\":\"WebPage\",\"@id\":\"https:\/\/portalnpm.com\/index.php\/2021\/09\/11\/estudante-de-medicina-de-20-anos-morre-de-covid-apos-participar-de-festa\/\",\"url\":\"https:\/\/portalnpm.com\/index.php\/2021\/09\/11\/estudante-de-medicina-de-20-anos-morre-de-covid-apos-participar-de-festa\/\",\"name\":\"Estudante de medicina de 20 anos morre de Covid ap\u00f3s participar de festa - Portal NPM\",\"isPartOf\":{\"@id\":\"https:\/\/portalnpm.com\/#website\"},\"primaryImageOfPage\":{\"@id\":\"https:\/\/portalnpm.com\/index.php\/2021\/09\/11\/estudante-de-medicina-de-20-anos-morre-de-covid-apos-participar-de-festa\/#primaryimage\"},\"image\":{\"@id\":\"https:\/\/portalnpm.com\/index.php\/2021\/09\/11\/estudante-de-medicina-de-20-anos-morre-de-covid-apos-participar-de-festa\/#primaryimage\"},\"thumbnailUrl\":\"https:\/\/i1.wp.com\/static.meionorte.com\/uploads\/imagens\/2021\/9\/10\/estudante-de-medicina-de-20-anos-morre-vitima-da-covid-19-2a9ec1cc-ff30-4495-afbd-279bc79b4606.jpg?resize=799%2C448&amp;ssl=1\",\"datePublished\":\"2021-09-11T12:42:26+00:00\",\"dateModified\":\"2021-09-11T12:42:26+00:00\",\"author\":{\"@id\":\"https:\/\/portalnpm.com\/#\/schema\/person\/49313e563cfdefcc167f1ee4c017c294\"},\"breadcrumb\":{\"@id\":\"https:\/\/portalnpm.com\/index.php\/2021\/09\/11\/estudante-de-medicina-de-20-anos-morre-de-covid-apos-participar-de-festa\/#breadcrumb\"},\"inLanguage\":\"pt-BR\",\"potentialAction\":[{\"@type\":\"ReadAction\",\"target\":[\"https:\/\/portalnpm.com\/index.php\/2021\/09\/11\/estudante-de-medicina-de-20-anos-morre-de-covid-apos-participar-de-festa\/\"]}]},{\"@type\":\"ImageObject\",\"inLanguage\":\"pt-BR\",\"@id\":\"https:\/\/portalnpm.com\/index.php\/2021\/09\/11\/estudante-de-medicina-de-20-anos-morre-de-covid-apos-participar-de-festa\/#primaryimage\",\"url\":\"https:\/\/i1.wp.com\/static.meionorte.com\/uploads\/imagens\/2021\/9\/10\/estudante-de-medicina-de-20-anos-morre-vitima-da-covid-19-2a9ec1cc-ff30-4495-afbd-279bc79b4606.jpg?resize=799%2C448&amp;ssl=1\",\"contentUrl\":\"https:\/\/i1.wp.com\/static.meionorte.com\/uploads\/imagens\/2021\/9\/10\/estudante-de-medicina-de-20-anos-morre-vitima-da-covid-19-2a9ec1cc-ff30-4495-afbd-279bc79b4606.jpg?resize=799%2C448&amp;ssl=1\"},{\"@type\":\"BreadcrumbList\",\"@id\":\"https:\/\/portalnpm.com\/index.php\/2021\/09\/11\/estudante-de-medicina-de-20-anos-morre-de-covid-apos-participar-de-festa\/#breadcrumb\",\"itemListElement\":[{\"@type\":\"ListItem\",\"position\":1,\"name\":\"In\u00edcio\",\"item\":\"https:\/\/portalnpm.com\/\"},{\"@type\":\"ListItem\",\"position\":2,\"name\":\"Estudante de medicina de 20 anos morre de Covid ap\u00f3s participar de festa\"}]},{\"@type\":\"WebSite\",\"@id\":\"https:\/\/portalnpm.com\/#website\",\"url\":\"https:\/\/portalnpm.com\/\",\"name\":\"Portal NPM\",\"description\":\"Not\u00edcias em Primeira M\u00e3o\",\"potentialAction\":[{\"@type\":\"SearchAction\",\"target\":{\"@type\":\"EntryPoint\",\"urlTemplate\":\"https:\/\/portalnpm.com\/?s={search_term_string}\"},\"query-input\":\"required name=search_term_string\"}],\"inLanguage\":\"pt-BR\"},{\"@type\":\"Person\",\"@id\":\"https:\/\/portalnpm.com\/#\/schema\/person\/49313e563cfdefcc167f1ee4c017c294\",\"name\":\"Genival Barbosa\",\"image\":{\"@type\":\"ImageObject\",\"inLanguage\":\"pt-BR\",\"@id\":\"https:\/\/portalnpm.com\/#\/schema\/person\/image\/\",\"url\":\"https:\/\/portalnpm.com\/wp-content\/uploads\/2024\/02\/avatar_user_2_1707743258-96x96.jpeg\",\"contentUrl\":\"https:\/\/portalnpm.com\/wp-content\/uploads\/2024\/02\/avatar_user_2_1707743258-96x96.jpeg\",\"caption\":\"Genival Barbosa\"},\"url\":\"https:\/\/portalnpm.com\/index.php\/author\/genival\/\"}]}<\/script>\n<!-- \/ Yoast SEO plugin. -->","yoast_head_json":{"title":"Estudante de medicina de 20 anos morre de Covid ap\u00f3s participar de festa - Portal NPM","robots":{"index":"index","follow":"follow","max-snippet":"max-snippet:-1","max-image-preview":"max-image-preview:large","max-video-preview":"max-video-preview:-1"},"canonical":"https:\/\/portalnpm.com\/index.php\/2021\/09\/11\/estudante-de-medicina-de-20-anos-morre-de-covid-apos-participar-de-festa\/","og_locale":"pt_BR","og_type":"article","og_title":"Estudante de medicina de 20 anos morre de Covid ap\u00f3s participar de festa - Portal NPM","og_description":"Uma jovem de 20 anos\u00a0que cursava o 2\u00ba per\u00edodo de medicina morreu, na \u00faltima quarta-feira (8),\u00a0v\u00edtima da Covid-19\u00a0em Itajub\u00e1, no Sul de Minas Gerais. Giulia Lima Bertelli estava internada no Hospital de Cl\u00ednicas,\u00a0mas n\u00e3o resistiu \u00e0s complica\u00e7\u00f5es da doen\u00e7a. Giulia era aluna da Faculdade de Medicina de Itajub\u00e1, que suspendeu as aulas presenciais no m\u00eas &hellip;","og_url":"https:\/\/portalnpm.com\/index.php\/2021\/09\/11\/estudante-de-medicina-de-20-anos-morre-de-covid-apos-participar-de-festa\/","og_site_name":"Portal NPM","article_published_time":"2021-09-11T12:42:26+00:00","og_image":[{"url":"https:\/\/i1.wp.com\/static.meionorte.com\/uploads\/imagens\/2021\/9\/10\/estudante-de-medicina-de-20-anos-morre-vitima-da-covid-19-2a9ec1cc-ff30-4495-afbd-279bc79b4606.jpg?resize=799%2C448&amp;ssl=1"}],"author":"Genival Barbosa","twitter_card":"summary_large_image","twitter_misc":{"Escrito por":"Genival Barbosa","Est. tempo de leitura":"2 minutos"},"schema":{"@context":"https:\/\/schema.org","@graph":[{"@type":"WebPage","@id":"https:\/\/portalnpm.com\/index.php\/2021\/09\/11\/estudante-de-medicina-de-20-anos-morre-de-covid-apos-participar-de-festa\/","url":"https:\/\/portalnpm.com\/index.php\/2021\/09\/11\/estudante-de-medicina-de-20-anos-morre-de-covid-apos-participar-de-festa\/","name":"Estudante de medicina de 20 anos morre de Covid ap\u00f3s participar de festa - Portal NPM","isPartOf":{"@id":"https:\/\/portalnpm.com\/#website"},"primaryImageOfPage":{"@id":"https:\/\/portalnpm.com\/index.php\/2021\/09\/11\/estudante-de-medicina-de-20-anos-morre-de-covid-apos-participar-de-festa\/#primaryimage"},"image":{"@id":"https:\/\/portalnpm.com\/index.php\/2021\/09\/11\/estudante-de-medicina-de-20-anos-morre-de-covid-apos-participar-de-festa\/#primaryimage"},"thumbnailUrl":"https:\/\/i1.wp.com\/static.meionorte.com\/uploads\/imagens\/2021\/9\/10\/estudante-de-medicina-de-20-anos-morre-vitima-da-covid-19-2a9ec1cc-ff30-4495-afbd-279bc79b4606.jpg?resize=799%2C448&amp;ssl=1","datePublished":"2021-09-11T12:42:26+00:00","dateModified":"2021-09-11T12:42:26+00:00","author":{"@id":"https:\/\/portalnpm.com\/#\/schema\/person\/49313e563cfdefcc167f1ee4c017c294"},"breadcrumb":{"@id":"https:\/\/portalnpm.com\/index.php\/2021\/09\/11\/estudante-de-medicina-de-20-anos-morre-de-covid-apos-participar-de-festa\/#breadcrumb"},"inLanguage":"pt-BR","potentialAction":[{"@type":"ReadAction","target":["https:\/\/portalnpm.com\/index.php\/2021\/09\/11\/estudante-de-medicina-de-20-anos-morre-de-covid-apos-participar-de-festa\/"]}]},{"@type":"ImageObject","inLanguage":"pt-BR","@id":"https:\/\/portalnpm.com\/index.php\/2021\/09\/11\/estudante-de-medicina-de-20-anos-morre-de-covid-apos-participar-de-festa\/#primaryimage","url":"https:\/\/i1.wp.com\/static.meionorte.com\/uploads\/imagens\/2021\/9\/10\/estudante-de-medicina-de-20-anos-morre-vitima-da-covid-19-2a9ec1cc-ff30-4495-afbd-279bc79b4606.jpg?resize=799%2C448&amp;ssl=1","contentUrl":"https:\/\/i1.wp.com\/static.meionorte.com\/uploads\/imagens\/2021\/9\/10\/estudante-de-medicina-de-20-anos-morre-vitima-da-covid-19-2a9ec1cc-ff30-4495-afbd-279bc79b4606.jpg?resize=799%2C448&amp;ssl=1"},{"@type":"BreadcrumbList","@id":"https:\/\/portalnpm.com\/index.php\/2021\/09\/11\/estudante-de-medicina-de-20-anos-morre-de-covid-apos-participar-de-festa\/#breadcrumb","itemListElement":[{"@type":"ListItem","position":1,"name":"In\u00edcio","item":"https:\/\/portalnpm.com\/"},{"@type":"ListItem","position":2,"name":"Estudante de medicina de 20 anos morre de Covid ap\u00f3s participar de festa"}]},{"@type":"WebSite","@id":"https:\/\/portalnpm.com\/#website","url":"https:\/\/portalnpm.com\/","name":"Portal NPM","description":"Not\u00edcias em Primeira M\u00e3o","potentialAction":[{"@type":"SearchAction","target":{"@type":"EntryPoint","urlTemplate":"https:\/\/portalnpm.com\/?s={search_term_string}"},"query-input":"required name=search_term_string"}],"inLanguage":"pt-BR"},{"@type":"Person","@id":"https:\/\/portalnpm.com\/#\/schema\/person\/49313e563cfdefcc167f1ee4c017c294","name":"Genival Barbosa","image":{"@type":"ImageObject","inLanguage":"pt-BR","@id":"https:\/\/portalnpm.com\/#\/schema\/person\/image\/","url":"https:\/\/portalnpm.com\/wp-content\/uploads\/2024\/02\/avatar_user_2_1707743258-96x96.jpeg","contentUrl":"https:\/\/portalnpm.com\/wp-content\/uploads\/2024\/02\/avatar_user_2_1707743258-96x96.jpeg","caption":"Genival Barbosa"},"url":"https:\/\/portalnpm.com\/index.php\/author\/genival\/"}]}},"jetpack_sharing_enabled":true,"jetpack_featured_media_url":"","_links":{"self":[{"href":"https:\/\/portalnpm.com\/index.php\/wp-json\/wp\/v2\/posts\/36531"}],"collection":[{"href":"https:\/\/portalnpm.com\/index.php\/wp-json\/wp\/v2\/posts"}],"about":[{"href":"https:\/\/portalnpm.com\/index.php\/wp-json\/wp\/v2\/types\/post"}],"author":[{"embeddable":true,"href":"https:\/\/portalnpm.com\/index.php\/wp-json\/wp\/v2\/users\/2"}],"replies":[{"embeddable":true,"href":"https:\/\/portalnpm.com\/index.php\/wp-json\/wp\/v2\/comments?post=36531"}],"version-history":[{"count":0,"href":"https:\/\/portalnpm.com\/index.php\/wp-json\/wp\/v2\/posts\/36531\/revisions"}],"wp:attachment":[{"href":"https:\/\/portalnpm.com\/index.php\/wp-json\/wp\/v2\/media?parent=36531"}],"wp:term":[{"taxonomy":"category","embeddable":true,"href":"https:\/\/portalnpm.com\/index.php\/wp-json\/wp\/v2\/categories?post=36531"},{"taxonomy":"post_tag","embeddable":true,"href":"https:\/\/portalnpm.com\/index.php\/wp-json\/wp\/v2\/tags?post=36531"}],"curies":[{"name":"wp","href":"https:\/\/api.w.org\/{rel}","templated":true}]}}