{"id":3658,"date":"2018-12-18T14:57:03","date_gmt":"2018-12-18T16:57:03","guid":{"rendered":"http:\/\/srv.portalnpm.com.br\/?p=3658"},"modified":"2018-12-18T14:57:03","modified_gmt":"2018-12-18T16:57:03","slug":"jonas-moura-e-eleito-presidente-da-appm-e-defende-fortalecer-pequenas-prefeituras","status":"publish","type":"post","link":"https:\/\/portalnpm.com\/index.php\/2018\/12\/18\/jonas-moura-e-eleito-presidente-da-appm-e-defende-fortalecer-pequenas-prefeituras\/","title":{"rendered":"Jonas Moura \u00e9 eleito presidente da APPM e defende fortalecer pequenas prefeituras"},"content":{"rendered":"<p style=\"text-align: justify;\">Ap\u00f3s consenso, o prefeito de \u00c1gua Branca, Jonas Moura, foi aclamado presidente da Associa\u00e7\u00e3o Piauiense de Munic\u00edpios (APPM). Como vice-presidente foi eleito o prefeito de Santo In\u00e1cio do Piau\u00ed, Tairo Mesquista.<\/p>\n<p style=\"text-align: justify;\">Durante a elei\u00e7\u00e3o, Jonas Moura agradeceu aos demais prefeitos pelo consenso. &#8220;O entendimento foi fundamental. Os prefeitos mostraram grandeza ao abrir m\u00e3o da disputa e buscar o entendimento. Isso \u00e9 fundamental. Nossa prioridade \u00e9 continuar fortalecendo nossa associa\u00e7\u00e3o. Demos uma demonstra\u00e7\u00e3o de intelig\u00eancia na hora de fazer o consenso. \u00c9 o trabalho que buscamos desde o in\u00edcio. Nosso trabalho \u00e9 unir ainda mais&#8221;, disse.<\/p>\n<p style=\"text-align: justify;\">Jonas Moura falou da necessidade dos prefeitos se sentirem atendidos pela APPM.<\/p>\n<p style=\"text-align: justify;\">&#8220;Os prefeitos devem se sentir atendidos pela APPM. \u00c9 importante essa ajuda para a gest\u00e3o do dia-a-dia. Precisamos atender os munic\u00edpios 0.6 (na tabela do Fundo de Participa\u00e7\u00e3o) que s\u00e3o os menores e os mais necessitados. Eles t\u00eam dificuldades para conseguirem recursos. Precisamos criar uma plataforma que os ajudem a arrecadar mais. Essa vai ser\u00a0 nossa luta nos pr\u00f3ximos anos&#8221;, destacou.<\/p>\n<p style=\"text-align: justify;\">A posse de Jonas Moura deve ocorrer dia 10 de janeiro. At\u00e9 l\u00e1 o atual presidente Gil Carlos, prefeito de S\u00e3o Jo\u00e3o do Piau\u00ed, continuar\u00e1 \u00e0 frente da institui\u00e7\u00e3o.<\/p>\n<p style=\"text-align: justify;\">&#8220;Conseguimos alcan\u00e7ar nossos objetivos de fortalecer a APPM como interlocutor entre os munic\u00edpios, sociedade e demais \u00f3rg\u00e3os do Estado. Conseguimos tamb\u00e9m um\u00a0 protagonismo no movimento municipalista Nacional. A APPM tem um papel importante&#8221;, afirmou.<\/p>\n<p style=\"text-align: justify;\"><strong>Fonte: Cidade Verde\u00a0<\/strong><\/p>\n","protected":false},"excerpt":{"rendered":"<p>Ap\u00f3s consenso, o prefeito de \u00c1gua Branca, Jonas Moura, foi aclamado presidente da Associa\u00e7\u00e3o Piauiense de Munic\u00edpios (APPM). Como vice-presidente foi eleito o prefeito de Santo In\u00e1cio do Piau\u00ed, Tairo Mesquista. Durante a elei\u00e7\u00e3o, Jonas Moura agradeceu aos demais prefeitos pelo consenso. &#8220;O entendimento foi fundamental. Os prefeitos mostraram grandeza ao abrir m\u00e3o da disputa &hellip;<\/p>\n","protected":false},"author":4,"featured_media":3661,"comment_status":"open","ping_status":"open","sticky":false,"template":"","format":"standard","meta":{"content-type":"","rop_custom_images_group":[],"rop_custom_messages_group":[],"rop_publish_now":"initial","rop_publish_now_accounts":{"facebook_2648258775420054_1618374048415101":""},"rop_publish_now_history":[],"rop_publish_now_status":"pending","footnotes":"","_jetpack_memberships_contains_paid_content":false},"categories":[113,130],"tags":[1529,1068,1530,702],"yoast_head":"<!-- This site is optimized with the Yoast SEO plugin v22.3 - https:\/\/yoast.com\/wordpress\/plugins\/seo\/ -->\n<title>Jonas Moura \u00e9 eleito presidente da APPM e defende fortalecer pequenas prefeituras - Portal NPM<\/title>\n<meta name=\"robots\" content=\"index, follow, max-snippet:-1, max-image-preview:large, max-video-preview:-1\" \/>\n<link rel=\"canonical\" href=\"https:\/\/portalnpm.com\/index.php\/2018\/12\/18\/jonas-moura-e-eleito-presidente-da-appm-e-defende-fortalecer-pequenas-prefeituras\/\" \/>\n<meta property=\"og:locale\" content=\"pt_BR\" \/>\n<meta property=\"og:type\" content=\"article\" \/>\n<meta property=\"og:title\" content=\"Jonas Moura \u00e9 eleito presidente da APPM e defende fortalecer pequenas prefeituras - Portal NPM\" \/>\n<meta property=\"og:description\" content=\"Ap\u00f3s consenso, o prefeito de \u00c1gua Branca, Jonas Moura, foi aclamado presidente da Associa\u00e7\u00e3o Piauiense de Munic\u00edpios (APPM). Como vice-presidente foi eleito o prefeito de Santo In\u00e1cio do Piau\u00ed, Tairo Mesquista. Durante a elei\u00e7\u00e3o, Jonas Moura agradeceu aos demais prefeitos pelo consenso. &#8220;O entendimento foi fundamental. Os prefeitos mostraram grandeza ao abrir m\u00e3o da disputa &hellip;\" \/>\n<meta property=\"og:url\" content=\"https:\/\/portalnpm.com\/index.php\/2018\/12\/18\/jonas-moura-e-eleito-presidente-da-appm-e-defende-fortalecer-pequenas-prefeituras\/\" \/>\n<meta property=\"og:site_name\" content=\"Portal NPM\" \/>\n<meta property=\"article:published_time\" content=\"2018-12-18T16:57:03+00:00\" \/>\n<meta name=\"author\" content=\"Reda\u00e7\u00e3o\" \/>\n<meta name=\"twitter:card\" content=\"summary_large_image\" \/>\n<meta name=\"twitter:label1\" content=\"Escrito por\" \/>\n\t<meta name=\"twitter:data1\" content=\"Reda\u00e7\u00e3o\" \/>\n\t<meta name=\"twitter:label2\" content=\"Est. tempo de leitura\" \/>\n\t<meta name=\"twitter:data2\" content=\"1 minuto\" \/>\n<script type=\"application\/ld+json\" class=\"yoast-schema-graph\">{\"@context\":\"https:\/\/schema.org\",\"@graph\":[{\"@type\":\"WebPage\",\"@id\":\"https:\/\/portalnpm.com\/index.php\/2018\/12\/18\/jonas-moura-e-eleito-presidente-da-appm-e-defende-fortalecer-pequenas-prefeituras\/\",\"url\":\"https:\/\/portalnpm.com\/index.php\/2018\/12\/18\/jonas-moura-e-eleito-presidente-da-appm-e-defende-fortalecer-pequenas-prefeituras\/\",\"name\":\"Jonas Moura \u00e9 eleito presidente da APPM e defende fortalecer pequenas prefeituras - Portal NPM\",\"isPartOf\":{\"@id\":\"https:\/\/portalnpm.com\/#website\"},\"primaryImageOfPage\":{\"@id\":\"https:\/\/portalnpm.com\/index.php\/2018\/12\/18\/jonas-moura-e-eleito-presidente-da-appm-e-defende-fortalecer-pequenas-prefeituras\/#primaryimage\"},\"image\":{\"@id\":\"https:\/\/portalnpm.com\/index.php\/2018\/12\/18\/jonas-moura-e-eleito-presidente-da-appm-e-defende-fortalecer-pequenas-prefeituras\/#primaryimage\"},\"thumbnailUrl\":\"\",\"datePublished\":\"2018-12-18T16:57:03+00:00\",\"dateModified\":\"2018-12-18T16:57:03+00:00\",\"author\":{\"@id\":\"https:\/\/portalnpm.com\/#\/schema\/person\/0b5f230ec96cee25504fa328e7f2b733\"},\"breadcrumb\":{\"@id\":\"https:\/\/portalnpm.com\/index.php\/2018\/12\/18\/jonas-moura-e-eleito-presidente-da-appm-e-defende-fortalecer-pequenas-prefeituras\/#breadcrumb\"},\"inLanguage\":\"pt-BR\",\"potentialAction\":[{\"@type\":\"ReadAction\",\"target\":[\"https:\/\/portalnpm.com\/index.php\/2018\/12\/18\/jonas-moura-e-eleito-presidente-da-appm-e-defende-fortalecer-pequenas-prefeituras\/\"]}]},{\"@type\":\"ImageObject\",\"inLanguage\":\"pt-BR\",\"@id\":\"https:\/\/portalnpm.com\/index.php\/2018\/12\/18\/jonas-moura-e-eleito-presidente-da-appm-e-defende-fortalecer-pequenas-prefeituras\/#primaryimage\",\"url\":\"\",\"contentUrl\":\"\"},{\"@type\":\"BreadcrumbList\",\"@id\":\"https:\/\/portalnpm.com\/index.php\/2018\/12\/18\/jonas-moura-e-eleito-presidente-da-appm-e-defende-fortalecer-pequenas-prefeituras\/#breadcrumb\",\"itemListElement\":[{\"@type\":\"ListItem\",\"position\":1,\"name\":\"In\u00edcio\",\"item\":\"https:\/\/portalnpm.com\/\"},{\"@type\":\"ListItem\",\"position\":2,\"name\":\"Jonas Moura \u00e9 eleito presidente da APPM e defende fortalecer pequenas prefeituras\"}]},{\"@type\":\"WebSite\",\"@id\":\"https:\/\/portalnpm.com\/#website\",\"url\":\"https:\/\/portalnpm.com\/\",\"name\":\"Portal NPM\",\"description\":\"Not\u00edcias em Primeira M\u00e3o\",\"potentialAction\":[{\"@type\":\"SearchAction\",\"target\":{\"@type\":\"EntryPoint\",\"urlTemplate\":\"https:\/\/portalnpm.com\/?s={search_term_string}\"},\"query-input\":\"required name=search_term_string\"}],\"inLanguage\":\"pt-BR\"},{\"@type\":\"Person\",\"@id\":\"https:\/\/portalnpm.com\/#\/schema\/person\/0b5f230ec96cee25504fa328e7f2b733\",\"name\":\"Reda\u00e7\u00e3o\",\"image\":{\"@type\":\"ImageObject\",\"inLanguage\":\"pt-BR\",\"@id\":\"https:\/\/portalnpm.com\/#\/schema\/person\/image\/\",\"url\":\"https:\/\/portalnpm.com\/wp-content\/uploads\/2024\/03\/avatar_user_4_1710097212-96x96.png\",\"contentUrl\":\"https:\/\/portalnpm.com\/wp-content\/uploads\/2024\/03\/avatar_user_4_1710097212-96x96.png\",\"caption\":\"Reda\u00e7\u00e3o\"},\"url\":\"https:\/\/portalnpm.com\/index.php\/author\/redacao\/\"}]}<\/script>\n<!-- \/ Yoast SEO plugin. -->","yoast_head_json":{"title":"Jonas Moura \u00e9 eleito presidente da APPM e defende fortalecer pequenas prefeituras - Portal NPM","robots":{"index":"index","follow":"follow","max-snippet":"max-snippet:-1","max-image-preview":"max-image-preview:large","max-video-preview":"max-video-preview:-1"},"canonical":"https:\/\/portalnpm.com\/index.php\/2018\/12\/18\/jonas-moura-e-eleito-presidente-da-appm-e-defende-fortalecer-pequenas-prefeituras\/","og_locale":"pt_BR","og_type":"article","og_title":"Jonas Moura \u00e9 eleito presidente da APPM e defende fortalecer pequenas prefeituras - Portal NPM","og_description":"Ap\u00f3s consenso, o prefeito de \u00c1gua Branca, Jonas Moura, foi aclamado presidente da Associa\u00e7\u00e3o Piauiense de Munic\u00edpios (APPM). Como vice-presidente foi eleito o prefeito de Santo In\u00e1cio do Piau\u00ed, Tairo Mesquista. Durante a elei\u00e7\u00e3o, Jonas Moura agradeceu aos demais prefeitos pelo consenso. &#8220;O entendimento foi fundamental. Os prefeitos mostraram grandeza ao abrir m\u00e3o da disputa &hellip;","og_url":"https:\/\/portalnpm.com\/index.php\/2018\/12\/18\/jonas-moura-e-eleito-presidente-da-appm-e-defende-fortalecer-pequenas-prefeituras\/","og_site_name":"Portal NPM","article_published_time":"2018-12-18T16:57:03+00:00","author":"Reda\u00e7\u00e3o","twitter_card":"summary_large_image","twitter_misc":{"Escrito por":"Reda\u00e7\u00e3o","Est. tempo de leitura":"1 minuto"},"schema":{"@context":"https:\/\/schema.org","@graph":[{"@type":"WebPage","@id":"https:\/\/portalnpm.com\/index.php\/2018\/12\/18\/jonas-moura-e-eleito-presidente-da-appm-e-defende-fortalecer-pequenas-prefeituras\/","url":"https:\/\/portalnpm.com\/index.php\/2018\/12\/18\/jonas-moura-e-eleito-presidente-da-appm-e-defende-fortalecer-pequenas-prefeituras\/","name":"Jonas Moura \u00e9 eleito presidente da APPM e defende fortalecer pequenas prefeituras - Portal NPM","isPartOf":{"@id":"https:\/\/portalnpm.com\/#website"},"primaryImageOfPage":{"@id":"https:\/\/portalnpm.com\/index.php\/2018\/12\/18\/jonas-moura-e-eleito-presidente-da-appm-e-defende-fortalecer-pequenas-prefeituras\/#primaryimage"},"image":{"@id":"https:\/\/portalnpm.com\/index.php\/2018\/12\/18\/jonas-moura-e-eleito-presidente-da-appm-e-defende-fortalecer-pequenas-prefeituras\/#primaryimage"},"thumbnailUrl":"","datePublished":"2018-12-18T16:57:03+00:00","dateModified":"2018-12-18T16:57:03+00:00","author":{"@id":"https:\/\/portalnpm.com\/#\/schema\/person\/0b5f230ec96cee25504fa328e7f2b733"},"breadcrumb":{"@id":"https:\/\/portalnpm.com\/index.php\/2018\/12\/18\/jonas-moura-e-eleito-presidente-da-appm-e-defende-fortalecer-pequenas-prefeituras\/#breadcrumb"},"inLanguage":"pt-BR","potentialAction":[{"@type":"ReadAction","target":["https:\/\/portalnpm.com\/index.php\/2018\/12\/18\/jonas-moura-e-eleito-presidente-da-appm-e-defende-fortalecer-pequenas-prefeituras\/"]}]},{"@type":"ImageObject","inLanguage":"pt-BR","@id":"https:\/\/portalnpm.com\/index.php\/2018\/12\/18\/jonas-moura-e-eleito-presidente-da-appm-e-defende-fortalecer-pequenas-prefeituras\/#primaryimage","url":"","contentUrl":""},{"@type":"BreadcrumbList","@id":"https:\/\/portalnpm.com\/index.php\/2018\/12\/18\/jonas-moura-e-eleito-presidente-da-appm-e-defende-fortalecer-pequenas-prefeituras\/#breadcrumb","itemListElement":[{"@type":"ListItem","position":1,"name":"In\u00edcio","item":"https:\/\/portalnpm.com\/"},{"@type":"ListItem","position":2,"name":"Jonas Moura \u00e9 eleito presidente da APPM e defende fortalecer pequenas prefeituras"}]},{"@type":"WebSite","@id":"https:\/\/portalnpm.com\/#website","url":"https:\/\/portalnpm.com\/","name":"Portal NPM","description":"Not\u00edcias em Primeira M\u00e3o","potentialAction":[{"@type":"SearchAction","target":{"@type":"EntryPoint","urlTemplate":"https:\/\/portalnpm.com\/?s={search_term_string}"},"query-input":"required name=search_term_string"}],"inLanguage":"pt-BR"},{"@type":"Person","@id":"https:\/\/portalnpm.com\/#\/schema\/person\/0b5f230ec96cee25504fa328e7f2b733","name":"Reda\u00e7\u00e3o","image":{"@type":"ImageObject","inLanguage":"pt-BR","@id":"https:\/\/portalnpm.com\/#\/schema\/person\/image\/","url":"https:\/\/portalnpm.com\/wp-content\/uploads\/2024\/03\/avatar_user_4_1710097212-96x96.png","contentUrl":"https:\/\/portalnpm.com\/wp-content\/uploads\/2024\/03\/avatar_user_4_1710097212-96x96.png","caption":"Reda\u00e7\u00e3o"},"url":"https:\/\/portalnpm.com\/index.php\/author\/redacao\/"}]}},"jetpack_sharing_enabled":true,"jetpack_featured_media_url":"","_links":{"self":[{"href":"https:\/\/portalnpm.com\/index.php\/wp-json\/wp\/v2\/posts\/3658"}],"collection":[{"href":"https:\/\/portalnpm.com\/index.php\/wp-json\/wp\/v2\/posts"}],"about":[{"href":"https:\/\/portalnpm.com\/index.php\/wp-json\/wp\/v2\/types\/post"}],"author":[{"embeddable":true,"href":"https:\/\/portalnpm.com\/index.php\/wp-json\/wp\/v2\/users\/4"}],"replies":[{"embeddable":true,"href":"https:\/\/portalnpm.com\/index.php\/wp-json\/wp\/v2\/comments?post=3658"}],"version-history":[{"count":0,"href":"https:\/\/portalnpm.com\/index.php\/wp-json\/wp\/v2\/posts\/3658\/revisions"}],"wp:featuredmedia":[{"embeddable":true,"href":"https:\/\/portalnpm.com\/index.php\/wp-json\/"}],"wp:attachment":[{"href":"https:\/\/portalnpm.com\/index.php\/wp-json\/wp\/v2\/media?parent=3658"}],"wp:term":[{"taxonomy":"category","embeddable":true,"href":"https:\/\/portalnpm.com\/index.php\/wp-json\/wp\/v2\/categories?post=3658"},{"taxonomy":"post_tag","embeddable":true,"href":"https:\/\/portalnpm.com\/index.php\/wp-json\/wp\/v2\/tags?post=3658"}],"curies":[{"name":"wp","href":"https:\/\/api.w.org\/{rel}","templated":true}]}}