{"id":36619,"date":"2021-09-13T19:02:25","date_gmt":"2021-09-13T22:02:25","guid":{"rendered":"https:\/\/backupnpm.codetainer.com.br\/?p=36619"},"modified":"2021-09-13T19:02:25","modified_gmt":"2021-09-13T22:02:25","slug":"menina-de-4-anos-morre-de-covid-horas-apos-apresentar-febre","status":"publish","type":"post","link":"https:\/\/portalnpm.com\/index.php\/2021\/09\/13\/menina-de-4-anos-morre-de-covid-horas-apos-apresentar-febre\/","title":{"rendered":"Menina de 4 anos morre de covid horas ap\u00f3s apresentar febre"},"content":{"rendered":"<p style=\"text-align: justify;\">Uma menina de 4 anos que vivia no condado de Galveston, no Texas, nos EUA, morreu de\u00a0<a tabindex=\"0\" href=\"https:\/\/catracalivre.com.br\/saude-bem-estar\/estudo-classifica-6-tipos-de-covid-19-saiba-os-sinais-de-cada-uma\/\" target=\"_blank\" rel=\"noopener\" data-id=\"78\" data-m=\"{&quot;i&quot;:78,&quot;p&quot;:37,&quot;n&quot;:&quot;partnerLink&quot;,&quot;y&quot;:24,&quot;o&quot;:31}\">covid-19<\/a>\u00a0poucas horas ap\u00f3s o in\u00edcio de\u00a0<a tabindex=\"0\" href=\"https:\/\/catracalivre.com.br\/saude-bem-estar\/febre-da-covid-19-pode-despertar-em-determinado-periodo-do-dia\/\" target=\"_blank\" rel=\"noopener\" data-id=\"79\" data-m=\"{&quot;i&quot;:79,&quot;p&quot;:37,&quot;n&quot;:&quot;partnerLink&quot;,&quot;y&quot;:24,&quot;o&quot;:32}\">febre<\/a>, segundo a fam\u00edlia. Um dia antes, a m\u00e3e de Kali Cook, Karra Harwood, que se recusou a tomar a vacina, foi diagnosticada com a doen\u00e7a e se isolou para preservar a menina e os irm\u00e3os.<\/p>\n<p style=\"text-align: justify;\">\n<p style=\"text-align: justify;\">\n<p style=\"text-align: justify;\">Segundo ela, a menina n\u00e3o tinha diagn\u00f3stico de dist\u00farbios imunol\u00f3gicos ou qualquer outra comorbidade, mas costumava ficar mais doente que os irm\u00e3os.<\/p>\n<p style=\"text-align: justify;\">Ao jornal local The Daily News, a m\u00e3e contou que ap\u00f3s notar que a menina estava com febre, a medicou e a colocou para dormir. Por volta das 7h da manh\u00e3 do dia seguinte, a menina j\u00e1 tinha falecido em casa.<\/p>\n<p style=\"text-align: justify;\">Kali \u00e9 a moradora mais jovem do condado de Galveston a morrer com o v\u00edrus. A morte dela ocorre em meio a uma onda de casos da variante delta na regi\u00e3o. De acordo com o Departamento de Servi\u00e7os de Sa\u00fade do Estado do Texas, em 10 de setembro, pelo menos 2.384 crian\u00e7as contra\u00edram covid-19 no estado.<\/p>\n<div id=\"outbrain_widget_0\" class=\"OUTBRAIN\" style=\"text-align: justify;\" data-external-id=\"3b7531e4c4844d2d84dafb8210b5187e\" data-src=\"DROP_PERMALINK_HERE\" data-widget-id=\"MB_1\" data-ob-mark=\"true\" data-browser=\"chrome\" data-os=\"linux armv8l\" data-dynload=\"\" data-idx=\"0\">\n<div class=\"ob-widget ob-grid-layout ob-text-on-image MB_1 ob-cmn-MB_1\" data-dynamic-truncate=\"true\">\n<div class=\"ob-widget-footer\">\n<div class=\"ob-pixels\"><\/div>\n<\/div>\n<\/div>\n<\/div>\n<h3 style=\"text-align: justify;\">Covid-19 em crian\u00e7as<\/h3>\n<p style=\"text-align: justify;\">As crian\u00e7as geralmente n\u00e3o apresentam sintomas graves de covid-19; mas as autoridades de sa\u00fade enfatizam que as que apresentam sintomas relacionados \u00e0 doen\u00e7a devem receber atendimento m\u00e9dico o mais r\u00e1pido poss\u00edvel.<\/p>\n<p style=\"text-align: justify;\">Em crian\u00e7as, a covid-19 est\u00e1 associada \u00e0 s\u00edndrome inflamat\u00f3ria multissist\u00eamica (SIM-P), que ocorre entre as de 7 meses a 16 anos.<\/p>\n<p style=\"text-align: justify;\">A S\u00edndrome Inflamat\u00f3ria Multissist\u00eamica foi reconhecida como uma nova s\u00edndrome p\u00f3s-viral em que uma em cada 5.000 crian\u00e7as apresenta ap\u00f3s ser infectada com a covid-19.<\/p>\n<p style=\"text-align: justify;\">A s\u00edndrome pode deixar diferentes partes do corpo inflamadas, incluindo cora\u00e7\u00e3o, pulm\u00f5es, rins, c\u00e9rebro, pele, olhos ou \u00f3rg\u00e3os gastrointestinais.\u00a0Quase uma em cada quatro crian\u00e7as com a SIM-P desenvolve uma doen\u00e7a card\u00edaca chamada dilata\u00e7\u00e3o da art\u00e9ria coron\u00e1ria, que \u00e9 potencialmente fatal.<\/p>\n<p style=\"text-align: justify;\">\u00c9 preciso ficar atento aos seguintes sintomas:<\/p>\n<ul style=\"text-align: justify;\">\n<li>Febre durando mais de tr\u00eas dias<\/li>\n<li>Dor abdominal, diarreia ou v\u00f4mito<\/li>\n<li>Dor de garganta<\/li>\n<li>Erup\u00e7\u00e3o cut\u00e2nea ou mudan\u00e7as na cor da pele<\/li>\n<li>Olhos vermelhos<\/li>\n<li>Sensa\u00e7\u00e3o de cansa\u00e7o<\/li>\n<li>Problemas respirat\u00f3rios<\/li>\n<li>Confus\u00e3o<\/li>\n<li>Incapaz de acordar ou permanecer acordado<\/li>\n<li>L\u00e1bios ou rosto azulados<\/li>\n<\/ul>\n<p style=\"text-align: justify;\"><strong>Fonte:\u00a0 Catraca Livre <\/strong><\/p>\n","protected":false},"excerpt":{"rendered":"<p>Uma menina de 4 anos que vivia no condado de Galveston, no Texas, nos EUA, morreu de\u00a0covid-19\u00a0poucas horas ap\u00f3s o in\u00edcio de\u00a0febre, segundo a fam\u00edlia. Um dia antes, a m\u00e3e de Kali Cook, Karra Harwood, que se recusou a tomar a vacina, foi diagnosticada com a doen\u00e7a e se isolou para preservar a menina e &hellip;<\/p>\n","protected":false},"author":2,"featured_media":36620,"comment_status":"open","ping_status":"open","sticky":false,"template":"","format":"standard","meta":{"content-type":"","rop_custom_images_group":[],"rop_custom_messages_group":[],"rop_publish_now":"initial","rop_publish_now_accounts":{"facebook_2648258775420054_1618374048415101":""},"rop_publish_now_history":[],"rop_publish_now_status":"pending","footnotes":"","_jetpack_memberships_contains_paid_content":false},"categories":[901],"tags":[1113,14841],"yoast_head":"<!-- This site is optimized with the Yoast SEO plugin v22.3 - https:\/\/yoast.com\/wordpress\/plugins\/seo\/ -->\n<title>Menina de 4 anos morre de covid horas ap\u00f3s apresentar febre - Portal NPM<\/title>\n<meta name=\"robots\" content=\"index, follow, max-snippet:-1, max-image-preview:large, max-video-preview:-1\" \/>\n<link rel=\"canonical\" href=\"https:\/\/portalnpm.com\/index.php\/2021\/09\/13\/menina-de-4-anos-morre-de-covid-horas-apos-apresentar-febre\/\" \/>\n<meta property=\"og:locale\" content=\"pt_BR\" \/>\n<meta property=\"og:type\" content=\"article\" \/>\n<meta property=\"og:title\" content=\"Menina de 4 anos morre de covid horas ap\u00f3s apresentar febre - Portal NPM\" \/>\n<meta property=\"og:description\" content=\"Uma menina de 4 anos que vivia no condado de Galveston, no Texas, nos EUA, morreu de\u00a0covid-19\u00a0poucas horas ap\u00f3s o in\u00edcio de\u00a0febre, segundo a fam\u00edlia. Um dia antes, a m\u00e3e de Kali Cook, Karra Harwood, que se recusou a tomar a vacina, foi diagnosticada com a doen\u00e7a e se isolou para preservar a menina e &hellip;\" \/>\n<meta property=\"og:url\" content=\"https:\/\/portalnpm.com\/index.php\/2021\/09\/13\/menina-de-4-anos-morre-de-covid-horas-apos-apresentar-febre\/\" \/>\n<meta property=\"og:site_name\" content=\"Portal NPM\" \/>\n<meta property=\"article:published_time\" content=\"2021-09-13T22:02:25+00:00\" \/>\n<meta name=\"author\" content=\"Genival Barbosa\" \/>\n<meta name=\"twitter:card\" content=\"summary_large_image\" \/>\n<meta name=\"twitter:label1\" content=\"Escrito por\" \/>\n\t<meta name=\"twitter:data1\" content=\"Genival Barbosa\" \/>\n\t<meta name=\"twitter:label2\" content=\"Est. tempo de leitura\" \/>\n\t<meta name=\"twitter:data2\" content=\"2 minutos\" \/>\n<script type=\"application\/ld+json\" class=\"yoast-schema-graph\">{\"@context\":\"https:\/\/schema.org\",\"@graph\":[{\"@type\":\"WebPage\",\"@id\":\"https:\/\/portalnpm.com\/index.php\/2021\/09\/13\/menina-de-4-anos-morre-de-covid-horas-apos-apresentar-febre\/\",\"url\":\"https:\/\/portalnpm.com\/index.php\/2021\/09\/13\/menina-de-4-anos-morre-de-covid-horas-apos-apresentar-febre\/\",\"name\":\"Menina de 4 anos morre de covid horas ap\u00f3s apresentar febre - Portal NPM\",\"isPartOf\":{\"@id\":\"https:\/\/portalnpm.com\/#website\"},\"primaryImageOfPage\":{\"@id\":\"https:\/\/portalnpm.com\/index.php\/2021\/09\/13\/menina-de-4-anos-morre-de-covid-horas-apos-apresentar-febre\/#primaryimage\"},\"image\":{\"@id\":\"https:\/\/portalnpm.com\/index.php\/2021\/09\/13\/menina-de-4-anos-morre-de-covid-horas-apos-apresentar-febre\/#primaryimage\"},\"thumbnailUrl\":\"\",\"datePublished\":\"2021-09-13T22:02:25+00:00\",\"dateModified\":\"2021-09-13T22:02:25+00:00\",\"author\":{\"@id\":\"https:\/\/portalnpm.com\/#\/schema\/person\/49313e563cfdefcc167f1ee4c017c294\"},\"breadcrumb\":{\"@id\":\"https:\/\/portalnpm.com\/index.php\/2021\/09\/13\/menina-de-4-anos-morre-de-covid-horas-apos-apresentar-febre\/#breadcrumb\"},\"inLanguage\":\"pt-BR\",\"potentialAction\":[{\"@type\":\"ReadAction\",\"target\":[\"https:\/\/portalnpm.com\/index.php\/2021\/09\/13\/menina-de-4-anos-morre-de-covid-horas-apos-apresentar-febre\/\"]}]},{\"@type\":\"ImageObject\",\"inLanguage\":\"pt-BR\",\"@id\":\"https:\/\/portalnpm.com\/index.php\/2021\/09\/13\/menina-de-4-anos-morre-de-covid-horas-apos-apresentar-febre\/#primaryimage\",\"url\":\"\",\"contentUrl\":\"\"},{\"@type\":\"BreadcrumbList\",\"@id\":\"https:\/\/portalnpm.com\/index.php\/2021\/09\/13\/menina-de-4-anos-morre-de-covid-horas-apos-apresentar-febre\/#breadcrumb\",\"itemListElement\":[{\"@type\":\"ListItem\",\"position\":1,\"name\":\"In\u00edcio\",\"item\":\"https:\/\/portalnpm.com\/\"},{\"@type\":\"ListItem\",\"position\":2,\"name\":\"Menina de 4 anos morre de covid horas ap\u00f3s apresentar febre\"}]},{\"@type\":\"WebSite\",\"@id\":\"https:\/\/portalnpm.com\/#website\",\"url\":\"https:\/\/portalnpm.com\/\",\"name\":\"Portal NPM\",\"description\":\"Not\u00edcias em Primeira M\u00e3o\",\"potentialAction\":[{\"@type\":\"SearchAction\",\"target\":{\"@type\":\"EntryPoint\",\"urlTemplate\":\"https:\/\/portalnpm.com\/?s={search_term_string}\"},\"query-input\":\"required name=search_term_string\"}],\"inLanguage\":\"pt-BR\"},{\"@type\":\"Person\",\"@id\":\"https:\/\/portalnpm.com\/#\/schema\/person\/49313e563cfdefcc167f1ee4c017c294\",\"name\":\"Genival Barbosa\",\"image\":{\"@type\":\"ImageObject\",\"inLanguage\":\"pt-BR\",\"@id\":\"https:\/\/portalnpm.com\/#\/schema\/person\/image\/\",\"url\":\"https:\/\/portalnpm.com\/wp-content\/uploads\/2024\/02\/avatar_user_2_1707743258-96x96.jpeg\",\"contentUrl\":\"https:\/\/portalnpm.com\/wp-content\/uploads\/2024\/02\/avatar_user_2_1707743258-96x96.jpeg\",\"caption\":\"Genival Barbosa\"},\"url\":\"https:\/\/portalnpm.com\/index.php\/author\/genival\/\"}]}<\/script>\n<!-- \/ Yoast SEO plugin. -->","yoast_head_json":{"title":"Menina de 4 anos morre de covid horas ap\u00f3s apresentar febre - Portal NPM","robots":{"index":"index","follow":"follow","max-snippet":"max-snippet:-1","max-image-preview":"max-image-preview:large","max-video-preview":"max-video-preview:-1"},"canonical":"https:\/\/portalnpm.com\/index.php\/2021\/09\/13\/menina-de-4-anos-morre-de-covid-horas-apos-apresentar-febre\/","og_locale":"pt_BR","og_type":"article","og_title":"Menina de 4 anos morre de covid horas ap\u00f3s apresentar febre - Portal NPM","og_description":"Uma menina de 4 anos que vivia no condado de Galveston, no Texas, nos EUA, morreu de\u00a0covid-19\u00a0poucas horas ap\u00f3s o in\u00edcio de\u00a0febre, segundo a fam\u00edlia. Um dia antes, a m\u00e3e de Kali Cook, Karra Harwood, que se recusou a tomar a vacina, foi diagnosticada com a doen\u00e7a e se isolou para preservar a menina e &hellip;","og_url":"https:\/\/portalnpm.com\/index.php\/2021\/09\/13\/menina-de-4-anos-morre-de-covid-horas-apos-apresentar-febre\/","og_site_name":"Portal NPM","article_published_time":"2021-09-13T22:02:25+00:00","author":"Genival Barbosa","twitter_card":"summary_large_image","twitter_misc":{"Escrito por":"Genival Barbosa","Est. tempo de leitura":"2 minutos"},"schema":{"@context":"https:\/\/schema.org","@graph":[{"@type":"WebPage","@id":"https:\/\/portalnpm.com\/index.php\/2021\/09\/13\/menina-de-4-anos-morre-de-covid-horas-apos-apresentar-febre\/","url":"https:\/\/portalnpm.com\/index.php\/2021\/09\/13\/menina-de-4-anos-morre-de-covid-horas-apos-apresentar-febre\/","name":"Menina de 4 anos morre de covid horas ap\u00f3s apresentar febre - Portal NPM","isPartOf":{"@id":"https:\/\/portalnpm.com\/#website"},"primaryImageOfPage":{"@id":"https:\/\/portalnpm.com\/index.php\/2021\/09\/13\/menina-de-4-anos-morre-de-covid-horas-apos-apresentar-febre\/#primaryimage"},"image":{"@id":"https:\/\/portalnpm.com\/index.php\/2021\/09\/13\/menina-de-4-anos-morre-de-covid-horas-apos-apresentar-febre\/#primaryimage"},"thumbnailUrl":"","datePublished":"2021-09-13T22:02:25+00:00","dateModified":"2021-09-13T22:02:25+00:00","author":{"@id":"https:\/\/portalnpm.com\/#\/schema\/person\/49313e563cfdefcc167f1ee4c017c294"},"breadcrumb":{"@id":"https:\/\/portalnpm.com\/index.php\/2021\/09\/13\/menina-de-4-anos-morre-de-covid-horas-apos-apresentar-febre\/#breadcrumb"},"inLanguage":"pt-BR","potentialAction":[{"@type":"ReadAction","target":["https:\/\/portalnpm.com\/index.php\/2021\/09\/13\/menina-de-4-anos-morre-de-covid-horas-apos-apresentar-febre\/"]}]},{"@type":"ImageObject","inLanguage":"pt-BR","@id":"https:\/\/portalnpm.com\/index.php\/2021\/09\/13\/menina-de-4-anos-morre-de-covid-horas-apos-apresentar-febre\/#primaryimage","url":"","contentUrl":""},{"@type":"BreadcrumbList","@id":"https:\/\/portalnpm.com\/index.php\/2021\/09\/13\/menina-de-4-anos-morre-de-covid-horas-apos-apresentar-febre\/#breadcrumb","itemListElement":[{"@type":"ListItem","position":1,"name":"In\u00edcio","item":"https:\/\/portalnpm.com\/"},{"@type":"ListItem","position":2,"name":"Menina de 4 anos morre de covid horas ap\u00f3s apresentar febre"}]},{"@type":"WebSite","@id":"https:\/\/portalnpm.com\/#website","url":"https:\/\/portalnpm.com\/","name":"Portal NPM","description":"Not\u00edcias em Primeira M\u00e3o","potentialAction":[{"@type":"SearchAction","target":{"@type":"EntryPoint","urlTemplate":"https:\/\/portalnpm.com\/?s={search_term_string}"},"query-input":"required name=search_term_string"}],"inLanguage":"pt-BR"},{"@type":"Person","@id":"https:\/\/portalnpm.com\/#\/schema\/person\/49313e563cfdefcc167f1ee4c017c294","name":"Genival Barbosa","image":{"@type":"ImageObject","inLanguage":"pt-BR","@id":"https:\/\/portalnpm.com\/#\/schema\/person\/image\/","url":"https:\/\/portalnpm.com\/wp-content\/uploads\/2024\/02\/avatar_user_2_1707743258-96x96.jpeg","contentUrl":"https:\/\/portalnpm.com\/wp-content\/uploads\/2024\/02\/avatar_user_2_1707743258-96x96.jpeg","caption":"Genival Barbosa"},"url":"https:\/\/portalnpm.com\/index.php\/author\/genival\/"}]}},"jetpack_sharing_enabled":true,"jetpack_featured_media_url":"","_links":{"self":[{"href":"https:\/\/portalnpm.com\/index.php\/wp-json\/wp\/v2\/posts\/36619"}],"collection":[{"href":"https:\/\/portalnpm.com\/index.php\/wp-json\/wp\/v2\/posts"}],"about":[{"href":"https:\/\/portalnpm.com\/index.php\/wp-json\/wp\/v2\/types\/post"}],"author":[{"embeddable":true,"href":"https:\/\/portalnpm.com\/index.php\/wp-json\/wp\/v2\/users\/2"}],"replies":[{"embeddable":true,"href":"https:\/\/portalnpm.com\/index.php\/wp-json\/wp\/v2\/comments?post=36619"}],"version-history":[{"count":0,"href":"https:\/\/portalnpm.com\/index.php\/wp-json\/wp\/v2\/posts\/36619\/revisions"}],"wp:featuredmedia":[{"embeddable":true,"href":"https:\/\/portalnpm.com\/index.php\/wp-json\/"}],"wp:attachment":[{"href":"https:\/\/portalnpm.com\/index.php\/wp-json\/wp\/v2\/media?parent=36619"}],"wp:term":[{"taxonomy":"category","embeddable":true,"href":"https:\/\/portalnpm.com\/index.php\/wp-json\/wp\/v2\/categories?post=36619"},{"taxonomy":"post_tag","embeddable":true,"href":"https:\/\/portalnpm.com\/index.php\/wp-json\/wp\/v2\/tags?post=36619"}],"curies":[{"name":"wp","href":"https:\/\/api.w.org\/{rel}","templated":true}]}}