{"id":36625,"date":"2021-09-13T19:10:29","date_gmt":"2021-09-13T22:10:29","guid":{"rendered":"https:\/\/backupnpm.codetainer.com.br\/?p=36625"},"modified":"2021-09-13T19:10:29","modified_gmt":"2021-09-13T22:10:29","slug":"alexandre-frota-protocola-pedido-de-cpi-para-investigar-facada-de-bolsonaro","status":"publish","type":"post","link":"https:\/\/portalnpm.com\/index.php\/2021\/09\/13\/alexandre-frota-protocola-pedido-de-cpi-para-investigar-facada-de-bolsonaro\/","title":{"rendered":"Alexandre Frota protocola pedido de CPI para investigar facada de Bolsonaro"},"content":{"rendered":"<p style=\"text-align: justify;\">O deputado federal\u00a0<a tabindex=\"0\" href=\"https:\/\/www.poder360.com.br\/tag\/alexandre-frota\/\" target=\"_blank\" rel=\"noopener\" data-id=\"38\" data-m=\"{&quot;i&quot;:38,&quot;p&quot;:36,&quot;n&quot;:&quot;partnerLink&quot;,&quot;y&quot;:24,&quot;o&quot;:2}\">Alexandre Frota<\/a>\u00a0(PSDB-SP) protocolou nesta 2\u00aa feira (13.set.2021) o pedido de abertura de CPI (Comiss\u00e3o Parlamentar de Inqu\u00e9rito) para investigar a facada contra o presidente Jair Bolsonaro (sem partido) em 2018.\u00a0<em>\u201cBolsonaro tinha 8 segundos de televis\u00e3o e passou a ter 24 horas<\/em>\u00a0[\u2026]<em>. Foi na facada que ele ganhou as elei\u00e7\u00f5es\u201d<\/em>, disse o deputado ao\u00a0<strong>Poder360<\/strong>.<\/p>\n<p style=\"text-align: justify;\">\n<p style=\"text-align: justify;\">\n<p style=\"text-align: justify;\">O ent\u00e3o candidato \u00e0 presid\u00eancia\u00a0<a tabindex=\"0\" href=\"https:\/\/www.poder360.com.br\/eleicoes\/bolsonaro-e-atingido-por-golpe-de-faca-em-minas-gerais\/\" target=\"_blank\" rel=\"noopener\" data-id=\"39\" data-m=\"{&quot;i&quot;:39,&quot;p&quot;:36,&quot;n&quot;:&quot;partnerLink&quot;,&quot;y&quot;:24,&quot;o&quot;:3}\">foi atingido por um golpe de faca<\/a>\u00a0quando cumpria agenda eleitoral em Juiz de Fora (MG), em 6 de setembro de 2018. O autor do golpe,\u00a0<a tabindex=\"0\" href=\"http:\/\/poder360.com.br\/tag\/adelio-bispo-de-oliveira\" target=\"_blank\" rel=\"noopener\" data-id=\"40\" data-m=\"{&quot;i&quot;:40,&quot;p&quot;:36,&quot;n&quot;:&quot;partnerLink&quot;,&quot;y&quot;:24,&quot;o&quot;:4}\">Ad\u00e9lio Bispo de Oliveira<\/a>, foi preso em flagrante.<\/p>\n<p style=\"text-align: justify;\">Ad\u00e9lio foi absolvido do crime por ser considerado inimput\u00e1vel, ou seja, incapaz de responder pelos atos que praticou. Por isso, sua pena foi convertida em interna\u00e7\u00e3o psiqui\u00e1trica por tempo indeterminado. Ele cumpre a senten\u00e7a na Penitenci\u00e1ria Federal de Campo Grande (MS) desde 2018.<\/p>\n<p style=\"text-align: justify;\">Ao\u00a0<strong>Poder360<\/strong>, o deputado Alexandre Frota disse que tomou a decis\u00e3o de abrir a CPI da Facada ap\u00f3s assistir ao document\u00e1rio \u201c<em>Bolsonaro e Ad\u00e9lio \u2013 Uma Facada no Cora\u00e7\u00e3o do Brasil<\/em>\u201c, do jornalista Joaquim de Carvalho.\u00a0<em>\u201cHoje eu tenho no\u00e7\u00e3o do quanto muitas coisas n\u00e3o est\u00e3o explicadas\u201d<\/em>, disse.<\/p>\n<div id=\"outbrain_widget_0\" class=\"OUTBRAIN\" style=\"text-align: justify;\" data-external-id=\"1b6c18351e1c46bd9eaf222f6f5bf55e\" data-src=\"DROP_PERMALINK_HERE\" data-widget-id=\"MB_1\" data-ob-mark=\"true\" data-browser=\"chrome\" data-os=\"linux armv8l\" data-dynload=\"\" data-idx=\"0\">\n<div class=\"ob-widget ob-grid-layout ob-text-on-image MB_1 ob-cmn-MB_1\" data-dynamic-truncate=\"true\">\n<div class=\"ob-widget-footer\">\n<div class=\"ob-pixels\"><\/div>\n<\/div>\n<\/div>\n<\/div>\n<p style=\"text-align: justify;\"><em>\u201cTudo leva a crer que o Bolsonaro tinha um problema s\u00e9rio no intestino e ele aproveitou dessa situa\u00e7\u00e3o, criou esse fato e com isso ele venceu as elei\u00e7\u00f5es.\u201d<\/em><\/p>\n<p style=\"text-align: justify;\">Frota tamb\u00e9m questionou a pris\u00e3o de Ad\u00e9lio n\u00e3o ser em local espec\u00edfico para tratamento psiqui\u00e1trico. \u201c<em>Por que Bolsonaro aceitou t\u00e3o facilmente que Ad\u00e9lio agiu sozinho? Espero que Arthur Lira (PP) n\u00e3o aja a favor de Bolsonaro, como tem feito\u201d,<\/em>\u00a0afirmou.<\/p>\n<p style=\"text-align: justify;\">Bolsonaro disse v\u00e1rias vezes n\u00e3o acreditar que Ad\u00e9lio agiu sozinho no atentado. O presidente j\u00e1 pediu inclusive a reabertura no inqu\u00e9rito na PF (Pol\u00edcia Federal).\u00a0<em>\u201cTudo que eu sei \u00e9 que n\u00e3o foi da cabe\u00e7a dele. Ele foi um instrumento para tentar me matar, s\u00f3 isso, mais nada. Acho que d\u00e1 para chegar nos mandantes\u201d<\/em>, disse Bolsonaro em abril, em conversa com apoiadores no Pal\u00e1cio da Alvorada.<\/p>\n<p style=\"text-align: justify;\">Em agosto, o STF (Supremo Tribunal Federal)\u00a0<a tabindex=\"0\" href=\"https:\/\/poder360.com.br\/justica\/2a-turma-do-stf-nega-transferencia-de-adelio-bispo-para-hospital-em-mg\/\" target=\"_blank\" rel=\"noopener\" data-id=\"41\" data-m=\"{&quot;i&quot;:41,&quot;p&quot;:36,&quot;n&quot;:&quot;partnerLink&quot;,&quot;y&quot;:24,&quot;o&quot;:5}\">negou o pedido de transfer\u00eancia<\/a>\u00a0de Ad\u00e9lio para um hospital em Minas Gerais. Segundo o ministro Nunes Marques, a interna\u00e7\u00e3o de Ad\u00e9lio deve ser cumprida em hospital de cust\u00f3dia, mas se n\u00e3o houver vagas, a pena pode ser cumprida em outro estabelecimento adequado. Eis a\u00a0<a tabindex=\"0\" href=\"https:\/\/static.poder360.com.br\/2021\/07\/Nunes-Marques-Adelio-Transferencia-2-jul-2021.pdf\" target=\"_blank\" rel=\"noopener\" data-id=\"42\" data-m=\"{&quot;i&quot;:42,&quot;p&quot;:36,&quot;n&quot;:&quot;partnerLink&quot;,&quot;y&quot;:24,&quot;o&quot;:6}\">\u00edntegra<\/a>\u00a0do voto (98 KB).<\/p>\n<p style=\"text-align: justify;\">Bolsonaro afirmou, durante uma\u00a0<em><a tabindex=\"0\" href=\"https:\/\/www.youtube.com\/watch?v=dJF0v-eyeXE\" target=\"_blank\" rel=\"noopener\" data-id=\"43\" data-m=\"{&quot;i&quot;:43,&quot;p&quot;:36,&quot;n&quot;:&quot;partnerLink&quot;,&quot;y&quot;:24,&quot;o&quot;:7}\">live<\/a><\/em>\u00a0realizada em 17 de julho deste ano, que o problema de sa\u00fade que o fez ser internado foi decorrente da facada. \u201c<em>O problema que eu tive, no in\u00edcio dessa semana, foi em fun\u00e7\u00e3o ainda da facada que eu recebi em 2018. \u00c9 quest\u00e3o de ader\u00eancia. De vez em quando trava o intestino, mas gra\u00e7as a Deus n\u00e3o foi preciso<\/em>\u00a0[de cirurgia]\u201d, afirmou o presidente.<\/p>\n<p style=\"text-align: justify;\">O\u00a0<strong>Poder360<\/strong>\u00a0detalha o hist\u00f3rico m\u00e9dico do presidente:<\/p>\n<ul style=\"text-align: justify;\">\n<li><strong>6.set.2018 \u2013 facada:\u00a0<\/strong><a tabindex=\"0\" href=\"https:\/\/www.poder360.com.br\/eleicoes\/bolsonaro-e-atingido-por-golpe-de-faca-em-minas-gerais\/\" target=\"_blank\" rel=\"noopener\" data-id=\"44\" data-m=\"{&quot;i&quot;:44,&quot;p&quot;:36,&quot;n&quot;:&quot;partnerLink&quot;,&quot;y&quot;:24,&quot;o&quot;:8}\">sofre atentado<\/a>\u00a0na reta final das elei\u00e7\u00f5es e \u00e9\u00a0<a tabindex=\"0\" href=\"https:\/\/www.poder360.com.br\/eleicoes\/quadro-e-naturalmente-grave-mas-estavel-dizem-medicos-sobre-bolsonaro\/\" target=\"_blank\" rel=\"noopener\" data-id=\"45\" data-m=\"{&quot;i&quot;:45,&quot;p&quot;:36,&quot;n&quot;:&quot;partnerLink&quot;,&quot;y&quot;:24,&quot;o&quot;:9}\">submetido<\/a>\u00a0\u00e0 cirurgia. M\u00e9dicos identificaram traumatismo abdominal;<\/li>\n<li><strong>12.set.2018 \u2013 obstru\u00e7\u00e3o no intestino:\u00a0<\/strong><a tabindex=\"0\" href=\"https:\/\/www.poder360.com.br\/eleicoes\/bolsonaro-e-submetido-a-cirurgia-de-emergencia-passa-bem\/\" target=\"_blank\" rel=\"noopener\" data-id=\"46\" data-m=\"{&quot;i&quot;:46,&quot;p&quot;:36,&quot;n&quot;:&quot;partnerLink&quot;,&quot;y&quot;:24,&quot;o&quot;:10}\">submetido<\/a>\u00a0a procedimento de emerg\u00eancia depois que tomografia identificou obstru\u00e7\u00e3o do intestino delgado;<\/li>\n<li><strong>16.set.2018 \u2013 fora de risco:\u00a0<\/strong>Bolsonaro\u00a0<a tabindex=\"0\" href=\"https:\/\/www.poder360.com.br\/eleicoes\/jair-bolsonaro-recebe-alta-da-uti\/\" target=\"_blank\" rel=\"noopener\" data-id=\"47\" data-m=\"{&quot;i&quot;:47,&quot;p&quot;:36,&quot;n&quot;:&quot;partnerLink&quot;,&quot;y&quot;:24,&quot;o&quot;:11}\">deixa a UTI<\/a>, mas permanece hospitalizado;<\/li>\n<li><strong>27.set.2018 \u2013 complica\u00e7\u00f5es:\u00a0<\/strong>ainda internado, Bolsonaro apresenta\u00a0<a tabindex=\"0\" href=\"https:\/\/www.poder360.com.br\/eleicoes\/apos-nova-infeccao-jair-bolsonaro-diz-que-nao-sabe-quando-sai-do-hospital\/\" target=\"_blank\" rel=\"noopener\" data-id=\"48\" data-m=\"{&quot;i&quot;:48,&quot;p&quot;:36,&quot;n&quot;:&quot;partnerLink&quot;,&quot;y&quot;:24,&quot;o&quot;:12}\">infec\u00e7\u00e3o bacteriana<\/a>\u00a0ap\u00f3s a retira de um cateter. Ocorr\u00eancia atrasa alta, prevista para o dia seguinte;<\/li>\n<li><strong>29.set.2018 \u2013 alta:<\/strong>\u00a0o candidato \u00e0 presid\u00eancia\u00a0<a tabindex=\"0\" href=\"https:\/\/www.poder360.com.br\/eleicoes\/23-dias-apos-facada-bolsonaro-recebe-alta-do-hospital-albert-einstein\/\" target=\"_blank\" rel=\"noopener\" data-id=\"49\" data-m=\"{&quot;i&quot;:49,&quot;p&quot;:36,&quot;n&quot;:&quot;partnerLink&quot;,&quot;y&quot;:24,&quot;o&quot;:13}\">deixa o hospital<\/a>\u00a023 dias depois da facada;<\/li>\n<li><strong>28.jan.2019 \u2013 colostomia:<\/strong>\u00a0j\u00e1 eleito presidente, Bolsonaro\u00a0<a tabindex=\"0\" href=\"https:\/\/www.poder360.com.br\/governo\/termina-com-exito-a-cirurgia-do-presidente-jair-bolsonaro\/\" target=\"_blank\" rel=\"noopener\" data-id=\"50\" data-m=\"{&quot;i&quot;:50,&quot;p&quot;:36,&quot;n&quot;:&quot;partnerLink&quot;,&quot;y&quot;:24,&quot;o&quot;:14}\">removeu<\/a>\u00a0a\u00a0<a tabindex=\"0\" href=\"https:\/\/www.poder360.com.br\/infograficos\/a-operacao-de-bolsonaro\/\" target=\"_blank\" rel=\"noopener\" data-id=\"51\" data-m=\"{&quot;i&quot;:51,&quot;p&quot;:36,&quot;n&quot;:&quot;partnerLink&quot;,&quot;y&quot;:24,&quot;o&quot;:15}\">bolsa de colostomia<\/a>. Ficou internado\u00a0<a tabindex=\"0\" href=\"https:\/\/www.poder360.com.br\/governo\/jair-bolsonaro-recebe-alta-e-deixa-hospital\/\" target=\"_blank\" rel=\"noopener\" data-id=\"52\" data-m=\"{&quot;i&quot;:52,&quot;p&quot;:36,&quot;n&quot;:&quot;partnerLink&quot;,&quot;y&quot;:24,&quot;o&quot;:16}\">por 18 dias<\/a>;<\/li>\n<li><strong>8.set.2019 \u2013 h\u00e9rnia:\u00a0<\/strong>procedimento para\u00a0<a tabindex=\"0\" href=\"https:\/\/www.poder360.com.br\/governo\/bolsonaro-passa-por-cirurgia-e-planalto-fica-5-dias-com-general-mourao\/\" target=\"_blank\" rel=\"noopener\" data-id=\"53\" data-m=\"{&quot;i&quot;:53,&quot;p&quot;:36,&quot;n&quot;:&quot;partnerLink&quot;,&quot;y&quot;:24,&quot;o&quot;:17}\">corrigir h\u00e9rnia<\/a>\u00a0decorrente da cicatriza\u00e7\u00e3o inadequada da parede abdominal. Procedimento<a tabindex=\"0\" href=\"https:\/\/www.poder360.com.br\/governo\/cirurgia-de-bolsonaro-e-concluida-apos-5-horas\/\" target=\"_blank\" rel=\"noopener\" data-id=\"54\" data-m=\"{&quot;i&quot;:54,&quot;p&quot;:36,&quot;n&quot;:&quot;partnerLink&quot;,&quot;y&quot;:24,&quot;o&quot;:18}\">\u00a0durou 8 horas<\/a>. Foi\u00a0<a tabindex=\"0\" href=\"https:\/\/www.poder360.com.br\/governo\/bolsonaro-deixa-hospital-apos-10-dias-de-internacao\/\" target=\"_blank\" rel=\"noopener\" data-id=\"55\" data-m=\"{&quot;i&quot;:55,&quot;p&quot;:36,&quot;n&quot;:&quot;partnerLink&quot;,&quot;y&quot;:24,&quot;o&quot;:19}\">liberado<\/a>\u00a0depois de 8 dias;<\/li>\n<li><strong>23.dez.2019 \u2013 queda:<\/strong>\u00a0presidente cai no banheiro durante a noite e \u00e9\u00a0<a tabindex=\"0\" href=\"https:\/\/www.poder360.com.br\/governo\/bolsonaro-vai-para-hospital-depois-de-levar-tombo-no-banheiro-diz-jornal\/\" target=\"_blank\" rel=\"noopener\" data-id=\"56\" data-m=\"{&quot;i&quot;:56,&quot;p&quot;:36,&quot;n&quot;:&quot;partnerLink&quot;,&quot;y&quot;:24,&quot;o&quot;:20}\">encaminhado<\/a>\u00a0ao Hospital das For\u00e7as Armadas;<\/li>\n<li><strong>30.jan.2020 \u2013 exames:\u00a0<\/strong>m\u00e9dicos\u00a0<a tabindex=\"0\" href=\"https:\/\/www.poder360.com.br\/governo\/bolsonaro-passa-por-exames-no-hospital-das-forcas-armadas-em-brasilia\/\" target=\"_blank\" rel=\"noopener\" data-id=\"57\" data-m=\"{&quot;i&quot;:57,&quot;p&quot;:36,&quot;n&quot;:&quot;partnerLink&quot;,&quot;y&quot;:24,&quot;o&quot;:21}\">avaliaram<\/a>\u00a0necessidade de corrigir cicatriz de procedimentos anteriores e reposicionar tela que o presidente recebeu na cirurgia de h\u00e9rnia em setembro de 2019;<\/li>\n<li><strong>7.jul.2020 \u2013 covid:<\/strong>\u00a0presidente \u00e9\u00a0<a tabindex=\"0\" href=\"https:\/\/www.poder360.com.br\/coronavirus\/bolsonaro-e-diagnosticado-com-coronavirus\/\" target=\"_blank\" rel=\"noopener\" data-id=\"58\" data-m=\"{&quot;i&quot;:58,&quot;p&quot;:36,&quot;n&quot;:&quot;partnerLink&quot;,&quot;y&quot;:24,&quot;o&quot;:22}\">diagnosticado<\/a>\u00a0com coronav\u00edrus;<\/li>\n<li><strong>25.jul.2020 \u2013 teste negativo:<\/strong>\u00a0presidente\u00a0<a tabindex=\"0\" href=\"https:\/\/www.poder360.com.br\/coronavirus\/bolsonaro-esta-curado-da-covid-19\/\" target=\"_blank\" rel=\"noopener\" data-id=\"59\" data-m=\"{&quot;i&quot;:59,&quot;p&quot;:36,&quot;n&quot;:&quot;partnerLink&quot;,&quot;y&quot;:24,&quot;o&quot;:23}\">anuncia<\/a>\u00a0que est\u00e1 curado da covid-19;<\/li>\n<li><strong>25.set.2020 \u2013 c\u00e1lculo na bexiga:<\/strong>\u00a0fez\u00a0<a tabindex=\"0\" href=\"https:\/\/www.poder360.com.br\/governo\/bolsonaro-passa-bem-apos-1h30-de-cirurgia-para-retirar-calculo-da-bexiga\/\" target=\"_blank\" rel=\"noopener\" data-id=\"60\" data-m=\"{&quot;i&quot;:60,&quot;p&quot;:36,&quot;n&quot;:&quot;partnerLink&quot;,&quot;y&quot;:24,&quot;o&quot;:24}\">cirurgia<\/a>\u00a0para remover a pedra na bexiga e\u00a0<a tabindex=\"0\" href=\"https:\/\/www.poder360.com.br\/governo\/bolsonaro-recebe-alta-depois-de-cirurgia-para-retirar-calculo-da-bexiga\/\" target=\"_blank\" rel=\"noopener\" data-id=\"61\" data-m=\"{&quot;i&quot;:61,&quot;p&quot;:36,&quot;n&quot;:&quot;partnerLink&quot;,&quot;y&quot;:24,&quot;o&quot;:25}\">recebeu alta<\/a>\u00a0no dia seguinte;<\/li>\n<li><strong>24.nov.2020 \u2013 exames de rotina:<\/strong>\u00a0Bolsonaro\u00a0<a tabindex=\"0\" href=\"https:\/\/www.poder360.com.br\/governo\/bolsonaro-faz-exames-no-servico-medico-da-presidencia\/\" target=\"_blank\" rel=\"noopener\" data-id=\"62\" data-m=\"{&quot;i&quot;:62,&quot;p&quot;:36,&quot;n&quot;:&quot;partnerLink&quot;,&quot;y&quot;:24,&quot;o&quot;:26}\">se consulta<\/a>\u00a0no servi\u00e7o m\u00e9dico da Presid\u00eancia;<\/li>\n<li><strong>3.jul.2021\u2013 solu\u00e7os:<\/strong>\u00a0presidente come\u00e7a a\u00a0<a tabindex=\"0\" href=\"https:\/\/www.poder360.com.br\/governo\/bolsonaro-soluca-pelo-11o-dia-consecutivo-estava-arrebentado-hoje\/\" target=\"_blank\" rel=\"noopener\" data-id=\"63\" data-m=\"{&quot;i&quot;:63,&quot;p&quot;:36,&quot;n&quot;:&quot;partnerLink&quot;,&quot;y&quot;:24,&quot;o&quot;:27}\">solu\u00e7ar<\/a>\u00a0durante discursos e eventos p\u00fablicos. A apoiadores, ele disse que os solu\u00e7os come\u00e7aram depois de tomar medica\u00e7\u00e3o recomendada ap\u00f3s um implante dent\u00e1rio;<\/li>\n<li><strong>10.jul.2021 \u2013 mal estar<\/strong>: Bolsonaro<a tabindex=\"0\" href=\"https:\/\/www.poder360.com.br\/governo\/bolsonaro-tem-mal-estar-e-deixa-jantar-com-empresarios-no-rio-grande-do-sul\/\" target=\"_blank\" rel=\"noopener\" data-id=\"64\" data-m=\"{&quot;i&quot;:64,&quot;p&quot;:36,&quot;n&quot;:&quot;partnerLink&quot;,&quot;y&quot;:24,&quot;o&quot;:28}\">\u00a0se retira<\/a>\u00a0de jantar com empres\u00e1rios. Mais cedo, os solu\u00e7os atrapalharam discurso;<\/li>\n<li><strong>14.jul.2021 \u2013 nova ida ao hospital:<\/strong>\u00a0Bolsonaro\u00a0<a tabindex=\"0\" href=\"https:\/\/www.poder360.com.br\/governo\/bolsonaro-da-entrada-no-hospital-das-forcas-armadas\/\" target=\"_blank\" rel=\"noopener\" data-id=\"65\" data-m=\"{&quot;i&quot;:65,&quot;p&quot;:36,&quot;n&quot;:&quot;partnerLink&quot;,&quot;y&quot;:24,&quot;o&quot;:29}\">d\u00e1 entrada no hospital<\/a>\u00a0para investigar a origem da crise de solu\u00e7os. M\u00e9dicos recomendam ficar sob observa\u00e7\u00e3o de 24 a 48 horas, n\u00e3o necessariamente no hospital;<\/li>\n<li><strong>14.jul.2021 \u2013<\/strong>\u00a0chefe do Executivo \u00e9\u00a0<a tabindex=\"0\" href=\"https:\/\/www.poder360.com.br\/midia\/internacao-de-bolsonaro-aumenta-buscas-por-obstrucao-intestinal-no-google\/\" target=\"_blank\" rel=\"noopener\" data-id=\"66\" data-m=\"{&quot;i&quot;:66,&quot;p&quot;:36,&quot;n&quot;:&quot;partnerLink&quot;,&quot;y&quot;:24,&quot;o&quot;:30}\">diagnosticado<\/a>\u00a0com obstru\u00e7\u00e3o intestinal;<\/li>\n<li><strong>14.jul.2021 \u2013\u00a0<\/strong>ap\u00f3s observa\u00e7\u00e3o, m\u00e9dicos\u00a0<a tabindex=\"0\" href=\"https:\/\/www.poder360.com.br\/governo\/1o-boletim-medico-de-bolsonaro-em-sao-paulo-descarta-cirurgia\/\" target=\"_blank\" rel=\"noopener\" data-id=\"67\" data-m=\"{&quot;i&quot;:67,&quot;p&quot;:36,&quot;n&quot;:&quot;partnerLink&quot;,&quot;y&quot;:24,&quot;o&quot;:31}\">descartam cirurgia<\/a>;<\/li>\n<li><strong>18.jul.2021 \u2013<\/strong>\u00a0<a tabindex=\"0\" href=\"https:\/\/www.poder360.com.br\/governo\/bolsonaro-tem-alta-depois-de-5-dias-internado-em-sao-paulo\/\" target=\"_blank\" rel=\"noopener\" data-id=\"68\" data-m=\"{&quot;i&quot;:68,&quot;p&quot;:36,&quot;n&quot;:&quot;partnerLink&quot;,&quot;y&quot;:24,&quot;o&quot;:32}\">recebe alta<\/a>\u00a0de hospital em S\u00e3o Paulo.<\/li>\n<\/ul>\n<p style=\"text-align: justify;\">Alexandre Frota afirmou ainda que deseja que a deputada Erika Cokay (PT-DF) seja a relatora e que o deputado Junior Bozzella (PSL-SP) seja o presidente da CPI da Facada.<\/p>\n<p style=\"text-align: justify;\"><em>Esta reportagem foi produzida pela estagi\u00e1ria em jornalismo \u00c1guida Leal sob supervis\u00e3o do editor Vin\u00edcius Nunes do Portal Poder 360<\/em><\/p>\n","protected":false},"excerpt":{"rendered":"<p>O deputado federal\u00a0Alexandre Frota\u00a0(PSDB-SP) protocolou nesta 2\u00aa feira (13.set.2021) o pedido de abertura de CPI (Comiss\u00e3o Parlamentar de Inqu\u00e9rito) para investigar a facada contra o presidente Jair Bolsonaro (sem partido) em 2018.\u00a0\u201cBolsonaro tinha 8 segundos de televis\u00e3o e passou a ter 24 horas\u00a0[\u2026]. Foi na facada que ele ganhou as elei\u00e7\u00f5es\u201d, disse o deputado ao\u00a0Poder360. &hellip;<\/p>\n","protected":false},"author":2,"featured_media":36626,"comment_status":"open","ping_status":"open","sticky":false,"template":"","format":"standard","meta":{"content-type":"","rop_custom_images_group":[],"rop_custom_messages_group":[],"rop_publish_now":"initial","rop_publish_now_accounts":{"facebook_2648258775420054_1618374048415101":""},"rop_publish_now_history":[],"rop_publish_now_status":"pending","footnotes":"","_jetpack_memberships_contains_paid_content":false},"categories":[130],"tags":[1800,680,2157],"yoast_head":"<!-- This site is optimized with the Yoast SEO plugin v22.3 - https:\/\/yoast.com\/wordpress\/plugins\/seo\/ -->\n<title>Alexandre Frota protocola pedido de CPI para investigar facada de Bolsonaro - Portal NPM<\/title>\n<meta name=\"robots\" content=\"index, follow, max-snippet:-1, max-image-preview:large, max-video-preview:-1\" \/>\n<link rel=\"canonical\" href=\"https:\/\/portalnpm.com\/index.php\/2021\/09\/13\/alexandre-frota-protocola-pedido-de-cpi-para-investigar-facada-de-bolsonaro\/\" \/>\n<meta property=\"og:locale\" content=\"pt_BR\" \/>\n<meta property=\"og:type\" content=\"article\" \/>\n<meta property=\"og:title\" content=\"Alexandre Frota protocola pedido de CPI para investigar facada de Bolsonaro - Portal NPM\" \/>\n<meta property=\"og:description\" content=\"O deputado federal\u00a0Alexandre Frota\u00a0(PSDB-SP) protocolou nesta 2\u00aa feira (13.set.2021) o pedido de abertura de CPI (Comiss\u00e3o Parlamentar de Inqu\u00e9rito) para investigar a facada contra o presidente Jair Bolsonaro (sem partido) em 2018.\u00a0\u201cBolsonaro tinha 8 segundos de televis\u00e3o e passou a ter 24 horas\u00a0[\u2026]. Foi na facada que ele ganhou as elei\u00e7\u00f5es\u201d, disse o deputado ao\u00a0Poder360. &hellip;\" \/>\n<meta property=\"og:url\" content=\"https:\/\/portalnpm.com\/index.php\/2021\/09\/13\/alexandre-frota-protocola-pedido-de-cpi-para-investigar-facada-de-bolsonaro\/\" \/>\n<meta property=\"og:site_name\" content=\"Portal NPM\" \/>\n<meta property=\"article:published_time\" content=\"2021-09-13T22:10:29+00:00\" \/>\n<meta name=\"author\" content=\"Genival Barbosa\" \/>\n<meta name=\"twitter:card\" content=\"summary_large_image\" \/>\n<meta name=\"twitter:label1\" content=\"Escrito por\" \/>\n\t<meta name=\"twitter:data1\" content=\"Genival Barbosa\" \/>\n\t<meta name=\"twitter:label2\" content=\"Est. tempo de leitura\" \/>\n\t<meta name=\"twitter:data2\" content=\"4 minutos\" \/>\n<script type=\"application\/ld+json\" class=\"yoast-schema-graph\">{\"@context\":\"https:\/\/schema.org\",\"@graph\":[{\"@type\":\"WebPage\",\"@id\":\"https:\/\/portalnpm.com\/index.php\/2021\/09\/13\/alexandre-frota-protocola-pedido-de-cpi-para-investigar-facada-de-bolsonaro\/\",\"url\":\"https:\/\/portalnpm.com\/index.php\/2021\/09\/13\/alexandre-frota-protocola-pedido-de-cpi-para-investigar-facada-de-bolsonaro\/\",\"name\":\"Alexandre Frota protocola pedido de CPI para investigar facada de Bolsonaro - Portal NPM\",\"isPartOf\":{\"@id\":\"https:\/\/portalnpm.com\/#website\"},\"primaryImageOfPage\":{\"@id\":\"https:\/\/portalnpm.com\/index.php\/2021\/09\/13\/alexandre-frota-protocola-pedido-de-cpi-para-investigar-facada-de-bolsonaro\/#primaryimage\"},\"image\":{\"@id\":\"https:\/\/portalnpm.com\/index.php\/2021\/09\/13\/alexandre-frota-protocola-pedido-de-cpi-para-investigar-facada-de-bolsonaro\/#primaryimage\"},\"thumbnailUrl\":\"\",\"datePublished\":\"2021-09-13T22:10:29+00:00\",\"dateModified\":\"2021-09-13T22:10:29+00:00\",\"author\":{\"@id\":\"https:\/\/portalnpm.com\/#\/schema\/person\/49313e563cfdefcc167f1ee4c017c294\"},\"breadcrumb\":{\"@id\":\"https:\/\/portalnpm.com\/index.php\/2021\/09\/13\/alexandre-frota-protocola-pedido-de-cpi-para-investigar-facada-de-bolsonaro\/#breadcrumb\"},\"inLanguage\":\"pt-BR\",\"potentialAction\":[{\"@type\":\"ReadAction\",\"target\":[\"https:\/\/portalnpm.com\/index.php\/2021\/09\/13\/alexandre-frota-protocola-pedido-de-cpi-para-investigar-facada-de-bolsonaro\/\"]}]},{\"@type\":\"ImageObject\",\"inLanguage\":\"pt-BR\",\"@id\":\"https:\/\/portalnpm.com\/index.php\/2021\/09\/13\/alexandre-frota-protocola-pedido-de-cpi-para-investigar-facada-de-bolsonaro\/#primaryimage\",\"url\":\"\",\"contentUrl\":\"\"},{\"@type\":\"BreadcrumbList\",\"@id\":\"https:\/\/portalnpm.com\/index.php\/2021\/09\/13\/alexandre-frota-protocola-pedido-de-cpi-para-investigar-facada-de-bolsonaro\/#breadcrumb\",\"itemListElement\":[{\"@type\":\"ListItem\",\"position\":1,\"name\":\"In\u00edcio\",\"item\":\"https:\/\/portalnpm.com\/\"},{\"@type\":\"ListItem\",\"position\":2,\"name\":\"Alexandre Frota protocola pedido de CPI para investigar facada de Bolsonaro\"}]},{\"@type\":\"WebSite\",\"@id\":\"https:\/\/portalnpm.com\/#website\",\"url\":\"https:\/\/portalnpm.com\/\",\"name\":\"Portal NPM\",\"description\":\"Not\u00edcias em Primeira M\u00e3o\",\"potentialAction\":[{\"@type\":\"SearchAction\",\"target\":{\"@type\":\"EntryPoint\",\"urlTemplate\":\"https:\/\/portalnpm.com\/?s={search_term_string}\"},\"query-input\":\"required name=search_term_string\"}],\"inLanguage\":\"pt-BR\"},{\"@type\":\"Person\",\"@id\":\"https:\/\/portalnpm.com\/#\/schema\/person\/49313e563cfdefcc167f1ee4c017c294\",\"name\":\"Genival Barbosa\",\"image\":{\"@type\":\"ImageObject\",\"inLanguage\":\"pt-BR\",\"@id\":\"https:\/\/portalnpm.com\/#\/schema\/person\/image\/\",\"url\":\"https:\/\/portalnpm.com\/wp-content\/uploads\/2024\/02\/avatar_user_2_1707743258-96x96.jpeg\",\"contentUrl\":\"https:\/\/portalnpm.com\/wp-content\/uploads\/2024\/02\/avatar_user_2_1707743258-96x96.jpeg\",\"caption\":\"Genival Barbosa\"},\"url\":\"https:\/\/portalnpm.com\/index.php\/author\/genival\/\"}]}<\/script>\n<!-- \/ Yoast SEO plugin. -->","yoast_head_json":{"title":"Alexandre Frota protocola pedido de CPI para investigar facada de Bolsonaro - Portal NPM","robots":{"index":"index","follow":"follow","max-snippet":"max-snippet:-1","max-image-preview":"max-image-preview:large","max-video-preview":"max-video-preview:-1"},"canonical":"https:\/\/portalnpm.com\/index.php\/2021\/09\/13\/alexandre-frota-protocola-pedido-de-cpi-para-investigar-facada-de-bolsonaro\/","og_locale":"pt_BR","og_type":"article","og_title":"Alexandre Frota protocola pedido de CPI para investigar facada de Bolsonaro - Portal NPM","og_description":"O deputado federal\u00a0Alexandre Frota\u00a0(PSDB-SP) protocolou nesta 2\u00aa feira (13.set.2021) o pedido de abertura de CPI (Comiss\u00e3o Parlamentar de Inqu\u00e9rito) para investigar a facada contra o presidente Jair Bolsonaro (sem partido) em 2018.\u00a0\u201cBolsonaro tinha 8 segundos de televis\u00e3o e passou a ter 24 horas\u00a0[\u2026]. Foi na facada que ele ganhou as elei\u00e7\u00f5es\u201d, disse o deputado ao\u00a0Poder360. &hellip;","og_url":"https:\/\/portalnpm.com\/index.php\/2021\/09\/13\/alexandre-frota-protocola-pedido-de-cpi-para-investigar-facada-de-bolsonaro\/","og_site_name":"Portal NPM","article_published_time":"2021-09-13T22:10:29+00:00","author":"Genival Barbosa","twitter_card":"summary_large_image","twitter_misc":{"Escrito por":"Genival Barbosa","Est. tempo de leitura":"4 minutos"},"schema":{"@context":"https:\/\/schema.org","@graph":[{"@type":"WebPage","@id":"https:\/\/portalnpm.com\/index.php\/2021\/09\/13\/alexandre-frota-protocola-pedido-de-cpi-para-investigar-facada-de-bolsonaro\/","url":"https:\/\/portalnpm.com\/index.php\/2021\/09\/13\/alexandre-frota-protocola-pedido-de-cpi-para-investigar-facada-de-bolsonaro\/","name":"Alexandre Frota protocola pedido de CPI para investigar facada de Bolsonaro - Portal NPM","isPartOf":{"@id":"https:\/\/portalnpm.com\/#website"},"primaryImageOfPage":{"@id":"https:\/\/portalnpm.com\/index.php\/2021\/09\/13\/alexandre-frota-protocola-pedido-de-cpi-para-investigar-facada-de-bolsonaro\/#primaryimage"},"image":{"@id":"https:\/\/portalnpm.com\/index.php\/2021\/09\/13\/alexandre-frota-protocola-pedido-de-cpi-para-investigar-facada-de-bolsonaro\/#primaryimage"},"thumbnailUrl":"","datePublished":"2021-09-13T22:10:29+00:00","dateModified":"2021-09-13T22:10:29+00:00","author":{"@id":"https:\/\/portalnpm.com\/#\/schema\/person\/49313e563cfdefcc167f1ee4c017c294"},"breadcrumb":{"@id":"https:\/\/portalnpm.com\/index.php\/2021\/09\/13\/alexandre-frota-protocola-pedido-de-cpi-para-investigar-facada-de-bolsonaro\/#breadcrumb"},"inLanguage":"pt-BR","potentialAction":[{"@type":"ReadAction","target":["https:\/\/portalnpm.com\/index.php\/2021\/09\/13\/alexandre-frota-protocola-pedido-de-cpi-para-investigar-facada-de-bolsonaro\/"]}]},{"@type":"ImageObject","inLanguage":"pt-BR","@id":"https:\/\/portalnpm.com\/index.php\/2021\/09\/13\/alexandre-frota-protocola-pedido-de-cpi-para-investigar-facada-de-bolsonaro\/#primaryimage","url":"","contentUrl":""},{"@type":"BreadcrumbList","@id":"https:\/\/portalnpm.com\/index.php\/2021\/09\/13\/alexandre-frota-protocola-pedido-de-cpi-para-investigar-facada-de-bolsonaro\/#breadcrumb","itemListElement":[{"@type":"ListItem","position":1,"name":"In\u00edcio","item":"https:\/\/portalnpm.com\/"},{"@type":"ListItem","position":2,"name":"Alexandre Frota protocola pedido de CPI para investigar facada de Bolsonaro"}]},{"@type":"WebSite","@id":"https:\/\/portalnpm.com\/#website","url":"https:\/\/portalnpm.com\/","name":"Portal NPM","description":"Not\u00edcias em Primeira M\u00e3o","potentialAction":[{"@type":"SearchAction","target":{"@type":"EntryPoint","urlTemplate":"https:\/\/portalnpm.com\/?s={search_term_string}"},"query-input":"required name=search_term_string"}],"inLanguage":"pt-BR"},{"@type":"Person","@id":"https:\/\/portalnpm.com\/#\/schema\/person\/49313e563cfdefcc167f1ee4c017c294","name":"Genival Barbosa","image":{"@type":"ImageObject","inLanguage":"pt-BR","@id":"https:\/\/portalnpm.com\/#\/schema\/person\/image\/","url":"https:\/\/portalnpm.com\/wp-content\/uploads\/2024\/02\/avatar_user_2_1707743258-96x96.jpeg","contentUrl":"https:\/\/portalnpm.com\/wp-content\/uploads\/2024\/02\/avatar_user_2_1707743258-96x96.jpeg","caption":"Genival Barbosa"},"url":"https:\/\/portalnpm.com\/index.php\/author\/genival\/"}]}},"jetpack_sharing_enabled":true,"jetpack_featured_media_url":"","_links":{"self":[{"href":"https:\/\/portalnpm.com\/index.php\/wp-json\/wp\/v2\/posts\/36625"}],"collection":[{"href":"https:\/\/portalnpm.com\/index.php\/wp-json\/wp\/v2\/posts"}],"about":[{"href":"https:\/\/portalnpm.com\/index.php\/wp-json\/wp\/v2\/types\/post"}],"author":[{"embeddable":true,"href":"https:\/\/portalnpm.com\/index.php\/wp-json\/wp\/v2\/users\/2"}],"replies":[{"embeddable":true,"href":"https:\/\/portalnpm.com\/index.php\/wp-json\/wp\/v2\/comments?post=36625"}],"version-history":[{"count":0,"href":"https:\/\/portalnpm.com\/index.php\/wp-json\/wp\/v2\/posts\/36625\/revisions"}],"wp:featuredmedia":[{"embeddable":true,"href":"https:\/\/portalnpm.com\/index.php\/wp-json\/"}],"wp:attachment":[{"href":"https:\/\/portalnpm.com\/index.php\/wp-json\/wp\/v2\/media?parent=36625"}],"wp:term":[{"taxonomy":"category","embeddable":true,"href":"https:\/\/portalnpm.com\/index.php\/wp-json\/wp\/v2\/categories?post=36625"},{"taxonomy":"post_tag","embeddable":true,"href":"https:\/\/portalnpm.com\/index.php\/wp-json\/wp\/v2\/tags?post=36625"}],"curies":[{"name":"wp","href":"https:\/\/api.w.org\/{rel}","templated":true}]}}