{"id":36716,"date":"2021-09-16T12:58:08","date_gmt":"2021-09-16T15:58:08","guid":{"rendered":"https:\/\/backupnpm.codetainer.com.br\/?p=36716"},"modified":"2021-09-16T12:58:08","modified_gmt":"2021-09-16T15:58:08","slug":"apos-1-ano-e-3-meses-sem-partido-governador-de-roraima-se-filia-ao-pp-de-ciro-nogueira","status":"publish","type":"post","link":"https:\/\/portalnpm.com\/index.php\/2021\/09\/16\/apos-1-ano-e-3-meses-sem-partido-governador-de-roraima-se-filia-ao-pp-de-ciro-nogueira\/","title":{"rendered":"Ap\u00f3s 1 ano e 3 meses sem partido, Governador de Roraima se filia ao PP de Ciro Nogueira"},"content":{"rendered":"<ul>\n<li style=\"text-align: justify;\">Antonio Denarium estava sem partido desde maio de 2020, para seguir os passos do presidente Jair Bolsonaro (sem partido). Cerim\u00f4nia de filia\u00e7\u00e3o aconteceu nesta quarta-feira (15), em Bras\u00edlia.<\/li>\n<\/ul>\n<p style=\"text-align: justify;\">O governador de Roraima, Antonio Denarium, se filiou ao Partido Progressistas (PP) nessa quarta-feira (15),\u00a0<a href=\"https:\/\/g1.globo.com\/rr\/roraima\/noticia\/2020\/05\/28\/apoiador-de-bolsonaro-governador-de-rr-se-desfilia-do-psl.ghtml\" target=\"_top\" rel=\"noopener\">um ano e tr\u00eas meses ap\u00f3s sair do Partido Social Liberal (PSL)<\/a>. A cerim\u00f4nia ocorreu em Bras\u00edlia.<\/p>\n<p style=\"text-align: justify;\">Denarium estava sem partido desde maio de 2020, quando afirmou que\u00a0<a href=\"https:\/\/g1.globo.com\/rr\/roraima\/noticia\/2019\/11\/22\/sou-bolsonarista-diz-governador-de-roraima-sobre-trocar-psl-por-novo-partido.ghtml\" target=\"_top\" rel=\"noopener\">seguiria os passos do presidente<\/a>\u00a0Jair Bolsonaro (sem partido) e deixaria o PSL para se filiar ao Alian\u00e7a Pelo Brasil.<\/p>\n<p style=\"text-align: justify;\">A sa\u00edda de Bolsonaro do PSL foi resultado de uma crise gerada no partido em outubro de 2019, quando o presidente pediu a um apoiador para\u00a0<a href=\"https:\/\/g1.globo.com\/politica\/noticia\/2019\/10\/08\/esquece-o-psl-ta-ok-afirma-bolsonaro-ao-falar-com-apoiador-no-palacio-da-alvorada.ghtml\" target=\"_top\" rel=\"noopener\">&#8220;esquecer&#8221; a legenda<\/a>\u00a0porque o presidente do PSL, Luciano Bivar, estava &#8220;queimado para caramba&#8221;. A declara\u00e7\u00e3o<a href=\"https:\/\/g1.globo.com\/politica\/noticia\/2019\/10\/18\/entenda-o-racha-entre-jair-bolsonaro-e-o-psl.ghtml\" target=\"_top\" rel=\"noopener\">\u00a0desencadeou uma crise no partido<\/a>, dividindo as alas ligadas a ele e a Bivar.<\/p>\n<p style=\"text-align: justify;\">No discurso de filia\u00e7\u00e3o, Denarium falou de uni\u00e3o com o governo federal e converg\u00eancia a favor da democracia, al\u00e9m de um projeto de governo juntamente com Bolsonaro.<\/p>\n<p style=\"text-align: justify;\">\u201cFechando a agenda desta ter\u00e7a-feira com a minha filia\u00e7\u00e3o ao Progressistas e assumindo o compromisso de manter a minha forma de tratar a pol\u00edtica com responsabilidade e como instrumento da melhoria da vida das pessoas. Continuo defendendo o ambiente democr\u00e1tico e trabalhando incansavelmente pela melhoria da vida das pessoas num Estado bom para viver, para cuidar da nossa fam\u00edlia e para empreender. Meu respeito a todos os partidos e a todas as pessoas\u201d, disse.<\/p>\n<p style=\"text-align: justify;\">Para o presidente nacional do PP, Ciro Nogueira, afirmou que a vinda de Antonio Denarium para o partido significa um refor\u00e7o em defesa da luta da democracia. Atualmente, o PP s\u00f3 tem em suas fileiras mais um governador: o do estado do Acre, Gladson Cameli.<\/p>\n<p style=\"text-align: justify;\">&#8220;Um refor\u00e7o extraordin\u00e1rio nessa luta que empreendemos em favor da pol\u00edtica brasileira, e do crescimento do partido. Estamos orgulhosos com essa filia\u00e7\u00e3o&#8221;, disse.<\/p>\n<p style=\"text-align: justify;\">O ato de filia\u00e7\u00e3o foi acompanhado pelo presidente da Assembleia Legislativa de Roraima, Soldado Sampaio (PCdoB), os deputados federais Jhonatan de Jesus (Republicanos) e Hiran Gon\u00e7alves (PP), o deputado estadual Janio Xingu e o secret\u00e1rio Luciano Castro, al\u00e9m de outros integrantes da bancada nacional do Progressistas.<\/p>\n<p style=\"text-align: justify;\"><strong>Fonte: G1\u00a0<\/strong><\/p>\n","protected":false},"excerpt":{"rendered":"<p>Antonio Denarium estava sem partido desde maio de 2020, para seguir os passos do presidente Jair Bolsonaro (sem partido). Cerim\u00f4nia de filia\u00e7\u00e3o aconteceu nesta quarta-feira (15), em Bras\u00edlia. O governador de Roraima, Antonio Denarium, se filiou ao Partido Progressistas (PP) nessa quarta-feira (15),\u00a0um ano e tr\u00eas meses ap\u00f3s sair do Partido Social Liberal (PSL). A &hellip;<\/p>\n","protected":false},"author":3,"featured_media":36717,"comment_status":"open","ping_status":"open","sticky":false,"template":"","format":"standard","meta":{"content-type":"","rop_custom_images_group":[],"rop_custom_messages_group":[],"rop_publish_now":"initial","rop_publish_now_accounts":{"facebook_2648258775420054_1618374048415101":""},"rop_publish_now_history":[],"rop_publish_now_status":"pending","footnotes":"","_jetpack_memberships_contains_paid_content":false},"categories":[113,130],"tags":[1447,402,794,14853],"yoast_head":"<!-- This site is optimized with the Yoast SEO plugin v22.3 - https:\/\/yoast.com\/wordpress\/plugins\/seo\/ -->\n<title>Ap\u00f3s 1 ano e 3 meses sem partido, Governador de Roraima se filia ao PP de Ciro Nogueira - Portal NPM<\/title>\n<meta name=\"robots\" content=\"index, follow, max-snippet:-1, max-image-preview:large, max-video-preview:-1\" \/>\n<link rel=\"canonical\" href=\"https:\/\/portalnpm.com\/index.php\/2021\/09\/16\/apos-1-ano-e-3-meses-sem-partido-governador-de-roraima-se-filia-ao-pp-de-ciro-nogueira\/\" \/>\n<meta property=\"og:locale\" content=\"pt_BR\" \/>\n<meta property=\"og:type\" content=\"article\" \/>\n<meta property=\"og:title\" content=\"Ap\u00f3s 1 ano e 3 meses sem partido, Governador de Roraima se filia ao PP de Ciro Nogueira - Portal NPM\" \/>\n<meta property=\"og:description\" content=\"Antonio Denarium estava sem partido desde maio de 2020, para seguir os passos do presidente Jair Bolsonaro (sem partido). Cerim\u00f4nia de filia\u00e7\u00e3o aconteceu nesta quarta-feira (15), em Bras\u00edlia. O governador de Roraima, Antonio Denarium, se filiou ao Partido Progressistas (PP) nessa quarta-feira (15),\u00a0um ano e tr\u00eas meses ap\u00f3s sair do Partido Social Liberal (PSL). A &hellip;\" \/>\n<meta property=\"og:url\" content=\"https:\/\/portalnpm.com\/index.php\/2021\/09\/16\/apos-1-ano-e-3-meses-sem-partido-governador-de-roraima-se-filia-ao-pp-de-ciro-nogueira\/\" \/>\n<meta property=\"og:site_name\" content=\"Portal NPM\" \/>\n<meta property=\"article:published_time\" content=\"2021-09-16T15:58:08+00:00\" \/>\n<meta name=\"author\" content=\"Luis Alberto\" \/>\n<meta name=\"twitter:card\" content=\"summary_large_image\" \/>\n<meta name=\"twitter:label1\" content=\"Escrito por\" \/>\n\t<meta name=\"twitter:data1\" content=\"Luis Alberto\" \/>\n\t<meta name=\"twitter:label2\" content=\"Est. tempo de leitura\" \/>\n\t<meta name=\"twitter:data2\" content=\"2 minutos\" \/>\n<script type=\"application\/ld+json\" class=\"yoast-schema-graph\">{\"@context\":\"https:\/\/schema.org\",\"@graph\":[{\"@type\":\"WebPage\",\"@id\":\"https:\/\/portalnpm.com\/index.php\/2021\/09\/16\/apos-1-ano-e-3-meses-sem-partido-governador-de-roraima-se-filia-ao-pp-de-ciro-nogueira\/\",\"url\":\"https:\/\/portalnpm.com\/index.php\/2021\/09\/16\/apos-1-ano-e-3-meses-sem-partido-governador-de-roraima-se-filia-ao-pp-de-ciro-nogueira\/\",\"name\":\"Ap\u00f3s 1 ano e 3 meses sem partido, Governador de Roraima se filia ao PP de Ciro Nogueira - Portal NPM\",\"isPartOf\":{\"@id\":\"https:\/\/portalnpm.com\/#website\"},\"primaryImageOfPage\":{\"@id\":\"https:\/\/portalnpm.com\/index.php\/2021\/09\/16\/apos-1-ano-e-3-meses-sem-partido-governador-de-roraima-se-filia-ao-pp-de-ciro-nogueira\/#primaryimage\"},\"image\":{\"@id\":\"https:\/\/portalnpm.com\/index.php\/2021\/09\/16\/apos-1-ano-e-3-meses-sem-partido-governador-de-roraima-se-filia-ao-pp-de-ciro-nogueira\/#primaryimage\"},\"thumbnailUrl\":\"\",\"datePublished\":\"2021-09-16T15:58:08+00:00\",\"dateModified\":\"2021-09-16T15:58:08+00:00\",\"author\":{\"@id\":\"https:\/\/portalnpm.com\/#\/schema\/person\/5c8006acdf71774cd4e7a5ab98482152\"},\"breadcrumb\":{\"@id\":\"https:\/\/portalnpm.com\/index.php\/2021\/09\/16\/apos-1-ano-e-3-meses-sem-partido-governador-de-roraima-se-filia-ao-pp-de-ciro-nogueira\/#breadcrumb\"},\"inLanguage\":\"pt-BR\",\"potentialAction\":[{\"@type\":\"ReadAction\",\"target\":[\"https:\/\/portalnpm.com\/index.php\/2021\/09\/16\/apos-1-ano-e-3-meses-sem-partido-governador-de-roraima-se-filia-ao-pp-de-ciro-nogueira\/\"]}]},{\"@type\":\"ImageObject\",\"inLanguage\":\"pt-BR\",\"@id\":\"https:\/\/portalnpm.com\/index.php\/2021\/09\/16\/apos-1-ano-e-3-meses-sem-partido-governador-de-roraima-se-filia-ao-pp-de-ciro-nogueira\/#primaryimage\",\"url\":\"\",\"contentUrl\":\"\"},{\"@type\":\"BreadcrumbList\",\"@id\":\"https:\/\/portalnpm.com\/index.php\/2021\/09\/16\/apos-1-ano-e-3-meses-sem-partido-governador-de-roraima-se-filia-ao-pp-de-ciro-nogueira\/#breadcrumb\",\"itemListElement\":[{\"@type\":\"ListItem\",\"position\":1,\"name\":\"In\u00edcio\",\"item\":\"https:\/\/portalnpm.com\/\"},{\"@type\":\"ListItem\",\"position\":2,\"name\":\"Ap\u00f3s 1 ano e 3 meses sem partido, Governador de Roraima se filia ao PP de Ciro Nogueira\"}]},{\"@type\":\"WebSite\",\"@id\":\"https:\/\/portalnpm.com\/#website\",\"url\":\"https:\/\/portalnpm.com\/\",\"name\":\"Portal NPM\",\"description\":\"Not\u00edcias em Primeira M\u00e3o\",\"potentialAction\":[{\"@type\":\"SearchAction\",\"target\":{\"@type\":\"EntryPoint\",\"urlTemplate\":\"https:\/\/portalnpm.com\/?s={search_term_string}\"},\"query-input\":\"required name=search_term_string\"}],\"inLanguage\":\"pt-BR\"},{\"@type\":\"Person\",\"@id\":\"https:\/\/portalnpm.com\/#\/schema\/person\/5c8006acdf71774cd4e7a5ab98482152\",\"name\":\"Luis Alberto\",\"image\":{\"@type\":\"ImageObject\",\"inLanguage\":\"pt-BR\",\"@id\":\"https:\/\/portalnpm.com\/#\/schema\/person\/image\/\",\"url\":\"https:\/\/portalnpm.com\/wp-content\/uploads\/2024\/12\/avatar_user_3_1734699769-96x96.jpeg\",\"contentUrl\":\"https:\/\/portalnpm.com\/wp-content\/uploads\/2024\/12\/avatar_user_3_1734699769-96x96.jpeg\",\"caption\":\"Luis Alberto\"},\"description\":\"Editor-geral do Portal NPM, \u00e9 formado como T\u00e9cnico em Seguran\u00e7a do Trabalho pela Escola Metropolitana de Cursos T\u00e9cnicos. Det\u00e9m ainda licenciatura em Educa\u00e7\u00e3o F\u00edsica e bacharelado em Ci\u00eancias Pol\u00edticas, ambos obtidos pela institui\u00e7\u00e3o Anhanguera\/UNOPAR.\",\"url\":\"https:\/\/portalnpm.com\/index.php\/author\/pereira\/\"}]}<\/script>\n<!-- \/ Yoast SEO plugin. -->","yoast_head_json":{"title":"Ap\u00f3s 1 ano e 3 meses sem partido, Governador de Roraima se filia ao PP de Ciro Nogueira - Portal NPM","robots":{"index":"index","follow":"follow","max-snippet":"max-snippet:-1","max-image-preview":"max-image-preview:large","max-video-preview":"max-video-preview:-1"},"canonical":"https:\/\/portalnpm.com\/index.php\/2021\/09\/16\/apos-1-ano-e-3-meses-sem-partido-governador-de-roraima-se-filia-ao-pp-de-ciro-nogueira\/","og_locale":"pt_BR","og_type":"article","og_title":"Ap\u00f3s 1 ano e 3 meses sem partido, Governador de Roraima se filia ao PP de Ciro Nogueira - Portal NPM","og_description":"Antonio Denarium estava sem partido desde maio de 2020, para seguir os passos do presidente Jair Bolsonaro (sem partido). Cerim\u00f4nia de filia\u00e7\u00e3o aconteceu nesta quarta-feira (15), em Bras\u00edlia. O governador de Roraima, Antonio Denarium, se filiou ao Partido Progressistas (PP) nessa quarta-feira (15),\u00a0um ano e tr\u00eas meses ap\u00f3s sair do Partido Social Liberal (PSL). A &hellip;","og_url":"https:\/\/portalnpm.com\/index.php\/2021\/09\/16\/apos-1-ano-e-3-meses-sem-partido-governador-de-roraima-se-filia-ao-pp-de-ciro-nogueira\/","og_site_name":"Portal NPM","article_published_time":"2021-09-16T15:58:08+00:00","author":"Luis Alberto","twitter_card":"summary_large_image","twitter_misc":{"Escrito por":"Luis Alberto","Est. tempo de leitura":"2 minutos"},"schema":{"@context":"https:\/\/schema.org","@graph":[{"@type":"WebPage","@id":"https:\/\/portalnpm.com\/index.php\/2021\/09\/16\/apos-1-ano-e-3-meses-sem-partido-governador-de-roraima-se-filia-ao-pp-de-ciro-nogueira\/","url":"https:\/\/portalnpm.com\/index.php\/2021\/09\/16\/apos-1-ano-e-3-meses-sem-partido-governador-de-roraima-se-filia-ao-pp-de-ciro-nogueira\/","name":"Ap\u00f3s 1 ano e 3 meses sem partido, Governador de Roraima se filia ao PP de Ciro Nogueira - Portal NPM","isPartOf":{"@id":"https:\/\/portalnpm.com\/#website"},"primaryImageOfPage":{"@id":"https:\/\/portalnpm.com\/index.php\/2021\/09\/16\/apos-1-ano-e-3-meses-sem-partido-governador-de-roraima-se-filia-ao-pp-de-ciro-nogueira\/#primaryimage"},"image":{"@id":"https:\/\/portalnpm.com\/index.php\/2021\/09\/16\/apos-1-ano-e-3-meses-sem-partido-governador-de-roraima-se-filia-ao-pp-de-ciro-nogueira\/#primaryimage"},"thumbnailUrl":"","datePublished":"2021-09-16T15:58:08+00:00","dateModified":"2021-09-16T15:58:08+00:00","author":{"@id":"https:\/\/portalnpm.com\/#\/schema\/person\/5c8006acdf71774cd4e7a5ab98482152"},"breadcrumb":{"@id":"https:\/\/portalnpm.com\/index.php\/2021\/09\/16\/apos-1-ano-e-3-meses-sem-partido-governador-de-roraima-se-filia-ao-pp-de-ciro-nogueira\/#breadcrumb"},"inLanguage":"pt-BR","potentialAction":[{"@type":"ReadAction","target":["https:\/\/portalnpm.com\/index.php\/2021\/09\/16\/apos-1-ano-e-3-meses-sem-partido-governador-de-roraima-se-filia-ao-pp-de-ciro-nogueira\/"]}]},{"@type":"ImageObject","inLanguage":"pt-BR","@id":"https:\/\/portalnpm.com\/index.php\/2021\/09\/16\/apos-1-ano-e-3-meses-sem-partido-governador-de-roraima-se-filia-ao-pp-de-ciro-nogueira\/#primaryimage","url":"","contentUrl":""},{"@type":"BreadcrumbList","@id":"https:\/\/portalnpm.com\/index.php\/2021\/09\/16\/apos-1-ano-e-3-meses-sem-partido-governador-de-roraima-se-filia-ao-pp-de-ciro-nogueira\/#breadcrumb","itemListElement":[{"@type":"ListItem","position":1,"name":"In\u00edcio","item":"https:\/\/portalnpm.com\/"},{"@type":"ListItem","position":2,"name":"Ap\u00f3s 1 ano e 3 meses sem partido, Governador de Roraima se filia ao PP de Ciro Nogueira"}]},{"@type":"WebSite","@id":"https:\/\/portalnpm.com\/#website","url":"https:\/\/portalnpm.com\/","name":"Portal NPM","description":"Not\u00edcias em Primeira M\u00e3o","potentialAction":[{"@type":"SearchAction","target":{"@type":"EntryPoint","urlTemplate":"https:\/\/portalnpm.com\/?s={search_term_string}"},"query-input":"required name=search_term_string"}],"inLanguage":"pt-BR"},{"@type":"Person","@id":"https:\/\/portalnpm.com\/#\/schema\/person\/5c8006acdf71774cd4e7a5ab98482152","name":"Luis Alberto","image":{"@type":"ImageObject","inLanguage":"pt-BR","@id":"https:\/\/portalnpm.com\/#\/schema\/person\/image\/","url":"https:\/\/portalnpm.com\/wp-content\/uploads\/2024\/12\/avatar_user_3_1734699769-96x96.jpeg","contentUrl":"https:\/\/portalnpm.com\/wp-content\/uploads\/2024\/12\/avatar_user_3_1734699769-96x96.jpeg","caption":"Luis Alberto"},"description":"Editor-geral do Portal NPM, \u00e9 formado como T\u00e9cnico em Seguran\u00e7a do Trabalho pela Escola Metropolitana de Cursos T\u00e9cnicos. Det\u00e9m ainda licenciatura em Educa\u00e7\u00e3o F\u00edsica e bacharelado em Ci\u00eancias Pol\u00edticas, ambos obtidos pela institui\u00e7\u00e3o Anhanguera\/UNOPAR.","url":"https:\/\/portalnpm.com\/index.php\/author\/pereira\/"}]}},"jetpack_sharing_enabled":true,"jetpack_featured_media_url":"","_links":{"self":[{"href":"https:\/\/portalnpm.com\/index.php\/wp-json\/wp\/v2\/posts\/36716"}],"collection":[{"href":"https:\/\/portalnpm.com\/index.php\/wp-json\/wp\/v2\/posts"}],"about":[{"href":"https:\/\/portalnpm.com\/index.php\/wp-json\/wp\/v2\/types\/post"}],"author":[{"embeddable":true,"href":"https:\/\/portalnpm.com\/index.php\/wp-json\/wp\/v2\/users\/3"}],"replies":[{"embeddable":true,"href":"https:\/\/portalnpm.com\/index.php\/wp-json\/wp\/v2\/comments?post=36716"}],"version-history":[{"count":0,"href":"https:\/\/portalnpm.com\/index.php\/wp-json\/wp\/v2\/posts\/36716\/revisions"}],"wp:featuredmedia":[{"embeddable":true,"href":"https:\/\/portalnpm.com\/index.php\/wp-json\/"}],"wp:attachment":[{"href":"https:\/\/portalnpm.com\/index.php\/wp-json\/wp\/v2\/media?parent=36716"}],"wp:term":[{"taxonomy":"category","embeddable":true,"href":"https:\/\/portalnpm.com\/index.php\/wp-json\/wp\/v2\/categories?post=36716"},{"taxonomy":"post_tag","embeddable":true,"href":"https:\/\/portalnpm.com\/index.php\/wp-json\/wp\/v2\/tags?post=36716"}],"curies":[{"name":"wp","href":"https:\/\/api.w.org\/{rel}","templated":true}]}}