{"id":3678,"date":"2018-12-18T23:29:18","date_gmt":"2018-12-19T01:29:18","guid":{"rendered":"http:\/\/srv.portalnpm.com.br\/?p=3678"},"modified":"2018-12-18T23:29:18","modified_gmt":"2018-12-19T01:29:18","slug":"vila-nova-23-anos-lagoa-vence-abaixado-nos-penaltis-e-se-consagra-bicampeao-do-municipal-de-futebol","status":"publish","type":"post","link":"https:\/\/portalnpm.com\/index.php\/2018\/12\/18\/vila-nova-23-anos-lagoa-vence-abaixado-nos-penaltis-e-se-consagra-bicampeao-do-municipal-de-futebol\/","title":{"rendered":"VILA NOVA 23 ANOS | Lagoa vence Abaixado nos p\u00eanaltis e se consagra bicampe\u00e3o do Municipal de Futebol\u00a0"},"content":{"rendered":"<p>A Prefeitura de Vila Nova do Piau\u00ed, atrav\u00e9s da Secretaria Municipal de Educa\u00e7\u00e3o e o Departamento de Esportes, realizaram na tarde deste domingo, dia 16 de dezembro, no Est\u00e1dio Municipal \u2018O Diniz\u00e3o\u2019, a grande final do 19\u00ba Campeonato Municipal de Futebol. A competi\u00e7\u00e3o \u00e9 parte integrante das comemora\u00e7\u00f5es alusivas aos 23 anos de emancipa\u00e7\u00e3o pol\u00edtica do munic\u00edpio.<\/p>\n<p>Dois grandes times do interior do munic\u00edpio \u2013\u00a0 Lagoa e Abaixado \u2013 venceram todas as etapas do certame e disputaram o t\u00edtulo de melhor da temporada de 2019.<\/p>\n<p><img fetchpriority=\"high\" decoding=\"async\" class=\"size-medium wp-image-3697\" src=\"http:\/\/portalnpm.com.br\/wp-content\/uploads\/2018\/12\/0DJI_017300001-300x169.jpg\" alt=\"\" width=\"300\" height=\"169\" \/><\/p>\n<p>Ap\u00f3s uma dura e emocionante partida que terminou empatada com o placar de 0 a 0, a disputa foi levada para os p\u00eanaltis. A sele\u00e7\u00e3o de Lagoa levou a melhor e venceu a sele\u00e7\u00e3o advers\u00e1ria, garantindo uma premia\u00e7\u00e3o de 1,5 mil reais, al\u00e9m de um trof\u00e9u. Com a conquista Lagoa completa duas vitorias de campe\u00e3o e uma vice campe\u00e3o, ao longo das quatro edi\u00e7\u00f5es em que o time participou.<\/p>\n<figure id=\"attachment_3698\" aria-describedby=\"caption-attachment-3698\" style=\"width: 300px\" class=\"wp-caption alignnone\"><img decoding=\"async\" class=\"size-medium wp-image-3698\" src=\"http:\/\/portalnpm.com.br\/wp-content\/uploads\/2018\/12\/0DSC_001200001-2-300x200.jpg\" alt=\"\" width=\"300\" height=\"200\" \/><figcaption id=\"caption-attachment-3698\" class=\"wp-caption-text\">Sele\u00e7\u00e3o de Lagoa foi \u00e0 campe\u00e3<\/figcaption><\/figure>\n<p>Vice-campe\u00e3, a sele\u00e7\u00e3o de Abaixado recebeu um pr\u00eamio em dinheiro no valor de R$ 700,00 e trof\u00e9u. A sele\u00e7\u00e3o de Veteranos ficou em terceiro lugar na competi\u00e7\u00e3o, campanha que garantiu tamb\u00e9m uma premia\u00e7\u00e3o de 300 reais.<\/p>\n<figure id=\"attachment_3699\" aria-describedby=\"caption-attachment-3699\" style=\"width: 300px\" class=\"wp-caption alignnone\"><img decoding=\"async\" class=\"size-medium wp-image-3699\" src=\"http:\/\/portalnpm.com.br\/wp-content\/uploads\/2018\/12\/0DSC_001300001-1-300x200.jpg\" alt=\"\" width=\"300\" height=\"200\" \/><figcaption id=\"caption-attachment-3699\" class=\"wp-caption-text\">Abaixado se consagrou vice-campe\u00e3<\/figcaption><\/figure>\n<p>A partida teve como arbitragem Marcel Rog\u00e9rio, Elialdo (D\u00e9), Toscano e Bruneilson e contou com o apoio e presen\u00e7a de uma equipe da Secretaria Municipal de Sa\u00fade e da Pol\u00edcia Militar para eventuais casos que necessitassem dos servi\u00e7os.<\/p>\n<p><img loading=\"lazy\" decoding=\"async\" class=\"alignnone size-medium wp-image-3700\" src=\"http:\/\/portalnpm.com.br\/wp-content\/uploads\/2018\/12\/0DSC_001000001-1-300x200.jpg\" alt=\"\" width=\"300\" height=\"200\" \/><\/p>\n<p>Logo ap\u00f3s o confronto final, a gest\u00e3o \u201cTrabalho e Compromisso\u201d, entregaram no pr\u00f3prio campo, a premia\u00e7\u00e3o do campeonato. Al\u00e9m das tr\u00eas melhores equipes, tamb\u00e9m foram premiados, o goleiro menos vazado, o \u00a0Zez\u00e9 do time Lagoa e o artilheiro, Fl\u00e1vio Sousa, do time Veteranos.<\/p>\n<p><img loading=\"lazy\" decoding=\"async\" class=\"alignnone size-medium wp-image-3701\" src=\"http:\/\/portalnpm.com.br\/wp-content\/uploads\/2018\/12\/20181218_214619-300x208.png\" alt=\"\" width=\"300\" height=\"208\" \/><\/p>\n<p>O prefeito Edilson Brito esteve presente na grande final acompanhado do vice-prefeito, Ant\u00f4nio Tiago, dos secret\u00e1rios, de Educa\u00e7\u00e3o, Edinete Brito, de Governo Erivan Brito, de Administra\u00e7\u00e3o Dorgivaldo Lima, de Agricultura Luiz Gonzaga, de Sa\u00fade Almerinda, dos respons\u00e1veis pelo campeonato En\u00e9as Abreu, Paulo Roberto e Nayara,\u00a0 dos vereadores Fl\u00e1vio Sousa, Adelino Oliveira, Bibia de Benicio, Deijano Lima, Roberto Moura, Severo Sousa e Adonelys Ara\u00fajo; tamb\u00e9m estiveram presentes no Est\u00e1dio, o deputado estadual Georgiano Neto e o ex \u2013 prefeito Arinaldo Leal.<\/p>\n<p><img loading=\"lazy\" decoding=\"async\" class=\"alignnone size-medium wp-image-3702\" src=\"http:\/\/portalnpm.com.br\/wp-content\/uploads\/2018\/12\/0DSC_019500001-300x200.jpg\" alt=\"\" width=\"300\" height=\"200\" \/><\/p>\n<p>Em sua fala o prefeito fez agradecimentos. \u201cFizemos um campeonato lindo e organizado. Parabenizo a todos que fizeram a competi\u00e7\u00e3o ser a maior da hist\u00f3ria. Durante este tempo que antecedeu a final, os finais de semana foram movimentados levando lazer, entretenimento a popula\u00e7\u00e3o e ainda aquecendo o com\u00e9rcio local, com tudo que foi montado no campo, parab\u00e9ns a todos\u201c, disse.<\/p>\n<p>O capit\u00e3o do time de Lagoa, Zez\u00e9 falou a ASCOM e salientou a import\u00e2ncia da conquista. \u201cPara n\u00f3s da equipe \u00e9 uma conquista muito boa. Tornamos-nos bicampe\u00e3o. Durante este per\u00edodo nos tornamos uma fam\u00edlia e fortalecemos os la\u00e7os. Parab\u00e9ns a equipe de Lagoa Futebol Clube e a todos que contribu\u00edram para esta conquista\u201d, afirmou.<\/p>\n<p><img loading=\"lazy\" decoding=\"async\" class=\"alignnone size-medium wp-image-3704\" src=\"http:\/\/portalnpm.com.br\/wp-content\/uploads\/2018\/12\/0DSC_023100001-1-300x200.jpg\" alt=\"\" width=\"300\" height=\"200\" \/><\/p>\n<p style=\"text-align: justify;\">\u00a0Zez\u00e9 fez uma avalia\u00e7\u00e3o positiva do campeonato. \u201cA Prefeitura e o esporte de Vila Nova est\u00e3o de parab\u00e9ns. Foi uma excelente organiza\u00e7\u00e3o de todo campeonato. Parab\u00e9ns as equipes participantes\u201d, finalizou.<\/p>\n<p><img loading=\"lazy\" decoding=\"async\" class=\"alignnone size-medium wp-image-3705\" src=\"http:\/\/portalnpm.com.br\/wp-content\/uploads\/2018\/12\/0DSC_024100001-300x200.jpg\" alt=\"\" width=\"300\" height=\"200\" \/><\/p>\n<p style=\"text-align: justify;\">O deputado Geogiano Neto que participou da final e da entrega de premia\u00e7\u00f5es trouxe uma mensagem ao povo de Vila Nova. \u201cCumprimento todas as autoridades constitu\u00eddas e a popula\u00e7\u00e3o deste munic\u00edpio. Estou imensamente feliz por participar desta grande final que reuniu aqui uma multid\u00e3o. Parabenizo os dois times que disputaram o titulo na final, especialmente o time Lagoa. Deixo meu abra\u00e7o a todos e reafirmo o compromisso de muito trabalho pela cidade poesia\u201d, disse.<\/p>\n<p><img loading=\"lazy\" decoding=\"async\" class=\"alignnone size-medium wp-image-3707\" src=\"http:\/\/portalnpm.com.br\/wp-content\/uploads\/2018\/12\/0DSC_023400001-1-300x200.jpg\" alt=\"\" width=\"300\" height=\"200\" \/> <img loading=\"lazy\" decoding=\"async\" class=\"alignnone size-medium wp-image-3708\" src=\"http:\/\/portalnpm.com.br\/wp-content\/uploads\/2018\/12\/0DSC_001200001-2-1-300x200.jpg\" alt=\"\" width=\"300\" height=\"200\" \/> <img loading=\"lazy\" decoding=\"async\" class=\"alignnone size-medium wp-image-3709\" src=\"http:\/\/portalnpm.com.br\/wp-content\/uploads\/2018\/12\/0DSC_001600001-2-300x200.jpg\" alt=\"\" width=\"300\" height=\"200\" \/> <img loading=\"lazy\" decoding=\"async\" class=\"alignnone size-medium wp-image-3710\" src=\"http:\/\/portalnpm.com.br\/wp-content\/uploads\/2018\/12\/0DSC_026400001-300x200.jpg\" alt=\"\" width=\"300\" height=\"200\" \/><img loading=\"lazy\" decoding=\"async\" class=\"alignnone size-medium wp-image-3711\" src=\"http:\/\/portalnpm.com.br\/wp-content\/uploads\/2018\/12\/0DSC_025500001-1-300x200.jpg\" alt=\"\" width=\"300\" height=\"200\" \/> <img loading=\"lazy\" decoding=\"async\" class=\"alignnone size-medium wp-image-3712\" src=\"http:\/\/portalnpm.com.br\/wp-content\/uploads\/2018\/12\/0DSC_024500001-1-300x200.jpg\" alt=\"\" width=\"300\" height=\"200\" \/><\/p>\n<p style=\"text-align: justify;\"><strong>Fonte: Cidades da Net\u00a0<\/strong><\/p>\n","protected":false},"excerpt":{"rendered":"<p>A Prefeitura de Vila Nova do Piau\u00ed, atrav\u00e9s da Secretaria Municipal de Educa\u00e7\u00e3o e o Departamento de Esportes, realizaram na tarde deste domingo, dia 16 de dezembro, no Est\u00e1dio Municipal \u2018O Diniz\u00e3o\u2019, a grande final do 19\u00ba Campeonato Municipal de Futebol. A competi\u00e7\u00e3o \u00e9 parte integrante das comemora\u00e7\u00f5es alusivas aos 23 anos de emancipa\u00e7\u00e3o pol\u00edtica &hellip;<\/p>\n","protected":false},"author":3,"featured_media":3713,"comment_status":"open","ping_status":"open","sticky":false,"template":"","format":"standard","meta":{"content-type":"","rop_custom_images_group":[],"rop_custom_messages_group":[],"rop_publish_now":"initial","rop_publish_now_accounts":{"facebook_2648258775420054_1618374048415101":""},"rop_publish_now_history":[],"rop_publish_now_status":"pending","footnotes":"","_jetpack_memberships_contains_paid_content":false},"categories":[113,108,574],"tags":[107,1762,575],"yoast_head":"<!-- This site is optimized with the Yoast SEO plugin v22.3 - https:\/\/yoast.com\/wordpress\/plugins\/seo\/ -->\n<title>VILA NOVA 23 ANOS | Lagoa vence Abaixado nos p\u00eanaltis e se consagra bicampe\u00e3o do Municipal de Futebol\u00a0 - Portal NPM<\/title>\n<meta name=\"robots\" content=\"index, follow, max-snippet:-1, max-image-preview:large, max-video-preview:-1\" \/>\n<link rel=\"canonical\" href=\"https:\/\/portalnpm.com\/index.php\/2018\/12\/18\/vila-nova-23-anos-lagoa-vence-abaixado-nos-penaltis-e-se-consagra-bicampeao-do-municipal-de-futebol\/\" \/>\n<meta property=\"og:locale\" content=\"pt_BR\" \/>\n<meta property=\"og:type\" content=\"article\" \/>\n<meta property=\"og:title\" content=\"VILA NOVA 23 ANOS | Lagoa vence Abaixado nos p\u00eanaltis e se consagra bicampe\u00e3o do Municipal de Futebol\u00a0 - Portal NPM\" \/>\n<meta property=\"og:description\" content=\"A Prefeitura de Vila Nova do Piau\u00ed, atrav\u00e9s da Secretaria Municipal de Educa\u00e7\u00e3o e o Departamento de Esportes, realizaram na tarde deste domingo, dia 16 de dezembro, no Est\u00e1dio Municipal \u2018O Diniz\u00e3o\u2019, a grande final do 19\u00ba Campeonato Municipal de Futebol. A competi\u00e7\u00e3o \u00e9 parte integrante das comemora\u00e7\u00f5es alusivas aos 23 anos de emancipa\u00e7\u00e3o pol\u00edtica &hellip;\" \/>\n<meta property=\"og:url\" content=\"https:\/\/portalnpm.com\/index.php\/2018\/12\/18\/vila-nova-23-anos-lagoa-vence-abaixado-nos-penaltis-e-se-consagra-bicampeao-do-municipal-de-futebol\/\" \/>\n<meta property=\"og:site_name\" content=\"Portal NPM\" \/>\n<meta property=\"article:published_time\" content=\"2018-12-19T01:29:18+00:00\" \/>\n<meta name=\"author\" content=\"Luis Alberto\" \/>\n<meta name=\"twitter:card\" content=\"summary_large_image\" \/>\n<meta name=\"twitter:label1\" content=\"Escrito por\" \/>\n\t<meta name=\"twitter:data1\" content=\"Luis Alberto\" \/>\n\t<meta name=\"twitter:label2\" content=\"Est. tempo de leitura\" \/>\n\t<meta name=\"twitter:data2\" content=\"3 minutos\" \/>\n<script type=\"application\/ld+json\" class=\"yoast-schema-graph\">{\"@context\":\"https:\/\/schema.org\",\"@graph\":[{\"@type\":\"WebPage\",\"@id\":\"https:\/\/portalnpm.com\/index.php\/2018\/12\/18\/vila-nova-23-anos-lagoa-vence-abaixado-nos-penaltis-e-se-consagra-bicampeao-do-municipal-de-futebol\/\",\"url\":\"https:\/\/portalnpm.com\/index.php\/2018\/12\/18\/vila-nova-23-anos-lagoa-vence-abaixado-nos-penaltis-e-se-consagra-bicampeao-do-municipal-de-futebol\/\",\"name\":\"VILA NOVA 23 ANOS | Lagoa vence Abaixado nos p\u00eanaltis e se consagra bicampe\u00e3o do Municipal de Futebol\u00a0 - Portal NPM\",\"isPartOf\":{\"@id\":\"https:\/\/portalnpm.com\/#website\"},\"primaryImageOfPage\":{\"@id\":\"https:\/\/portalnpm.com\/index.php\/2018\/12\/18\/vila-nova-23-anos-lagoa-vence-abaixado-nos-penaltis-e-se-consagra-bicampeao-do-municipal-de-futebol\/#primaryimage\"},\"image\":{\"@id\":\"https:\/\/portalnpm.com\/index.php\/2018\/12\/18\/vila-nova-23-anos-lagoa-vence-abaixado-nos-penaltis-e-se-consagra-bicampeao-do-municipal-de-futebol\/#primaryimage\"},\"thumbnailUrl\":\"\",\"datePublished\":\"2018-12-19T01:29:18+00:00\",\"dateModified\":\"2018-12-19T01:29:18+00:00\",\"author\":{\"@id\":\"https:\/\/portalnpm.com\/#\/schema\/person\/5c8006acdf71774cd4e7a5ab98482152\"},\"breadcrumb\":{\"@id\":\"https:\/\/portalnpm.com\/index.php\/2018\/12\/18\/vila-nova-23-anos-lagoa-vence-abaixado-nos-penaltis-e-se-consagra-bicampeao-do-municipal-de-futebol\/#breadcrumb\"},\"inLanguage\":\"pt-BR\",\"potentialAction\":[{\"@type\":\"ReadAction\",\"target\":[\"https:\/\/portalnpm.com\/index.php\/2018\/12\/18\/vila-nova-23-anos-lagoa-vence-abaixado-nos-penaltis-e-se-consagra-bicampeao-do-municipal-de-futebol\/\"]}]},{\"@type\":\"ImageObject\",\"inLanguage\":\"pt-BR\",\"@id\":\"https:\/\/portalnpm.com\/index.php\/2018\/12\/18\/vila-nova-23-anos-lagoa-vence-abaixado-nos-penaltis-e-se-consagra-bicampeao-do-municipal-de-futebol\/#primaryimage\",\"url\":\"\",\"contentUrl\":\"\"},{\"@type\":\"BreadcrumbList\",\"@id\":\"https:\/\/portalnpm.com\/index.php\/2018\/12\/18\/vila-nova-23-anos-lagoa-vence-abaixado-nos-penaltis-e-se-consagra-bicampeao-do-municipal-de-futebol\/#breadcrumb\",\"itemListElement\":[{\"@type\":\"ListItem\",\"position\":1,\"name\":\"In\u00edcio\",\"item\":\"https:\/\/portalnpm.com\/\"},{\"@type\":\"ListItem\",\"position\":2,\"name\":\"VILA NOVA 23 ANOS | Lagoa vence Abaixado nos p\u00eanaltis e se consagra bicampe\u00e3o do Municipal de Futebol\u00a0\"}]},{\"@type\":\"WebSite\",\"@id\":\"https:\/\/portalnpm.com\/#website\",\"url\":\"https:\/\/portalnpm.com\/\",\"name\":\"Portal NPM\",\"description\":\"Not\u00edcias em Primeira M\u00e3o\",\"potentialAction\":[{\"@type\":\"SearchAction\",\"target\":{\"@type\":\"EntryPoint\",\"urlTemplate\":\"https:\/\/portalnpm.com\/?s={search_term_string}\"},\"query-input\":\"required name=search_term_string\"}],\"inLanguage\":\"pt-BR\"},{\"@type\":\"Person\",\"@id\":\"https:\/\/portalnpm.com\/#\/schema\/person\/5c8006acdf71774cd4e7a5ab98482152\",\"name\":\"Luis Alberto\",\"image\":{\"@type\":\"ImageObject\",\"inLanguage\":\"pt-BR\",\"@id\":\"https:\/\/portalnpm.com\/#\/schema\/person\/image\/\",\"url\":\"https:\/\/portalnpm.com\/wp-content\/uploads\/2024\/12\/avatar_user_3_1734699769-96x96.jpeg\",\"contentUrl\":\"https:\/\/portalnpm.com\/wp-content\/uploads\/2024\/12\/avatar_user_3_1734699769-96x96.jpeg\",\"caption\":\"Luis Alberto\"},\"description\":\"Editor-geral do Portal NPM, \u00e9 formado como T\u00e9cnico em Seguran\u00e7a do Trabalho pela Escola Metropolitana de Cursos T\u00e9cnicos. Det\u00e9m ainda licenciatura em Educa\u00e7\u00e3o F\u00edsica e bacharelado em Ci\u00eancias Pol\u00edticas, ambos obtidos pela institui\u00e7\u00e3o Anhanguera\/UNOPAR.\",\"url\":\"https:\/\/portalnpm.com\/index.php\/author\/pereira\/\"}]}<\/script>\n<!-- \/ Yoast SEO plugin. -->","yoast_head_json":{"title":"VILA NOVA 23 ANOS | Lagoa vence Abaixado nos p\u00eanaltis e se consagra bicampe\u00e3o do Municipal de Futebol\u00a0 - Portal NPM","robots":{"index":"index","follow":"follow","max-snippet":"max-snippet:-1","max-image-preview":"max-image-preview:large","max-video-preview":"max-video-preview:-1"},"canonical":"https:\/\/portalnpm.com\/index.php\/2018\/12\/18\/vila-nova-23-anos-lagoa-vence-abaixado-nos-penaltis-e-se-consagra-bicampeao-do-municipal-de-futebol\/","og_locale":"pt_BR","og_type":"article","og_title":"VILA NOVA 23 ANOS | Lagoa vence Abaixado nos p\u00eanaltis e se consagra bicampe\u00e3o do Municipal de Futebol\u00a0 - Portal NPM","og_description":"A Prefeitura de Vila Nova do Piau\u00ed, atrav\u00e9s da Secretaria Municipal de Educa\u00e7\u00e3o e o Departamento de Esportes, realizaram na tarde deste domingo, dia 16 de dezembro, no Est\u00e1dio Municipal \u2018O Diniz\u00e3o\u2019, a grande final do 19\u00ba Campeonato Municipal de Futebol. A competi\u00e7\u00e3o \u00e9 parte integrante das comemora\u00e7\u00f5es alusivas aos 23 anos de emancipa\u00e7\u00e3o pol\u00edtica &hellip;","og_url":"https:\/\/portalnpm.com\/index.php\/2018\/12\/18\/vila-nova-23-anos-lagoa-vence-abaixado-nos-penaltis-e-se-consagra-bicampeao-do-municipal-de-futebol\/","og_site_name":"Portal NPM","article_published_time":"2018-12-19T01:29:18+00:00","author":"Luis Alberto","twitter_card":"summary_large_image","twitter_misc":{"Escrito por":"Luis Alberto","Est. tempo de leitura":"3 minutos"},"schema":{"@context":"https:\/\/schema.org","@graph":[{"@type":"WebPage","@id":"https:\/\/portalnpm.com\/index.php\/2018\/12\/18\/vila-nova-23-anos-lagoa-vence-abaixado-nos-penaltis-e-se-consagra-bicampeao-do-municipal-de-futebol\/","url":"https:\/\/portalnpm.com\/index.php\/2018\/12\/18\/vila-nova-23-anos-lagoa-vence-abaixado-nos-penaltis-e-se-consagra-bicampeao-do-municipal-de-futebol\/","name":"VILA NOVA 23 ANOS | Lagoa vence Abaixado nos p\u00eanaltis e se consagra bicampe\u00e3o do Municipal de Futebol\u00a0 - Portal NPM","isPartOf":{"@id":"https:\/\/portalnpm.com\/#website"},"primaryImageOfPage":{"@id":"https:\/\/portalnpm.com\/index.php\/2018\/12\/18\/vila-nova-23-anos-lagoa-vence-abaixado-nos-penaltis-e-se-consagra-bicampeao-do-municipal-de-futebol\/#primaryimage"},"image":{"@id":"https:\/\/portalnpm.com\/index.php\/2018\/12\/18\/vila-nova-23-anos-lagoa-vence-abaixado-nos-penaltis-e-se-consagra-bicampeao-do-municipal-de-futebol\/#primaryimage"},"thumbnailUrl":"","datePublished":"2018-12-19T01:29:18+00:00","dateModified":"2018-12-19T01:29:18+00:00","author":{"@id":"https:\/\/portalnpm.com\/#\/schema\/person\/5c8006acdf71774cd4e7a5ab98482152"},"breadcrumb":{"@id":"https:\/\/portalnpm.com\/index.php\/2018\/12\/18\/vila-nova-23-anos-lagoa-vence-abaixado-nos-penaltis-e-se-consagra-bicampeao-do-municipal-de-futebol\/#breadcrumb"},"inLanguage":"pt-BR","potentialAction":[{"@type":"ReadAction","target":["https:\/\/portalnpm.com\/index.php\/2018\/12\/18\/vila-nova-23-anos-lagoa-vence-abaixado-nos-penaltis-e-se-consagra-bicampeao-do-municipal-de-futebol\/"]}]},{"@type":"ImageObject","inLanguage":"pt-BR","@id":"https:\/\/portalnpm.com\/index.php\/2018\/12\/18\/vila-nova-23-anos-lagoa-vence-abaixado-nos-penaltis-e-se-consagra-bicampeao-do-municipal-de-futebol\/#primaryimage","url":"","contentUrl":""},{"@type":"BreadcrumbList","@id":"https:\/\/portalnpm.com\/index.php\/2018\/12\/18\/vila-nova-23-anos-lagoa-vence-abaixado-nos-penaltis-e-se-consagra-bicampeao-do-municipal-de-futebol\/#breadcrumb","itemListElement":[{"@type":"ListItem","position":1,"name":"In\u00edcio","item":"https:\/\/portalnpm.com\/"},{"@type":"ListItem","position":2,"name":"VILA NOVA 23 ANOS | Lagoa vence Abaixado nos p\u00eanaltis e se consagra bicampe\u00e3o do Municipal de Futebol\u00a0"}]},{"@type":"WebSite","@id":"https:\/\/portalnpm.com\/#website","url":"https:\/\/portalnpm.com\/","name":"Portal NPM","description":"Not\u00edcias em Primeira M\u00e3o","potentialAction":[{"@type":"SearchAction","target":{"@type":"EntryPoint","urlTemplate":"https:\/\/portalnpm.com\/?s={search_term_string}"},"query-input":"required name=search_term_string"}],"inLanguage":"pt-BR"},{"@type":"Person","@id":"https:\/\/portalnpm.com\/#\/schema\/person\/5c8006acdf71774cd4e7a5ab98482152","name":"Luis Alberto","image":{"@type":"ImageObject","inLanguage":"pt-BR","@id":"https:\/\/portalnpm.com\/#\/schema\/person\/image\/","url":"https:\/\/portalnpm.com\/wp-content\/uploads\/2024\/12\/avatar_user_3_1734699769-96x96.jpeg","contentUrl":"https:\/\/portalnpm.com\/wp-content\/uploads\/2024\/12\/avatar_user_3_1734699769-96x96.jpeg","caption":"Luis Alberto"},"description":"Editor-geral do Portal NPM, \u00e9 formado como T\u00e9cnico em Seguran\u00e7a do Trabalho pela Escola Metropolitana de Cursos T\u00e9cnicos. Det\u00e9m ainda licenciatura em Educa\u00e7\u00e3o F\u00edsica e bacharelado em Ci\u00eancias Pol\u00edticas, ambos obtidos pela institui\u00e7\u00e3o Anhanguera\/UNOPAR.","url":"https:\/\/portalnpm.com\/index.php\/author\/pereira\/"}]}},"jetpack_sharing_enabled":true,"jetpack_featured_media_url":"","_links":{"self":[{"href":"https:\/\/portalnpm.com\/index.php\/wp-json\/wp\/v2\/posts\/3678"}],"collection":[{"href":"https:\/\/portalnpm.com\/index.php\/wp-json\/wp\/v2\/posts"}],"about":[{"href":"https:\/\/portalnpm.com\/index.php\/wp-json\/wp\/v2\/types\/post"}],"author":[{"embeddable":true,"href":"https:\/\/portalnpm.com\/index.php\/wp-json\/wp\/v2\/users\/3"}],"replies":[{"embeddable":true,"href":"https:\/\/portalnpm.com\/index.php\/wp-json\/wp\/v2\/comments?post=3678"}],"version-history":[{"count":0,"href":"https:\/\/portalnpm.com\/index.php\/wp-json\/wp\/v2\/posts\/3678\/revisions"}],"wp:featuredmedia":[{"embeddable":true,"href":"https:\/\/portalnpm.com\/index.php\/wp-json\/"}],"wp:attachment":[{"href":"https:\/\/portalnpm.com\/index.php\/wp-json\/wp\/v2\/media?parent=3678"}],"wp:term":[{"taxonomy":"category","embeddable":true,"href":"https:\/\/portalnpm.com\/index.php\/wp-json\/wp\/v2\/categories?post=3678"},{"taxonomy":"post_tag","embeddable":true,"href":"https:\/\/portalnpm.com\/index.php\/wp-json\/wp\/v2\/tags?post=3678"}],"curies":[{"name":"wp","href":"https:\/\/api.w.org\/{rel}","templated":true}]}}