{"id":36882,"date":"2021-09-25T19:43:50","date_gmt":"2021-09-25T22:43:50","guid":{"rendered":"https:\/\/backupnpm.codetainer.com.br\/?p=36882"},"modified":"2021-09-25T19:43:50","modified_gmt":"2021-09-25T22:43:50","slug":"jael-marca-de-penalti-contra-a-chapecoense-e-ceara-vence-a-primeira-sob-o-comando-de-tiago-nunes","status":"publish","type":"post","link":"https:\/\/portalnpm.com\/index.php\/2021\/09\/25\/jael-marca-de-penalti-contra-a-chapecoense-e-ceara-vence-a-primeira-sob-o-comando-de-tiago-nunes\/","title":{"rendered":"Jael marca de p\u00eanalti contra a Chapecoense e Cear\u00e1 vence a primeira sob o comando de Tiago Nunes"},"content":{"rendered":"<section class=\"xpa-switch-article\">\n<div class=\"news-paragraph text-1\">\n<p class=\"has-text-align-center\" style=\"text-align: justify;\"><em>Al\u00e9m disso, o resultado encerrou um jejum de seis jogos sem vit\u00f3ria da equipe alvinegra<\/em><\/p>\n<\/div>\n<\/section>\n<section class=\"xpa-switch-article\">\n<div class=\"news-paragraph text-1\">\n<p>O Cear\u00e1 venceu a Chapecoense por um a zero neste s\u00e1bado, 25, pela 22\u00aa rodada do Brasileir\u00e3o. Na Arena Castel\u00e3o, Jael, de p\u00eanalti, foi o autor do \u00fanico gol da partida. O resultado deu ao Tiago Nunes sua primeira vit\u00f3ria no comando t\u00e9cnico do time alvinegro e encerrou uma sequ\u00eancia de seis partidas sem saber o que \u00e9 vencer.<\/p>\n<\/div>\n<\/section>\n<section class=\"xpa-switch-article\">\n<div class=\"news-paragraph text-1\">\n<p>Com os tr\u00eas pontos conquistados no jogo, o Cear\u00e1 chegou aos 28 na tabela e agora ocupa a d\u00e9cima posi\u00e7\u00e3o da competi\u00e7\u00e3o. O Vov\u00f4 volta a entrar em campo no pr\u00f3ximo s\u00e1bado, dia 2 de outubro, quando enfrentar\u00e1 o Bahia, pela 23\u00aa rodada do Brasileir\u00e3o,\u00a0 \u00e0s 19h, na Arena Fonte Nova.<\/p>\n<\/div>\n<\/section>\n<section class=\"xpa-switch-article\">\n<div class=\"news-paragraph text-1\">\n<h4><strong>Primeiro tempo<\/strong><\/h4>\n<\/div>\n<\/section>\n<section class=\"xpa-switch-article\">\n<div class=\"news-paragraph text-1\">\n<p>A partida come\u00e7ou logo com uma grande oportunidade da Chapecoense em chute em frente ao gol de Anselmo Ramon, mas Richard defendeu e na sequ\u00eancia Luiz Ot\u00e1vio tirou quase em cima da linha. Depois disso, as grandes chances da primeira etapa eram do Cear\u00e1. A primeira em jogada ensaiada, a qual Jael lan\u00e7ou para Luiz Ot\u00e1vio \u201cescorar\u201d para dentro da \u00e1rea e Kelvyn acabou finalizando por cima da meta.<\/p>\n<\/div>\n<\/section>\n<section class=\"xpa-switch-article\">\n<div class=\"news-paragraph text-1\">\n<p>O Vov\u00f4 tinha mais a posse da bola e conseguiu envolver a catarinense nesse estilo de jogo durante boa parte da primeira etapa. Aos 21 minutos aconteceu um exemplo disso, quando em r\u00e1pida troca de passes no setor ofensivo, come\u00e7ando por Vina e Rick, Fernando Sobral chutou forte ao lado do gol de Keiller. No minuto 36, em outra jogada feita em alta velocidade, Vina tocou para Kelvyn que finalizou entre os zagueiros, mas o goleiro da Chape fez grande defesa. Mesmo assim, o placar ficou zerado.<\/p>\n<\/div>\n<\/section>\n<section class=\"xpa-switch-article\">\n<div class=\"news-paragraph text-1\">\n<h4><strong>Segundo tempo<\/strong><\/h4>\n<\/div>\n<\/section>\n<section class=\"xpa-switch-article\">\n<div class=\"news-paragraph text-1\">\n<p>No primeiro minuto da volta do intervalo, a Chapecoense mais uma vez desperdi\u00e7ou uma chance. Anselmo Ramon, na pequena \u00e1rea, fez uma bicicleta e finalizou ao lado do gol de Richard. Por\u00e9m, pouco tempo se passou e em um ataque do Cear\u00e1 foi marcado p\u00eanalti, pois Luiz Ot\u00e1vio foi derrubado dentro da \u00e1rea. Na cobran\u00e7a, Jael bateu de cavadinha e abriu o placar da partida.<\/p>\n<\/div>\n<\/section>\n<section class=\"xpa-switch-article\">\n<div class=\"news-paragraph text-1\">\n<p>Ia chegando na metade da segunda etapa, sem o Verd\u00e3o conseguir de maneira efetiva amea\u00e7ar a meta do Vov\u00f4 e, para piorar, acabou com um a menos na partida. O zagueiro Jordan, ex-Cear\u00e1, acabou levando o segundo cart\u00e3o amarelo depois de derrubar o Vina. Com um a mais, a equipe alvinegra tinha mais liberdade e conseguiu criar v\u00e1rias chances de gol, mas Keiller acabou fazendo v\u00e1rias defesas e impedindo que o placar fosse alterado. Fim de jogo, um a zero para o Cear\u00e1.<\/p>\n<\/div>\n<\/section>\n<section class=\"xpa-switch-article\">\n<div class=\"news-paragraph text-1\">\n<h4><strong>Ficha t\u00e9cnica<\/strong><\/h4>\n<\/div>\n<\/section>\n<section class=\"xpa-switch-article\">\n<div class=\"news-paragraph text-1\">\n<p>Campeonato Brasileiro 2021 \u2013 22\u00aa rodada<\/p>\n<\/div>\n<\/section>\n<section class=\"xpa-switch-article\">\n<div class=\"news-paragraph text-1\">\n<p>Cear\u00e1 (1) x (0) Chapecoense<\/p>\n<\/div>\n<\/section>\n<section class=\"xpa-switch-article\">\n<div class=\"news-paragraph text-1\">\n<p><strong>CEA:\u00a0<\/strong>Richard; Gabriel Dias, Luiz Ot\u00e1vio, Messias, Bruno Pacheco (Lima); Geovane, Fernando Sobral, Vina (Gabriel Santos); Kelvyn, Rick e Jael (Cl\u00e9ber). T\u00e9cnico: Tiago Nunes.<\/p>\n<\/div>\n<\/section>\n<section class=\"xpa-switch-article\">\n<div class=\"news-paragraph text-1\">\n<p><strong>CHA:\u00a0<\/strong>Keiller; Matheus Ribeiro, Kadu, Jordan, Busanello (Geuv\u00e2nio); Alan Santos (Ezequiel), Denner, Mois\u00e9s Ribeiro (Lima), Bruno Silva (Perotti); Mike e Anselmo Ramon (Derlan). T\u00e9cnico: Pintado.<\/p>\n<\/div>\n<\/section>\n<section class=\"xpa-switch-article\">\n<div class=\"news-paragraph text-1\">\n<p><strong>Gols: CEA:\u00a0<\/strong>Jael.\u00a0<strong>CHA:\u00a0<\/strong>Nenhum.<\/p>\n<\/div>\n<\/section>\n<section class=\"xpa-switch-article\">\n<div class=\"news-paragraph text-1\">\n<p><strong>Cart\u00e3o amarelo: CEA:\u00a0<\/strong>Nenhum.\u00a0<strong>CHA:\u00a0<\/strong>Mois\u00e9s Ribeiro, Jordan (2x) e Lima.<\/p>\n<\/div>\n<\/section>\n<section class=\"xpa-switch-article\">\n<div class=\"news-paragraph text-1\">\n<p><strong>Cart\u00e3o vermelho: CEA:\u00a0<\/strong>Nenhum.\u00a0<strong>CHA:\u00a0<\/strong>Jordan.<\/p>\n<\/div>\n<\/section>\n<section class=\"xpa-switch-article\">\n<div class=\"news-paragraph text-1\">\n<p><strong>Local:\u00a0<\/strong>Arena Castel\u00e3o \u2013 Fortaleza\/CE.<\/p>\n<\/div>\n<\/section>\n<section class=\"xpa-switch-article\">\n<div class=\"news-paragraph text-1\">\n<p><strong>Arbitragem:\u00a0<\/strong><\/p>\n<\/div>\n<\/section>\n<section class=\"xpa-switch-article\">\n<ul class=\"of-list of-list--unordered\">\n<li class=\"text-1 of-list__item\">\u00c1rbitro: Caio Max Augusto Vieira (RN);<\/li>\n<li class=\"text-1 of-list__item\">Assistente 1: Jean Marcio dos Santos (RN);<\/li>\n<li class=\"text-1 of-list__item\">Assistente 2: Lorival C\u00e2ndido das Flores (RN);<\/li>\n<li class=\"text-1 of-list__item\">\u00c1rbitro de V\u00eddeo: Luiz C\u00e9zar de Oliveira Magalh\u00e3es (CE).<\/li>\n<\/ul>\n<\/section>\n<section class=\"xpa-switch-article\">\n<div class=\"entity-navigation-grid\" style=\"text-align: justify;\">\n<header class=\"title-7-bold entity-navigation-grid__title\">Futebol Cearense\u00a0<\/header>\n<\/div>\n<\/section>\n","protected":false},"excerpt":{"rendered":"<p>Al\u00e9m disso, o resultado encerrou um jejum de seis jogos sem vit\u00f3ria da equipe alvinegra O Cear\u00e1 venceu a Chapecoense por um a zero neste s\u00e1bado, 25, pela 22\u00aa rodada do Brasileir\u00e3o. Na Arena Castel\u00e3o, Jael, de p\u00eanalti, foi o autor do \u00fanico gol da partida. O resultado deu ao Tiago Nunes sua primeira vit\u00f3ria &hellip;<\/p>\n","protected":false},"author":2,"featured_media":36883,"comment_status":"open","ping_status":"open","sticky":false,"template":"","format":"standard","meta":{"content-type":"","rop_custom_images_group":[],"rop_custom_messages_group":[],"rop_publish_now":"initial","rop_publish_now_accounts":{"facebook_2648258775420054_1618374048415101":""},"rop_publish_now_history":[],"rop_publish_now_status":"pending","footnotes":"","_jetpack_memberships_contains_paid_content":false},"categories":[108],"tags":[1163,140],"yoast_head":"<!-- This site is optimized with the Yoast SEO plugin v22.3 - https:\/\/yoast.com\/wordpress\/plugins\/seo\/ -->\n<title>Jael marca de p\u00eanalti contra a Chapecoense e Cear\u00e1 vence a primeira sob o comando de Tiago Nunes - Portal NPM<\/title>\n<meta name=\"robots\" content=\"index, follow, max-snippet:-1, max-image-preview:large, max-video-preview:-1\" \/>\n<link rel=\"canonical\" href=\"https:\/\/portalnpm.com\/index.php\/2021\/09\/25\/jael-marca-de-penalti-contra-a-chapecoense-e-ceara-vence-a-primeira-sob-o-comando-de-tiago-nunes\/\" \/>\n<meta property=\"og:locale\" content=\"pt_BR\" \/>\n<meta property=\"og:type\" content=\"article\" \/>\n<meta property=\"og:title\" content=\"Jael marca de p\u00eanalti contra a Chapecoense e Cear\u00e1 vence a primeira sob o comando de Tiago Nunes - Portal NPM\" \/>\n<meta property=\"og:description\" content=\"Al\u00e9m disso, o resultado encerrou um jejum de seis jogos sem vit\u00f3ria da equipe alvinegra O Cear\u00e1 venceu a Chapecoense por um a zero neste s\u00e1bado, 25, pela 22\u00aa rodada do Brasileir\u00e3o. Na Arena Castel\u00e3o, Jael, de p\u00eanalti, foi o autor do \u00fanico gol da partida. O resultado deu ao Tiago Nunes sua primeira vit\u00f3ria &hellip;\" \/>\n<meta property=\"og:url\" content=\"https:\/\/portalnpm.com\/index.php\/2021\/09\/25\/jael-marca-de-penalti-contra-a-chapecoense-e-ceara-vence-a-primeira-sob-o-comando-de-tiago-nunes\/\" \/>\n<meta property=\"og:site_name\" content=\"Portal NPM\" \/>\n<meta property=\"article:published_time\" content=\"2021-09-25T22:43:50+00:00\" \/>\n<meta name=\"author\" content=\"Genival Barbosa\" \/>\n<meta name=\"twitter:card\" content=\"summary_large_image\" \/>\n<meta name=\"twitter:label1\" content=\"Escrito por\" \/>\n\t<meta name=\"twitter:data1\" content=\"Genival Barbosa\" \/>\n\t<meta name=\"twitter:label2\" content=\"Est. tempo de leitura\" \/>\n\t<meta name=\"twitter:data2\" content=\"3 minutos\" \/>\n<script type=\"application\/ld+json\" class=\"yoast-schema-graph\">{\"@context\":\"https:\/\/schema.org\",\"@graph\":[{\"@type\":\"WebPage\",\"@id\":\"https:\/\/portalnpm.com\/index.php\/2021\/09\/25\/jael-marca-de-penalti-contra-a-chapecoense-e-ceara-vence-a-primeira-sob-o-comando-de-tiago-nunes\/\",\"url\":\"https:\/\/portalnpm.com\/index.php\/2021\/09\/25\/jael-marca-de-penalti-contra-a-chapecoense-e-ceara-vence-a-primeira-sob-o-comando-de-tiago-nunes\/\",\"name\":\"Jael marca de p\u00eanalti contra a Chapecoense e Cear\u00e1 vence a primeira sob o comando de Tiago Nunes - Portal NPM\",\"isPartOf\":{\"@id\":\"https:\/\/portalnpm.com\/#website\"},\"primaryImageOfPage\":{\"@id\":\"https:\/\/portalnpm.com\/index.php\/2021\/09\/25\/jael-marca-de-penalti-contra-a-chapecoense-e-ceara-vence-a-primeira-sob-o-comando-de-tiago-nunes\/#primaryimage\"},\"image\":{\"@id\":\"https:\/\/portalnpm.com\/index.php\/2021\/09\/25\/jael-marca-de-penalti-contra-a-chapecoense-e-ceara-vence-a-primeira-sob-o-comando-de-tiago-nunes\/#primaryimage\"},\"thumbnailUrl\":\"\",\"datePublished\":\"2021-09-25T22:43:50+00:00\",\"dateModified\":\"2021-09-25T22:43:50+00:00\",\"author\":{\"@id\":\"https:\/\/portalnpm.com\/#\/schema\/person\/49313e563cfdefcc167f1ee4c017c294\"},\"breadcrumb\":{\"@id\":\"https:\/\/portalnpm.com\/index.php\/2021\/09\/25\/jael-marca-de-penalti-contra-a-chapecoense-e-ceara-vence-a-primeira-sob-o-comando-de-tiago-nunes\/#breadcrumb\"},\"inLanguage\":\"pt-BR\",\"potentialAction\":[{\"@type\":\"ReadAction\",\"target\":[\"https:\/\/portalnpm.com\/index.php\/2021\/09\/25\/jael-marca-de-penalti-contra-a-chapecoense-e-ceara-vence-a-primeira-sob-o-comando-de-tiago-nunes\/\"]}]},{\"@type\":\"ImageObject\",\"inLanguage\":\"pt-BR\",\"@id\":\"https:\/\/portalnpm.com\/index.php\/2021\/09\/25\/jael-marca-de-penalti-contra-a-chapecoense-e-ceara-vence-a-primeira-sob-o-comando-de-tiago-nunes\/#primaryimage\",\"url\":\"\",\"contentUrl\":\"\"},{\"@type\":\"BreadcrumbList\",\"@id\":\"https:\/\/portalnpm.com\/index.php\/2021\/09\/25\/jael-marca-de-penalti-contra-a-chapecoense-e-ceara-vence-a-primeira-sob-o-comando-de-tiago-nunes\/#breadcrumb\",\"itemListElement\":[{\"@type\":\"ListItem\",\"position\":1,\"name\":\"In\u00edcio\",\"item\":\"https:\/\/portalnpm.com\/\"},{\"@type\":\"ListItem\",\"position\":2,\"name\":\"Jael marca de p\u00eanalti contra a Chapecoense e Cear\u00e1 vence a primeira sob o comando de Tiago Nunes\"}]},{\"@type\":\"WebSite\",\"@id\":\"https:\/\/portalnpm.com\/#website\",\"url\":\"https:\/\/portalnpm.com\/\",\"name\":\"Portal NPM\",\"description\":\"Not\u00edcias em Primeira M\u00e3o\",\"potentialAction\":[{\"@type\":\"SearchAction\",\"target\":{\"@type\":\"EntryPoint\",\"urlTemplate\":\"https:\/\/portalnpm.com\/?s={search_term_string}\"},\"query-input\":\"required name=search_term_string\"}],\"inLanguage\":\"pt-BR\"},{\"@type\":\"Person\",\"@id\":\"https:\/\/portalnpm.com\/#\/schema\/person\/49313e563cfdefcc167f1ee4c017c294\",\"name\":\"Genival Barbosa\",\"image\":{\"@type\":\"ImageObject\",\"inLanguage\":\"pt-BR\",\"@id\":\"https:\/\/portalnpm.com\/#\/schema\/person\/image\/\",\"url\":\"https:\/\/portalnpm.com\/wp-content\/uploads\/2024\/02\/avatar_user_2_1707743258-96x96.jpeg\",\"contentUrl\":\"https:\/\/portalnpm.com\/wp-content\/uploads\/2024\/02\/avatar_user_2_1707743258-96x96.jpeg\",\"caption\":\"Genival Barbosa\"},\"url\":\"https:\/\/portalnpm.com\/index.php\/author\/genival\/\"}]}<\/script>\n<!-- \/ Yoast SEO plugin. -->","yoast_head_json":{"title":"Jael marca de p\u00eanalti contra a Chapecoense e Cear\u00e1 vence a primeira sob o comando de Tiago Nunes - Portal NPM","robots":{"index":"index","follow":"follow","max-snippet":"max-snippet:-1","max-image-preview":"max-image-preview:large","max-video-preview":"max-video-preview:-1"},"canonical":"https:\/\/portalnpm.com\/index.php\/2021\/09\/25\/jael-marca-de-penalti-contra-a-chapecoense-e-ceara-vence-a-primeira-sob-o-comando-de-tiago-nunes\/","og_locale":"pt_BR","og_type":"article","og_title":"Jael marca de p\u00eanalti contra a Chapecoense e Cear\u00e1 vence a primeira sob o comando de Tiago Nunes - Portal NPM","og_description":"Al\u00e9m disso, o resultado encerrou um jejum de seis jogos sem vit\u00f3ria da equipe alvinegra O Cear\u00e1 venceu a Chapecoense por um a zero neste s\u00e1bado, 25, pela 22\u00aa rodada do Brasileir\u00e3o. Na Arena Castel\u00e3o, Jael, de p\u00eanalti, foi o autor do \u00fanico gol da partida. O resultado deu ao Tiago Nunes sua primeira vit\u00f3ria &hellip;","og_url":"https:\/\/portalnpm.com\/index.php\/2021\/09\/25\/jael-marca-de-penalti-contra-a-chapecoense-e-ceara-vence-a-primeira-sob-o-comando-de-tiago-nunes\/","og_site_name":"Portal NPM","article_published_time":"2021-09-25T22:43:50+00:00","author":"Genival Barbosa","twitter_card":"summary_large_image","twitter_misc":{"Escrito por":"Genival Barbosa","Est. tempo de leitura":"3 minutos"},"schema":{"@context":"https:\/\/schema.org","@graph":[{"@type":"WebPage","@id":"https:\/\/portalnpm.com\/index.php\/2021\/09\/25\/jael-marca-de-penalti-contra-a-chapecoense-e-ceara-vence-a-primeira-sob-o-comando-de-tiago-nunes\/","url":"https:\/\/portalnpm.com\/index.php\/2021\/09\/25\/jael-marca-de-penalti-contra-a-chapecoense-e-ceara-vence-a-primeira-sob-o-comando-de-tiago-nunes\/","name":"Jael marca de p\u00eanalti contra a Chapecoense e Cear\u00e1 vence a primeira sob o comando de Tiago Nunes - Portal NPM","isPartOf":{"@id":"https:\/\/portalnpm.com\/#website"},"primaryImageOfPage":{"@id":"https:\/\/portalnpm.com\/index.php\/2021\/09\/25\/jael-marca-de-penalti-contra-a-chapecoense-e-ceara-vence-a-primeira-sob-o-comando-de-tiago-nunes\/#primaryimage"},"image":{"@id":"https:\/\/portalnpm.com\/index.php\/2021\/09\/25\/jael-marca-de-penalti-contra-a-chapecoense-e-ceara-vence-a-primeira-sob-o-comando-de-tiago-nunes\/#primaryimage"},"thumbnailUrl":"","datePublished":"2021-09-25T22:43:50+00:00","dateModified":"2021-09-25T22:43:50+00:00","author":{"@id":"https:\/\/portalnpm.com\/#\/schema\/person\/49313e563cfdefcc167f1ee4c017c294"},"breadcrumb":{"@id":"https:\/\/portalnpm.com\/index.php\/2021\/09\/25\/jael-marca-de-penalti-contra-a-chapecoense-e-ceara-vence-a-primeira-sob-o-comando-de-tiago-nunes\/#breadcrumb"},"inLanguage":"pt-BR","potentialAction":[{"@type":"ReadAction","target":["https:\/\/portalnpm.com\/index.php\/2021\/09\/25\/jael-marca-de-penalti-contra-a-chapecoense-e-ceara-vence-a-primeira-sob-o-comando-de-tiago-nunes\/"]}]},{"@type":"ImageObject","inLanguage":"pt-BR","@id":"https:\/\/portalnpm.com\/index.php\/2021\/09\/25\/jael-marca-de-penalti-contra-a-chapecoense-e-ceara-vence-a-primeira-sob-o-comando-de-tiago-nunes\/#primaryimage","url":"","contentUrl":""},{"@type":"BreadcrumbList","@id":"https:\/\/portalnpm.com\/index.php\/2021\/09\/25\/jael-marca-de-penalti-contra-a-chapecoense-e-ceara-vence-a-primeira-sob-o-comando-de-tiago-nunes\/#breadcrumb","itemListElement":[{"@type":"ListItem","position":1,"name":"In\u00edcio","item":"https:\/\/portalnpm.com\/"},{"@type":"ListItem","position":2,"name":"Jael marca de p\u00eanalti contra a Chapecoense e Cear\u00e1 vence a primeira sob o comando de Tiago Nunes"}]},{"@type":"WebSite","@id":"https:\/\/portalnpm.com\/#website","url":"https:\/\/portalnpm.com\/","name":"Portal NPM","description":"Not\u00edcias em Primeira M\u00e3o","potentialAction":[{"@type":"SearchAction","target":{"@type":"EntryPoint","urlTemplate":"https:\/\/portalnpm.com\/?s={search_term_string}"},"query-input":"required name=search_term_string"}],"inLanguage":"pt-BR"},{"@type":"Person","@id":"https:\/\/portalnpm.com\/#\/schema\/person\/49313e563cfdefcc167f1ee4c017c294","name":"Genival Barbosa","image":{"@type":"ImageObject","inLanguage":"pt-BR","@id":"https:\/\/portalnpm.com\/#\/schema\/person\/image\/","url":"https:\/\/portalnpm.com\/wp-content\/uploads\/2024\/02\/avatar_user_2_1707743258-96x96.jpeg","contentUrl":"https:\/\/portalnpm.com\/wp-content\/uploads\/2024\/02\/avatar_user_2_1707743258-96x96.jpeg","caption":"Genival Barbosa"},"url":"https:\/\/portalnpm.com\/index.php\/author\/genival\/"}]}},"jetpack_sharing_enabled":true,"jetpack_featured_media_url":"","_links":{"self":[{"href":"https:\/\/portalnpm.com\/index.php\/wp-json\/wp\/v2\/posts\/36882"}],"collection":[{"href":"https:\/\/portalnpm.com\/index.php\/wp-json\/wp\/v2\/posts"}],"about":[{"href":"https:\/\/portalnpm.com\/index.php\/wp-json\/wp\/v2\/types\/post"}],"author":[{"embeddable":true,"href":"https:\/\/portalnpm.com\/index.php\/wp-json\/wp\/v2\/users\/2"}],"replies":[{"embeddable":true,"href":"https:\/\/portalnpm.com\/index.php\/wp-json\/wp\/v2\/comments?post=36882"}],"version-history":[{"count":0,"href":"https:\/\/portalnpm.com\/index.php\/wp-json\/wp\/v2\/posts\/36882\/revisions"}],"wp:featuredmedia":[{"embeddable":true,"href":"https:\/\/portalnpm.com\/index.php\/wp-json\/"}],"wp:attachment":[{"href":"https:\/\/portalnpm.com\/index.php\/wp-json\/wp\/v2\/media?parent=36882"}],"wp:term":[{"taxonomy":"category","embeddable":true,"href":"https:\/\/portalnpm.com\/index.php\/wp-json\/wp\/v2\/categories?post=36882"},{"taxonomy":"post_tag","embeddable":true,"href":"https:\/\/portalnpm.com\/index.php\/wp-json\/wp\/v2\/tags?post=36882"}],"curies":[{"name":"wp","href":"https:\/\/api.w.org\/{rel}","templated":true}]}}