{"id":37011,"date":"2021-09-29T09:27:34","date_gmt":"2021-09-29T12:27:34","guid":{"rendered":"https:\/\/backupnpm.codetainer.com.br\/?p=37011"},"modified":"2021-09-29T09:27:34","modified_gmt":"2021-09-29T12:27:34","slug":"fusao-dem-e-psl-veja-os-nomes-cogitados-para-o-novo-partido","status":"publish","type":"post","link":"https:\/\/portalnpm.com\/index.php\/2021\/09\/29\/fusao-dem-e-psl-veja-os-nomes-cogitados-para-o-novo-partido\/","title":{"rendered":"Fus\u00e3o DEM e PSL: veja os nomes cogitados para o novo partido"},"content":{"rendered":"<p style=\"text-align: justify;\">Atra\u00eddos reciprocamente para uma fus\u00e3o na tentativa de evitar um emagrecimento das duas siglas, e enquanto debatem o grau de governismo da futura legenda, DEM e PSL consultaram marqueteiros para encontrar marca pr\u00f3pria e um novo batismo.<\/p>\n<p>&nbsp;<\/p>\n<div class=\"Block__Component-sc-179lk0t-0 hzZKMR\" style=\"text-align: justify;\">\n<p class=\"styled__Paragraph-sc-1bxdmvf-6 mWgHC\">\u00a0Com a fus\u00e3o pr\u00f3xima de ser concretizada, e enquanto buscam aparar arestas sobre disputas regionais e posicionamento em rela\u00e7\u00e3o ao governo, as c\u00fapulas de DEM e PSL passaram os \u00faltimos dias estudando possibilidades de nome e marcas do futuro partido. Marqueteiros pr\u00f3ximos \u00e0s duas legendas foram chamados para opinar e fazer pesquisas que cheguem \u00e0 nova identidade. Entre as possibilidades j\u00e1 ventiladas pelos dirigentes est\u00e3o DS, abrevia\u00e7\u00e3o de Democrata Social, e BEM, Brasil em Movimento.<\/p>\n<\/div>\n<div class=\"Block__Component-sc-179lk0t-0 hzZKMR\" style=\"text-align: justify;\">\n<p class=\"styled__Paragraph-sc-1bxdmvf-6 mWgHC\">Os dirigentes dizem querer que a nova marca represente o que consideram a \u201cess\u00eancia\u201d dos dois partidos, atualmente nominados de Democratas e Partido Social Liberal. Os marqueteiros contatados foram previamente instru\u00eddos a trabalhar com as palavras \u201cuni\u00e3o\u201d, \u201cliberal\u201d e \u201cdemocr\u00e1tico\u201d, segundo noticiou o colunista Lauro Jardim.<\/p>\n<\/div>\n<div class=\"Block__Component-sc-179lk0t-0 hzZKMR\">\n<p class=\"styled__Paragraph-sc-1bxdmvf-6 mWgHC\" style=\"text-align: justify;\">Al\u00e9m das combina\u00e7\u00f5es entre essas palavras, outras possibilidades s\u00e3o Vox, que significa voz em latim; Liberal Democrata; MUDE, abrevia\u00e7\u00e3o de Movimento da Uni\u00e3o Democr\u00e1tica; Mais Brasil; Somos Brasil e Uni\u00e3o Brasil. A logo do novo partido deve ter as cores azul, verde e amarela e elementos da bandeira nacional.<\/p>\n<div class=\"Block__Component-sc-179lk0t-0 hzZKMR\" style=\"text-align: justify;\">\n<p class=\"styled__Paragraph-sc-1bxdmvf-6 mWgHC\">J\u00e1 em rela\u00e7\u00e3o ao n\u00famero para a nova legenda foram pensados 88, 66, 60, 44 e 21, entre outras op\u00e7\u00f5es. No entanto, a tend\u00eancia \u00e9 que o futuro partido mantenha nas urnas o 17, do PSL, ou o 25, do DEM.<\/p>\n<\/div>\n<div class=\"Block__Component-sc-179lk0t-0 hzZKMR\" style=\"text-align: justify;\">\n<p class=\"styled__Paragraph-sc-1bxdmvf-6 mWgHC\">O levantamento inicial de op\u00e7\u00f5es foi conclu\u00eddo ontem, mesmo dia em que a executiva nacional do PSL aprovou por unanimidade a fus\u00e3o com o DEM. O nome do partido, por\u00e9m, deve s\u00f3 ser definido na Conven\u00e7\u00e3o Nacional Conjunta das siglas, marcada para 6 de outubro. O evento, que ocorrer\u00e1 em Bras\u00edlia, vai sacramentar a fus\u00e3o dos dois partidos. Ser\u00e1 nessa ocasi\u00e3o que os projetos comuns do estatuto e da futura legenda tamb\u00e9m ser\u00e3o aprovados.<\/p>\n<\/div>\n<div class=\"Block__Component-sc-179lk0t-0 hzZKMR\">\n<p class=\"styled__Paragraph-sc-1bxdmvf-6 mWgHC\" style=\"text-align: justify;\">O vice-presidente do PSL S\u00e3o Paulo, o deputado federal Junior Bozzella, defensor de que a nova alcunha tenha as palavras \u201csocial\u201d e \u201cliberal\u201d, afirma que a discuss\u00e3o para o nome do futuro partido ainda \u00e9 embrion\u00e1ria.<\/p>\n<div class=\"Block__Component-sc-179lk0t-0 hzZKMR\" style=\"text-align: justify;\">\n<p class=\"styled__Paragraph-sc-1bxdmvf-6 mWgHC\">\u2014 Acho que equacionando esses pontos (sobre a fus\u00e3o), a gente vai entrar nessa pauta \u2014 afirma Bozzela. \u2014 Partido n\u00e3o \u00e9 embalagem, n\u00e3o \u00e9 produto de marketing. Partido \u00e9 sentimento, \u00e9 ess\u00eancia, \u00e9 conjunto de ideias. N\u00f3s somos democratas, esse \u00e9 o programa que a gente defende. E n\u00f3s somos sociais liberais.<\/p>\n<\/div>\n<div class=\"Block__Component-sc-179lk0t-0 hzZKMR\" style=\"text-align: justify;\">\n<p class=\"styled__Paragraph-sc-1bxdmvf-6 mWgHC\">Al\u00e9m de ajustar quest\u00f5es estaduais, os dois partidos ter\u00e3o que entrar num acordo sobre o posicionamento da nova sigla em rela\u00e7\u00e3o ao governo Bolsonaro. Ontem, Bozzella reagiu a recente declara\u00e7\u00e3o do presidente do DEM, ACM Neto, segundo quem n\u00e3o haver\u00e1 \u201cconstrangimentos\u201d caso filiados e diret\u00f3rios estaduais do novo partido decidam adotar postura de apoio a Bolsonaro agora e em 2022. Formalmente, os comandos de DEM e PSL, por\u00e9m, afirmam que a inten\u00e7\u00e3o \u00e9 ter candidato pr\u00f3prio ao Planalto.<\/p>\n<\/div>\n<div class=\"Block__Component-sc-179lk0t-0 hzZKMR\">\n<p class=\"styled__Paragraph-sc-1bxdmvf-6 mWgHC\" style=\"text-align: justify;\">\u201c(Ter candidatura pr\u00f3pria a presidente) N\u00e3o significa que a gente pretenda estabelecer qualquer tipo de constrangimento para as lideran\u00e7as e figuras do partido que eventualmente em seus Estados tenham uma situa\u00e7\u00e3o distinta da nacional\u201d, disse ao \u201cEstad\u00e3o\u201d ACM Neto, que ser\u00e1 secret\u00e1rio-geral da futura legenda.<\/p>\n<p style=\"text-align: justify;\">Bozzella e outros pol\u00edticos fazem parte da ala do PSL que rompeu com o presidente e avaliam que fazer oposi\u00e7\u00e3o a Bolsonaro \u00e9 parte inegoci\u00e1vel da fus\u00e3o. J\u00e1 ACM Neto pretende ser candidato a governador da Bahia enfrentando o PT, e mant\u00e9m postura de cautela para n\u00e3o se confrontar diretamente com Bolsonaro. Outros l\u00edderes do DEM apoiaram, junto com o Planalto, a elei\u00e7\u00e3o de Arthur Lira para presidente da C\u00e2mara, e s\u00e3o hoje pr\u00f3ximos do governo.<\/p>\n<p style=\"text-align: justify;\"><strong>Fonte: O Vale\u00a0<\/strong><\/p>\n<\/div>\n<\/div>\n<\/div>\n","protected":false},"excerpt":{"rendered":"<p>Atra\u00eddos reciprocamente para uma fus\u00e3o na tentativa de evitar um emagrecimento das duas siglas, e enquanto debatem o grau de governismo da futura legenda, DEM e PSL consultaram marqueteiros para encontrar marca pr\u00f3pria e um novo batismo. &nbsp; \u00a0Com a fus\u00e3o pr\u00f3xima de ser concretizada, e enquanto buscam aparar arestas sobre disputas regionais e posicionamento &hellip;<\/p>\n","protected":false},"author":3,"featured_media":37012,"comment_status":"open","ping_status":"open","sticky":false,"template":"","format":"standard","meta":{"content-type":"","rop_custom_images_group":[],"rop_custom_messages_group":[],"rop_publish_now":"initial","rop_publish_now_accounts":{"facebook_2648258775420054_1618374048415101":""},"rop_publish_now_history":[],"rop_publish_now_status":"pending","footnotes":"","_jetpack_memberships_contains_paid_content":false},"categories":[113,130],"tags":[785,11860,1041],"yoast_head":"<!-- This site is optimized with the Yoast SEO plugin v22.3 - https:\/\/yoast.com\/wordpress\/plugins\/seo\/ -->\n<title>Fus\u00e3o DEM e PSL: veja os nomes cogitados para o novo partido - Portal NPM<\/title>\n<meta name=\"robots\" content=\"index, follow, max-snippet:-1, max-image-preview:large, max-video-preview:-1\" \/>\n<link rel=\"canonical\" href=\"https:\/\/portalnpm.com\/index.php\/2021\/09\/29\/fusao-dem-e-psl-veja-os-nomes-cogitados-para-o-novo-partido\/\" \/>\n<meta property=\"og:locale\" content=\"pt_BR\" \/>\n<meta property=\"og:type\" content=\"article\" \/>\n<meta property=\"og:title\" content=\"Fus\u00e3o DEM e PSL: veja os nomes cogitados para o novo partido - Portal NPM\" \/>\n<meta property=\"og:description\" content=\"Atra\u00eddos reciprocamente para uma fus\u00e3o na tentativa de evitar um emagrecimento das duas siglas, e enquanto debatem o grau de governismo da futura legenda, DEM e PSL consultaram marqueteiros para encontrar marca pr\u00f3pria e um novo batismo. &nbsp; \u00a0Com a fus\u00e3o pr\u00f3xima de ser concretizada, e enquanto buscam aparar arestas sobre disputas regionais e posicionamento &hellip;\" \/>\n<meta property=\"og:url\" content=\"https:\/\/portalnpm.com\/index.php\/2021\/09\/29\/fusao-dem-e-psl-veja-os-nomes-cogitados-para-o-novo-partido\/\" \/>\n<meta property=\"og:site_name\" content=\"Portal NPM\" \/>\n<meta property=\"article:published_time\" content=\"2021-09-29T12:27:34+00:00\" \/>\n<meta name=\"author\" content=\"Luis Alberto\" \/>\n<meta name=\"twitter:card\" content=\"summary_large_image\" \/>\n<meta name=\"twitter:label1\" content=\"Escrito por\" \/>\n\t<meta name=\"twitter:data1\" content=\"Luis Alberto\" \/>\n\t<meta name=\"twitter:label2\" content=\"Est. tempo de leitura\" \/>\n\t<meta name=\"twitter:data2\" content=\"3 minutos\" \/>\n<script type=\"application\/ld+json\" class=\"yoast-schema-graph\">{\"@context\":\"https:\/\/schema.org\",\"@graph\":[{\"@type\":\"WebPage\",\"@id\":\"https:\/\/portalnpm.com\/index.php\/2021\/09\/29\/fusao-dem-e-psl-veja-os-nomes-cogitados-para-o-novo-partido\/\",\"url\":\"https:\/\/portalnpm.com\/index.php\/2021\/09\/29\/fusao-dem-e-psl-veja-os-nomes-cogitados-para-o-novo-partido\/\",\"name\":\"Fus\u00e3o DEM e PSL: veja os nomes cogitados para o novo partido - Portal NPM\",\"isPartOf\":{\"@id\":\"https:\/\/portalnpm.com\/#website\"},\"primaryImageOfPage\":{\"@id\":\"https:\/\/portalnpm.com\/index.php\/2021\/09\/29\/fusao-dem-e-psl-veja-os-nomes-cogitados-para-o-novo-partido\/#primaryimage\"},\"image\":{\"@id\":\"https:\/\/portalnpm.com\/index.php\/2021\/09\/29\/fusao-dem-e-psl-veja-os-nomes-cogitados-para-o-novo-partido\/#primaryimage\"},\"thumbnailUrl\":\"\",\"datePublished\":\"2021-09-29T12:27:34+00:00\",\"dateModified\":\"2021-09-29T12:27:34+00:00\",\"author\":{\"@id\":\"https:\/\/portalnpm.com\/#\/schema\/person\/5c8006acdf71774cd4e7a5ab98482152\"},\"breadcrumb\":{\"@id\":\"https:\/\/portalnpm.com\/index.php\/2021\/09\/29\/fusao-dem-e-psl-veja-os-nomes-cogitados-para-o-novo-partido\/#breadcrumb\"},\"inLanguage\":\"pt-BR\",\"potentialAction\":[{\"@type\":\"ReadAction\",\"target\":[\"https:\/\/portalnpm.com\/index.php\/2021\/09\/29\/fusao-dem-e-psl-veja-os-nomes-cogitados-para-o-novo-partido\/\"]}]},{\"@type\":\"ImageObject\",\"inLanguage\":\"pt-BR\",\"@id\":\"https:\/\/portalnpm.com\/index.php\/2021\/09\/29\/fusao-dem-e-psl-veja-os-nomes-cogitados-para-o-novo-partido\/#primaryimage\",\"url\":\"\",\"contentUrl\":\"\"},{\"@type\":\"BreadcrumbList\",\"@id\":\"https:\/\/portalnpm.com\/index.php\/2021\/09\/29\/fusao-dem-e-psl-veja-os-nomes-cogitados-para-o-novo-partido\/#breadcrumb\",\"itemListElement\":[{\"@type\":\"ListItem\",\"position\":1,\"name\":\"In\u00edcio\",\"item\":\"https:\/\/portalnpm.com\/\"},{\"@type\":\"ListItem\",\"position\":2,\"name\":\"Fus\u00e3o DEM e PSL: veja os nomes cogitados para o novo partido\"}]},{\"@type\":\"WebSite\",\"@id\":\"https:\/\/portalnpm.com\/#website\",\"url\":\"https:\/\/portalnpm.com\/\",\"name\":\"Portal NPM\",\"description\":\"Not\u00edcias em Primeira M\u00e3o\",\"potentialAction\":[{\"@type\":\"SearchAction\",\"target\":{\"@type\":\"EntryPoint\",\"urlTemplate\":\"https:\/\/portalnpm.com\/?s={search_term_string}\"},\"query-input\":\"required name=search_term_string\"}],\"inLanguage\":\"pt-BR\"},{\"@type\":\"Person\",\"@id\":\"https:\/\/portalnpm.com\/#\/schema\/person\/5c8006acdf71774cd4e7a5ab98482152\",\"name\":\"Luis Alberto\",\"image\":{\"@type\":\"ImageObject\",\"inLanguage\":\"pt-BR\",\"@id\":\"https:\/\/portalnpm.com\/#\/schema\/person\/image\/\",\"url\":\"https:\/\/portalnpm.com\/wp-content\/uploads\/2024\/12\/avatar_user_3_1734699769-96x96.jpeg\",\"contentUrl\":\"https:\/\/portalnpm.com\/wp-content\/uploads\/2024\/12\/avatar_user_3_1734699769-96x96.jpeg\",\"caption\":\"Luis Alberto\"},\"description\":\"Editor-geral do Portal NPM, \u00e9 formado como T\u00e9cnico em Seguran\u00e7a do Trabalho pela Escola Metropolitana de Cursos T\u00e9cnicos. Det\u00e9m ainda licenciatura em Educa\u00e7\u00e3o F\u00edsica e bacharelado em Ci\u00eancias Pol\u00edticas, ambos obtidos pela institui\u00e7\u00e3o Anhanguera\/UNOPAR.\",\"url\":\"https:\/\/portalnpm.com\/index.php\/author\/pereira\/\"}]}<\/script>\n<!-- \/ Yoast SEO plugin. -->","yoast_head_json":{"title":"Fus\u00e3o DEM e PSL: veja os nomes cogitados para o novo partido - Portal NPM","robots":{"index":"index","follow":"follow","max-snippet":"max-snippet:-1","max-image-preview":"max-image-preview:large","max-video-preview":"max-video-preview:-1"},"canonical":"https:\/\/portalnpm.com\/index.php\/2021\/09\/29\/fusao-dem-e-psl-veja-os-nomes-cogitados-para-o-novo-partido\/","og_locale":"pt_BR","og_type":"article","og_title":"Fus\u00e3o DEM e PSL: veja os nomes cogitados para o novo partido - Portal NPM","og_description":"Atra\u00eddos reciprocamente para uma fus\u00e3o na tentativa de evitar um emagrecimento das duas siglas, e enquanto debatem o grau de governismo da futura legenda, DEM e PSL consultaram marqueteiros para encontrar marca pr\u00f3pria e um novo batismo. &nbsp; \u00a0Com a fus\u00e3o pr\u00f3xima de ser concretizada, e enquanto buscam aparar arestas sobre disputas regionais e posicionamento &hellip;","og_url":"https:\/\/portalnpm.com\/index.php\/2021\/09\/29\/fusao-dem-e-psl-veja-os-nomes-cogitados-para-o-novo-partido\/","og_site_name":"Portal NPM","article_published_time":"2021-09-29T12:27:34+00:00","author":"Luis Alberto","twitter_card":"summary_large_image","twitter_misc":{"Escrito por":"Luis Alberto","Est. tempo de leitura":"3 minutos"},"schema":{"@context":"https:\/\/schema.org","@graph":[{"@type":"WebPage","@id":"https:\/\/portalnpm.com\/index.php\/2021\/09\/29\/fusao-dem-e-psl-veja-os-nomes-cogitados-para-o-novo-partido\/","url":"https:\/\/portalnpm.com\/index.php\/2021\/09\/29\/fusao-dem-e-psl-veja-os-nomes-cogitados-para-o-novo-partido\/","name":"Fus\u00e3o DEM e PSL: veja os nomes cogitados para o novo partido - Portal NPM","isPartOf":{"@id":"https:\/\/portalnpm.com\/#website"},"primaryImageOfPage":{"@id":"https:\/\/portalnpm.com\/index.php\/2021\/09\/29\/fusao-dem-e-psl-veja-os-nomes-cogitados-para-o-novo-partido\/#primaryimage"},"image":{"@id":"https:\/\/portalnpm.com\/index.php\/2021\/09\/29\/fusao-dem-e-psl-veja-os-nomes-cogitados-para-o-novo-partido\/#primaryimage"},"thumbnailUrl":"","datePublished":"2021-09-29T12:27:34+00:00","dateModified":"2021-09-29T12:27:34+00:00","author":{"@id":"https:\/\/portalnpm.com\/#\/schema\/person\/5c8006acdf71774cd4e7a5ab98482152"},"breadcrumb":{"@id":"https:\/\/portalnpm.com\/index.php\/2021\/09\/29\/fusao-dem-e-psl-veja-os-nomes-cogitados-para-o-novo-partido\/#breadcrumb"},"inLanguage":"pt-BR","potentialAction":[{"@type":"ReadAction","target":["https:\/\/portalnpm.com\/index.php\/2021\/09\/29\/fusao-dem-e-psl-veja-os-nomes-cogitados-para-o-novo-partido\/"]}]},{"@type":"ImageObject","inLanguage":"pt-BR","@id":"https:\/\/portalnpm.com\/index.php\/2021\/09\/29\/fusao-dem-e-psl-veja-os-nomes-cogitados-para-o-novo-partido\/#primaryimage","url":"","contentUrl":""},{"@type":"BreadcrumbList","@id":"https:\/\/portalnpm.com\/index.php\/2021\/09\/29\/fusao-dem-e-psl-veja-os-nomes-cogitados-para-o-novo-partido\/#breadcrumb","itemListElement":[{"@type":"ListItem","position":1,"name":"In\u00edcio","item":"https:\/\/portalnpm.com\/"},{"@type":"ListItem","position":2,"name":"Fus\u00e3o DEM e PSL: veja os nomes cogitados para o novo partido"}]},{"@type":"WebSite","@id":"https:\/\/portalnpm.com\/#website","url":"https:\/\/portalnpm.com\/","name":"Portal NPM","description":"Not\u00edcias em Primeira M\u00e3o","potentialAction":[{"@type":"SearchAction","target":{"@type":"EntryPoint","urlTemplate":"https:\/\/portalnpm.com\/?s={search_term_string}"},"query-input":"required name=search_term_string"}],"inLanguage":"pt-BR"},{"@type":"Person","@id":"https:\/\/portalnpm.com\/#\/schema\/person\/5c8006acdf71774cd4e7a5ab98482152","name":"Luis Alberto","image":{"@type":"ImageObject","inLanguage":"pt-BR","@id":"https:\/\/portalnpm.com\/#\/schema\/person\/image\/","url":"https:\/\/portalnpm.com\/wp-content\/uploads\/2024\/12\/avatar_user_3_1734699769-96x96.jpeg","contentUrl":"https:\/\/portalnpm.com\/wp-content\/uploads\/2024\/12\/avatar_user_3_1734699769-96x96.jpeg","caption":"Luis Alberto"},"description":"Editor-geral do Portal NPM, \u00e9 formado como T\u00e9cnico em Seguran\u00e7a do Trabalho pela Escola Metropolitana de Cursos T\u00e9cnicos. Det\u00e9m ainda licenciatura em Educa\u00e7\u00e3o F\u00edsica e bacharelado em Ci\u00eancias Pol\u00edticas, ambos obtidos pela institui\u00e7\u00e3o Anhanguera\/UNOPAR.","url":"https:\/\/portalnpm.com\/index.php\/author\/pereira\/"}]}},"jetpack_sharing_enabled":true,"jetpack_featured_media_url":"","_links":{"self":[{"href":"https:\/\/portalnpm.com\/index.php\/wp-json\/wp\/v2\/posts\/37011"}],"collection":[{"href":"https:\/\/portalnpm.com\/index.php\/wp-json\/wp\/v2\/posts"}],"about":[{"href":"https:\/\/portalnpm.com\/index.php\/wp-json\/wp\/v2\/types\/post"}],"author":[{"embeddable":true,"href":"https:\/\/portalnpm.com\/index.php\/wp-json\/wp\/v2\/users\/3"}],"replies":[{"embeddable":true,"href":"https:\/\/portalnpm.com\/index.php\/wp-json\/wp\/v2\/comments?post=37011"}],"version-history":[{"count":0,"href":"https:\/\/portalnpm.com\/index.php\/wp-json\/wp\/v2\/posts\/37011\/revisions"}],"wp:featuredmedia":[{"embeddable":true,"href":"https:\/\/portalnpm.com\/index.php\/wp-json\/"}],"wp:attachment":[{"href":"https:\/\/portalnpm.com\/index.php\/wp-json\/wp\/v2\/media?parent=37011"}],"wp:term":[{"taxonomy":"category","embeddable":true,"href":"https:\/\/portalnpm.com\/index.php\/wp-json\/wp\/v2\/categories?post=37011"},{"taxonomy":"post_tag","embeddable":true,"href":"https:\/\/portalnpm.com\/index.php\/wp-json\/wp\/v2\/tags?post=37011"}],"curies":[{"name":"wp","href":"https:\/\/api.w.org\/{rel}","templated":true}]}}