{"id":37091,"date":"2021-10-01T18:51:47","date_gmt":"2021-10-01T21:51:47","guid":{"rendered":"https:\/\/backupnpm.codetainer.com.br\/?p=37091"},"modified":"2021-10-01T18:51:47","modified_gmt":"2021-10-01T21:51:47","slug":"athletico-anuncia-alberto-valentim-como-novo-treinador","status":"publish","type":"post","link":"https:\/\/portalnpm.com\/index.php\/2021\/10\/01\/athletico-anuncia-alberto-valentim-como-novo-treinador\/","title":{"rendered":"Athletico anuncia Alberto Valentim como novo treinador"},"content":{"rendered":"<section class=\"xpa-switch-article\">\n<div class=\"news-paragraph text-1\">\n<p style=\"text-align: justify;\">Um dia ap\u00f3s garantir lugar na final da Sul-Americana 2021, o Athletico Paranaense anunciou o novo treinador da equipe:\u00a0<strong>Alberto Valentim.\u00a0<\/strong><\/p>\n<\/div>\n<\/section>\n<section class=\"xpa-switch-article\">\n<div class=\"news-paragraph text-1\">\n<p>A confirma\u00e7\u00e3o veio por meio das redes sociais do clube.<\/p>\n<\/div>\n<\/section>\n<section class=\"xpa-switch-article\">\n<div class=\"twitter-component\">\n<div class=\"twitter-tweet twitter-tweet-rendered\"><iframe id=\"twitter-widget-0\" class=\"\" title=\"Twitter Tweet\" src=\"https:\/\/platform.twitter.com\/embed\/Tweet.html?creatorScreenName=OneFootball&amp;dnt=false&amp;embedId=twitter-widget-0&amp;features=eyJ0ZndfZXhwZXJpbWVudHNfY29va2llX2V4cGlyYXRpb24iOnsiYnVja2V0IjoxMjA5NjAwLCJ2ZXJzaW9uIjpudWxsfSwidGZ3X2hvcml6b25fdHdlZXRfZW1iZWRfOTU1NSI6eyJidWNrZXQiOiJodGUiLCJ2ZXJzaW9uIjpudWxsfSwidGZ3X3NwYWNlX2NhcmQiOnsiYnVja2V0Ijoib2ZmIiwidmVyc2lvbiI6bnVsbH19&amp;frame=false&amp;hideCard=false&amp;hideThread=true&amp;id=1444040775252205570&amp;lang=pt&amp;origin=https%3A%2F%2Fonefootball.com%2Fpt-br%2Finicio&amp;sessionId=61564272defa253fba944470386a5fd337ab6d4f&amp;siteScreenName=OneFootball&amp;theme=light&amp;widgetsVersion=fcb1942%3A1632982954711&amp;width=550px\" frameborder=\"0\" scrolling=\"no\" allowfullscreen=\"allowfullscreen\" data-tweet-id=\"1444040775252205570\" data-mce-fragment=\"1\"><\/iframe><\/div>\n<\/div>\n<\/section>\n<section class=\"xpa-switch-article\">\n<div class=\"news-paragraph text-1\">\n<p><strong>Valentim chega ao Furac\u00e3o para substituir o portugu\u00eas Ant\u00f3nio Oliveira<\/strong>, que deixou o cargo no dia 9 de setembro ap\u00f3s a elimina\u00e7\u00e3o na semifinal do Paranaense para o FC Cascavel.<\/p>\n<\/div>\n<\/section>\n<section class=\"xpa-switch-article\">\n<div class=\"news-paragraph text-1\">\n<p>Segundo comunicado do Athletico, Alberto Valentim vai assinar contrato ainda nesta sexta e ser\u00e1 apresentado neste s\u00e1bado (2) ao grupo de atletas e ao staff do clube.<\/p>\n<\/div>\n<\/section>\n<section class=\"xpa-switch-article\">\n<div class=\"news-paragraph text-1\">\n<p>Est\u00e1 ser\u00e1 a terceira passagem de Valentim pela Arena da Baixada.<\/p>\n<\/div>\n<\/section>\n<section class=\"xpa-switch-article\">\n<div class=\"news-paragraph text-1\">\n<p>Ele foi jogador do Athletico entre 1996 e 1998 e 2008 e 2009. Depois, fez parte da comiss\u00e3o t\u00e9cnica do Furac\u00e3o entre 2012 e 2013.<\/p>\n<\/div>\n<\/section>\n<section class=\"xpa-switch-article\">\n<div class=\"news-paragraph text-1\">\n<p>Valentim tem passagens como treinador por Botafogo (2018, 2019 e 2020), Pyramids, do Egito (2018), Vasco da Gama (2018 e 2019) e Ava\u00ed (2019).<\/p>\n<\/div>\n<\/section>\n<section class=\"xpa-switch-article\">\n<div class=\"news-paragraph text-1\">\n<p>O t\u00e9cnico mineiro estava sem clube desde maio, quando foi demitido pelo Cuiab\u00e1.<\/p>\n<\/div>\n<\/section>\n<section class=\"xpa-switch-article\">\n<div class=\"of-image\"><picture class=\"of-image__picture\"><source srcset=\"https:\/\/image-service.onefootball.com\/resize?fit=max&amp;h=721&amp;image=https%3A%2F%2Fwp-images.onefootball.com%2Fwp-content%2Fuploads%2Fsites%2F13%2F2021%2F10%2FAthletico-Paranaense-v-Pe%25C3%25B1arol-Copa-CONMEBOL-Sudamericana-2021-1633122543.jpg&amp;q=25&amp;w=1080&amp;dpr=1 1x, \nhttps:\/\/image-service.onefootball.com\/resize?fit=max&amp;h=721&amp;image=https%3A%2F%2Fwp-images.onefootball.com%2Fwp-content%2Fuploads%2Fsites%2F13%2F2021%2F10%2FAthletico-Paranaense-v-Pe%25C3%25B1arol-Copa-CONMEBOL-Sudamericana-2021-1633122543.jpg&amp;q=25&amp;w=1080&amp;dpr=2 2x\" media=\"(min-width: 1280px)\" \/><source srcset=\"https:\/\/image-service.onefootball.com\/resize?fit=max&amp;h=721&amp;image=https%3A%2F%2Fwp-images.onefootball.com%2Fwp-content%2Fuploads%2Fsites%2F13%2F2021%2F10%2FAthletico-Paranaense-v-Pe%25C3%25B1arol-Copa-CONMEBOL-Sudamericana-2021-1633122543.jpg&amp;q=25&amp;w=1080&amp;dpr=1 1x, \nhttps:\/\/image-service.onefootball.com\/resize?fit=max&amp;h=721&amp;image=https%3A%2F%2Fwp-images.onefootball.com%2Fwp-content%2Fuploads%2Fsites%2F13%2F2021%2F10%2FAthletico-Paranaense-v-Pe%25C3%25B1arol-Copa-CONMEBOL-Sudamericana-2021-1633122543.jpg&amp;q=25&amp;w=1080&amp;dpr=2 2x\" media=\"(min-width: 1024px) and (max-width: 1279px)\" \/><source srcset=\"https:\/\/image-service.onefootball.com\/resize?fit=max&amp;h=721&amp;image=https%3A%2F%2Fwp-images.onefootball.com%2Fwp-content%2Fuploads%2Fsites%2F13%2F2021%2F10%2FAthletico-Paranaense-v-Pe%25C3%25B1arol-Copa-CONMEBOL-Sudamericana-2021-1633122543.jpg&amp;q=25&amp;w=1080&amp;dpr=1 1x, \nhttps:\/\/image-service.onefootball.com\/resize?fit=max&amp;h=721&amp;image=https%3A%2F%2Fwp-images.onefootball.com%2Fwp-content%2Fuploads%2Fsites%2F13%2F2021%2F10%2FAthletico-Paranaense-v-Pe%25C3%25B1arol-Copa-CONMEBOL-Sudamericana-2021-1633122543.jpg&amp;q=25&amp;w=1080&amp;dpr=2 2x\" media=\"(min-width: 768px) and (max-width: 1023px)\" \/><img decoding=\"async\" class=\"of-image__img media-container__image\" src=\"https:\/\/image-service.onefootball.com\/resize?fit=max&amp;h=721&amp;image=https%3A%2F%2Fwp-images.onefootball.com%2Fwp-content%2Fuploads%2Fsites%2F13%2F2021%2F10%2FAthletico-Paranaense-v-Pe%25C3%25B1arol-Copa-CONMEBOL-Sudamericana-2021-1633122543.jpg&amp;q=25&amp;w=1080\" srcset=\"https:\/\/image-service.onefootball.com\/resize?fit=max&amp;h=721&amp;image=https%3A%2F%2Fwp-images.onefootball.com%2Fwp-content%2Fuploads%2Fsites%2F13%2F2021%2F10%2FAthletico-Paranaense-v-Pe%25C3%25B1arol-Copa-CONMEBOL-Sudamericana-2021-1633122543.jpg&amp;q=25&amp;w=1080&amp;dpr=1 1x,\nhttps:\/\/image-service.onefootball.com\/resize?fit=max&amp;h=721&amp;image=https%3A%2F%2Fwp-images.onefootball.com%2Fwp-content%2Fuploads%2Fsites%2F13%2F2021%2F10%2FAthletico-Paranaense-v-Pe%25C3%25B1arol-Copa-CONMEBOL-Sudamericana-2021-1633122543.jpg&amp;q=25&amp;w=1080&amp;dpr=2 2x\" alt=\"\" width=\"280\" height=\"186.92592592592592\" \/><\/picture><\/div>\n<\/section>\n<section class=\"xpa-switch-article\">\n<div class=\"news-paragraph text-1\">\n<p>Ele ter\u00e1 como principal miss\u00e3o no Athletico conquistar o t\u00edtulo da Sul-Americana contra o RB Bragantino no dia 20 de novembro.<\/p>\n<\/div>\n<\/section>\n<section class=\"xpa-switch-article\">\n<div class=\"news-paragraph text-1\">\n<p>No Brasileir\u00e3o, a equipe \u00e9 nona colocada com 30 pontos e ainda est\u00e1 na semifinal da Copa do Brasil, em que vai enfrentar o Flamengo.<\/p>\n<\/div>\n<\/section>\n<section class=\"xpa-switch-article\">\n<hr class=\"separator\" \/>\n<\/section>\n<section class=\"xpa-switch-article\">\n<div class=\"news-paragraph text-1\">\n<p style=\"text-align: justify;\">Fonte:\u00a0 Onefootball<\/p>\n<\/div>\n<\/section>\n","protected":false},"excerpt":{"rendered":"<p>Um dia ap\u00f3s garantir lugar na final da Sul-Americana 2021, o Athletico Paranaense anunciou o novo treinador da equipe:\u00a0Alberto Valentim.\u00a0 A confirma\u00e7\u00e3o veio por meio das redes sociais do clube. Valentim chega ao Furac\u00e3o para substituir o portugu\u00eas Ant\u00f3nio Oliveira, que deixou o cargo no dia 9 de setembro ap\u00f3s a elimina\u00e7\u00e3o na semifinal do &hellip;<\/p>\n","protected":false},"author":2,"featured_media":37092,"comment_status":"open","ping_status":"open","sticky":false,"template":"","format":"standard","meta":{"content-type":"","rop_custom_images_group":[],"rop_custom_messages_group":[],"rop_publish_now":"initial","rop_publish_now_accounts":{"facebook_2648258775420054_1618374048415101":""},"rop_publish_now_history":[],"rop_publish_now_status":"pending","footnotes":"","_jetpack_memberships_contains_paid_content":false},"categories":[108],"tags":[4821,1105,1152],"yoast_head":"<!-- This site is optimized with the Yoast SEO plugin v22.3 - https:\/\/yoast.com\/wordpress\/plugins\/seo\/ -->\n<title>Athletico anuncia Alberto Valentim como novo treinador - Portal NPM<\/title>\n<meta name=\"robots\" content=\"index, follow, max-snippet:-1, max-image-preview:large, max-video-preview:-1\" \/>\n<link rel=\"canonical\" href=\"https:\/\/portalnpm.com\/index.php\/2021\/10\/01\/athletico-anuncia-alberto-valentim-como-novo-treinador\/\" \/>\n<meta property=\"og:locale\" content=\"pt_BR\" \/>\n<meta property=\"og:type\" content=\"article\" \/>\n<meta property=\"og:title\" content=\"Athletico anuncia Alberto Valentim como novo treinador - Portal NPM\" \/>\n<meta property=\"og:description\" content=\"Um dia ap\u00f3s garantir lugar na final da Sul-Americana 2021, o Athletico Paranaense anunciou o novo treinador da equipe:\u00a0Alberto Valentim.\u00a0 A confirma\u00e7\u00e3o veio por meio das redes sociais do clube. Valentim chega ao Furac\u00e3o para substituir o portugu\u00eas Ant\u00f3nio Oliveira, que deixou o cargo no dia 9 de setembro ap\u00f3s a elimina\u00e7\u00e3o na semifinal do &hellip;\" \/>\n<meta property=\"og:url\" content=\"https:\/\/portalnpm.com\/index.php\/2021\/10\/01\/athletico-anuncia-alberto-valentim-como-novo-treinador\/\" \/>\n<meta property=\"og:site_name\" content=\"Portal NPM\" \/>\n<meta property=\"article:published_time\" content=\"2021-10-01T21:51:47+00:00\" \/>\n<meta name=\"author\" content=\"Genival Barbosa\" \/>\n<meta name=\"twitter:card\" content=\"summary_large_image\" \/>\n<meta name=\"twitter:label1\" content=\"Escrito por\" \/>\n\t<meta name=\"twitter:data1\" content=\"Genival Barbosa\" \/>\n\t<meta name=\"twitter:label2\" content=\"Est. tempo de leitura\" \/>\n\t<meta name=\"twitter:data2\" content=\"2 minutos\" \/>\n<script type=\"application\/ld+json\" class=\"yoast-schema-graph\">{\"@context\":\"https:\/\/schema.org\",\"@graph\":[{\"@type\":\"WebPage\",\"@id\":\"https:\/\/portalnpm.com\/index.php\/2021\/10\/01\/athletico-anuncia-alberto-valentim-como-novo-treinador\/\",\"url\":\"https:\/\/portalnpm.com\/index.php\/2021\/10\/01\/athletico-anuncia-alberto-valentim-como-novo-treinador\/\",\"name\":\"Athletico anuncia Alberto Valentim como novo treinador - Portal NPM\",\"isPartOf\":{\"@id\":\"https:\/\/portalnpm.com\/#website\"},\"primaryImageOfPage\":{\"@id\":\"https:\/\/portalnpm.com\/index.php\/2021\/10\/01\/athletico-anuncia-alberto-valentim-como-novo-treinador\/#primaryimage\"},\"image\":{\"@id\":\"https:\/\/portalnpm.com\/index.php\/2021\/10\/01\/athletico-anuncia-alberto-valentim-como-novo-treinador\/#primaryimage\"},\"thumbnailUrl\":\"\",\"datePublished\":\"2021-10-01T21:51:47+00:00\",\"dateModified\":\"2021-10-01T21:51:47+00:00\",\"author\":{\"@id\":\"https:\/\/portalnpm.com\/#\/schema\/person\/49313e563cfdefcc167f1ee4c017c294\"},\"breadcrumb\":{\"@id\":\"https:\/\/portalnpm.com\/index.php\/2021\/10\/01\/athletico-anuncia-alberto-valentim-como-novo-treinador\/#breadcrumb\"},\"inLanguage\":\"pt-BR\",\"potentialAction\":[{\"@type\":\"ReadAction\",\"target\":[\"https:\/\/portalnpm.com\/index.php\/2021\/10\/01\/athletico-anuncia-alberto-valentim-como-novo-treinador\/\"]}]},{\"@type\":\"ImageObject\",\"inLanguage\":\"pt-BR\",\"@id\":\"https:\/\/portalnpm.com\/index.php\/2021\/10\/01\/athletico-anuncia-alberto-valentim-como-novo-treinador\/#primaryimage\",\"url\":\"\",\"contentUrl\":\"\"},{\"@type\":\"BreadcrumbList\",\"@id\":\"https:\/\/portalnpm.com\/index.php\/2021\/10\/01\/athletico-anuncia-alberto-valentim-como-novo-treinador\/#breadcrumb\",\"itemListElement\":[{\"@type\":\"ListItem\",\"position\":1,\"name\":\"In\u00edcio\",\"item\":\"https:\/\/portalnpm.com\/\"},{\"@type\":\"ListItem\",\"position\":2,\"name\":\"Athletico anuncia Alberto Valentim como novo treinador\"}]},{\"@type\":\"WebSite\",\"@id\":\"https:\/\/portalnpm.com\/#website\",\"url\":\"https:\/\/portalnpm.com\/\",\"name\":\"Portal NPM\",\"description\":\"Not\u00edcias em Primeira M\u00e3o\",\"potentialAction\":[{\"@type\":\"SearchAction\",\"target\":{\"@type\":\"EntryPoint\",\"urlTemplate\":\"https:\/\/portalnpm.com\/?s={search_term_string}\"},\"query-input\":\"required name=search_term_string\"}],\"inLanguage\":\"pt-BR\"},{\"@type\":\"Person\",\"@id\":\"https:\/\/portalnpm.com\/#\/schema\/person\/49313e563cfdefcc167f1ee4c017c294\",\"name\":\"Genival Barbosa\",\"image\":{\"@type\":\"ImageObject\",\"inLanguage\":\"pt-BR\",\"@id\":\"https:\/\/portalnpm.com\/#\/schema\/person\/image\/\",\"url\":\"https:\/\/portalnpm.com\/wp-content\/uploads\/2024\/02\/avatar_user_2_1707743258-96x96.jpeg\",\"contentUrl\":\"https:\/\/portalnpm.com\/wp-content\/uploads\/2024\/02\/avatar_user_2_1707743258-96x96.jpeg\",\"caption\":\"Genival Barbosa\"},\"url\":\"https:\/\/portalnpm.com\/index.php\/author\/genival\/\"}]}<\/script>\n<!-- \/ Yoast SEO plugin. -->","yoast_head_json":{"title":"Athletico anuncia Alberto Valentim como novo treinador - Portal NPM","robots":{"index":"index","follow":"follow","max-snippet":"max-snippet:-1","max-image-preview":"max-image-preview:large","max-video-preview":"max-video-preview:-1"},"canonical":"https:\/\/portalnpm.com\/index.php\/2021\/10\/01\/athletico-anuncia-alberto-valentim-como-novo-treinador\/","og_locale":"pt_BR","og_type":"article","og_title":"Athletico anuncia Alberto Valentim como novo treinador - Portal NPM","og_description":"Um dia ap\u00f3s garantir lugar na final da Sul-Americana 2021, o Athletico Paranaense anunciou o novo treinador da equipe:\u00a0Alberto Valentim.\u00a0 A confirma\u00e7\u00e3o veio por meio das redes sociais do clube. Valentim chega ao Furac\u00e3o para substituir o portugu\u00eas Ant\u00f3nio Oliveira, que deixou o cargo no dia 9 de setembro ap\u00f3s a elimina\u00e7\u00e3o na semifinal do &hellip;","og_url":"https:\/\/portalnpm.com\/index.php\/2021\/10\/01\/athletico-anuncia-alberto-valentim-como-novo-treinador\/","og_site_name":"Portal NPM","article_published_time":"2021-10-01T21:51:47+00:00","author":"Genival Barbosa","twitter_card":"summary_large_image","twitter_misc":{"Escrito por":"Genival Barbosa","Est. tempo de leitura":"2 minutos"},"schema":{"@context":"https:\/\/schema.org","@graph":[{"@type":"WebPage","@id":"https:\/\/portalnpm.com\/index.php\/2021\/10\/01\/athletico-anuncia-alberto-valentim-como-novo-treinador\/","url":"https:\/\/portalnpm.com\/index.php\/2021\/10\/01\/athletico-anuncia-alberto-valentim-como-novo-treinador\/","name":"Athletico anuncia Alberto Valentim como novo treinador - Portal NPM","isPartOf":{"@id":"https:\/\/portalnpm.com\/#website"},"primaryImageOfPage":{"@id":"https:\/\/portalnpm.com\/index.php\/2021\/10\/01\/athletico-anuncia-alberto-valentim-como-novo-treinador\/#primaryimage"},"image":{"@id":"https:\/\/portalnpm.com\/index.php\/2021\/10\/01\/athletico-anuncia-alberto-valentim-como-novo-treinador\/#primaryimage"},"thumbnailUrl":"","datePublished":"2021-10-01T21:51:47+00:00","dateModified":"2021-10-01T21:51:47+00:00","author":{"@id":"https:\/\/portalnpm.com\/#\/schema\/person\/49313e563cfdefcc167f1ee4c017c294"},"breadcrumb":{"@id":"https:\/\/portalnpm.com\/index.php\/2021\/10\/01\/athletico-anuncia-alberto-valentim-como-novo-treinador\/#breadcrumb"},"inLanguage":"pt-BR","potentialAction":[{"@type":"ReadAction","target":["https:\/\/portalnpm.com\/index.php\/2021\/10\/01\/athletico-anuncia-alberto-valentim-como-novo-treinador\/"]}]},{"@type":"ImageObject","inLanguage":"pt-BR","@id":"https:\/\/portalnpm.com\/index.php\/2021\/10\/01\/athletico-anuncia-alberto-valentim-como-novo-treinador\/#primaryimage","url":"","contentUrl":""},{"@type":"BreadcrumbList","@id":"https:\/\/portalnpm.com\/index.php\/2021\/10\/01\/athletico-anuncia-alberto-valentim-como-novo-treinador\/#breadcrumb","itemListElement":[{"@type":"ListItem","position":1,"name":"In\u00edcio","item":"https:\/\/portalnpm.com\/"},{"@type":"ListItem","position":2,"name":"Athletico anuncia Alberto Valentim como novo treinador"}]},{"@type":"WebSite","@id":"https:\/\/portalnpm.com\/#website","url":"https:\/\/portalnpm.com\/","name":"Portal NPM","description":"Not\u00edcias em Primeira M\u00e3o","potentialAction":[{"@type":"SearchAction","target":{"@type":"EntryPoint","urlTemplate":"https:\/\/portalnpm.com\/?s={search_term_string}"},"query-input":"required name=search_term_string"}],"inLanguage":"pt-BR"},{"@type":"Person","@id":"https:\/\/portalnpm.com\/#\/schema\/person\/49313e563cfdefcc167f1ee4c017c294","name":"Genival Barbosa","image":{"@type":"ImageObject","inLanguage":"pt-BR","@id":"https:\/\/portalnpm.com\/#\/schema\/person\/image\/","url":"https:\/\/portalnpm.com\/wp-content\/uploads\/2024\/02\/avatar_user_2_1707743258-96x96.jpeg","contentUrl":"https:\/\/portalnpm.com\/wp-content\/uploads\/2024\/02\/avatar_user_2_1707743258-96x96.jpeg","caption":"Genival Barbosa"},"url":"https:\/\/portalnpm.com\/index.php\/author\/genival\/"}]}},"jetpack_sharing_enabled":true,"jetpack_featured_media_url":"","_links":{"self":[{"href":"https:\/\/portalnpm.com\/index.php\/wp-json\/wp\/v2\/posts\/37091"}],"collection":[{"href":"https:\/\/portalnpm.com\/index.php\/wp-json\/wp\/v2\/posts"}],"about":[{"href":"https:\/\/portalnpm.com\/index.php\/wp-json\/wp\/v2\/types\/post"}],"author":[{"embeddable":true,"href":"https:\/\/portalnpm.com\/index.php\/wp-json\/wp\/v2\/users\/2"}],"replies":[{"embeddable":true,"href":"https:\/\/portalnpm.com\/index.php\/wp-json\/wp\/v2\/comments?post=37091"}],"version-history":[{"count":0,"href":"https:\/\/portalnpm.com\/index.php\/wp-json\/wp\/v2\/posts\/37091\/revisions"}],"wp:featuredmedia":[{"embeddable":true,"href":"https:\/\/portalnpm.com\/index.php\/wp-json\/"}],"wp:attachment":[{"href":"https:\/\/portalnpm.com\/index.php\/wp-json\/wp\/v2\/media?parent=37091"}],"wp:term":[{"taxonomy":"category","embeddable":true,"href":"https:\/\/portalnpm.com\/index.php\/wp-json\/wp\/v2\/categories?post=37091"},{"taxonomy":"post_tag","embeddable":true,"href":"https:\/\/portalnpm.com\/index.php\/wp-json\/wp\/v2\/tags?post=37091"}],"curies":[{"name":"wp","href":"https:\/\/api.w.org\/{rel}","templated":true}]}}