{"id":3717,"date":"2018-12-19T13:45:33","date_gmt":"2018-12-19T15:45:33","guid":{"rendered":"http:\/\/srv.portalnpm.com.br\/?p=3717"},"modified":"2018-12-19T13:45:33","modified_gmt":"2018-12-19T15:45:33","slug":"sao-juliao-acidente-automobilistico-tira-a-vida-de-dois-jovens-proximo-ao-povoado-mandacaru-o-terceiro-jovem-fica-gravemente-ferido","status":"publish","type":"post","link":"https:\/\/portalnpm.com\/index.php\/2018\/12\/19\/sao-juliao-acidente-automobilistico-tira-a-vida-de-dois-jovens-proximo-ao-povoado-mandacaru-o-terceiro-jovem-fica-gravemente-ferido\/","title":{"rendered":"S\u00e3o Juli\u00e3o | Acidente automobil\u00edstico tira a vida de dois jovens pr\u00f3ximo ao povoado Mandacaru; O terceiro jovem fica gravemente ferido"},"content":{"rendered":"<p style=\"text-align: justify;\">Um\u00a0acidente com um ve\u00edculo modelo Gol,\u00a0 ocorrido\u00a0no final da manh\u00e3 desta quarta-feira, 19 de dezembro na BR-230, pr\u00f3ximo ao povoado Mandacaru tirou a vida de dois\u00a0 jovens, o condutor do carro identificado como Matheus Wanshington de 26 anos teria perdido o controle do\u00a0carro ap\u00f3s o pneu estourar, o mesmo veio a falecer no local do acidente.<\/p>\n<p>Ainda segundo informa\u00e7\u00f5es, estavam no veiculo a\u00a0namorada identificada por Kaoma e o jovem Rodrigo Jos\u00e9, que segundo informa\u00e7\u00f5es foram transferidos para o Hospital Regional Justino Luz em Picos.<\/p>\n<p style=\"text-align: justify;\">Matheus Wanshington residia com seus pais no povoado Mandacaru e trabalhava como seguran\u00e7a no F\u00f3rum da comarca de Fronteiras. Ele era filho do casal Martim Nicanor e Marinalva.<\/p>\n<p style=\"text-align: justify;\">Ainda segundo informa\u00e7\u00f5es, a jovem Kaoma devido a gravidade dos ferimentos veio a \u00f3bito a caminho de Teresina.<\/p>\n<p><img decoding=\"async\" class=\"alignnone size-medium wp-image-3721\" src=\"http:\/\/portalnpm.com.br\/wp-content\/uploads\/2018\/12\/IMG-20181219-WA0095-121x300.jpg\" alt=\"\" width=\"121\" height=\"300\" \/><\/p>\n<p style=\"text-align: justify;\">O outro jovem Rodrigo Jos\u00e9 quebrou um bra\u00e7o, al\u00e9m de v\u00e1rios ferimentos pelo corpo, o mesmo teria deslocado para Picos em estado grave, mas segundo informa\u00e7\u00f5es ele estava consciente.<\/p>\n<p><img fetchpriority=\"high\" decoding=\"async\" class=\"alignnone size-medium wp-image-3722\" src=\"http:\/\/portalnpm.com.br\/wp-content\/uploads\/2018\/12\/IMG-20181219-WA0109-300x300.jpg\" alt=\"\" width=\"300\" height=\"300\" \/><\/p>\n<p>A cidade de S\u00e3o Juli\u00e3o est\u00e1 de luto pelas tamanhas perdas.<\/p>\n<figure id=\"attachment_3719\" aria-describedby=\"caption-attachment-3719\" style=\"width: 300px\" class=\"wp-caption alignnone\"><img decoding=\"async\" class=\"size-medium wp-image-3719\" src=\"http:\/\/portalnpm.com.br\/wp-content\/uploads\/2018\/12\/IMG-20181219-WA0106-300x225.jpg\" alt=\"\" width=\"300\" height=\"225\" \/><figcaption id=\"caption-attachment-3719\" class=\"wp-caption-text\">Local do acidente<\/figcaption><\/figure>\n<p><img loading=\"lazy\" decoding=\"async\" class=\"alignnone size-medium wp-image-3720\" src=\"http:\/\/portalnpm.com.br\/wp-content\/uploads\/2018\/12\/IMG-20181219-WA0108-225x300.jpg\" alt=\"\" width=\"225\" height=\"300\" \/><\/p>\n<p><strong>Reda\u00e7\u00e3o do Portal NPM\u00a0<\/strong><\/p>\n","protected":false},"excerpt":{"rendered":"<p>Um\u00a0acidente com um ve\u00edculo modelo Gol,\u00a0 ocorrido\u00a0no final da manh\u00e3 desta quarta-feira, 19 de dezembro na BR-230, pr\u00f3ximo ao povoado Mandacaru tirou a vida de dois\u00a0 jovens, o condutor do carro identificado como Matheus Wanshington de 26 anos teria perdido o controle do\u00a0carro ap\u00f3s o pneu estourar, o mesmo veio a falecer no local do &hellip;<\/p>\n","protected":false},"author":4,"featured_media":3718,"comment_status":"open","ping_status":"open","sticky":false,"template":"","format":"standard","meta":{"content-type":"","rop_custom_images_group":[],"rop_custom_messages_group":[],"rop_publish_now":"initial","rop_publish_now_accounts":{"facebook_2648258775420054_1618374048415101":""},"rop_publish_now_history":[],"rop_publish_now_status":"pending","footnotes":"","_jetpack_memberships_contains_paid_content":false},"categories":[113,136],"tags":[154,412,601],"yoast_head":"<!-- This site is optimized with the Yoast SEO plugin v22.3 - https:\/\/yoast.com\/wordpress\/plugins\/seo\/ -->\n<title>S\u00e3o Juli\u00e3o | Acidente automobil\u00edstico tira a vida de dois jovens pr\u00f3ximo ao povoado Mandacaru; O terceiro jovem fica gravemente ferido - Portal NPM<\/title>\n<meta name=\"robots\" content=\"index, follow, max-snippet:-1, max-image-preview:large, max-video-preview:-1\" \/>\n<link rel=\"canonical\" href=\"https:\/\/portalnpm.com\/index.php\/2018\/12\/19\/sao-juliao-acidente-automobilistico-tira-a-vida-de-dois-jovens-proximo-ao-povoado-mandacaru-o-terceiro-jovem-fica-gravemente-ferido\/\" \/>\n<meta property=\"og:locale\" content=\"pt_BR\" \/>\n<meta property=\"og:type\" content=\"article\" \/>\n<meta property=\"og:title\" content=\"S\u00e3o Juli\u00e3o | Acidente automobil\u00edstico tira a vida de dois jovens pr\u00f3ximo ao povoado Mandacaru; O terceiro jovem fica gravemente ferido - Portal NPM\" \/>\n<meta property=\"og:description\" content=\"Um\u00a0acidente com um ve\u00edculo modelo Gol,\u00a0 ocorrido\u00a0no final da manh\u00e3 desta quarta-feira, 19 de dezembro na BR-230, pr\u00f3ximo ao povoado Mandacaru tirou a vida de dois\u00a0 jovens, o condutor do carro identificado como Matheus Wanshington de 26 anos teria perdido o controle do\u00a0carro ap\u00f3s o pneu estourar, o mesmo veio a falecer no local do &hellip;\" \/>\n<meta property=\"og:url\" content=\"https:\/\/portalnpm.com\/index.php\/2018\/12\/19\/sao-juliao-acidente-automobilistico-tira-a-vida-de-dois-jovens-proximo-ao-povoado-mandacaru-o-terceiro-jovem-fica-gravemente-ferido\/\" \/>\n<meta property=\"og:site_name\" content=\"Portal NPM\" \/>\n<meta property=\"article:published_time\" content=\"2018-12-19T15:45:33+00:00\" \/>\n<meta name=\"author\" content=\"Reda\u00e7\u00e3o\" \/>\n<meta name=\"twitter:card\" content=\"summary_large_image\" \/>\n<meta name=\"twitter:label1\" content=\"Escrito por\" \/>\n\t<meta name=\"twitter:data1\" content=\"Reda\u00e7\u00e3o\" \/>\n\t<meta name=\"twitter:label2\" content=\"Est. tempo de leitura\" \/>\n\t<meta name=\"twitter:data2\" content=\"1 minuto\" \/>\n<script type=\"application\/ld+json\" class=\"yoast-schema-graph\">{\"@context\":\"https:\/\/schema.org\",\"@graph\":[{\"@type\":\"WebPage\",\"@id\":\"https:\/\/portalnpm.com\/index.php\/2018\/12\/19\/sao-juliao-acidente-automobilistico-tira-a-vida-de-dois-jovens-proximo-ao-povoado-mandacaru-o-terceiro-jovem-fica-gravemente-ferido\/\",\"url\":\"https:\/\/portalnpm.com\/index.php\/2018\/12\/19\/sao-juliao-acidente-automobilistico-tira-a-vida-de-dois-jovens-proximo-ao-povoado-mandacaru-o-terceiro-jovem-fica-gravemente-ferido\/\",\"name\":\"S\u00e3o Juli\u00e3o | Acidente automobil\u00edstico tira a vida de dois jovens pr\u00f3ximo ao povoado Mandacaru; O terceiro jovem fica gravemente ferido - Portal NPM\",\"isPartOf\":{\"@id\":\"https:\/\/portalnpm.com\/#website\"},\"primaryImageOfPage\":{\"@id\":\"https:\/\/portalnpm.com\/index.php\/2018\/12\/19\/sao-juliao-acidente-automobilistico-tira-a-vida-de-dois-jovens-proximo-ao-povoado-mandacaru-o-terceiro-jovem-fica-gravemente-ferido\/#primaryimage\"},\"image\":{\"@id\":\"https:\/\/portalnpm.com\/index.php\/2018\/12\/19\/sao-juliao-acidente-automobilistico-tira-a-vida-de-dois-jovens-proximo-ao-povoado-mandacaru-o-terceiro-jovem-fica-gravemente-ferido\/#primaryimage\"},\"thumbnailUrl\":\"\",\"datePublished\":\"2018-12-19T15:45:33+00:00\",\"dateModified\":\"2018-12-19T15:45:33+00:00\",\"author\":{\"@id\":\"https:\/\/portalnpm.com\/#\/schema\/person\/0b5f230ec96cee25504fa328e7f2b733\"},\"breadcrumb\":{\"@id\":\"https:\/\/portalnpm.com\/index.php\/2018\/12\/19\/sao-juliao-acidente-automobilistico-tira-a-vida-de-dois-jovens-proximo-ao-povoado-mandacaru-o-terceiro-jovem-fica-gravemente-ferido\/#breadcrumb\"},\"inLanguage\":\"pt-BR\",\"potentialAction\":[{\"@type\":\"ReadAction\",\"target\":[\"https:\/\/portalnpm.com\/index.php\/2018\/12\/19\/sao-juliao-acidente-automobilistico-tira-a-vida-de-dois-jovens-proximo-ao-povoado-mandacaru-o-terceiro-jovem-fica-gravemente-ferido\/\"]}]},{\"@type\":\"ImageObject\",\"inLanguage\":\"pt-BR\",\"@id\":\"https:\/\/portalnpm.com\/index.php\/2018\/12\/19\/sao-juliao-acidente-automobilistico-tira-a-vida-de-dois-jovens-proximo-ao-povoado-mandacaru-o-terceiro-jovem-fica-gravemente-ferido\/#primaryimage\",\"url\":\"\",\"contentUrl\":\"\"},{\"@type\":\"BreadcrumbList\",\"@id\":\"https:\/\/portalnpm.com\/index.php\/2018\/12\/19\/sao-juliao-acidente-automobilistico-tira-a-vida-de-dois-jovens-proximo-ao-povoado-mandacaru-o-terceiro-jovem-fica-gravemente-ferido\/#breadcrumb\",\"itemListElement\":[{\"@type\":\"ListItem\",\"position\":1,\"name\":\"In\u00edcio\",\"item\":\"https:\/\/portalnpm.com\/\"},{\"@type\":\"ListItem\",\"position\":2,\"name\":\"S\u00e3o Juli\u00e3o | Acidente automobil\u00edstico tira a vida de dois jovens pr\u00f3ximo ao povoado Mandacaru; O terceiro jovem fica gravemente ferido\"}]},{\"@type\":\"WebSite\",\"@id\":\"https:\/\/portalnpm.com\/#website\",\"url\":\"https:\/\/portalnpm.com\/\",\"name\":\"Portal NPM\",\"description\":\"Not\u00edcias em Primeira M\u00e3o\",\"potentialAction\":[{\"@type\":\"SearchAction\",\"target\":{\"@type\":\"EntryPoint\",\"urlTemplate\":\"https:\/\/portalnpm.com\/?s={search_term_string}\"},\"query-input\":\"required name=search_term_string\"}],\"inLanguage\":\"pt-BR\"},{\"@type\":\"Person\",\"@id\":\"https:\/\/portalnpm.com\/#\/schema\/person\/0b5f230ec96cee25504fa328e7f2b733\",\"name\":\"Reda\u00e7\u00e3o\",\"image\":{\"@type\":\"ImageObject\",\"inLanguage\":\"pt-BR\",\"@id\":\"https:\/\/portalnpm.com\/#\/schema\/person\/image\/\",\"url\":\"https:\/\/portalnpm.com\/wp-content\/uploads\/2024\/03\/avatar_user_4_1710097212-96x96.png\",\"contentUrl\":\"https:\/\/portalnpm.com\/wp-content\/uploads\/2024\/03\/avatar_user_4_1710097212-96x96.png\",\"caption\":\"Reda\u00e7\u00e3o\"},\"url\":\"https:\/\/portalnpm.com\/index.php\/author\/redacao\/\"}]}<\/script>\n<!-- \/ Yoast SEO plugin. -->","yoast_head_json":{"title":"S\u00e3o Juli\u00e3o | Acidente automobil\u00edstico tira a vida de dois jovens pr\u00f3ximo ao povoado Mandacaru; O terceiro jovem fica gravemente ferido - Portal NPM","robots":{"index":"index","follow":"follow","max-snippet":"max-snippet:-1","max-image-preview":"max-image-preview:large","max-video-preview":"max-video-preview:-1"},"canonical":"https:\/\/portalnpm.com\/index.php\/2018\/12\/19\/sao-juliao-acidente-automobilistico-tira-a-vida-de-dois-jovens-proximo-ao-povoado-mandacaru-o-terceiro-jovem-fica-gravemente-ferido\/","og_locale":"pt_BR","og_type":"article","og_title":"S\u00e3o Juli\u00e3o | Acidente automobil\u00edstico tira a vida de dois jovens pr\u00f3ximo ao povoado Mandacaru; O terceiro jovem fica gravemente ferido - Portal NPM","og_description":"Um\u00a0acidente com um ve\u00edculo modelo Gol,\u00a0 ocorrido\u00a0no final da manh\u00e3 desta quarta-feira, 19 de dezembro na BR-230, pr\u00f3ximo ao povoado Mandacaru tirou a vida de dois\u00a0 jovens, o condutor do carro identificado como Matheus Wanshington de 26 anos teria perdido o controle do\u00a0carro ap\u00f3s o pneu estourar, o mesmo veio a falecer no local do &hellip;","og_url":"https:\/\/portalnpm.com\/index.php\/2018\/12\/19\/sao-juliao-acidente-automobilistico-tira-a-vida-de-dois-jovens-proximo-ao-povoado-mandacaru-o-terceiro-jovem-fica-gravemente-ferido\/","og_site_name":"Portal NPM","article_published_time":"2018-12-19T15:45:33+00:00","author":"Reda\u00e7\u00e3o","twitter_card":"summary_large_image","twitter_misc":{"Escrito por":"Reda\u00e7\u00e3o","Est. tempo de leitura":"1 minuto"},"schema":{"@context":"https:\/\/schema.org","@graph":[{"@type":"WebPage","@id":"https:\/\/portalnpm.com\/index.php\/2018\/12\/19\/sao-juliao-acidente-automobilistico-tira-a-vida-de-dois-jovens-proximo-ao-povoado-mandacaru-o-terceiro-jovem-fica-gravemente-ferido\/","url":"https:\/\/portalnpm.com\/index.php\/2018\/12\/19\/sao-juliao-acidente-automobilistico-tira-a-vida-de-dois-jovens-proximo-ao-povoado-mandacaru-o-terceiro-jovem-fica-gravemente-ferido\/","name":"S\u00e3o Juli\u00e3o | Acidente automobil\u00edstico tira a vida de dois jovens pr\u00f3ximo ao povoado Mandacaru; O terceiro jovem fica gravemente ferido - Portal NPM","isPartOf":{"@id":"https:\/\/portalnpm.com\/#website"},"primaryImageOfPage":{"@id":"https:\/\/portalnpm.com\/index.php\/2018\/12\/19\/sao-juliao-acidente-automobilistico-tira-a-vida-de-dois-jovens-proximo-ao-povoado-mandacaru-o-terceiro-jovem-fica-gravemente-ferido\/#primaryimage"},"image":{"@id":"https:\/\/portalnpm.com\/index.php\/2018\/12\/19\/sao-juliao-acidente-automobilistico-tira-a-vida-de-dois-jovens-proximo-ao-povoado-mandacaru-o-terceiro-jovem-fica-gravemente-ferido\/#primaryimage"},"thumbnailUrl":"","datePublished":"2018-12-19T15:45:33+00:00","dateModified":"2018-12-19T15:45:33+00:00","author":{"@id":"https:\/\/portalnpm.com\/#\/schema\/person\/0b5f230ec96cee25504fa328e7f2b733"},"breadcrumb":{"@id":"https:\/\/portalnpm.com\/index.php\/2018\/12\/19\/sao-juliao-acidente-automobilistico-tira-a-vida-de-dois-jovens-proximo-ao-povoado-mandacaru-o-terceiro-jovem-fica-gravemente-ferido\/#breadcrumb"},"inLanguage":"pt-BR","potentialAction":[{"@type":"ReadAction","target":["https:\/\/portalnpm.com\/index.php\/2018\/12\/19\/sao-juliao-acidente-automobilistico-tira-a-vida-de-dois-jovens-proximo-ao-povoado-mandacaru-o-terceiro-jovem-fica-gravemente-ferido\/"]}]},{"@type":"ImageObject","inLanguage":"pt-BR","@id":"https:\/\/portalnpm.com\/index.php\/2018\/12\/19\/sao-juliao-acidente-automobilistico-tira-a-vida-de-dois-jovens-proximo-ao-povoado-mandacaru-o-terceiro-jovem-fica-gravemente-ferido\/#primaryimage","url":"","contentUrl":""},{"@type":"BreadcrumbList","@id":"https:\/\/portalnpm.com\/index.php\/2018\/12\/19\/sao-juliao-acidente-automobilistico-tira-a-vida-de-dois-jovens-proximo-ao-povoado-mandacaru-o-terceiro-jovem-fica-gravemente-ferido\/#breadcrumb","itemListElement":[{"@type":"ListItem","position":1,"name":"In\u00edcio","item":"https:\/\/portalnpm.com\/"},{"@type":"ListItem","position":2,"name":"S\u00e3o Juli\u00e3o | Acidente automobil\u00edstico tira a vida de dois jovens pr\u00f3ximo ao povoado Mandacaru; O terceiro jovem fica gravemente ferido"}]},{"@type":"WebSite","@id":"https:\/\/portalnpm.com\/#website","url":"https:\/\/portalnpm.com\/","name":"Portal NPM","description":"Not\u00edcias em Primeira M\u00e3o","potentialAction":[{"@type":"SearchAction","target":{"@type":"EntryPoint","urlTemplate":"https:\/\/portalnpm.com\/?s={search_term_string}"},"query-input":"required name=search_term_string"}],"inLanguage":"pt-BR"},{"@type":"Person","@id":"https:\/\/portalnpm.com\/#\/schema\/person\/0b5f230ec96cee25504fa328e7f2b733","name":"Reda\u00e7\u00e3o","image":{"@type":"ImageObject","inLanguage":"pt-BR","@id":"https:\/\/portalnpm.com\/#\/schema\/person\/image\/","url":"https:\/\/portalnpm.com\/wp-content\/uploads\/2024\/03\/avatar_user_4_1710097212-96x96.png","contentUrl":"https:\/\/portalnpm.com\/wp-content\/uploads\/2024\/03\/avatar_user_4_1710097212-96x96.png","caption":"Reda\u00e7\u00e3o"},"url":"https:\/\/portalnpm.com\/index.php\/author\/redacao\/"}]}},"jetpack_sharing_enabled":true,"jetpack_featured_media_url":"","_links":{"self":[{"href":"https:\/\/portalnpm.com\/index.php\/wp-json\/wp\/v2\/posts\/3717"}],"collection":[{"href":"https:\/\/portalnpm.com\/index.php\/wp-json\/wp\/v2\/posts"}],"about":[{"href":"https:\/\/portalnpm.com\/index.php\/wp-json\/wp\/v2\/types\/post"}],"author":[{"embeddable":true,"href":"https:\/\/portalnpm.com\/index.php\/wp-json\/wp\/v2\/users\/4"}],"replies":[{"embeddable":true,"href":"https:\/\/portalnpm.com\/index.php\/wp-json\/wp\/v2\/comments?post=3717"}],"version-history":[{"count":0,"href":"https:\/\/portalnpm.com\/index.php\/wp-json\/wp\/v2\/posts\/3717\/revisions"}],"wp:featuredmedia":[{"embeddable":true,"href":"https:\/\/portalnpm.com\/index.php\/wp-json\/"}],"wp:attachment":[{"href":"https:\/\/portalnpm.com\/index.php\/wp-json\/wp\/v2\/media?parent=3717"}],"wp:term":[{"taxonomy":"category","embeddable":true,"href":"https:\/\/portalnpm.com\/index.php\/wp-json\/wp\/v2\/categories?post=3717"},{"taxonomy":"post_tag","embeddable":true,"href":"https:\/\/portalnpm.com\/index.php\/wp-json\/wp\/v2\/tags?post=3717"}],"curies":[{"name":"wp","href":"https:\/\/api.w.org\/{rel}","templated":true}]}}