{"id":37356,"date":"2021-10-10T09:56:56","date_gmt":"2021-10-10T12:56:56","guid":{"rendered":"https:\/\/backupnpm.codetainer.com.br\/?p=37356"},"modified":"2021-10-10T09:56:56","modified_gmt":"2021-10-10T12:56:56","slug":"em-parnaiba-ministro-ciro-nogueira-exalta-gestao-do-prefeito-mao-santa","status":"publish","type":"post","link":"https:\/\/portalnpm.com\/index.php\/2021\/10\/10\/em-parnaiba-ministro-ciro-nogueira-exalta-gestao-do-prefeito-mao-santa\/","title":{"rendered":"Em Parna\u00edba, ministro Ciro Nogueira exalta gest\u00e3o do prefeito M\u00e3o Santa"},"content":{"rendered":"<p style=\"text-align: justify;\">Em agenda intensa no Piau\u00ed, o ministro-chefe da Casa Civil, Ciro Nogueira, esteve na cidade de Parna\u00edba e exaltou a gest\u00e3o do prefeito M\u00e3o Santa.<\/p>\n<p style=\"text-align: justify;\">\n<p style=\"text-align: justify;\">\n<p style=\"text-align: justify;\">&#8220;Como \u00e9 bom voltar \u00e0 minha amada Parna\u00edba, cidade muito bem administrada pelo prefeito M\u00e3o Santa, uma das maiores lideran\u00e7as pol\u00edticas n\u00e3o s\u00f3 do Piau\u00ed, mas do Brasil&#8221;, postou.<\/p>\n<p style=\"text-align: justify;\">&#8220;Visitamos a creche no bairro Catanduvas, assinamos o termo de compromisso para constru\u00e7\u00e3o de uma nova escola, completa e com quadra coberta, segundo os padr\u00f5es do FNDE, que acompanhou tudo de perto atrav\u00e9s do presidente, Marcelo Ponte. Este tamb\u00e9m assinou o contrato para aquisi\u00e7\u00e3o de \u00f4nibus escolares. Por fim, inauguramos a pavimenta\u00e7\u00e3o asf\u00e1ltica garantida atrav\u00e9s de nosso trabalho. Em nome da popula\u00e7\u00e3o parnaibana, temos de agradecer o presidente Jair Bolsonaro. Conte comigo Parna\u00edba&#8221;, completou.<\/p>\n<div class=\"media is-Thirdparty js-thirdparty\" style=\"text-align: justify;\" contenteditable=\"false\"><iframe id=\"instagram-embed-0\" class=\"instagram-media instagram-media-rendered\" src=\"https:\/\/www.instagram.com\/p\/CU0zoGTJhda\/embed\/captioned\/?cr=1&amp;v=14&amp;wp=647&amp;rd=https%3A%2F%2F180graus.com&amp;rp=%2Fna-politica%2Fem-parnaiba-ministro-ciro-nogueira-exalta-gestao-do-prefeito-mao-santa#%7B%22ci%22%3A0%2C%22os%22%3A5258.5999999940395%7D\" height=\"774\" frameborder=\"0\" scrolling=\"no\" allowfullscreen=\"allowfullscreen\" data-instgrm-preserve-position=\"relative\" data-instgrm-payload-id=\"instagram-media-payload-0\" data-mce-fragment=\"1\"><\/iframe><\/div>\n<p style=\"text-align: justify;\">\n<div class=\"ad\" style=\"text-align: justify;\"><span class=\"label\">Por 180graus\u00a0<\/span><\/div>\n","protected":false},"excerpt":{"rendered":"<p>Em agenda intensa no Piau\u00ed, o ministro-chefe da Casa Civil, Ciro Nogueira, esteve na cidade de Parna\u00edba e exaltou a gest\u00e3o do prefeito M\u00e3o Santa. &#8220;Como \u00e9 bom voltar \u00e0 minha amada Parna\u00edba, cidade muito bem administrada pelo prefeito M\u00e3o Santa, uma das maiores lideran\u00e7as pol\u00edticas n\u00e3o s\u00f3 do Piau\u00ed, mas do Brasil&#8221;, postou. &#8220;Visitamos &hellip;<\/p>\n","protected":false},"author":2,"featured_media":37357,"comment_status":"open","ping_status":"open","sticky":false,"template":"","format":"standard","meta":{"content-type":"","rop_custom_images_group":[],"rop_custom_messages_group":[],"rop_publish_now":"initial","rop_publish_now_accounts":{"facebook_2648258775420054_1618374048415101":""},"rop_publish_now_history":[],"rop_publish_now_status":"pending","footnotes":"","_jetpack_memberships_contains_paid_content":false},"categories":[130],"tags":[14902,598],"yoast_head":"<!-- This site is optimized with the Yoast SEO plugin v22.3 - https:\/\/yoast.com\/wordpress\/plugins\/seo\/ -->\n<title>Em Parna\u00edba, ministro Ciro Nogueira exalta gest\u00e3o do prefeito M\u00e3o Santa - Portal NPM<\/title>\n<meta name=\"robots\" content=\"index, follow, max-snippet:-1, max-image-preview:large, max-video-preview:-1\" \/>\n<link rel=\"canonical\" href=\"https:\/\/portalnpm.com\/index.php\/2021\/10\/10\/em-parnaiba-ministro-ciro-nogueira-exalta-gestao-do-prefeito-mao-santa\/\" \/>\n<meta property=\"og:locale\" content=\"pt_BR\" \/>\n<meta property=\"og:type\" content=\"article\" \/>\n<meta property=\"og:title\" content=\"Em Parna\u00edba, ministro Ciro Nogueira exalta gest\u00e3o do prefeito M\u00e3o Santa - Portal NPM\" \/>\n<meta property=\"og:description\" content=\"Em agenda intensa no Piau\u00ed, o ministro-chefe da Casa Civil, Ciro Nogueira, esteve na cidade de Parna\u00edba e exaltou a gest\u00e3o do prefeito M\u00e3o Santa. &#8220;Como \u00e9 bom voltar \u00e0 minha amada Parna\u00edba, cidade muito bem administrada pelo prefeito M\u00e3o Santa, uma das maiores lideran\u00e7as pol\u00edticas n\u00e3o s\u00f3 do Piau\u00ed, mas do Brasil&#8221;, postou. &#8220;Visitamos &hellip;\" \/>\n<meta property=\"og:url\" content=\"https:\/\/portalnpm.com\/index.php\/2021\/10\/10\/em-parnaiba-ministro-ciro-nogueira-exalta-gestao-do-prefeito-mao-santa\/\" \/>\n<meta property=\"og:site_name\" content=\"Portal NPM\" \/>\n<meta property=\"article:published_time\" content=\"2021-10-10T12:56:56+00:00\" \/>\n<meta name=\"author\" content=\"Genival Barbosa\" \/>\n<meta name=\"twitter:card\" content=\"summary_large_image\" \/>\n<meta name=\"twitter:label1\" content=\"Escrito por\" \/>\n\t<meta name=\"twitter:data1\" content=\"Genival Barbosa\" \/>\n\t<meta name=\"twitter:label2\" content=\"Est. tempo de leitura\" \/>\n\t<meta name=\"twitter:data2\" content=\"1 minuto\" \/>\n<script type=\"application\/ld+json\" class=\"yoast-schema-graph\">{\"@context\":\"https:\/\/schema.org\",\"@graph\":[{\"@type\":\"WebPage\",\"@id\":\"https:\/\/portalnpm.com\/index.php\/2021\/10\/10\/em-parnaiba-ministro-ciro-nogueira-exalta-gestao-do-prefeito-mao-santa\/\",\"url\":\"https:\/\/portalnpm.com\/index.php\/2021\/10\/10\/em-parnaiba-ministro-ciro-nogueira-exalta-gestao-do-prefeito-mao-santa\/\",\"name\":\"Em Parna\u00edba, ministro Ciro Nogueira exalta gest\u00e3o do prefeito M\u00e3o Santa - Portal NPM\",\"isPartOf\":{\"@id\":\"https:\/\/portalnpm.com\/#website\"},\"primaryImageOfPage\":{\"@id\":\"https:\/\/portalnpm.com\/index.php\/2021\/10\/10\/em-parnaiba-ministro-ciro-nogueira-exalta-gestao-do-prefeito-mao-santa\/#primaryimage\"},\"image\":{\"@id\":\"https:\/\/portalnpm.com\/index.php\/2021\/10\/10\/em-parnaiba-ministro-ciro-nogueira-exalta-gestao-do-prefeito-mao-santa\/#primaryimage\"},\"thumbnailUrl\":\"\",\"datePublished\":\"2021-10-10T12:56:56+00:00\",\"dateModified\":\"2021-10-10T12:56:56+00:00\",\"author\":{\"@id\":\"https:\/\/portalnpm.com\/#\/schema\/person\/49313e563cfdefcc167f1ee4c017c294\"},\"breadcrumb\":{\"@id\":\"https:\/\/portalnpm.com\/index.php\/2021\/10\/10\/em-parnaiba-ministro-ciro-nogueira-exalta-gestao-do-prefeito-mao-santa\/#breadcrumb\"},\"inLanguage\":\"pt-BR\",\"potentialAction\":[{\"@type\":\"ReadAction\",\"target\":[\"https:\/\/portalnpm.com\/index.php\/2021\/10\/10\/em-parnaiba-ministro-ciro-nogueira-exalta-gestao-do-prefeito-mao-santa\/\"]}]},{\"@type\":\"ImageObject\",\"inLanguage\":\"pt-BR\",\"@id\":\"https:\/\/portalnpm.com\/index.php\/2021\/10\/10\/em-parnaiba-ministro-ciro-nogueira-exalta-gestao-do-prefeito-mao-santa\/#primaryimage\",\"url\":\"\",\"contentUrl\":\"\"},{\"@type\":\"BreadcrumbList\",\"@id\":\"https:\/\/portalnpm.com\/index.php\/2021\/10\/10\/em-parnaiba-ministro-ciro-nogueira-exalta-gestao-do-prefeito-mao-santa\/#breadcrumb\",\"itemListElement\":[{\"@type\":\"ListItem\",\"position\":1,\"name\":\"In\u00edcio\",\"item\":\"https:\/\/portalnpm.com\/\"},{\"@type\":\"ListItem\",\"position\":2,\"name\":\"Em Parna\u00edba, ministro Ciro Nogueira exalta gest\u00e3o do prefeito M\u00e3o Santa\"}]},{\"@type\":\"WebSite\",\"@id\":\"https:\/\/portalnpm.com\/#website\",\"url\":\"https:\/\/portalnpm.com\/\",\"name\":\"Portal NPM\",\"description\":\"Not\u00edcias em Primeira M\u00e3o\",\"potentialAction\":[{\"@type\":\"SearchAction\",\"target\":{\"@type\":\"EntryPoint\",\"urlTemplate\":\"https:\/\/portalnpm.com\/?s={search_term_string}\"},\"query-input\":\"required name=search_term_string\"}],\"inLanguage\":\"pt-BR\"},{\"@type\":\"Person\",\"@id\":\"https:\/\/portalnpm.com\/#\/schema\/person\/49313e563cfdefcc167f1ee4c017c294\",\"name\":\"Genival Barbosa\",\"image\":{\"@type\":\"ImageObject\",\"inLanguage\":\"pt-BR\",\"@id\":\"https:\/\/portalnpm.com\/#\/schema\/person\/image\/\",\"url\":\"https:\/\/portalnpm.com\/wp-content\/uploads\/2024\/02\/avatar_user_2_1707743258-96x96.jpeg\",\"contentUrl\":\"https:\/\/portalnpm.com\/wp-content\/uploads\/2024\/02\/avatar_user_2_1707743258-96x96.jpeg\",\"caption\":\"Genival Barbosa\"},\"url\":\"https:\/\/portalnpm.com\/index.php\/author\/genival\/\"}]}<\/script>\n<!-- \/ Yoast SEO plugin. -->","yoast_head_json":{"title":"Em Parna\u00edba, ministro Ciro Nogueira exalta gest\u00e3o do prefeito M\u00e3o Santa - Portal NPM","robots":{"index":"index","follow":"follow","max-snippet":"max-snippet:-1","max-image-preview":"max-image-preview:large","max-video-preview":"max-video-preview:-1"},"canonical":"https:\/\/portalnpm.com\/index.php\/2021\/10\/10\/em-parnaiba-ministro-ciro-nogueira-exalta-gestao-do-prefeito-mao-santa\/","og_locale":"pt_BR","og_type":"article","og_title":"Em Parna\u00edba, ministro Ciro Nogueira exalta gest\u00e3o do prefeito M\u00e3o Santa - Portal NPM","og_description":"Em agenda intensa no Piau\u00ed, o ministro-chefe da Casa Civil, Ciro Nogueira, esteve na cidade de Parna\u00edba e exaltou a gest\u00e3o do prefeito M\u00e3o Santa. &#8220;Como \u00e9 bom voltar \u00e0 minha amada Parna\u00edba, cidade muito bem administrada pelo prefeito M\u00e3o Santa, uma das maiores lideran\u00e7as pol\u00edticas n\u00e3o s\u00f3 do Piau\u00ed, mas do Brasil&#8221;, postou. &#8220;Visitamos &hellip;","og_url":"https:\/\/portalnpm.com\/index.php\/2021\/10\/10\/em-parnaiba-ministro-ciro-nogueira-exalta-gestao-do-prefeito-mao-santa\/","og_site_name":"Portal NPM","article_published_time":"2021-10-10T12:56:56+00:00","author":"Genival Barbosa","twitter_card":"summary_large_image","twitter_misc":{"Escrito por":"Genival Barbosa","Est. tempo de leitura":"1 minuto"},"schema":{"@context":"https:\/\/schema.org","@graph":[{"@type":"WebPage","@id":"https:\/\/portalnpm.com\/index.php\/2021\/10\/10\/em-parnaiba-ministro-ciro-nogueira-exalta-gestao-do-prefeito-mao-santa\/","url":"https:\/\/portalnpm.com\/index.php\/2021\/10\/10\/em-parnaiba-ministro-ciro-nogueira-exalta-gestao-do-prefeito-mao-santa\/","name":"Em Parna\u00edba, ministro Ciro Nogueira exalta gest\u00e3o do prefeito M\u00e3o Santa - Portal NPM","isPartOf":{"@id":"https:\/\/portalnpm.com\/#website"},"primaryImageOfPage":{"@id":"https:\/\/portalnpm.com\/index.php\/2021\/10\/10\/em-parnaiba-ministro-ciro-nogueira-exalta-gestao-do-prefeito-mao-santa\/#primaryimage"},"image":{"@id":"https:\/\/portalnpm.com\/index.php\/2021\/10\/10\/em-parnaiba-ministro-ciro-nogueira-exalta-gestao-do-prefeito-mao-santa\/#primaryimage"},"thumbnailUrl":"","datePublished":"2021-10-10T12:56:56+00:00","dateModified":"2021-10-10T12:56:56+00:00","author":{"@id":"https:\/\/portalnpm.com\/#\/schema\/person\/49313e563cfdefcc167f1ee4c017c294"},"breadcrumb":{"@id":"https:\/\/portalnpm.com\/index.php\/2021\/10\/10\/em-parnaiba-ministro-ciro-nogueira-exalta-gestao-do-prefeito-mao-santa\/#breadcrumb"},"inLanguage":"pt-BR","potentialAction":[{"@type":"ReadAction","target":["https:\/\/portalnpm.com\/index.php\/2021\/10\/10\/em-parnaiba-ministro-ciro-nogueira-exalta-gestao-do-prefeito-mao-santa\/"]}]},{"@type":"ImageObject","inLanguage":"pt-BR","@id":"https:\/\/portalnpm.com\/index.php\/2021\/10\/10\/em-parnaiba-ministro-ciro-nogueira-exalta-gestao-do-prefeito-mao-santa\/#primaryimage","url":"","contentUrl":""},{"@type":"BreadcrumbList","@id":"https:\/\/portalnpm.com\/index.php\/2021\/10\/10\/em-parnaiba-ministro-ciro-nogueira-exalta-gestao-do-prefeito-mao-santa\/#breadcrumb","itemListElement":[{"@type":"ListItem","position":1,"name":"In\u00edcio","item":"https:\/\/portalnpm.com\/"},{"@type":"ListItem","position":2,"name":"Em Parna\u00edba, ministro Ciro Nogueira exalta gest\u00e3o do prefeito M\u00e3o Santa"}]},{"@type":"WebSite","@id":"https:\/\/portalnpm.com\/#website","url":"https:\/\/portalnpm.com\/","name":"Portal NPM","description":"Not\u00edcias em Primeira M\u00e3o","potentialAction":[{"@type":"SearchAction","target":{"@type":"EntryPoint","urlTemplate":"https:\/\/portalnpm.com\/?s={search_term_string}"},"query-input":"required name=search_term_string"}],"inLanguage":"pt-BR"},{"@type":"Person","@id":"https:\/\/portalnpm.com\/#\/schema\/person\/49313e563cfdefcc167f1ee4c017c294","name":"Genival Barbosa","image":{"@type":"ImageObject","inLanguage":"pt-BR","@id":"https:\/\/portalnpm.com\/#\/schema\/person\/image\/","url":"https:\/\/portalnpm.com\/wp-content\/uploads\/2024\/02\/avatar_user_2_1707743258-96x96.jpeg","contentUrl":"https:\/\/portalnpm.com\/wp-content\/uploads\/2024\/02\/avatar_user_2_1707743258-96x96.jpeg","caption":"Genival Barbosa"},"url":"https:\/\/portalnpm.com\/index.php\/author\/genival\/"}]}},"jetpack_sharing_enabled":true,"jetpack_featured_media_url":"","_links":{"self":[{"href":"https:\/\/portalnpm.com\/index.php\/wp-json\/wp\/v2\/posts\/37356"}],"collection":[{"href":"https:\/\/portalnpm.com\/index.php\/wp-json\/wp\/v2\/posts"}],"about":[{"href":"https:\/\/portalnpm.com\/index.php\/wp-json\/wp\/v2\/types\/post"}],"author":[{"embeddable":true,"href":"https:\/\/portalnpm.com\/index.php\/wp-json\/wp\/v2\/users\/2"}],"replies":[{"embeddable":true,"href":"https:\/\/portalnpm.com\/index.php\/wp-json\/wp\/v2\/comments?post=37356"}],"version-history":[{"count":0,"href":"https:\/\/portalnpm.com\/index.php\/wp-json\/wp\/v2\/posts\/37356\/revisions"}],"wp:featuredmedia":[{"embeddable":true,"href":"https:\/\/portalnpm.com\/index.php\/wp-json\/"}],"wp:attachment":[{"href":"https:\/\/portalnpm.com\/index.php\/wp-json\/wp\/v2\/media?parent=37356"}],"wp:term":[{"taxonomy":"category","embeddable":true,"href":"https:\/\/portalnpm.com\/index.php\/wp-json\/wp\/v2\/categories?post=37356"},{"taxonomy":"post_tag","embeddable":true,"href":"https:\/\/portalnpm.com\/index.php\/wp-json\/wp\/v2\/tags?post=37356"}],"curies":[{"name":"wp","href":"https:\/\/api.w.org\/{rel}","templated":true}]}}