{"id":37660,"date":"2021-10-24T10:41:52","date_gmt":"2021-10-24T13:41:52","guid":{"rendered":"https:\/\/backupnpm.codetainer.com.br\/?p=37660"},"modified":"2021-10-24T10:41:52","modified_gmt":"2021-10-24T13:41:52","slug":"mais-um-onibus-sofre-acidente-uma-semana-apos-colisao-que-matou-tres-criancas-no-piaui","status":"publish","type":"post","link":"https:\/\/portalnpm.com\/index.php\/2021\/10\/24\/mais-um-onibus-sofre-acidente-uma-semana-apos-colisao-que-matou-tres-criancas-no-piaui\/","title":{"rendered":"Mais um \u00f4nibus sofre acidente uma semana ap\u00f3s colis\u00e3o que matou tr\u00eas crian\u00e7as no Piau\u00ed"},"content":{"rendered":"<p style=\"text-align: justify;\">Um acidente envolvendo um \u00f4nibus da empresa Trans Piau\u00ed neste s\u00e1bado (23), na PI- 141, limite entre os munic\u00edpios de Canto do Buriti e Eliseu Martins, foi motivo de susto entre passageiros que seguiam em dire\u00e7\u00e3o \u00e0 Bras\u00edlia.<\/p>\n<p style=\"text-align: justify;\">\n<p style=\"text-align: justify;\">\n<p style=\"text-align: justify;\">O \u00f4nibus saiu da pista e colidiu com a vegeta\u00e7\u00e3o do local enquanto cruzava a Serra da Santa Clara.<\/p>\n<p style=\"text-align: justify;\">No \u00faltimo s\u00e1bado (16), um ve\u00edculo da mesma empresa sofreu uma colis\u00e3o que deixou tr\u00eas crian\u00e7as mortas em Col\u00f4nia do Gurgu\u00e9ia, na mesma regi\u00e3o.<\/p>\n<p style=\"text-align: justify;\">Desta vez, n\u00e3o houve vitimas, segundo informa\u00e7\u00f5es da Pol\u00edcia Militar. No entanto, por conta da posi\u00e7\u00e3o na qual parou, pr\u00f3ximo da vegeta\u00e7\u00e3o, os passageiros precisaram de aux\u00edlio para sair do ve\u00edculo.<\/p>\n<p style=\"text-align: justify;\">De acordo com o tenente Claudio Manoel, comandante da Companhia de Policiamento do munic\u00edpio, o acidente teve rela\u00e7\u00e3o com a pista molhada. Ele relatou que\u00a0 ocorr\u00eancias do g\u00eanero s\u00e3o comuns na regi\u00e3o.<\/p>\n<p style=\"text-align: justify;\">\u201cNesta serra \u00e9 costumeiro acidente deste tipo, muito declive, longa e curvas\u201d, pontuou. \u201cEste acidente e o que ocorreu na semana passada foram na mesma regi\u00e3o, s\u00e3o duas estradas que v\u00e3o pra Bras\u00edlia, essa de hoje vem pela PI 141 e o acidente passado foi na BR 135, se encontram na sa\u00edda de Eliseu Martins\u201d, explicou.<\/p>\n<p style=\"text-align: justify;\"><strong>Relembre o caso\u00a0<\/strong><\/p>\n<p style=\"text-align: justify;\">No \u00faltimo s\u00e1bado (16), um \u00f4nibus tombou por volta da e saiu da pista, deixando tr\u00eas pessoas mortas. Segundo dados da Pol\u00edcia Rodovi\u00e1ria Federal (PRF-PI), a v\u00edtimas foram identificadas como tr\u00eas crian\u00e7as do sexo masculino, sendo dois irm\u00e3os um de dois anos e outro de nove e um terceiro menino de dois anos.<\/p>\n<p style=\"text-align: justify;\">\n<p style=\"text-align: justify;\">Paula Sampaio<br \/>\nredacao@cidadeverde.com<\/p>\n","protected":false},"excerpt":{"rendered":"<p>Um acidente envolvendo um \u00f4nibus da empresa Trans Piau\u00ed neste s\u00e1bado (23), na PI- 141, limite entre os munic\u00edpios de Canto do Buriti e Eliseu Martins, foi motivo de susto entre passageiros que seguiam em dire\u00e7\u00e3o \u00e0 Bras\u00edlia. O \u00f4nibus saiu da pista e colidiu com a vegeta\u00e7\u00e3o do local enquanto cruzava a Serra da &hellip;<\/p>\n","protected":false},"author":2,"featured_media":37661,"comment_status":"open","ping_status":"open","sticky":false,"template":"","format":"standard","meta":{"content-type":"","rop_custom_images_group":[],"rop_custom_messages_group":[],"rop_publish_now":"initial","rop_publish_now_accounts":{"facebook_2648258775420054_1618374048415101":""},"rop_publish_now_history":[],"rop_publish_now_status":"pending","footnotes":"","_jetpack_memberships_contains_paid_content":false},"categories":[118],"tags":[154,806,187],"yoast_head":"<!-- This site is optimized with the Yoast SEO plugin v22.3 - https:\/\/yoast.com\/wordpress\/plugins\/seo\/ -->\n<title>Mais um \u00f4nibus sofre acidente uma semana ap\u00f3s colis\u00e3o que matou tr\u00eas crian\u00e7as no Piau\u00ed - Portal NPM<\/title>\n<meta name=\"robots\" content=\"index, follow, max-snippet:-1, max-image-preview:large, max-video-preview:-1\" \/>\n<link rel=\"canonical\" href=\"https:\/\/portalnpm.com\/index.php\/2021\/10\/24\/mais-um-onibus-sofre-acidente-uma-semana-apos-colisao-que-matou-tres-criancas-no-piaui\/\" \/>\n<meta property=\"og:locale\" content=\"pt_BR\" \/>\n<meta property=\"og:type\" content=\"article\" \/>\n<meta property=\"og:title\" content=\"Mais um \u00f4nibus sofre acidente uma semana ap\u00f3s colis\u00e3o que matou tr\u00eas crian\u00e7as no Piau\u00ed - Portal NPM\" \/>\n<meta property=\"og:description\" content=\"Um acidente envolvendo um \u00f4nibus da empresa Trans Piau\u00ed neste s\u00e1bado (23), na PI- 141, limite entre os munic\u00edpios de Canto do Buriti e Eliseu Martins, foi motivo de susto entre passageiros que seguiam em dire\u00e7\u00e3o \u00e0 Bras\u00edlia. O \u00f4nibus saiu da pista e colidiu com a vegeta\u00e7\u00e3o do local enquanto cruzava a Serra da &hellip;\" \/>\n<meta property=\"og:url\" content=\"https:\/\/portalnpm.com\/index.php\/2021\/10\/24\/mais-um-onibus-sofre-acidente-uma-semana-apos-colisao-que-matou-tres-criancas-no-piaui\/\" \/>\n<meta property=\"og:site_name\" content=\"Portal NPM\" \/>\n<meta property=\"article:published_time\" content=\"2021-10-24T13:41:52+00:00\" \/>\n<meta name=\"author\" content=\"Genival Barbosa\" \/>\n<meta name=\"twitter:card\" content=\"summary_large_image\" \/>\n<meta name=\"twitter:label1\" content=\"Escrito por\" \/>\n\t<meta name=\"twitter:data1\" content=\"Genival Barbosa\" \/>\n\t<meta name=\"twitter:label2\" content=\"Est. tempo de leitura\" \/>\n\t<meta name=\"twitter:data2\" content=\"2 minutos\" \/>\n<script type=\"application\/ld+json\" class=\"yoast-schema-graph\">{\"@context\":\"https:\/\/schema.org\",\"@graph\":[{\"@type\":\"WebPage\",\"@id\":\"https:\/\/portalnpm.com\/index.php\/2021\/10\/24\/mais-um-onibus-sofre-acidente-uma-semana-apos-colisao-que-matou-tres-criancas-no-piaui\/\",\"url\":\"https:\/\/portalnpm.com\/index.php\/2021\/10\/24\/mais-um-onibus-sofre-acidente-uma-semana-apos-colisao-que-matou-tres-criancas-no-piaui\/\",\"name\":\"Mais um \u00f4nibus sofre acidente uma semana ap\u00f3s colis\u00e3o que matou tr\u00eas crian\u00e7as no Piau\u00ed - Portal NPM\",\"isPartOf\":{\"@id\":\"https:\/\/portalnpm.com\/#website\"},\"primaryImageOfPage\":{\"@id\":\"https:\/\/portalnpm.com\/index.php\/2021\/10\/24\/mais-um-onibus-sofre-acidente-uma-semana-apos-colisao-que-matou-tres-criancas-no-piaui\/#primaryimage\"},\"image\":{\"@id\":\"https:\/\/portalnpm.com\/index.php\/2021\/10\/24\/mais-um-onibus-sofre-acidente-uma-semana-apos-colisao-que-matou-tres-criancas-no-piaui\/#primaryimage\"},\"thumbnailUrl\":\"\",\"datePublished\":\"2021-10-24T13:41:52+00:00\",\"dateModified\":\"2021-10-24T13:41:52+00:00\",\"author\":{\"@id\":\"https:\/\/portalnpm.com\/#\/schema\/person\/49313e563cfdefcc167f1ee4c017c294\"},\"breadcrumb\":{\"@id\":\"https:\/\/portalnpm.com\/index.php\/2021\/10\/24\/mais-um-onibus-sofre-acidente-uma-semana-apos-colisao-que-matou-tres-criancas-no-piaui\/#breadcrumb\"},\"inLanguage\":\"pt-BR\",\"potentialAction\":[{\"@type\":\"ReadAction\",\"target\":[\"https:\/\/portalnpm.com\/index.php\/2021\/10\/24\/mais-um-onibus-sofre-acidente-uma-semana-apos-colisao-que-matou-tres-criancas-no-piaui\/\"]}]},{\"@type\":\"ImageObject\",\"inLanguage\":\"pt-BR\",\"@id\":\"https:\/\/portalnpm.com\/index.php\/2021\/10\/24\/mais-um-onibus-sofre-acidente-uma-semana-apos-colisao-que-matou-tres-criancas-no-piaui\/#primaryimage\",\"url\":\"\",\"contentUrl\":\"\"},{\"@type\":\"BreadcrumbList\",\"@id\":\"https:\/\/portalnpm.com\/index.php\/2021\/10\/24\/mais-um-onibus-sofre-acidente-uma-semana-apos-colisao-que-matou-tres-criancas-no-piaui\/#breadcrumb\",\"itemListElement\":[{\"@type\":\"ListItem\",\"position\":1,\"name\":\"In\u00edcio\",\"item\":\"https:\/\/portalnpm.com\/\"},{\"@type\":\"ListItem\",\"position\":2,\"name\":\"Mais um \u00f4nibus sofre acidente uma semana ap\u00f3s colis\u00e3o que matou tr\u00eas crian\u00e7as no Piau\u00ed\"}]},{\"@type\":\"WebSite\",\"@id\":\"https:\/\/portalnpm.com\/#website\",\"url\":\"https:\/\/portalnpm.com\/\",\"name\":\"Portal NPM\",\"description\":\"Not\u00edcias em Primeira M\u00e3o\",\"potentialAction\":[{\"@type\":\"SearchAction\",\"target\":{\"@type\":\"EntryPoint\",\"urlTemplate\":\"https:\/\/portalnpm.com\/?s={search_term_string}\"},\"query-input\":\"required name=search_term_string\"}],\"inLanguage\":\"pt-BR\"},{\"@type\":\"Person\",\"@id\":\"https:\/\/portalnpm.com\/#\/schema\/person\/49313e563cfdefcc167f1ee4c017c294\",\"name\":\"Genival Barbosa\",\"image\":{\"@type\":\"ImageObject\",\"inLanguage\":\"pt-BR\",\"@id\":\"https:\/\/portalnpm.com\/#\/schema\/person\/image\/\",\"url\":\"https:\/\/portalnpm.com\/wp-content\/uploads\/2024\/02\/avatar_user_2_1707743258-96x96.jpeg\",\"contentUrl\":\"https:\/\/portalnpm.com\/wp-content\/uploads\/2024\/02\/avatar_user_2_1707743258-96x96.jpeg\",\"caption\":\"Genival Barbosa\"},\"url\":\"https:\/\/portalnpm.com\/index.php\/author\/genival\/\"}]}<\/script>\n<!-- \/ Yoast SEO plugin. -->","yoast_head_json":{"title":"Mais um \u00f4nibus sofre acidente uma semana ap\u00f3s colis\u00e3o que matou tr\u00eas crian\u00e7as no Piau\u00ed - Portal NPM","robots":{"index":"index","follow":"follow","max-snippet":"max-snippet:-1","max-image-preview":"max-image-preview:large","max-video-preview":"max-video-preview:-1"},"canonical":"https:\/\/portalnpm.com\/index.php\/2021\/10\/24\/mais-um-onibus-sofre-acidente-uma-semana-apos-colisao-que-matou-tres-criancas-no-piaui\/","og_locale":"pt_BR","og_type":"article","og_title":"Mais um \u00f4nibus sofre acidente uma semana ap\u00f3s colis\u00e3o que matou tr\u00eas crian\u00e7as no Piau\u00ed - Portal NPM","og_description":"Um acidente envolvendo um \u00f4nibus da empresa Trans Piau\u00ed neste s\u00e1bado (23), na PI- 141, limite entre os munic\u00edpios de Canto do Buriti e Eliseu Martins, foi motivo de susto entre passageiros que seguiam em dire\u00e7\u00e3o \u00e0 Bras\u00edlia. O \u00f4nibus saiu da pista e colidiu com a vegeta\u00e7\u00e3o do local enquanto cruzava a Serra da &hellip;","og_url":"https:\/\/portalnpm.com\/index.php\/2021\/10\/24\/mais-um-onibus-sofre-acidente-uma-semana-apos-colisao-que-matou-tres-criancas-no-piaui\/","og_site_name":"Portal NPM","article_published_time":"2021-10-24T13:41:52+00:00","author":"Genival Barbosa","twitter_card":"summary_large_image","twitter_misc":{"Escrito por":"Genival Barbosa","Est. tempo de leitura":"2 minutos"},"schema":{"@context":"https:\/\/schema.org","@graph":[{"@type":"WebPage","@id":"https:\/\/portalnpm.com\/index.php\/2021\/10\/24\/mais-um-onibus-sofre-acidente-uma-semana-apos-colisao-que-matou-tres-criancas-no-piaui\/","url":"https:\/\/portalnpm.com\/index.php\/2021\/10\/24\/mais-um-onibus-sofre-acidente-uma-semana-apos-colisao-que-matou-tres-criancas-no-piaui\/","name":"Mais um \u00f4nibus sofre acidente uma semana ap\u00f3s colis\u00e3o que matou tr\u00eas crian\u00e7as no Piau\u00ed - Portal NPM","isPartOf":{"@id":"https:\/\/portalnpm.com\/#website"},"primaryImageOfPage":{"@id":"https:\/\/portalnpm.com\/index.php\/2021\/10\/24\/mais-um-onibus-sofre-acidente-uma-semana-apos-colisao-que-matou-tres-criancas-no-piaui\/#primaryimage"},"image":{"@id":"https:\/\/portalnpm.com\/index.php\/2021\/10\/24\/mais-um-onibus-sofre-acidente-uma-semana-apos-colisao-que-matou-tres-criancas-no-piaui\/#primaryimage"},"thumbnailUrl":"","datePublished":"2021-10-24T13:41:52+00:00","dateModified":"2021-10-24T13:41:52+00:00","author":{"@id":"https:\/\/portalnpm.com\/#\/schema\/person\/49313e563cfdefcc167f1ee4c017c294"},"breadcrumb":{"@id":"https:\/\/portalnpm.com\/index.php\/2021\/10\/24\/mais-um-onibus-sofre-acidente-uma-semana-apos-colisao-que-matou-tres-criancas-no-piaui\/#breadcrumb"},"inLanguage":"pt-BR","potentialAction":[{"@type":"ReadAction","target":["https:\/\/portalnpm.com\/index.php\/2021\/10\/24\/mais-um-onibus-sofre-acidente-uma-semana-apos-colisao-que-matou-tres-criancas-no-piaui\/"]}]},{"@type":"ImageObject","inLanguage":"pt-BR","@id":"https:\/\/portalnpm.com\/index.php\/2021\/10\/24\/mais-um-onibus-sofre-acidente-uma-semana-apos-colisao-que-matou-tres-criancas-no-piaui\/#primaryimage","url":"","contentUrl":""},{"@type":"BreadcrumbList","@id":"https:\/\/portalnpm.com\/index.php\/2021\/10\/24\/mais-um-onibus-sofre-acidente-uma-semana-apos-colisao-que-matou-tres-criancas-no-piaui\/#breadcrumb","itemListElement":[{"@type":"ListItem","position":1,"name":"In\u00edcio","item":"https:\/\/portalnpm.com\/"},{"@type":"ListItem","position":2,"name":"Mais um \u00f4nibus sofre acidente uma semana ap\u00f3s colis\u00e3o que matou tr\u00eas crian\u00e7as no Piau\u00ed"}]},{"@type":"WebSite","@id":"https:\/\/portalnpm.com\/#website","url":"https:\/\/portalnpm.com\/","name":"Portal NPM","description":"Not\u00edcias em Primeira M\u00e3o","potentialAction":[{"@type":"SearchAction","target":{"@type":"EntryPoint","urlTemplate":"https:\/\/portalnpm.com\/?s={search_term_string}"},"query-input":"required name=search_term_string"}],"inLanguage":"pt-BR"},{"@type":"Person","@id":"https:\/\/portalnpm.com\/#\/schema\/person\/49313e563cfdefcc167f1ee4c017c294","name":"Genival Barbosa","image":{"@type":"ImageObject","inLanguage":"pt-BR","@id":"https:\/\/portalnpm.com\/#\/schema\/person\/image\/","url":"https:\/\/portalnpm.com\/wp-content\/uploads\/2024\/02\/avatar_user_2_1707743258-96x96.jpeg","contentUrl":"https:\/\/portalnpm.com\/wp-content\/uploads\/2024\/02\/avatar_user_2_1707743258-96x96.jpeg","caption":"Genival Barbosa"},"url":"https:\/\/portalnpm.com\/index.php\/author\/genival\/"}]}},"jetpack_sharing_enabled":true,"jetpack_featured_media_url":"","_links":{"self":[{"href":"https:\/\/portalnpm.com\/index.php\/wp-json\/wp\/v2\/posts\/37660"}],"collection":[{"href":"https:\/\/portalnpm.com\/index.php\/wp-json\/wp\/v2\/posts"}],"about":[{"href":"https:\/\/portalnpm.com\/index.php\/wp-json\/wp\/v2\/types\/post"}],"author":[{"embeddable":true,"href":"https:\/\/portalnpm.com\/index.php\/wp-json\/wp\/v2\/users\/2"}],"replies":[{"embeddable":true,"href":"https:\/\/portalnpm.com\/index.php\/wp-json\/wp\/v2\/comments?post=37660"}],"version-history":[{"count":0,"href":"https:\/\/portalnpm.com\/index.php\/wp-json\/wp\/v2\/posts\/37660\/revisions"}],"wp:featuredmedia":[{"embeddable":true,"href":"https:\/\/portalnpm.com\/index.php\/wp-json\/"}],"wp:attachment":[{"href":"https:\/\/portalnpm.com\/index.php\/wp-json\/wp\/v2\/media?parent=37660"}],"wp:term":[{"taxonomy":"category","embeddable":true,"href":"https:\/\/portalnpm.com\/index.php\/wp-json\/wp\/v2\/categories?post=37660"},{"taxonomy":"post_tag","embeddable":true,"href":"https:\/\/portalnpm.com\/index.php\/wp-json\/wp\/v2\/tags?post=37660"}],"curies":[{"name":"wp","href":"https:\/\/api.w.org\/{rel}","templated":true}]}}