{"id":37675,"date":"2021-10-24T11:00:08","date_gmt":"2021-10-24T14:00:08","guid":{"rendered":"https:\/\/backupnpm.codetainer.com.br\/?p=37675"},"modified":"2021-10-24T11:00:08","modified_gmt":"2021-10-24T14:00:08","slug":"jovem-de-belem-do-piaui-que-sofreu-acidente-em-urucui-morre-em-floriano","status":"publish","type":"post","link":"https:\/\/portalnpm.com\/index.php\/2021\/10\/24\/jovem-de-belem-do-piaui-que-sofreu-acidente-em-urucui-morre-em-floriano\/","title":{"rendered":"Jovem de Bel\u00e9m do Piau\u00ed que sofreu acidente em Uru\u00e7u\u00ed morre em Floriano"},"content":{"rendered":"<p style=\"text-align: justify;\">A not\u00edcia da morte jovem estudante, Am\u00f3s Ribeiro, abalou a cidade de Bel\u00e9m do Piau\u00ed. O jovem sofreu um grave acidente na cidade Uru\u00e7u\u00ed, faleceu na manh\u00e3 deste domingo dia 24 de outubro em Floriano, onde estava internado.<\/p>\n<p style=\"text-align: justify;\">\n<p style=\"text-align: justify;\">\n<p style=\"text-align: justify;\">Am\u00f3s era acad\u00eamico de Engenharia Civil e\u00a0filho do ex-vereador de Bel\u00e9m do Piau\u00ed, Mois\u00e9s Ribeiro.<\/p>\n<p style=\"text-align: justify;\">Am\u00f3s, que tamb\u00e9m trabalha como motorista de caminh\u00e3o, transportava uma carga de asfalto, quando em determinado ponto da rodovia, bateu na traseira de outro caminh\u00e3o que tamb\u00e9m realizava o mesmo transporte.<\/p>\n<p style=\"text-align: justify;\">Com o forte impacto o carro ficou com a frente completamente destru\u00edda, e o jovem ficou preso \u00e0s ferragens.<\/p>\n<p style=\"text-align: justify;\"><a href=\"https:\/\/i2.wp.com\/infonewss.com\/wp-content\/uploads\/2021\/10\/cf94940d-22ea-43c2-b277-a827e1405c6f.jpg\"><img fetchpriority=\"high\" decoding=\"async\" class=\"alignnone size-full wp-image-204695 lazyloaded tie-appear\" src=\"https:\/\/i1.wp.com\/infonewss.com\/wp-content\/uploads\/2021\/10\/cf94940d-22ea-43c2-b277-a827e1405c6f.jpg\" sizes=\"(max-width: 1600px) 100vw, 1600px\" srcset=\"\/\/i1.wp.com\/infonewss.com\/wp-content\/uploads\/2021\/10\/cf94940d-22ea-43c2-b277-a827e1405c6f.jpg 1600w, \/\/i1.wp.com\/infonewss.com\/wp-content\/uploads\/2021\/10\/cf94940d-22ea-43c2-b277-a827e1405c6f-300x225.jpg 300w, \/\/i1.wp.com\/infonewss.com\/wp-content\/uploads\/2021\/10\/cf94940d-22ea-43c2-b277-a827e1405c6f-1024x768.jpg 1024w, \/\/i1.wp.com\/infonewss.com\/wp-content\/uploads\/2021\/10\/cf94940d-22ea-43c2-b277-a827e1405c6f-768x576.jpg 768w, \/\/i1.wp.com\/infonewss.com\/wp-content\/uploads\/2021\/10\/cf94940d-22ea-43c2-b277-a827e1405c6f-1536x1152.jpg 1536w\" alt=\"\" width=\"1600\" height=\"1200\" data-srcset=\"\/\/i1.wp.com\/infonewss.com\/wp-content\/uploads\/2021\/10\/cf94940d-22ea-43c2-b277-a827e1405c6f.jpg 1600w, \/\/i1.wp.com\/infonewss.com\/wp-content\/uploads\/2021\/10\/cf94940d-22ea-43c2-b277-a827e1405c6f-300x225.jpg 300w, \/\/i1.wp.com\/infonewss.com\/wp-content\/uploads\/2021\/10\/cf94940d-22ea-43c2-b277-a827e1405c6f-1024x768.jpg 1024w, \/\/i1.wp.com\/infonewss.com\/wp-content\/uploads\/2021\/10\/cf94940d-22ea-43c2-b277-a827e1405c6f-768x576.jpg 768w, \/\/i1.wp.com\/infonewss.com\/wp-content\/uploads\/2021\/10\/cf94940d-22ea-43c2-b277-a827e1405c6f-1536x1152.jpg 1536w\" data-src=\"\/\/i1.wp.com\/infonewss.com\/wp-content\/uploads\/2021\/10\/cf94940d-22ea-43c2-b277-a827e1405c6f.jpg\" data-sizes=\"(max-width: 1600px) 100vw, 1600px\" \/><\/a><\/p>\n<p style=\"text-align: justify;\">Uma equipe de sa\u00fade de Uru\u00e7u\u00ed foi acionada e retirou a v\u00edtima de dentro do ve\u00edculo. Em seguida, o jovem foi socorrido para um Hospital do munic\u00edpio, e foi encaminhado pelo SAMU para o Hospital Regional Tib\u00e9rio Nunes, em Floriano.<\/p>\n<p style=\"text-align: justify;\">A v\u00edtima sofreu diversos ferimentos, quebrou uma perna, perdeu muito sangue e sofreu uma hemorragia interna, e com o quadro agravado n\u00e3o resistiu e veio a \u00f3bito. At\u00e9 o momento a causa da morte ainda n\u00e3o foi divulgada.<\/p>\n<p style=\"text-align: justify;\"><em><strong>Fonte:\u00a0 Portal Infonewss<\/strong><\/em><\/p>\n","protected":false},"excerpt":{"rendered":"<p>A not\u00edcia da morte jovem estudante, Am\u00f3s Ribeiro, abalou a cidade de Bel\u00e9m do Piau\u00ed. O jovem sofreu um grave acidente na cidade Uru\u00e7u\u00ed, faleceu na manh\u00e3 deste domingo dia 24 de outubro em Floriano, onde estava internado. Am\u00f3s era acad\u00eamico de Engenharia Civil e\u00a0filho do ex-vereador de Bel\u00e9m do Piau\u00ed, Mois\u00e9s Ribeiro. Am\u00f3s, que &hellip;<\/p>\n","protected":false},"author":2,"featured_media":37676,"comment_status":"open","ping_status":"open","sticky":false,"template":"","format":"standard","meta":{"content-type":"","rop_custom_images_group":[],"rop_custom_messages_group":[],"rop_publish_now":"initial","rop_publish_now_accounts":{"facebook_2648258775420054_1618374048415101":""},"rop_publish_now_history":[],"rop_publish_now_status":"pending","footnotes":"","_jetpack_memberships_contains_paid_content":false},"categories":[106,109],"tags":[154,2910,172,132],"yoast_head":"<!-- This site is optimized with the Yoast SEO plugin v22.3 - https:\/\/yoast.com\/wordpress\/plugins\/seo\/ -->\n<title>Jovem de Bel\u00e9m do Piau\u00ed que sofreu acidente em Uru\u00e7u\u00ed morre em Floriano - Portal NPM<\/title>\n<meta name=\"robots\" content=\"index, follow, max-snippet:-1, max-image-preview:large, max-video-preview:-1\" \/>\n<link rel=\"canonical\" href=\"https:\/\/portalnpm.com\/index.php\/2021\/10\/24\/jovem-de-belem-do-piaui-que-sofreu-acidente-em-urucui-morre-em-floriano\/\" \/>\n<meta property=\"og:locale\" content=\"pt_BR\" \/>\n<meta property=\"og:type\" content=\"article\" \/>\n<meta property=\"og:title\" content=\"Jovem de Bel\u00e9m do Piau\u00ed que sofreu acidente em Uru\u00e7u\u00ed morre em Floriano - Portal NPM\" \/>\n<meta property=\"og:description\" content=\"A not\u00edcia da morte jovem estudante, Am\u00f3s Ribeiro, abalou a cidade de Bel\u00e9m do Piau\u00ed. O jovem sofreu um grave acidente na cidade Uru\u00e7u\u00ed, faleceu na manh\u00e3 deste domingo dia 24 de outubro em Floriano, onde estava internado. Am\u00f3s era acad\u00eamico de Engenharia Civil e\u00a0filho do ex-vereador de Bel\u00e9m do Piau\u00ed, Mois\u00e9s Ribeiro. Am\u00f3s, que &hellip;\" \/>\n<meta property=\"og:url\" content=\"https:\/\/portalnpm.com\/index.php\/2021\/10\/24\/jovem-de-belem-do-piaui-que-sofreu-acidente-em-urucui-morre-em-floriano\/\" \/>\n<meta property=\"og:site_name\" content=\"Portal NPM\" \/>\n<meta property=\"article:published_time\" content=\"2021-10-24T14:00:08+00:00\" \/>\n<meta name=\"author\" content=\"Genival Barbosa\" \/>\n<meta name=\"twitter:card\" content=\"summary_large_image\" \/>\n<meta name=\"twitter:label1\" content=\"Escrito por\" \/>\n\t<meta name=\"twitter:data1\" content=\"Genival Barbosa\" \/>\n\t<meta name=\"twitter:label2\" content=\"Est. tempo de leitura\" \/>\n\t<meta name=\"twitter:data2\" content=\"2 minutos\" \/>\n<script type=\"application\/ld+json\" class=\"yoast-schema-graph\">{\"@context\":\"https:\/\/schema.org\",\"@graph\":[{\"@type\":\"WebPage\",\"@id\":\"https:\/\/portalnpm.com\/index.php\/2021\/10\/24\/jovem-de-belem-do-piaui-que-sofreu-acidente-em-urucui-morre-em-floriano\/\",\"url\":\"https:\/\/portalnpm.com\/index.php\/2021\/10\/24\/jovem-de-belem-do-piaui-que-sofreu-acidente-em-urucui-morre-em-floriano\/\",\"name\":\"Jovem de Bel\u00e9m do Piau\u00ed que sofreu acidente em Uru\u00e7u\u00ed morre em Floriano - Portal NPM\",\"isPartOf\":{\"@id\":\"https:\/\/portalnpm.com\/#website\"},\"primaryImageOfPage\":{\"@id\":\"https:\/\/portalnpm.com\/index.php\/2021\/10\/24\/jovem-de-belem-do-piaui-que-sofreu-acidente-em-urucui-morre-em-floriano\/#primaryimage\"},\"image\":{\"@id\":\"https:\/\/portalnpm.com\/index.php\/2021\/10\/24\/jovem-de-belem-do-piaui-que-sofreu-acidente-em-urucui-morre-em-floriano\/#primaryimage\"},\"thumbnailUrl\":\"\",\"datePublished\":\"2021-10-24T14:00:08+00:00\",\"dateModified\":\"2021-10-24T14:00:08+00:00\",\"author\":{\"@id\":\"https:\/\/portalnpm.com\/#\/schema\/person\/49313e563cfdefcc167f1ee4c017c294\"},\"breadcrumb\":{\"@id\":\"https:\/\/portalnpm.com\/index.php\/2021\/10\/24\/jovem-de-belem-do-piaui-que-sofreu-acidente-em-urucui-morre-em-floriano\/#breadcrumb\"},\"inLanguage\":\"pt-BR\",\"potentialAction\":[{\"@type\":\"ReadAction\",\"target\":[\"https:\/\/portalnpm.com\/index.php\/2021\/10\/24\/jovem-de-belem-do-piaui-que-sofreu-acidente-em-urucui-morre-em-floriano\/\"]}]},{\"@type\":\"ImageObject\",\"inLanguage\":\"pt-BR\",\"@id\":\"https:\/\/portalnpm.com\/index.php\/2021\/10\/24\/jovem-de-belem-do-piaui-que-sofreu-acidente-em-urucui-morre-em-floriano\/#primaryimage\",\"url\":\"\",\"contentUrl\":\"\"},{\"@type\":\"BreadcrumbList\",\"@id\":\"https:\/\/portalnpm.com\/index.php\/2021\/10\/24\/jovem-de-belem-do-piaui-que-sofreu-acidente-em-urucui-morre-em-floriano\/#breadcrumb\",\"itemListElement\":[{\"@type\":\"ListItem\",\"position\":1,\"name\":\"In\u00edcio\",\"item\":\"https:\/\/portalnpm.com\/\"},{\"@type\":\"ListItem\",\"position\":2,\"name\":\"Jovem de Bel\u00e9m do Piau\u00ed que sofreu acidente em Uru\u00e7u\u00ed morre em Floriano\"}]},{\"@type\":\"WebSite\",\"@id\":\"https:\/\/portalnpm.com\/#website\",\"url\":\"https:\/\/portalnpm.com\/\",\"name\":\"Portal NPM\",\"description\":\"Not\u00edcias em Primeira M\u00e3o\",\"potentialAction\":[{\"@type\":\"SearchAction\",\"target\":{\"@type\":\"EntryPoint\",\"urlTemplate\":\"https:\/\/portalnpm.com\/?s={search_term_string}\"},\"query-input\":\"required name=search_term_string\"}],\"inLanguage\":\"pt-BR\"},{\"@type\":\"Person\",\"@id\":\"https:\/\/portalnpm.com\/#\/schema\/person\/49313e563cfdefcc167f1ee4c017c294\",\"name\":\"Genival Barbosa\",\"image\":{\"@type\":\"ImageObject\",\"inLanguage\":\"pt-BR\",\"@id\":\"https:\/\/portalnpm.com\/#\/schema\/person\/image\/\",\"url\":\"https:\/\/portalnpm.com\/wp-content\/uploads\/2024\/02\/avatar_user_2_1707743258-96x96.jpeg\",\"contentUrl\":\"https:\/\/portalnpm.com\/wp-content\/uploads\/2024\/02\/avatar_user_2_1707743258-96x96.jpeg\",\"caption\":\"Genival Barbosa\"},\"url\":\"https:\/\/portalnpm.com\/index.php\/author\/genival\/\"}]}<\/script>\n<!-- \/ Yoast SEO plugin. -->","yoast_head_json":{"title":"Jovem de Bel\u00e9m do Piau\u00ed que sofreu acidente em Uru\u00e7u\u00ed morre em Floriano - Portal NPM","robots":{"index":"index","follow":"follow","max-snippet":"max-snippet:-1","max-image-preview":"max-image-preview:large","max-video-preview":"max-video-preview:-1"},"canonical":"https:\/\/portalnpm.com\/index.php\/2021\/10\/24\/jovem-de-belem-do-piaui-que-sofreu-acidente-em-urucui-morre-em-floriano\/","og_locale":"pt_BR","og_type":"article","og_title":"Jovem de Bel\u00e9m do Piau\u00ed que sofreu acidente em Uru\u00e7u\u00ed morre em Floriano - Portal NPM","og_description":"A not\u00edcia da morte jovem estudante, Am\u00f3s Ribeiro, abalou a cidade de Bel\u00e9m do Piau\u00ed. O jovem sofreu um grave acidente na cidade Uru\u00e7u\u00ed, faleceu na manh\u00e3 deste domingo dia 24 de outubro em Floriano, onde estava internado. Am\u00f3s era acad\u00eamico de Engenharia Civil e\u00a0filho do ex-vereador de Bel\u00e9m do Piau\u00ed, Mois\u00e9s Ribeiro. Am\u00f3s, que &hellip;","og_url":"https:\/\/portalnpm.com\/index.php\/2021\/10\/24\/jovem-de-belem-do-piaui-que-sofreu-acidente-em-urucui-morre-em-floriano\/","og_site_name":"Portal NPM","article_published_time":"2021-10-24T14:00:08+00:00","author":"Genival Barbosa","twitter_card":"summary_large_image","twitter_misc":{"Escrito por":"Genival Barbosa","Est. tempo de leitura":"2 minutos"},"schema":{"@context":"https:\/\/schema.org","@graph":[{"@type":"WebPage","@id":"https:\/\/portalnpm.com\/index.php\/2021\/10\/24\/jovem-de-belem-do-piaui-que-sofreu-acidente-em-urucui-morre-em-floriano\/","url":"https:\/\/portalnpm.com\/index.php\/2021\/10\/24\/jovem-de-belem-do-piaui-que-sofreu-acidente-em-urucui-morre-em-floriano\/","name":"Jovem de Bel\u00e9m do Piau\u00ed que sofreu acidente em Uru\u00e7u\u00ed morre em Floriano - Portal NPM","isPartOf":{"@id":"https:\/\/portalnpm.com\/#website"},"primaryImageOfPage":{"@id":"https:\/\/portalnpm.com\/index.php\/2021\/10\/24\/jovem-de-belem-do-piaui-que-sofreu-acidente-em-urucui-morre-em-floriano\/#primaryimage"},"image":{"@id":"https:\/\/portalnpm.com\/index.php\/2021\/10\/24\/jovem-de-belem-do-piaui-que-sofreu-acidente-em-urucui-morre-em-floriano\/#primaryimage"},"thumbnailUrl":"","datePublished":"2021-10-24T14:00:08+00:00","dateModified":"2021-10-24T14:00:08+00:00","author":{"@id":"https:\/\/portalnpm.com\/#\/schema\/person\/49313e563cfdefcc167f1ee4c017c294"},"breadcrumb":{"@id":"https:\/\/portalnpm.com\/index.php\/2021\/10\/24\/jovem-de-belem-do-piaui-que-sofreu-acidente-em-urucui-morre-em-floriano\/#breadcrumb"},"inLanguage":"pt-BR","potentialAction":[{"@type":"ReadAction","target":["https:\/\/portalnpm.com\/index.php\/2021\/10\/24\/jovem-de-belem-do-piaui-que-sofreu-acidente-em-urucui-morre-em-floriano\/"]}]},{"@type":"ImageObject","inLanguage":"pt-BR","@id":"https:\/\/portalnpm.com\/index.php\/2021\/10\/24\/jovem-de-belem-do-piaui-que-sofreu-acidente-em-urucui-morre-em-floriano\/#primaryimage","url":"","contentUrl":""},{"@type":"BreadcrumbList","@id":"https:\/\/portalnpm.com\/index.php\/2021\/10\/24\/jovem-de-belem-do-piaui-que-sofreu-acidente-em-urucui-morre-em-floriano\/#breadcrumb","itemListElement":[{"@type":"ListItem","position":1,"name":"In\u00edcio","item":"https:\/\/portalnpm.com\/"},{"@type":"ListItem","position":2,"name":"Jovem de Bel\u00e9m do Piau\u00ed que sofreu acidente em Uru\u00e7u\u00ed morre em Floriano"}]},{"@type":"WebSite","@id":"https:\/\/portalnpm.com\/#website","url":"https:\/\/portalnpm.com\/","name":"Portal NPM","description":"Not\u00edcias em Primeira M\u00e3o","potentialAction":[{"@type":"SearchAction","target":{"@type":"EntryPoint","urlTemplate":"https:\/\/portalnpm.com\/?s={search_term_string}"},"query-input":"required name=search_term_string"}],"inLanguage":"pt-BR"},{"@type":"Person","@id":"https:\/\/portalnpm.com\/#\/schema\/person\/49313e563cfdefcc167f1ee4c017c294","name":"Genival Barbosa","image":{"@type":"ImageObject","inLanguage":"pt-BR","@id":"https:\/\/portalnpm.com\/#\/schema\/person\/image\/","url":"https:\/\/portalnpm.com\/wp-content\/uploads\/2024\/02\/avatar_user_2_1707743258-96x96.jpeg","contentUrl":"https:\/\/portalnpm.com\/wp-content\/uploads\/2024\/02\/avatar_user_2_1707743258-96x96.jpeg","caption":"Genival Barbosa"},"url":"https:\/\/portalnpm.com\/index.php\/author\/genival\/"}]}},"jetpack_sharing_enabled":true,"jetpack_featured_media_url":"","_links":{"self":[{"href":"https:\/\/portalnpm.com\/index.php\/wp-json\/wp\/v2\/posts\/37675"}],"collection":[{"href":"https:\/\/portalnpm.com\/index.php\/wp-json\/wp\/v2\/posts"}],"about":[{"href":"https:\/\/portalnpm.com\/index.php\/wp-json\/wp\/v2\/types\/post"}],"author":[{"embeddable":true,"href":"https:\/\/portalnpm.com\/index.php\/wp-json\/wp\/v2\/users\/2"}],"replies":[{"embeddable":true,"href":"https:\/\/portalnpm.com\/index.php\/wp-json\/wp\/v2\/comments?post=37675"}],"version-history":[{"count":0,"href":"https:\/\/portalnpm.com\/index.php\/wp-json\/wp\/v2\/posts\/37675\/revisions"}],"wp:featuredmedia":[{"embeddable":true,"href":"https:\/\/portalnpm.com\/index.php\/wp-json\/"}],"wp:attachment":[{"href":"https:\/\/portalnpm.com\/index.php\/wp-json\/wp\/v2\/media?parent=37675"}],"wp:term":[{"taxonomy":"category","embeddable":true,"href":"https:\/\/portalnpm.com\/index.php\/wp-json\/wp\/v2\/categories?post=37675"},{"taxonomy":"post_tag","embeddable":true,"href":"https:\/\/portalnpm.com\/index.php\/wp-json\/wp\/v2\/tags?post=37675"}],"curies":[{"name":"wp","href":"https:\/\/api.w.org\/{rel}","templated":true}]}}