{"id":37732,"date":"2021-10-27T19:22:12","date_gmt":"2021-10-27T22:22:12","guid":{"rendered":"https:\/\/backupnpm.codetainer.com.br\/?p=37732"},"modified":"2021-10-27T19:22:12","modified_gmt":"2021-10-27T22:22:12","slug":"bolsonaro-volta-a-falar-em-privatizar-petrobras","status":"publish","type":"post","link":"https:\/\/portalnpm.com\/index.php\/2021\/10\/27\/bolsonaro-volta-a-falar-em-privatizar-petrobras\/","title":{"rendered":"Bolsonaro volta a falar em privatizar Petrobras"},"content":{"rendered":"<p style=\"text-align: justify;\">BRAS\u00cdLIA (Reuters) &#8211; O presidente Jair Bolsonaro voltou a falar nesta quarta-feira que considera privatizar a Petrobras e afirmou que a estatal serve para lhe dar &#8220;dor de cabe\u00e7a&#8221; e para prestar servi\u00e7o aos seus acionistas.<\/p>\n<p style=\"text-align: justify;\">\n<p style=\"text-align: justify;\">\n<p style=\"text-align: justify;\">&#8220;O combust\u00edvel est\u00e1 subindo no mundo todo, aqui est\u00e1 subindo menos. Alguns acham que a culpa \u00e9 minha. Eu posso interferir na Petrobras? Eu vou responder a processo, o presidente da Petrobras vai acabar sendo preso&#8221;, disse em entrevista \u00e0 TV Jovem Pan News, que estreou nesta quarta.<\/p>\n<p style=\"text-align: justify;\">&#8220;\u00c9 uma estatal que s\u00f3 me d\u00e1 dor de cabe\u00e7a. N\u00f3s vamos partir para uma maneira de quebrarmos mais monop\u00f3lio, quem sabe at\u00e9 botar no radar da privatiza\u00e7\u00e3o. \u00c9 isso que n\u00f3s queremos.&#8221;<\/p>\n<div id=\"outbrain_widget_0\" class=\"OUTBRAIN\" style=\"text-align: justify;\" data-external-id=\"0b1d9aa1c335470dab2477de83a59760\" data-src=\"DROP_PERMALINK_HERE\" data-widget-id=\"MB_1\" data-ob-mark=\"true\" data-browser=\"chrome\" data-os=\"linux armv8l\" data-dynload=\"\" data-idx=\"0\">\n<div class=\"ob-widget ob-grid-layout ob-text-on-image MB_1 ob-cmn-MB_1\" data-dynamic-truncate=\"true\">\n<div class=\"ob-widget-items-container\">\n<div class=\"ob-dynamic-rec-container ob-recIdx-0 ob-p\" data-pos=\"0\"><\/div>\n<\/div>\n<div class=\"ob-widget-footer\">\n<div class=\"ob-pixels\"><\/div>\n<\/div>\n<\/div>\n<\/div>\n<p style=\"text-align: justify;\">Bolsonaro tem falado nos \u00faltimos dias na privatiza\u00e7\u00e3o da empresa. O l\u00edder do governo no Senado, Fernando Bezerra (MDB-PE), admitiu \u00e0 Reuters que est\u00e1 sendo estudado um projeto de lei para venda de a\u00e7\u00f5es e privatiza\u00e7\u00e3o da companhia. Uma das alternativas \u00e9 a venda de a\u00e7\u00f5es do governo, hoje maior acionista, para diluir a participa\u00e7\u00e3o societ\u00e1ria na estatal.<\/p>\n<p style=\"text-align: justify;\">Na entrevista, Bolsonaro criticou a pol\u00edtica de pre\u00e7os adotada a partir do governo de Michel Temer, que vincula os reajustes ao pre\u00e7o internacional do barril de petr\u00f3leo brent e ao valor do d\u00f3lar no pa\u00eds.<\/p>\n<p style=\"text-align: justify;\">&#8220;N\u00e3o adianta bater recorde na produ\u00e7\u00e3o de barril, qual a consequ\u00eancia disso? O que o povo vai pensar? N\u00f3s somos autossuficientes? Somos. Mas dado a leis do passado, \u00e0 vincula\u00e7\u00e3o do pre\u00e7o levando em conta o barril brent l\u00e1 fora e o d\u00f3lar aqui dentro, o reajuste \u00e9 autom\u00e1tico&#8221;, afirmou.<\/p>\n<p style=\"text-align: justify;\">&#8220;\u00c9 uma empresa que hoje est\u00e1 prestando servi\u00e7o para acionistas, mais ningu\u00e9m. A chance de voc\u00ea perder algo na Petrobras \u00e9 zero.&#8221;<\/p>\n<p style=\"text-align: justify;\">Apesar de falar em privatiza\u00e7\u00e3o, algo que n\u00e3o \u00e9 cogitado por partidos de centro-esquerda, Bolsonaro acabou por repetir o discurso do ex-presidente Luiz In\u00e1cio Lula da Silva, de que a Petrobras hoje, apesar de ser estatal, s\u00f3 atende aos interesses dos acionistas.<\/p>\n<p style=\"text-align: justify;\">&#8220;Voc\u00ea compra a\u00e7\u00e3o de qualquer empresa e pode perder. Na Petrobras voc\u00ea n\u00e3o perde nunca. Essa empresa \u00e9 nossa ou de alguns privilegiados? N\u00e3o \u00e9 justo o que est\u00e1 acontecendo&#8221;, reclamou.<\/p>\n<p style=\"text-align: justify;\">A Uni\u00e3o \u00e9 a maior acionista da Petrobras.<\/p>\n<p style=\"text-align: justify;\">Na ter\u00e7a-feira, a empresa aplicou mais um reajuste, de 7% para a gasolina e 9,1% para o diesel. O pr\u00f3prio presidente j\u00e1 havia dito no final de semana que viria mais um aumento esta semana. Foi o segundo reajuste em um m\u00eas.<\/p>\n<p style=\"text-align: justify;\">Apenas neste ano, os aumentos acumulados chegam a 73% para gasolina e 65,3% para o diesel, de acordo com as tabelas da Ag\u00eancia Nacional de Petr\u00f3leo.<\/p>\n<p style=\"text-align: justify;\">Por Reuters<\/p>\n","protected":false},"excerpt":{"rendered":"<p>BRAS\u00cdLIA (Reuters) &#8211; O presidente Jair Bolsonaro voltou a falar nesta quarta-feira que considera privatizar a Petrobras e afirmou que a estatal serve para lhe dar &#8220;dor de cabe\u00e7a&#8221; e para prestar servi\u00e7o aos seus acionistas. &#8220;O combust\u00edvel est\u00e1 subindo no mundo todo, aqui est\u00e1 subindo menos. Alguns acham que a culpa \u00e9 minha. Eu &hellip;<\/p>\n","protected":false},"author":2,"featured_media":37733,"comment_status":"open","ping_status":"open","sticky":false,"template":"","format":"standard","meta":{"content-type":"","rop_custom_images_group":[],"rop_custom_messages_group":[],"rop_publish_now":"initial","rop_publish_now_accounts":{"facebook_2648258775420054_1618374048415101":""},"rop_publish_now_history":[],"rop_publish_now_status":"pending","footnotes":"","_jetpack_memberships_contains_paid_content":false},"categories":[414],"tags":[14891,1084],"yoast_head":"<!-- This site is optimized with the Yoast SEO plugin v22.3 - https:\/\/yoast.com\/wordpress\/plugins\/seo\/ -->\n<title>Bolsonaro volta a falar em privatizar Petrobras - Portal NPM<\/title>\n<meta name=\"robots\" content=\"index, follow, max-snippet:-1, max-image-preview:large, max-video-preview:-1\" \/>\n<link rel=\"canonical\" href=\"https:\/\/portalnpm.com\/index.php\/2021\/10\/27\/bolsonaro-volta-a-falar-em-privatizar-petrobras\/\" \/>\n<meta property=\"og:locale\" content=\"pt_BR\" \/>\n<meta property=\"og:type\" content=\"article\" \/>\n<meta property=\"og:title\" content=\"Bolsonaro volta a falar em privatizar Petrobras - Portal NPM\" \/>\n<meta property=\"og:description\" content=\"BRAS\u00cdLIA (Reuters) &#8211; O presidente Jair Bolsonaro voltou a falar nesta quarta-feira que considera privatizar a Petrobras e afirmou que a estatal serve para lhe dar &#8220;dor de cabe\u00e7a&#8221; e para prestar servi\u00e7o aos seus acionistas. &#8220;O combust\u00edvel est\u00e1 subindo no mundo todo, aqui est\u00e1 subindo menos. Alguns acham que a culpa \u00e9 minha. Eu &hellip;\" \/>\n<meta property=\"og:url\" content=\"https:\/\/portalnpm.com\/index.php\/2021\/10\/27\/bolsonaro-volta-a-falar-em-privatizar-petrobras\/\" \/>\n<meta property=\"og:site_name\" content=\"Portal NPM\" \/>\n<meta property=\"article:published_time\" content=\"2021-10-27T22:22:12+00:00\" \/>\n<meta name=\"author\" content=\"Genival Barbosa\" \/>\n<meta name=\"twitter:card\" content=\"summary_large_image\" \/>\n<meta name=\"twitter:label1\" content=\"Escrito por\" \/>\n\t<meta name=\"twitter:data1\" content=\"Genival Barbosa\" \/>\n\t<meta name=\"twitter:label2\" content=\"Est. tempo de leitura\" \/>\n\t<meta name=\"twitter:data2\" content=\"2 minutos\" \/>\n<script type=\"application\/ld+json\" class=\"yoast-schema-graph\">{\"@context\":\"https:\/\/schema.org\",\"@graph\":[{\"@type\":\"WebPage\",\"@id\":\"https:\/\/portalnpm.com\/index.php\/2021\/10\/27\/bolsonaro-volta-a-falar-em-privatizar-petrobras\/\",\"url\":\"https:\/\/portalnpm.com\/index.php\/2021\/10\/27\/bolsonaro-volta-a-falar-em-privatizar-petrobras\/\",\"name\":\"Bolsonaro volta a falar em privatizar Petrobras - Portal NPM\",\"isPartOf\":{\"@id\":\"https:\/\/portalnpm.com\/#website\"},\"primaryImageOfPage\":{\"@id\":\"https:\/\/portalnpm.com\/index.php\/2021\/10\/27\/bolsonaro-volta-a-falar-em-privatizar-petrobras\/#primaryimage\"},\"image\":{\"@id\":\"https:\/\/portalnpm.com\/index.php\/2021\/10\/27\/bolsonaro-volta-a-falar-em-privatizar-petrobras\/#primaryimage\"},\"thumbnailUrl\":\"\",\"datePublished\":\"2021-10-27T22:22:12+00:00\",\"dateModified\":\"2021-10-27T22:22:12+00:00\",\"author\":{\"@id\":\"https:\/\/portalnpm.com\/#\/schema\/person\/49313e563cfdefcc167f1ee4c017c294\"},\"breadcrumb\":{\"@id\":\"https:\/\/portalnpm.com\/index.php\/2021\/10\/27\/bolsonaro-volta-a-falar-em-privatizar-petrobras\/#breadcrumb\"},\"inLanguage\":\"pt-BR\",\"potentialAction\":[{\"@type\":\"ReadAction\",\"target\":[\"https:\/\/portalnpm.com\/index.php\/2021\/10\/27\/bolsonaro-volta-a-falar-em-privatizar-petrobras\/\"]}]},{\"@type\":\"ImageObject\",\"inLanguage\":\"pt-BR\",\"@id\":\"https:\/\/portalnpm.com\/index.php\/2021\/10\/27\/bolsonaro-volta-a-falar-em-privatizar-petrobras\/#primaryimage\",\"url\":\"\",\"contentUrl\":\"\"},{\"@type\":\"BreadcrumbList\",\"@id\":\"https:\/\/portalnpm.com\/index.php\/2021\/10\/27\/bolsonaro-volta-a-falar-em-privatizar-petrobras\/#breadcrumb\",\"itemListElement\":[{\"@type\":\"ListItem\",\"position\":1,\"name\":\"In\u00edcio\",\"item\":\"https:\/\/portalnpm.com\/\"},{\"@type\":\"ListItem\",\"position\":2,\"name\":\"Bolsonaro volta a falar em privatizar Petrobras\"}]},{\"@type\":\"WebSite\",\"@id\":\"https:\/\/portalnpm.com\/#website\",\"url\":\"https:\/\/portalnpm.com\/\",\"name\":\"Portal NPM\",\"description\":\"Not\u00edcias em Primeira M\u00e3o\",\"potentialAction\":[{\"@type\":\"SearchAction\",\"target\":{\"@type\":\"EntryPoint\",\"urlTemplate\":\"https:\/\/portalnpm.com\/?s={search_term_string}\"},\"query-input\":\"required name=search_term_string\"}],\"inLanguage\":\"pt-BR\"},{\"@type\":\"Person\",\"@id\":\"https:\/\/portalnpm.com\/#\/schema\/person\/49313e563cfdefcc167f1ee4c017c294\",\"name\":\"Genival Barbosa\",\"image\":{\"@type\":\"ImageObject\",\"inLanguage\":\"pt-BR\",\"@id\":\"https:\/\/portalnpm.com\/#\/schema\/person\/image\/\",\"url\":\"https:\/\/portalnpm.com\/wp-content\/uploads\/2024\/02\/avatar_user_2_1707743258-96x96.jpeg\",\"contentUrl\":\"https:\/\/portalnpm.com\/wp-content\/uploads\/2024\/02\/avatar_user_2_1707743258-96x96.jpeg\",\"caption\":\"Genival Barbosa\"},\"url\":\"https:\/\/portalnpm.com\/index.php\/author\/genival\/\"}]}<\/script>\n<!-- \/ Yoast SEO plugin. -->","yoast_head_json":{"title":"Bolsonaro volta a falar em privatizar Petrobras - Portal NPM","robots":{"index":"index","follow":"follow","max-snippet":"max-snippet:-1","max-image-preview":"max-image-preview:large","max-video-preview":"max-video-preview:-1"},"canonical":"https:\/\/portalnpm.com\/index.php\/2021\/10\/27\/bolsonaro-volta-a-falar-em-privatizar-petrobras\/","og_locale":"pt_BR","og_type":"article","og_title":"Bolsonaro volta a falar em privatizar Petrobras - Portal NPM","og_description":"BRAS\u00cdLIA (Reuters) &#8211; O presidente Jair Bolsonaro voltou a falar nesta quarta-feira que considera privatizar a Petrobras e afirmou que a estatal serve para lhe dar &#8220;dor de cabe\u00e7a&#8221; e para prestar servi\u00e7o aos seus acionistas. &#8220;O combust\u00edvel est\u00e1 subindo no mundo todo, aqui est\u00e1 subindo menos. Alguns acham que a culpa \u00e9 minha. Eu &hellip;","og_url":"https:\/\/portalnpm.com\/index.php\/2021\/10\/27\/bolsonaro-volta-a-falar-em-privatizar-petrobras\/","og_site_name":"Portal NPM","article_published_time":"2021-10-27T22:22:12+00:00","author":"Genival Barbosa","twitter_card":"summary_large_image","twitter_misc":{"Escrito por":"Genival Barbosa","Est. tempo de leitura":"2 minutos"},"schema":{"@context":"https:\/\/schema.org","@graph":[{"@type":"WebPage","@id":"https:\/\/portalnpm.com\/index.php\/2021\/10\/27\/bolsonaro-volta-a-falar-em-privatizar-petrobras\/","url":"https:\/\/portalnpm.com\/index.php\/2021\/10\/27\/bolsonaro-volta-a-falar-em-privatizar-petrobras\/","name":"Bolsonaro volta a falar em privatizar Petrobras - Portal NPM","isPartOf":{"@id":"https:\/\/portalnpm.com\/#website"},"primaryImageOfPage":{"@id":"https:\/\/portalnpm.com\/index.php\/2021\/10\/27\/bolsonaro-volta-a-falar-em-privatizar-petrobras\/#primaryimage"},"image":{"@id":"https:\/\/portalnpm.com\/index.php\/2021\/10\/27\/bolsonaro-volta-a-falar-em-privatizar-petrobras\/#primaryimage"},"thumbnailUrl":"","datePublished":"2021-10-27T22:22:12+00:00","dateModified":"2021-10-27T22:22:12+00:00","author":{"@id":"https:\/\/portalnpm.com\/#\/schema\/person\/49313e563cfdefcc167f1ee4c017c294"},"breadcrumb":{"@id":"https:\/\/portalnpm.com\/index.php\/2021\/10\/27\/bolsonaro-volta-a-falar-em-privatizar-petrobras\/#breadcrumb"},"inLanguage":"pt-BR","potentialAction":[{"@type":"ReadAction","target":["https:\/\/portalnpm.com\/index.php\/2021\/10\/27\/bolsonaro-volta-a-falar-em-privatizar-petrobras\/"]}]},{"@type":"ImageObject","inLanguage":"pt-BR","@id":"https:\/\/portalnpm.com\/index.php\/2021\/10\/27\/bolsonaro-volta-a-falar-em-privatizar-petrobras\/#primaryimage","url":"","contentUrl":""},{"@type":"BreadcrumbList","@id":"https:\/\/portalnpm.com\/index.php\/2021\/10\/27\/bolsonaro-volta-a-falar-em-privatizar-petrobras\/#breadcrumb","itemListElement":[{"@type":"ListItem","position":1,"name":"In\u00edcio","item":"https:\/\/portalnpm.com\/"},{"@type":"ListItem","position":2,"name":"Bolsonaro volta a falar em privatizar Petrobras"}]},{"@type":"WebSite","@id":"https:\/\/portalnpm.com\/#website","url":"https:\/\/portalnpm.com\/","name":"Portal NPM","description":"Not\u00edcias em Primeira M\u00e3o","potentialAction":[{"@type":"SearchAction","target":{"@type":"EntryPoint","urlTemplate":"https:\/\/portalnpm.com\/?s={search_term_string}"},"query-input":"required name=search_term_string"}],"inLanguage":"pt-BR"},{"@type":"Person","@id":"https:\/\/portalnpm.com\/#\/schema\/person\/49313e563cfdefcc167f1ee4c017c294","name":"Genival Barbosa","image":{"@type":"ImageObject","inLanguage":"pt-BR","@id":"https:\/\/portalnpm.com\/#\/schema\/person\/image\/","url":"https:\/\/portalnpm.com\/wp-content\/uploads\/2024\/02\/avatar_user_2_1707743258-96x96.jpeg","contentUrl":"https:\/\/portalnpm.com\/wp-content\/uploads\/2024\/02\/avatar_user_2_1707743258-96x96.jpeg","caption":"Genival Barbosa"},"url":"https:\/\/portalnpm.com\/index.php\/author\/genival\/"}]}},"jetpack_sharing_enabled":true,"jetpack_featured_media_url":"","_links":{"self":[{"href":"https:\/\/portalnpm.com\/index.php\/wp-json\/wp\/v2\/posts\/37732"}],"collection":[{"href":"https:\/\/portalnpm.com\/index.php\/wp-json\/wp\/v2\/posts"}],"about":[{"href":"https:\/\/portalnpm.com\/index.php\/wp-json\/wp\/v2\/types\/post"}],"author":[{"embeddable":true,"href":"https:\/\/portalnpm.com\/index.php\/wp-json\/wp\/v2\/users\/2"}],"replies":[{"embeddable":true,"href":"https:\/\/portalnpm.com\/index.php\/wp-json\/wp\/v2\/comments?post=37732"}],"version-history":[{"count":0,"href":"https:\/\/portalnpm.com\/index.php\/wp-json\/wp\/v2\/posts\/37732\/revisions"}],"wp:featuredmedia":[{"embeddable":true,"href":"https:\/\/portalnpm.com\/index.php\/wp-json\/"}],"wp:attachment":[{"href":"https:\/\/portalnpm.com\/index.php\/wp-json\/wp\/v2\/media?parent=37732"}],"wp:term":[{"taxonomy":"category","embeddable":true,"href":"https:\/\/portalnpm.com\/index.php\/wp-json\/wp\/v2\/categories?post=37732"},{"taxonomy":"post_tag","embeddable":true,"href":"https:\/\/portalnpm.com\/index.php\/wp-json\/wp\/v2\/tags?post=37732"}],"curies":[{"name":"wp","href":"https:\/\/api.w.org\/{rel}","templated":true}]}}