{"id":37747,"date":"2021-10-27T19:41:33","date_gmt":"2021-10-27T22:41:33","guid":{"rendered":"https:\/\/backupnpm.codetainer.com.br\/?p=37747"},"modified":"2021-10-27T19:41:33","modified_gmt":"2021-10-27T22:41:33","slug":"se-venderem-eu-tomo-de-volta-diz-ciro-gomes-sobre-privatizacao-da-petrobras","status":"publish","type":"post","link":"https:\/\/portalnpm.com\/index.php\/2021\/10\/27\/se-venderem-eu-tomo-de-volta-diz-ciro-gomes-sobre-privatizacao-da-petrobras\/","title":{"rendered":"\u2018Se venderem, eu tomo de volta\u2019, diz Ciro Gomes sobre privatiza\u00e7\u00e3o da Petrobras"},"content":{"rendered":"<p style=\"text-align: justify;\">O pr\u00e9-candidato \u00e0 Presid\u00eancia pelo\u00a0<a tabindex=\"0\" href=\"https:\/\/istoe.com.br\/tag\/PDT\/\" target=\"_blank\" rel=\"noopener\" data-id=\"38\" data-m=\"{&quot;i&quot;:38,&quot;p&quot;:36,&quot;n&quot;:&quot;partnerLink&quot;,&quot;y&quot;:24,&quot;o&quot;:2}\"><strong>PDT<\/strong><\/a>,\u00a0<a tabindex=\"0\" href=\"https:\/\/istoe.com.br\/tag\/ciro-gomes\/\" target=\"_blank\" rel=\"noopener\" data-id=\"39\" data-m=\"{&quot;i&quot;:39,&quot;p&quot;:36,&quot;n&quot;:&quot;partnerLink&quot;,&quot;y&quot;:24,&quot;o&quot;:3}\"><strong>Ciro Gomes<\/strong><\/a>, disse na noite desta ter\u00e7a-feira (26) em live nas suas redes sociais que, se Bolsonaro privatizar a\u00a0<a tabindex=\"0\" href=\"https:\/\/istoe.com.br\/tag\/petrobras\/\" target=\"_blank\" rel=\"noopener\" data-id=\"40\" data-m=\"{&quot;i&quot;:40,&quot;p&quot;:36,&quot;n&quot;:&quot;partnerLink&quot;,&quot;y&quot;:24,&quot;o&quot;:4}\"><strong>Petrobras<\/strong><\/a>, ele, se eleito presidente, a reestatizar\u00e1. \u201cSe venderem, eu tomo de volta com as devidas indeniza\u00e7\u00f5es\u201d, afirmou.<\/p>\n<p style=\"text-align: justify;\">\n<p style=\"text-align: justify;\">\n<p style=\"text-align: justify;\">\u201cS\u00f3 n\u00e3o v\u00ea quem n\u00e3o quer. O que\u00a0<a tabindex=\"0\" href=\"https:\/\/istoe.com.br\/tag\/bolsonaro\/\" target=\"_blank\" rel=\"noopener\" data-id=\"41\" data-m=\"{&quot;i&quot;:41,&quot;p&quot;:36,&quot;n&quot;:&quot;partnerLink&quot;,&quot;y&quot;:24,&quot;o&quot;:5}\"><strong>Bolsonaro<\/strong><\/a>\u00a0e\u00a0<a tabindex=\"0\" href=\"https:\/\/istoe.com.br\/tag\/paulo-guedes\/\" target=\"_blank\" rel=\"noopener\" data-id=\"42\" data-m=\"{&quot;i&quot;:42,&quot;p&quot;:36,&quot;n&quot;:&quot;partnerLink&quot;,&quot;y&quot;:24,&quot;o&quot;:6}\"><strong>Guedes<\/strong><\/a>\u00a0planejam, com essa absurda pol\u00edtica de pre\u00e7os de combust\u00edveis, \u00e9, nada menos, que a privatiza\u00e7\u00e3o da Petrobras\u201d, alertou Ciro. Ele considera a eleva\u00e7\u00e3o de pre\u00e7os parte de uma \u201cestrat\u00e9gia maligna\u201d. \u201cSe baseia em dois p\u00f3los: de um lado, tornar a Petrobras queridinha dos mercados internacionais. De outro, torn\u00e1-la antip\u00e1tica ao povo brasileiro.\u201d<\/p>\n<p style=\"text-align: justify;\">Ciro ainda faz um chamado para todos que compreendem a import\u00e2ncia estrat\u00e9gica da Petrobras:<\/p>\n<p style=\"text-align: justify;\">\u201c\u00c9 hora de todos n\u00f3s, brasileiras e brasileiros, abrirmos uma luta, em todas as frentes, para evitar a privatiza\u00e7\u00e3o\u201d.<\/p>\n<p style=\"text-align: justify;\">Por Isto\u00e9<\/p>\n","protected":false},"excerpt":{"rendered":"<p>O pr\u00e9-candidato \u00e0 Presid\u00eancia pelo\u00a0PDT,\u00a0Ciro Gomes, disse na noite desta ter\u00e7a-feira (26) em live nas suas redes sociais que, se Bolsonaro privatizar a\u00a0Petrobras, ele, se eleito presidente, a reestatizar\u00e1. \u201cSe venderem, eu tomo de volta com as devidas indeniza\u00e7\u00f5es\u201d, afirmou. \u201cS\u00f3 n\u00e3o v\u00ea quem n\u00e3o quer. O que\u00a0Bolsonaro\u00a0e\u00a0Guedes\u00a0planejam, com essa absurda pol\u00edtica de pre\u00e7os de &hellip;<\/p>\n","protected":false},"author":2,"featured_media":37748,"comment_status":"open","ping_status":"open","sticky":false,"template":"","format":"standard","meta":{"content-type":"","rop_custom_images_group":[],"rop_custom_messages_group":[],"rop_publish_now":"initial","rop_publish_now_accounts":{"facebook_2648258775420054_1618374048415101":""},"rop_publish_now_history":[],"rop_publish_now_status":"pending","footnotes":"","_jetpack_memberships_contains_paid_content":false},"categories":[414],"tags":[473,1084],"yoast_head":"<!-- This site is optimized with the Yoast SEO plugin v22.3 - https:\/\/yoast.com\/wordpress\/plugins\/seo\/ -->\n<title>\u2018Se venderem, eu tomo de volta\u2019, diz Ciro Gomes sobre privatiza\u00e7\u00e3o da Petrobras - Portal NPM<\/title>\n<meta name=\"robots\" content=\"index, follow, max-snippet:-1, max-image-preview:large, max-video-preview:-1\" \/>\n<link rel=\"canonical\" href=\"https:\/\/portalnpm.com\/index.php\/2021\/10\/27\/se-venderem-eu-tomo-de-volta-diz-ciro-gomes-sobre-privatizacao-da-petrobras\/\" \/>\n<meta property=\"og:locale\" content=\"pt_BR\" \/>\n<meta property=\"og:type\" content=\"article\" \/>\n<meta property=\"og:title\" content=\"\u2018Se venderem, eu tomo de volta\u2019, diz Ciro Gomes sobre privatiza\u00e7\u00e3o da Petrobras - Portal NPM\" \/>\n<meta property=\"og:description\" content=\"O pr\u00e9-candidato \u00e0 Presid\u00eancia pelo\u00a0PDT,\u00a0Ciro Gomes, disse na noite desta ter\u00e7a-feira (26) em live nas suas redes sociais que, se Bolsonaro privatizar a\u00a0Petrobras, ele, se eleito presidente, a reestatizar\u00e1. \u201cSe venderem, eu tomo de volta com as devidas indeniza\u00e7\u00f5es\u201d, afirmou. \u201cS\u00f3 n\u00e3o v\u00ea quem n\u00e3o quer. O que\u00a0Bolsonaro\u00a0e\u00a0Guedes\u00a0planejam, com essa absurda pol\u00edtica de pre\u00e7os de &hellip;\" \/>\n<meta property=\"og:url\" content=\"https:\/\/portalnpm.com\/index.php\/2021\/10\/27\/se-venderem-eu-tomo-de-volta-diz-ciro-gomes-sobre-privatizacao-da-petrobras\/\" \/>\n<meta property=\"og:site_name\" content=\"Portal NPM\" \/>\n<meta property=\"article:published_time\" content=\"2021-10-27T22:41:33+00:00\" \/>\n<meta name=\"author\" content=\"Genival Barbosa\" \/>\n<meta name=\"twitter:card\" content=\"summary_large_image\" \/>\n<meta name=\"twitter:label1\" content=\"Escrito por\" \/>\n\t<meta name=\"twitter:data1\" content=\"Genival Barbosa\" \/>\n\t<meta name=\"twitter:label2\" content=\"Est. tempo de leitura\" \/>\n\t<meta name=\"twitter:data2\" content=\"1 minuto\" \/>\n<script type=\"application\/ld+json\" class=\"yoast-schema-graph\">{\"@context\":\"https:\/\/schema.org\",\"@graph\":[{\"@type\":\"WebPage\",\"@id\":\"https:\/\/portalnpm.com\/index.php\/2021\/10\/27\/se-venderem-eu-tomo-de-volta-diz-ciro-gomes-sobre-privatizacao-da-petrobras\/\",\"url\":\"https:\/\/portalnpm.com\/index.php\/2021\/10\/27\/se-venderem-eu-tomo-de-volta-diz-ciro-gomes-sobre-privatizacao-da-petrobras\/\",\"name\":\"\u2018Se venderem, eu tomo de volta\u2019, diz Ciro Gomes sobre privatiza\u00e7\u00e3o da Petrobras - Portal NPM\",\"isPartOf\":{\"@id\":\"https:\/\/portalnpm.com\/#website\"},\"primaryImageOfPage\":{\"@id\":\"https:\/\/portalnpm.com\/index.php\/2021\/10\/27\/se-venderem-eu-tomo-de-volta-diz-ciro-gomes-sobre-privatizacao-da-petrobras\/#primaryimage\"},\"image\":{\"@id\":\"https:\/\/portalnpm.com\/index.php\/2021\/10\/27\/se-venderem-eu-tomo-de-volta-diz-ciro-gomes-sobre-privatizacao-da-petrobras\/#primaryimage\"},\"thumbnailUrl\":\"\",\"datePublished\":\"2021-10-27T22:41:33+00:00\",\"dateModified\":\"2021-10-27T22:41:33+00:00\",\"author\":{\"@id\":\"https:\/\/portalnpm.com\/#\/schema\/person\/49313e563cfdefcc167f1ee4c017c294\"},\"breadcrumb\":{\"@id\":\"https:\/\/portalnpm.com\/index.php\/2021\/10\/27\/se-venderem-eu-tomo-de-volta-diz-ciro-gomes-sobre-privatizacao-da-petrobras\/#breadcrumb\"},\"inLanguage\":\"pt-BR\",\"potentialAction\":[{\"@type\":\"ReadAction\",\"target\":[\"https:\/\/portalnpm.com\/index.php\/2021\/10\/27\/se-venderem-eu-tomo-de-volta-diz-ciro-gomes-sobre-privatizacao-da-petrobras\/\"]}]},{\"@type\":\"ImageObject\",\"inLanguage\":\"pt-BR\",\"@id\":\"https:\/\/portalnpm.com\/index.php\/2021\/10\/27\/se-venderem-eu-tomo-de-volta-diz-ciro-gomes-sobre-privatizacao-da-petrobras\/#primaryimage\",\"url\":\"\",\"contentUrl\":\"\"},{\"@type\":\"BreadcrumbList\",\"@id\":\"https:\/\/portalnpm.com\/index.php\/2021\/10\/27\/se-venderem-eu-tomo-de-volta-diz-ciro-gomes-sobre-privatizacao-da-petrobras\/#breadcrumb\",\"itemListElement\":[{\"@type\":\"ListItem\",\"position\":1,\"name\":\"In\u00edcio\",\"item\":\"https:\/\/portalnpm.com\/\"},{\"@type\":\"ListItem\",\"position\":2,\"name\":\"\u2018Se venderem, eu tomo de volta\u2019, diz Ciro Gomes sobre privatiza\u00e7\u00e3o da Petrobras\"}]},{\"@type\":\"WebSite\",\"@id\":\"https:\/\/portalnpm.com\/#website\",\"url\":\"https:\/\/portalnpm.com\/\",\"name\":\"Portal NPM\",\"description\":\"Not\u00edcias em Primeira M\u00e3o\",\"potentialAction\":[{\"@type\":\"SearchAction\",\"target\":{\"@type\":\"EntryPoint\",\"urlTemplate\":\"https:\/\/portalnpm.com\/?s={search_term_string}\"},\"query-input\":\"required name=search_term_string\"}],\"inLanguage\":\"pt-BR\"},{\"@type\":\"Person\",\"@id\":\"https:\/\/portalnpm.com\/#\/schema\/person\/49313e563cfdefcc167f1ee4c017c294\",\"name\":\"Genival Barbosa\",\"image\":{\"@type\":\"ImageObject\",\"inLanguage\":\"pt-BR\",\"@id\":\"https:\/\/portalnpm.com\/#\/schema\/person\/image\/\",\"url\":\"https:\/\/portalnpm.com\/wp-content\/uploads\/2024\/02\/avatar_user_2_1707743258-96x96.jpeg\",\"contentUrl\":\"https:\/\/portalnpm.com\/wp-content\/uploads\/2024\/02\/avatar_user_2_1707743258-96x96.jpeg\",\"caption\":\"Genival Barbosa\"},\"url\":\"https:\/\/portalnpm.com\/index.php\/author\/genival\/\"}]}<\/script>\n<!-- \/ Yoast SEO plugin. -->","yoast_head_json":{"title":"\u2018Se venderem, eu tomo de volta\u2019, diz Ciro Gomes sobre privatiza\u00e7\u00e3o da Petrobras - Portal NPM","robots":{"index":"index","follow":"follow","max-snippet":"max-snippet:-1","max-image-preview":"max-image-preview:large","max-video-preview":"max-video-preview:-1"},"canonical":"https:\/\/portalnpm.com\/index.php\/2021\/10\/27\/se-venderem-eu-tomo-de-volta-diz-ciro-gomes-sobre-privatizacao-da-petrobras\/","og_locale":"pt_BR","og_type":"article","og_title":"\u2018Se venderem, eu tomo de volta\u2019, diz Ciro Gomes sobre privatiza\u00e7\u00e3o da Petrobras - Portal NPM","og_description":"O pr\u00e9-candidato \u00e0 Presid\u00eancia pelo\u00a0PDT,\u00a0Ciro Gomes, disse na noite desta ter\u00e7a-feira (26) em live nas suas redes sociais que, se Bolsonaro privatizar a\u00a0Petrobras, ele, se eleito presidente, a reestatizar\u00e1. \u201cSe venderem, eu tomo de volta com as devidas indeniza\u00e7\u00f5es\u201d, afirmou. \u201cS\u00f3 n\u00e3o v\u00ea quem n\u00e3o quer. O que\u00a0Bolsonaro\u00a0e\u00a0Guedes\u00a0planejam, com essa absurda pol\u00edtica de pre\u00e7os de &hellip;","og_url":"https:\/\/portalnpm.com\/index.php\/2021\/10\/27\/se-venderem-eu-tomo-de-volta-diz-ciro-gomes-sobre-privatizacao-da-petrobras\/","og_site_name":"Portal NPM","article_published_time":"2021-10-27T22:41:33+00:00","author":"Genival Barbosa","twitter_card":"summary_large_image","twitter_misc":{"Escrito por":"Genival Barbosa","Est. tempo de leitura":"1 minuto"},"schema":{"@context":"https:\/\/schema.org","@graph":[{"@type":"WebPage","@id":"https:\/\/portalnpm.com\/index.php\/2021\/10\/27\/se-venderem-eu-tomo-de-volta-diz-ciro-gomes-sobre-privatizacao-da-petrobras\/","url":"https:\/\/portalnpm.com\/index.php\/2021\/10\/27\/se-venderem-eu-tomo-de-volta-diz-ciro-gomes-sobre-privatizacao-da-petrobras\/","name":"\u2018Se venderem, eu tomo de volta\u2019, diz Ciro Gomes sobre privatiza\u00e7\u00e3o da Petrobras - Portal NPM","isPartOf":{"@id":"https:\/\/portalnpm.com\/#website"},"primaryImageOfPage":{"@id":"https:\/\/portalnpm.com\/index.php\/2021\/10\/27\/se-venderem-eu-tomo-de-volta-diz-ciro-gomes-sobre-privatizacao-da-petrobras\/#primaryimage"},"image":{"@id":"https:\/\/portalnpm.com\/index.php\/2021\/10\/27\/se-venderem-eu-tomo-de-volta-diz-ciro-gomes-sobre-privatizacao-da-petrobras\/#primaryimage"},"thumbnailUrl":"","datePublished":"2021-10-27T22:41:33+00:00","dateModified":"2021-10-27T22:41:33+00:00","author":{"@id":"https:\/\/portalnpm.com\/#\/schema\/person\/49313e563cfdefcc167f1ee4c017c294"},"breadcrumb":{"@id":"https:\/\/portalnpm.com\/index.php\/2021\/10\/27\/se-venderem-eu-tomo-de-volta-diz-ciro-gomes-sobre-privatizacao-da-petrobras\/#breadcrumb"},"inLanguage":"pt-BR","potentialAction":[{"@type":"ReadAction","target":["https:\/\/portalnpm.com\/index.php\/2021\/10\/27\/se-venderem-eu-tomo-de-volta-diz-ciro-gomes-sobre-privatizacao-da-petrobras\/"]}]},{"@type":"ImageObject","inLanguage":"pt-BR","@id":"https:\/\/portalnpm.com\/index.php\/2021\/10\/27\/se-venderem-eu-tomo-de-volta-diz-ciro-gomes-sobre-privatizacao-da-petrobras\/#primaryimage","url":"","contentUrl":""},{"@type":"BreadcrumbList","@id":"https:\/\/portalnpm.com\/index.php\/2021\/10\/27\/se-venderem-eu-tomo-de-volta-diz-ciro-gomes-sobre-privatizacao-da-petrobras\/#breadcrumb","itemListElement":[{"@type":"ListItem","position":1,"name":"In\u00edcio","item":"https:\/\/portalnpm.com\/"},{"@type":"ListItem","position":2,"name":"\u2018Se venderem, eu tomo de volta\u2019, diz Ciro Gomes sobre privatiza\u00e7\u00e3o da Petrobras"}]},{"@type":"WebSite","@id":"https:\/\/portalnpm.com\/#website","url":"https:\/\/portalnpm.com\/","name":"Portal NPM","description":"Not\u00edcias em Primeira M\u00e3o","potentialAction":[{"@type":"SearchAction","target":{"@type":"EntryPoint","urlTemplate":"https:\/\/portalnpm.com\/?s={search_term_string}"},"query-input":"required name=search_term_string"}],"inLanguage":"pt-BR"},{"@type":"Person","@id":"https:\/\/portalnpm.com\/#\/schema\/person\/49313e563cfdefcc167f1ee4c017c294","name":"Genival Barbosa","image":{"@type":"ImageObject","inLanguage":"pt-BR","@id":"https:\/\/portalnpm.com\/#\/schema\/person\/image\/","url":"https:\/\/portalnpm.com\/wp-content\/uploads\/2024\/02\/avatar_user_2_1707743258-96x96.jpeg","contentUrl":"https:\/\/portalnpm.com\/wp-content\/uploads\/2024\/02\/avatar_user_2_1707743258-96x96.jpeg","caption":"Genival Barbosa"},"url":"https:\/\/portalnpm.com\/index.php\/author\/genival\/"}]}},"jetpack_sharing_enabled":true,"jetpack_featured_media_url":"","_links":{"self":[{"href":"https:\/\/portalnpm.com\/index.php\/wp-json\/wp\/v2\/posts\/37747"}],"collection":[{"href":"https:\/\/portalnpm.com\/index.php\/wp-json\/wp\/v2\/posts"}],"about":[{"href":"https:\/\/portalnpm.com\/index.php\/wp-json\/wp\/v2\/types\/post"}],"author":[{"embeddable":true,"href":"https:\/\/portalnpm.com\/index.php\/wp-json\/wp\/v2\/users\/2"}],"replies":[{"embeddable":true,"href":"https:\/\/portalnpm.com\/index.php\/wp-json\/wp\/v2\/comments?post=37747"}],"version-history":[{"count":0,"href":"https:\/\/portalnpm.com\/index.php\/wp-json\/wp\/v2\/posts\/37747\/revisions"}],"wp:featuredmedia":[{"embeddable":true,"href":"https:\/\/portalnpm.com\/index.php\/wp-json\/"}],"wp:attachment":[{"href":"https:\/\/portalnpm.com\/index.php\/wp-json\/wp\/v2\/media?parent=37747"}],"wp:term":[{"taxonomy":"category","embeddable":true,"href":"https:\/\/portalnpm.com\/index.php\/wp-json\/wp\/v2\/categories?post=37747"},{"taxonomy":"post_tag","embeddable":true,"href":"https:\/\/portalnpm.com\/index.php\/wp-json\/wp\/v2\/tags?post=37747"}],"curies":[{"name":"wp","href":"https:\/\/api.w.org\/{rel}","templated":true}]}}