{"id":37857,"date":"2021-11-01T19:26:33","date_gmt":"2021-11-01T22:26:33","guid":{"rendered":"https:\/\/backupnpm.codetainer.com.br\/?p=37857"},"modified":"2021-11-01T19:26:33","modified_gmt":"2021-11-01T22:26:33","slug":"pi-carro-com-ocupantes-que-iam-para-o-litoral-capota-e-cinco-ficam-feridos","status":"publish","type":"post","link":"https:\/\/portalnpm.com\/index.php\/2021\/11\/01\/pi-carro-com-ocupantes-que-iam-para-o-litoral-capota-e-cinco-ficam-feridos\/","title":{"rendered":"PI: carro com ocupantes que iam para o litoral capota e cinco ficam feridos"},"content":{"rendered":"<p style=\"text-align: justify;\">Um acidente de tr\u00e2nsito foi registrado nesta segunda-feira (01\/01) na BR-343, km 201, pr\u00f3ximo ao povoado V\u00e1rzea, cidade de Piripiri. O ve\u00edculo modelo Renaut\/Logan, placa PIU-4277, saiu da pista e capotou v\u00e1rias vezes. Os ocupantes seguiam de Teresina para Parna\u00edba. As informa\u00e7\u00f5es s\u00e3o do\u00a0<a href=\"https:\/\/piripirireporter.com\/noticias\/27627\" target=\"_blank\" rel=\"noopener\"><strong>Piripiri Rep\u00f3rter<\/strong><\/a>.<\/p>\n<p style=\"text-align: justify;\">\n<p style=\"text-align: justify;\">\n<p style=\"text-align: justify;\">O motorista, identificado por Jailson Silva, foi arremessado do carro e ficou com les\u00f5es graves. Outras quatro pessoas estavam no ve\u00edculo e sofreram les\u00f5es leves pelo corpo.<\/p>\n<p style=\"text-align: justify;\">Ap\u00f3s o acidente, o SAMU esteve no local prestando os primeiros socorros e, em seguida, as v\u00edtimas foram conduzidas at\u00e9 o Hospital Regional Chagas Rodrigues.<\/p>\n<p style=\"text-align: justify;\">O corpo de Bombeiros tamb\u00e9m foi acionado para auxiliar na retirada de uma das v\u00edtimas que ficou presa \u00e0s ferragens.<\/p>\n<div class=\"media js-img\" style=\"text-align: justify;\" contenteditable=\"false\">\n<figure><a class=\"imageRevael no-barba\" href=\"https:\/\/storage.stwonline.com.br\/180graus\/uploads\/ckeditor\/pictures\/2500493\/wsdewd.jpg\" data-modaal-desc=\"\" data-modaal-scope=\"modaal_1635805579432a5006e61af679\"><img decoding=\"async\" src=\"https:\/\/storage.stwonline.com.br\/180graus\/uploads\/ckeditor\/pictures\/2500493\/wsdewd.jpg\" alt=\"\" \/><\/a><\/figure>\n<\/div>\n<p style=\"text-align: justify;\">\n","protected":false},"excerpt":{"rendered":"<p>Um acidente de tr\u00e2nsito foi registrado nesta segunda-feira (01\/01) na BR-343, km 201, pr\u00f3ximo ao povoado V\u00e1rzea, cidade de Piripiri. O ve\u00edculo modelo Renaut\/Logan, placa PIU-4277, saiu da pista e capotou v\u00e1rias vezes. Os ocupantes seguiam de Teresina para Parna\u00edba. As informa\u00e7\u00f5es s\u00e3o do\u00a0Piripiri Rep\u00f3rter. O motorista, identificado por Jailson Silva, foi arremessado do carro &hellip;<\/p>\n","protected":false},"author":2,"featured_media":37858,"comment_status":"open","ping_status":"open","sticky":false,"template":"","format":"standard","meta":{"content-type":"","rop_custom_images_group":[],"rop_custom_messages_group":[],"rop_publish_now":"initial","rop_publish_now_accounts":{"facebook_2648258775420054_1618374048415101":""},"rop_publish_now_history":[],"rop_publish_now_status":"pending","footnotes":"","_jetpack_memberships_contains_paid_content":false},"categories":[118,188],"tags":[154,6251,1217],"yoast_head":"<!-- This site is optimized with the Yoast SEO plugin v22.3 - https:\/\/yoast.com\/wordpress\/plugins\/seo\/ -->\n<title>PI: carro com ocupantes que iam para o litoral capota e cinco ficam feridos - Portal NPM<\/title>\n<meta name=\"robots\" content=\"index, follow, max-snippet:-1, max-image-preview:large, max-video-preview:-1\" \/>\n<link rel=\"canonical\" href=\"https:\/\/portalnpm.com\/index.php\/2021\/11\/01\/pi-carro-com-ocupantes-que-iam-para-o-litoral-capota-e-cinco-ficam-feridos\/\" \/>\n<meta property=\"og:locale\" content=\"pt_BR\" \/>\n<meta property=\"og:type\" content=\"article\" \/>\n<meta property=\"og:title\" content=\"PI: carro com ocupantes que iam para o litoral capota e cinco ficam feridos - Portal NPM\" \/>\n<meta property=\"og:description\" content=\"Um acidente de tr\u00e2nsito foi registrado nesta segunda-feira (01\/01) na BR-343, km 201, pr\u00f3ximo ao povoado V\u00e1rzea, cidade de Piripiri. O ve\u00edculo modelo Renaut\/Logan, placa PIU-4277, saiu da pista e capotou v\u00e1rias vezes. Os ocupantes seguiam de Teresina para Parna\u00edba. As informa\u00e7\u00f5es s\u00e3o do\u00a0Piripiri Rep\u00f3rter. O motorista, identificado por Jailson Silva, foi arremessado do carro &hellip;\" \/>\n<meta property=\"og:url\" content=\"https:\/\/portalnpm.com\/index.php\/2021\/11\/01\/pi-carro-com-ocupantes-que-iam-para-o-litoral-capota-e-cinco-ficam-feridos\/\" \/>\n<meta property=\"og:site_name\" content=\"Portal NPM\" \/>\n<meta property=\"article:published_time\" content=\"2021-11-01T22:26:33+00:00\" \/>\n<meta name=\"author\" content=\"Genival Barbosa\" \/>\n<meta name=\"twitter:card\" content=\"summary_large_image\" \/>\n<meta name=\"twitter:label1\" content=\"Escrito por\" \/>\n\t<meta name=\"twitter:data1\" content=\"Genival Barbosa\" \/>\n\t<meta name=\"twitter:label2\" content=\"Est. tempo de leitura\" \/>\n\t<meta name=\"twitter:data2\" content=\"1 minuto\" \/>\n<script type=\"application\/ld+json\" class=\"yoast-schema-graph\">{\"@context\":\"https:\/\/schema.org\",\"@graph\":[{\"@type\":\"WebPage\",\"@id\":\"https:\/\/portalnpm.com\/index.php\/2021\/11\/01\/pi-carro-com-ocupantes-que-iam-para-o-litoral-capota-e-cinco-ficam-feridos\/\",\"url\":\"https:\/\/portalnpm.com\/index.php\/2021\/11\/01\/pi-carro-com-ocupantes-que-iam-para-o-litoral-capota-e-cinco-ficam-feridos\/\",\"name\":\"PI: carro com ocupantes que iam para o litoral capota e cinco ficam feridos - Portal NPM\",\"isPartOf\":{\"@id\":\"https:\/\/portalnpm.com\/#website\"},\"primaryImageOfPage\":{\"@id\":\"https:\/\/portalnpm.com\/index.php\/2021\/11\/01\/pi-carro-com-ocupantes-que-iam-para-o-litoral-capota-e-cinco-ficam-feridos\/#primaryimage\"},\"image\":{\"@id\":\"https:\/\/portalnpm.com\/index.php\/2021\/11\/01\/pi-carro-com-ocupantes-que-iam-para-o-litoral-capota-e-cinco-ficam-feridos\/#primaryimage\"},\"thumbnailUrl\":\"\",\"datePublished\":\"2021-11-01T22:26:33+00:00\",\"dateModified\":\"2021-11-01T22:26:33+00:00\",\"author\":{\"@id\":\"https:\/\/portalnpm.com\/#\/schema\/person\/49313e563cfdefcc167f1ee4c017c294\"},\"breadcrumb\":{\"@id\":\"https:\/\/portalnpm.com\/index.php\/2021\/11\/01\/pi-carro-com-ocupantes-que-iam-para-o-litoral-capota-e-cinco-ficam-feridos\/#breadcrumb\"},\"inLanguage\":\"pt-BR\",\"potentialAction\":[{\"@type\":\"ReadAction\",\"target\":[\"https:\/\/portalnpm.com\/index.php\/2021\/11\/01\/pi-carro-com-ocupantes-que-iam-para-o-litoral-capota-e-cinco-ficam-feridos\/\"]}]},{\"@type\":\"ImageObject\",\"inLanguage\":\"pt-BR\",\"@id\":\"https:\/\/portalnpm.com\/index.php\/2021\/11\/01\/pi-carro-com-ocupantes-que-iam-para-o-litoral-capota-e-cinco-ficam-feridos\/#primaryimage\",\"url\":\"\",\"contentUrl\":\"\"},{\"@type\":\"BreadcrumbList\",\"@id\":\"https:\/\/portalnpm.com\/index.php\/2021\/11\/01\/pi-carro-com-ocupantes-que-iam-para-o-litoral-capota-e-cinco-ficam-feridos\/#breadcrumb\",\"itemListElement\":[{\"@type\":\"ListItem\",\"position\":1,\"name\":\"In\u00edcio\",\"item\":\"https:\/\/portalnpm.com\/\"},{\"@type\":\"ListItem\",\"position\":2,\"name\":\"PI: carro com ocupantes que iam para o litoral capota e cinco ficam feridos\"}]},{\"@type\":\"WebSite\",\"@id\":\"https:\/\/portalnpm.com\/#website\",\"url\":\"https:\/\/portalnpm.com\/\",\"name\":\"Portal NPM\",\"description\":\"Not\u00edcias em Primeira M\u00e3o\",\"potentialAction\":[{\"@type\":\"SearchAction\",\"target\":{\"@type\":\"EntryPoint\",\"urlTemplate\":\"https:\/\/portalnpm.com\/?s={search_term_string}\"},\"query-input\":\"required name=search_term_string\"}],\"inLanguage\":\"pt-BR\"},{\"@type\":\"Person\",\"@id\":\"https:\/\/portalnpm.com\/#\/schema\/person\/49313e563cfdefcc167f1ee4c017c294\",\"name\":\"Genival Barbosa\",\"image\":{\"@type\":\"ImageObject\",\"inLanguage\":\"pt-BR\",\"@id\":\"https:\/\/portalnpm.com\/#\/schema\/person\/image\/\",\"url\":\"https:\/\/portalnpm.com\/wp-content\/uploads\/2024\/02\/avatar_user_2_1707743258-96x96.jpeg\",\"contentUrl\":\"https:\/\/portalnpm.com\/wp-content\/uploads\/2024\/02\/avatar_user_2_1707743258-96x96.jpeg\",\"caption\":\"Genival Barbosa\"},\"url\":\"https:\/\/portalnpm.com\/index.php\/author\/genival\/\"}]}<\/script>\n<!-- \/ Yoast SEO plugin. -->","yoast_head_json":{"title":"PI: carro com ocupantes que iam para o litoral capota e cinco ficam feridos - Portal NPM","robots":{"index":"index","follow":"follow","max-snippet":"max-snippet:-1","max-image-preview":"max-image-preview:large","max-video-preview":"max-video-preview:-1"},"canonical":"https:\/\/portalnpm.com\/index.php\/2021\/11\/01\/pi-carro-com-ocupantes-que-iam-para-o-litoral-capota-e-cinco-ficam-feridos\/","og_locale":"pt_BR","og_type":"article","og_title":"PI: carro com ocupantes que iam para o litoral capota e cinco ficam feridos - Portal NPM","og_description":"Um acidente de tr\u00e2nsito foi registrado nesta segunda-feira (01\/01) na BR-343, km 201, pr\u00f3ximo ao povoado V\u00e1rzea, cidade de Piripiri. O ve\u00edculo modelo Renaut\/Logan, placa PIU-4277, saiu da pista e capotou v\u00e1rias vezes. Os ocupantes seguiam de Teresina para Parna\u00edba. As informa\u00e7\u00f5es s\u00e3o do\u00a0Piripiri Rep\u00f3rter. O motorista, identificado por Jailson Silva, foi arremessado do carro &hellip;","og_url":"https:\/\/portalnpm.com\/index.php\/2021\/11\/01\/pi-carro-com-ocupantes-que-iam-para-o-litoral-capota-e-cinco-ficam-feridos\/","og_site_name":"Portal NPM","article_published_time":"2021-11-01T22:26:33+00:00","author":"Genival Barbosa","twitter_card":"summary_large_image","twitter_misc":{"Escrito por":"Genival Barbosa","Est. tempo de leitura":"1 minuto"},"schema":{"@context":"https:\/\/schema.org","@graph":[{"@type":"WebPage","@id":"https:\/\/portalnpm.com\/index.php\/2021\/11\/01\/pi-carro-com-ocupantes-que-iam-para-o-litoral-capota-e-cinco-ficam-feridos\/","url":"https:\/\/portalnpm.com\/index.php\/2021\/11\/01\/pi-carro-com-ocupantes-que-iam-para-o-litoral-capota-e-cinco-ficam-feridos\/","name":"PI: carro com ocupantes que iam para o litoral capota e cinco ficam feridos - Portal NPM","isPartOf":{"@id":"https:\/\/portalnpm.com\/#website"},"primaryImageOfPage":{"@id":"https:\/\/portalnpm.com\/index.php\/2021\/11\/01\/pi-carro-com-ocupantes-que-iam-para-o-litoral-capota-e-cinco-ficam-feridos\/#primaryimage"},"image":{"@id":"https:\/\/portalnpm.com\/index.php\/2021\/11\/01\/pi-carro-com-ocupantes-que-iam-para-o-litoral-capota-e-cinco-ficam-feridos\/#primaryimage"},"thumbnailUrl":"","datePublished":"2021-11-01T22:26:33+00:00","dateModified":"2021-11-01T22:26:33+00:00","author":{"@id":"https:\/\/portalnpm.com\/#\/schema\/person\/49313e563cfdefcc167f1ee4c017c294"},"breadcrumb":{"@id":"https:\/\/portalnpm.com\/index.php\/2021\/11\/01\/pi-carro-com-ocupantes-que-iam-para-o-litoral-capota-e-cinco-ficam-feridos\/#breadcrumb"},"inLanguage":"pt-BR","potentialAction":[{"@type":"ReadAction","target":["https:\/\/portalnpm.com\/index.php\/2021\/11\/01\/pi-carro-com-ocupantes-que-iam-para-o-litoral-capota-e-cinco-ficam-feridos\/"]}]},{"@type":"ImageObject","inLanguage":"pt-BR","@id":"https:\/\/portalnpm.com\/index.php\/2021\/11\/01\/pi-carro-com-ocupantes-que-iam-para-o-litoral-capota-e-cinco-ficam-feridos\/#primaryimage","url":"","contentUrl":""},{"@type":"BreadcrumbList","@id":"https:\/\/portalnpm.com\/index.php\/2021\/11\/01\/pi-carro-com-ocupantes-que-iam-para-o-litoral-capota-e-cinco-ficam-feridos\/#breadcrumb","itemListElement":[{"@type":"ListItem","position":1,"name":"In\u00edcio","item":"https:\/\/portalnpm.com\/"},{"@type":"ListItem","position":2,"name":"PI: carro com ocupantes que iam para o litoral capota e cinco ficam feridos"}]},{"@type":"WebSite","@id":"https:\/\/portalnpm.com\/#website","url":"https:\/\/portalnpm.com\/","name":"Portal NPM","description":"Not\u00edcias em Primeira M\u00e3o","potentialAction":[{"@type":"SearchAction","target":{"@type":"EntryPoint","urlTemplate":"https:\/\/portalnpm.com\/?s={search_term_string}"},"query-input":"required name=search_term_string"}],"inLanguage":"pt-BR"},{"@type":"Person","@id":"https:\/\/portalnpm.com\/#\/schema\/person\/49313e563cfdefcc167f1ee4c017c294","name":"Genival Barbosa","image":{"@type":"ImageObject","inLanguage":"pt-BR","@id":"https:\/\/portalnpm.com\/#\/schema\/person\/image\/","url":"https:\/\/portalnpm.com\/wp-content\/uploads\/2024\/02\/avatar_user_2_1707743258-96x96.jpeg","contentUrl":"https:\/\/portalnpm.com\/wp-content\/uploads\/2024\/02\/avatar_user_2_1707743258-96x96.jpeg","caption":"Genival Barbosa"},"url":"https:\/\/portalnpm.com\/index.php\/author\/genival\/"}]}},"jetpack_sharing_enabled":true,"jetpack_featured_media_url":"","_links":{"self":[{"href":"https:\/\/portalnpm.com\/index.php\/wp-json\/wp\/v2\/posts\/37857"}],"collection":[{"href":"https:\/\/portalnpm.com\/index.php\/wp-json\/wp\/v2\/posts"}],"about":[{"href":"https:\/\/portalnpm.com\/index.php\/wp-json\/wp\/v2\/types\/post"}],"author":[{"embeddable":true,"href":"https:\/\/portalnpm.com\/index.php\/wp-json\/wp\/v2\/users\/2"}],"replies":[{"embeddable":true,"href":"https:\/\/portalnpm.com\/index.php\/wp-json\/wp\/v2\/comments?post=37857"}],"version-history":[{"count":0,"href":"https:\/\/portalnpm.com\/index.php\/wp-json\/wp\/v2\/posts\/37857\/revisions"}],"wp:featuredmedia":[{"embeddable":true,"href":"https:\/\/portalnpm.com\/index.php\/wp-json\/"}],"wp:attachment":[{"href":"https:\/\/portalnpm.com\/index.php\/wp-json\/wp\/v2\/media?parent=37857"}],"wp:term":[{"taxonomy":"category","embeddable":true,"href":"https:\/\/portalnpm.com\/index.php\/wp-json\/wp\/v2\/categories?post=37857"},{"taxonomy":"post_tag","embeddable":true,"href":"https:\/\/portalnpm.com\/index.php\/wp-json\/wp\/v2\/tags?post=37857"}],"curies":[{"name":"wp","href":"https:\/\/api.w.org\/{rel}","templated":true}]}}