{"id":37867,"date":"2021-11-01T19:38:13","date_gmt":"2021-11-01T22:38:13","guid":{"rendered":"https:\/\/backupnpm.codetainer.com.br\/?p=37867"},"modified":"2021-11-01T19:38:13","modified_gmt":"2021-11-01T22:38:13","slug":"petrobras-anunciara-novo-reajuste-no-combustivel-em-20-dias-afirma-presidente","status":"publish","type":"post","link":"https:\/\/portalnpm.com\/index.php\/2021\/11\/01\/petrobras-anunciara-novo-reajuste-no-combustivel-em-20-dias-afirma-presidente\/","title":{"rendered":"Petrobras anunciar\u00e1 novo reajuste no combust\u00edvel em 20 dias, afirma presidente"},"content":{"rendered":"<p style=\"text-align: justify;\">O presidente\u00a0Jair Bolsonaro\u00a0(sem partido) disse, nesta segunda-feira (01\/11), em entrevista coletiva concedida na It\u00e1lia, ap\u00f3s reuni\u00e3o do G20, que a\u00a0Petrobras\u00a0vai anunciar novo reajuste nos pre\u00e7os dos combust\u00edveis nos pr\u00f3ximos 20 dias. As informa\u00e7\u00f5es s\u00e3o do\u00a0<a href=\"https:\/\/www.metropoles.com\/brasil\/politica-brasil\/bolsonaro-petrobras-anunciara-novo-reajuste-no-combustivel-em-20-dias\" target=\"_blank\" rel=\"noopener\"><strong>Metr\u00f3poles.<\/strong><\/a><\/p>\n<p style=\"text-align: justify;\">\n<p style=\"text-align: justify;\">\n<p style=\"text-align: justify;\">Questionado sobre a greve de caminhoneiros, iniciada nesta segunda-feira em todo o pa\u00eds, o mandat\u00e1rio da Rep\u00fablica afirmou ter a informa\u00e7\u00e3o extraoficial sobre o reajuste nos pre\u00e7os. \u201cEstou acompanhando, estamos acompanhando. Agora, uma not\u00edcia que dou para voc\u00eas, eu tenho pressa, a Petrobras j\u00e1 anuncia, eu sei extraoficialmente, novo reajuste daqui a uns 20 dias.\u201d<\/p>\n<p style=\"text-align: justify;\">\u201cIsso n\u00e3o pode acontecer. A gente n\u00e3o aguenta, porque atrela\u2026 O pre\u00e7o do combust\u00edvel est\u00e1 atrelado \u00e0 infla\u00e7\u00e3o, voc\u00ea falou em infla\u00e7\u00e3o, voc\u00ea perde o poder aquisitivo, e a popula\u00e7\u00e3o n\u00e3o est\u00e1 com o sal\u00e1rio preservado ao longo dos \u00faltimos anos. Os mais pobres sofrem\u201d, assinalou o chefe do Executivo federal.<\/p>\n<p style=\"text-align: justify;\">Bolsonaro visita nesta segunda-feira o munic\u00edpio de Anguillara V\u00eaneta, no norte da It\u00e1lia,\u00a0onde nasceu seu bisav\u00f4 paterno. Ao ser perguntado, em entrevista a jornalistas no local, se a prioridade no retorno ao Brasil seria o\u00a0Aux\u00edlio Brasil, programa social que vai substituir o Bolsa Fam\u00edlia, o titular do Pal\u00e1cio do Planalto respondeu que o foco ser\u00e1 o pre\u00e7o do combust\u00edvel.<\/p>\n<p style=\"text-align: justify;\">\u201cEsta semana vai ser um jogo pesado com a Petrobras, porque eu indico o presidente, quer dizer, tem que passar pelo conselho, n\u00e3o sou eu que indico, e tudo que de ruim acontece l\u00e1 cai no meu colo. O que \u00e9 de bom n\u00e3o cai nada em meu colo. O ideal \u2014 falei com o Paulo Guedes \u2014 \u00e9 n\u00f3s partirmos para privatizar a Petrobras. Isso \u00e9 o ideal, no meu entender, que deve acontecer. Agora, isso a\u00ed n\u00e3o \u00e9 colocar na prateleira e vender amanh\u00e3. Esse processo vai durar mais de ano\u201d, sinalizou.<\/p>\n<p style=\"text-align: justify;\">Disse ainda que conversou com o ministro da Economia, Paulo Guedes, para come\u00e7ar a tomar medidas no sentido de tirar a estatal \u201cdas garras do Estado\u201d.<\/p>\n<p style=\"text-align: justify;\">O chefe de Estado brasileiro ainda indicou que o \u201cvil\u00e3o do pre\u00e7o do combust\u00edvel\u201d no pa\u00eds \u00e9 o Imposto sobre Circula\u00e7\u00e3o de Mercadorias e Servi\u00e7os (ICMS) e defendeu o congelamento dos impostos. No fim da semana passada, o Conselho Nacional de Pol\u00edtica Fazend\u00e1ria (Confaz) \u2014 \u00f3rg\u00e3o composto por secret\u00e1rios de Fazenda dos estados e do Distrito Federal \u2014 aprovou o congelamento do valor do ICMS cobrado nas vendas de combust\u00edveis por tr\u00eas meses.<\/p>\n<p style=\"text-align: justify;\">O \u00faltimo reajuste nos pre\u00e7os da gasolina e do diesel vendidos \u00e0s distribuidoras foi anunciado na semana passada. Os valores dos combust\u00edveis tiveram aumento de 7,04% e 9,15%, respectivamente.<\/p>\n<p style=\"text-align: justify;\">Foi a\u00a0segunda alta no pre\u00e7o da gasolina\u00a0s\u00f3 em outubro, e a 11\u00aa no ano. Quanto ao diesel, trata-se do 9\u00ba aumento em 2021.<\/p>\n<p style=\"text-align: justify;\">Em sua live semanal realizada na semana anterior, Bolsonaro anunciou que o Brasil estava \u201cna imin\u00eancia de novo reajuste de combust\u00edvel\u201d. O chefe do Executivo admitiu, no decorrer do evento virtual, que a gasolina e o diesel \u201cest\u00e3o caros\u201d, mas que vem mais por a\u00ed.<\/p>\n","protected":false},"excerpt":{"rendered":"<p>O presidente\u00a0Jair Bolsonaro\u00a0(sem partido) disse, nesta segunda-feira (01\/11), em entrevista coletiva concedida na It\u00e1lia, ap\u00f3s reuni\u00e3o do G20, que a\u00a0Petrobras\u00a0vai anunciar novo reajuste nos pre\u00e7os dos combust\u00edveis nos pr\u00f3ximos 20 dias. As informa\u00e7\u00f5es s\u00e3o do\u00a0Metr\u00f3poles. Questionado sobre a greve de caminhoneiros, iniciada nesta segunda-feira em todo o pa\u00eds, o mandat\u00e1rio da Rep\u00fablica afirmou ter a &hellip;<\/p>\n","protected":false},"author":2,"featured_media":37868,"comment_status":"open","ping_status":"open","sticky":false,"template":"","format":"standard","meta":{"content-type":"","rop_custom_images_group":[],"rop_custom_messages_group":[],"rop_publish_now":"initial","rop_publish_now_accounts":{"facebook_2648258775420054_1618374048415101":""},"rop_publish_now_history":[],"rop_publish_now_status":"pending","footnotes":"","_jetpack_memberships_contains_paid_content":false},"categories":[414],"tags":[223,650,1084,14941],"yoast_head":"<!-- This site is optimized with the Yoast SEO plugin v22.3 - https:\/\/yoast.com\/wordpress\/plugins\/seo\/ -->\n<title>Petrobras anunciar\u00e1 novo reajuste no combust\u00edvel em 20 dias, afirma presidente - Portal NPM<\/title>\n<meta name=\"robots\" content=\"index, follow, max-snippet:-1, max-image-preview:large, max-video-preview:-1\" \/>\n<link rel=\"canonical\" href=\"https:\/\/portalnpm.com\/index.php\/2021\/11\/01\/petrobras-anunciara-novo-reajuste-no-combustivel-em-20-dias-afirma-presidente\/\" \/>\n<meta property=\"og:locale\" content=\"pt_BR\" \/>\n<meta property=\"og:type\" content=\"article\" \/>\n<meta property=\"og:title\" content=\"Petrobras anunciar\u00e1 novo reajuste no combust\u00edvel em 20 dias, afirma presidente - Portal NPM\" \/>\n<meta property=\"og:description\" content=\"O presidente\u00a0Jair Bolsonaro\u00a0(sem partido) disse, nesta segunda-feira (01\/11), em entrevista coletiva concedida na It\u00e1lia, ap\u00f3s reuni\u00e3o do G20, que a\u00a0Petrobras\u00a0vai anunciar novo reajuste nos pre\u00e7os dos combust\u00edveis nos pr\u00f3ximos 20 dias. As informa\u00e7\u00f5es s\u00e3o do\u00a0Metr\u00f3poles. Questionado sobre a greve de caminhoneiros, iniciada nesta segunda-feira em todo o pa\u00eds, o mandat\u00e1rio da Rep\u00fablica afirmou ter a &hellip;\" \/>\n<meta property=\"og:url\" content=\"https:\/\/portalnpm.com\/index.php\/2021\/11\/01\/petrobras-anunciara-novo-reajuste-no-combustivel-em-20-dias-afirma-presidente\/\" \/>\n<meta property=\"og:site_name\" content=\"Portal NPM\" \/>\n<meta property=\"article:published_time\" content=\"2021-11-01T22:38:13+00:00\" \/>\n<meta name=\"author\" content=\"Genival Barbosa\" \/>\n<meta name=\"twitter:card\" content=\"summary_large_image\" \/>\n<meta name=\"twitter:label1\" content=\"Escrito por\" \/>\n\t<meta name=\"twitter:data1\" content=\"Genival Barbosa\" \/>\n\t<meta name=\"twitter:label2\" content=\"Est. tempo de leitura\" \/>\n\t<meta name=\"twitter:data2\" content=\"3 minutos\" \/>\n<script type=\"application\/ld+json\" class=\"yoast-schema-graph\">{\"@context\":\"https:\/\/schema.org\",\"@graph\":[{\"@type\":\"WebPage\",\"@id\":\"https:\/\/portalnpm.com\/index.php\/2021\/11\/01\/petrobras-anunciara-novo-reajuste-no-combustivel-em-20-dias-afirma-presidente\/\",\"url\":\"https:\/\/portalnpm.com\/index.php\/2021\/11\/01\/petrobras-anunciara-novo-reajuste-no-combustivel-em-20-dias-afirma-presidente\/\",\"name\":\"Petrobras anunciar\u00e1 novo reajuste no combust\u00edvel em 20 dias, afirma presidente - Portal NPM\",\"isPartOf\":{\"@id\":\"https:\/\/portalnpm.com\/#website\"},\"primaryImageOfPage\":{\"@id\":\"https:\/\/portalnpm.com\/index.php\/2021\/11\/01\/petrobras-anunciara-novo-reajuste-no-combustivel-em-20-dias-afirma-presidente\/#primaryimage\"},\"image\":{\"@id\":\"https:\/\/portalnpm.com\/index.php\/2021\/11\/01\/petrobras-anunciara-novo-reajuste-no-combustivel-em-20-dias-afirma-presidente\/#primaryimage\"},\"thumbnailUrl\":\"\",\"datePublished\":\"2021-11-01T22:38:13+00:00\",\"dateModified\":\"2021-11-01T22:38:13+00:00\",\"author\":{\"@id\":\"https:\/\/portalnpm.com\/#\/schema\/person\/49313e563cfdefcc167f1ee4c017c294\"},\"breadcrumb\":{\"@id\":\"https:\/\/portalnpm.com\/index.php\/2021\/11\/01\/petrobras-anunciara-novo-reajuste-no-combustivel-em-20-dias-afirma-presidente\/#breadcrumb\"},\"inLanguage\":\"pt-BR\",\"potentialAction\":[{\"@type\":\"ReadAction\",\"target\":[\"https:\/\/portalnpm.com\/index.php\/2021\/11\/01\/petrobras-anunciara-novo-reajuste-no-combustivel-em-20-dias-afirma-presidente\/\"]}]},{\"@type\":\"ImageObject\",\"inLanguage\":\"pt-BR\",\"@id\":\"https:\/\/portalnpm.com\/index.php\/2021\/11\/01\/petrobras-anunciara-novo-reajuste-no-combustivel-em-20-dias-afirma-presidente\/#primaryimage\",\"url\":\"\",\"contentUrl\":\"\"},{\"@type\":\"BreadcrumbList\",\"@id\":\"https:\/\/portalnpm.com\/index.php\/2021\/11\/01\/petrobras-anunciara-novo-reajuste-no-combustivel-em-20-dias-afirma-presidente\/#breadcrumb\",\"itemListElement\":[{\"@type\":\"ListItem\",\"position\":1,\"name\":\"In\u00edcio\",\"item\":\"https:\/\/portalnpm.com\/\"},{\"@type\":\"ListItem\",\"position\":2,\"name\":\"Petrobras anunciar\u00e1 novo reajuste no combust\u00edvel em 20 dias, afirma presidente\"}]},{\"@type\":\"WebSite\",\"@id\":\"https:\/\/portalnpm.com\/#website\",\"url\":\"https:\/\/portalnpm.com\/\",\"name\":\"Portal NPM\",\"description\":\"Not\u00edcias em Primeira M\u00e3o\",\"potentialAction\":[{\"@type\":\"SearchAction\",\"target\":{\"@type\":\"EntryPoint\",\"urlTemplate\":\"https:\/\/portalnpm.com\/?s={search_term_string}\"},\"query-input\":\"required name=search_term_string\"}],\"inLanguage\":\"pt-BR\"},{\"@type\":\"Person\",\"@id\":\"https:\/\/portalnpm.com\/#\/schema\/person\/49313e563cfdefcc167f1ee4c017c294\",\"name\":\"Genival Barbosa\",\"image\":{\"@type\":\"ImageObject\",\"inLanguage\":\"pt-BR\",\"@id\":\"https:\/\/portalnpm.com\/#\/schema\/person\/image\/\",\"url\":\"https:\/\/portalnpm.com\/wp-content\/uploads\/2024\/02\/avatar_user_2_1707743258-96x96.jpeg\",\"contentUrl\":\"https:\/\/portalnpm.com\/wp-content\/uploads\/2024\/02\/avatar_user_2_1707743258-96x96.jpeg\",\"caption\":\"Genival Barbosa\"},\"url\":\"https:\/\/portalnpm.com\/index.php\/author\/genival\/\"}]}<\/script>\n<!-- \/ Yoast SEO plugin. -->","yoast_head_json":{"title":"Petrobras anunciar\u00e1 novo reajuste no combust\u00edvel em 20 dias, afirma presidente - Portal NPM","robots":{"index":"index","follow":"follow","max-snippet":"max-snippet:-1","max-image-preview":"max-image-preview:large","max-video-preview":"max-video-preview:-1"},"canonical":"https:\/\/portalnpm.com\/index.php\/2021\/11\/01\/petrobras-anunciara-novo-reajuste-no-combustivel-em-20-dias-afirma-presidente\/","og_locale":"pt_BR","og_type":"article","og_title":"Petrobras anunciar\u00e1 novo reajuste no combust\u00edvel em 20 dias, afirma presidente - Portal NPM","og_description":"O presidente\u00a0Jair Bolsonaro\u00a0(sem partido) disse, nesta segunda-feira (01\/11), em entrevista coletiva concedida na It\u00e1lia, ap\u00f3s reuni\u00e3o do G20, que a\u00a0Petrobras\u00a0vai anunciar novo reajuste nos pre\u00e7os dos combust\u00edveis nos pr\u00f3ximos 20 dias. As informa\u00e7\u00f5es s\u00e3o do\u00a0Metr\u00f3poles. Questionado sobre a greve de caminhoneiros, iniciada nesta segunda-feira em todo o pa\u00eds, o mandat\u00e1rio da Rep\u00fablica afirmou ter a &hellip;","og_url":"https:\/\/portalnpm.com\/index.php\/2021\/11\/01\/petrobras-anunciara-novo-reajuste-no-combustivel-em-20-dias-afirma-presidente\/","og_site_name":"Portal NPM","article_published_time":"2021-11-01T22:38:13+00:00","author":"Genival Barbosa","twitter_card":"summary_large_image","twitter_misc":{"Escrito por":"Genival Barbosa","Est. tempo de leitura":"3 minutos"},"schema":{"@context":"https:\/\/schema.org","@graph":[{"@type":"WebPage","@id":"https:\/\/portalnpm.com\/index.php\/2021\/11\/01\/petrobras-anunciara-novo-reajuste-no-combustivel-em-20-dias-afirma-presidente\/","url":"https:\/\/portalnpm.com\/index.php\/2021\/11\/01\/petrobras-anunciara-novo-reajuste-no-combustivel-em-20-dias-afirma-presidente\/","name":"Petrobras anunciar\u00e1 novo reajuste no combust\u00edvel em 20 dias, afirma presidente - Portal NPM","isPartOf":{"@id":"https:\/\/portalnpm.com\/#website"},"primaryImageOfPage":{"@id":"https:\/\/portalnpm.com\/index.php\/2021\/11\/01\/petrobras-anunciara-novo-reajuste-no-combustivel-em-20-dias-afirma-presidente\/#primaryimage"},"image":{"@id":"https:\/\/portalnpm.com\/index.php\/2021\/11\/01\/petrobras-anunciara-novo-reajuste-no-combustivel-em-20-dias-afirma-presidente\/#primaryimage"},"thumbnailUrl":"","datePublished":"2021-11-01T22:38:13+00:00","dateModified":"2021-11-01T22:38:13+00:00","author":{"@id":"https:\/\/portalnpm.com\/#\/schema\/person\/49313e563cfdefcc167f1ee4c017c294"},"breadcrumb":{"@id":"https:\/\/portalnpm.com\/index.php\/2021\/11\/01\/petrobras-anunciara-novo-reajuste-no-combustivel-em-20-dias-afirma-presidente\/#breadcrumb"},"inLanguage":"pt-BR","potentialAction":[{"@type":"ReadAction","target":["https:\/\/portalnpm.com\/index.php\/2021\/11\/01\/petrobras-anunciara-novo-reajuste-no-combustivel-em-20-dias-afirma-presidente\/"]}]},{"@type":"ImageObject","inLanguage":"pt-BR","@id":"https:\/\/portalnpm.com\/index.php\/2021\/11\/01\/petrobras-anunciara-novo-reajuste-no-combustivel-em-20-dias-afirma-presidente\/#primaryimage","url":"","contentUrl":""},{"@type":"BreadcrumbList","@id":"https:\/\/portalnpm.com\/index.php\/2021\/11\/01\/petrobras-anunciara-novo-reajuste-no-combustivel-em-20-dias-afirma-presidente\/#breadcrumb","itemListElement":[{"@type":"ListItem","position":1,"name":"In\u00edcio","item":"https:\/\/portalnpm.com\/"},{"@type":"ListItem","position":2,"name":"Petrobras anunciar\u00e1 novo reajuste no combust\u00edvel em 20 dias, afirma presidente"}]},{"@type":"WebSite","@id":"https:\/\/portalnpm.com\/#website","url":"https:\/\/portalnpm.com\/","name":"Portal NPM","description":"Not\u00edcias em Primeira M\u00e3o","potentialAction":[{"@type":"SearchAction","target":{"@type":"EntryPoint","urlTemplate":"https:\/\/portalnpm.com\/?s={search_term_string}"},"query-input":"required name=search_term_string"}],"inLanguage":"pt-BR"},{"@type":"Person","@id":"https:\/\/portalnpm.com\/#\/schema\/person\/49313e563cfdefcc167f1ee4c017c294","name":"Genival Barbosa","image":{"@type":"ImageObject","inLanguage":"pt-BR","@id":"https:\/\/portalnpm.com\/#\/schema\/person\/image\/","url":"https:\/\/portalnpm.com\/wp-content\/uploads\/2024\/02\/avatar_user_2_1707743258-96x96.jpeg","contentUrl":"https:\/\/portalnpm.com\/wp-content\/uploads\/2024\/02\/avatar_user_2_1707743258-96x96.jpeg","caption":"Genival Barbosa"},"url":"https:\/\/portalnpm.com\/index.php\/author\/genival\/"}]}},"jetpack_sharing_enabled":true,"jetpack_featured_media_url":"","_links":{"self":[{"href":"https:\/\/portalnpm.com\/index.php\/wp-json\/wp\/v2\/posts\/37867"}],"collection":[{"href":"https:\/\/portalnpm.com\/index.php\/wp-json\/wp\/v2\/posts"}],"about":[{"href":"https:\/\/portalnpm.com\/index.php\/wp-json\/wp\/v2\/types\/post"}],"author":[{"embeddable":true,"href":"https:\/\/portalnpm.com\/index.php\/wp-json\/wp\/v2\/users\/2"}],"replies":[{"embeddable":true,"href":"https:\/\/portalnpm.com\/index.php\/wp-json\/wp\/v2\/comments?post=37867"}],"version-history":[{"count":0,"href":"https:\/\/portalnpm.com\/index.php\/wp-json\/wp\/v2\/posts\/37867\/revisions"}],"wp:featuredmedia":[{"embeddable":true,"href":"https:\/\/portalnpm.com\/index.php\/wp-json\/"}],"wp:attachment":[{"href":"https:\/\/portalnpm.com\/index.php\/wp-json\/wp\/v2\/media?parent=37867"}],"wp:term":[{"taxonomy":"category","embeddable":true,"href":"https:\/\/portalnpm.com\/index.php\/wp-json\/wp\/v2\/categories?post=37867"},{"taxonomy":"post_tag","embeddable":true,"href":"https:\/\/portalnpm.com\/index.php\/wp-json\/wp\/v2\/tags?post=37867"}],"curies":[{"name":"wp","href":"https:\/\/api.w.org\/{rel}","templated":true}]}}