{"id":37873,"date":"2021-11-01T19:46:58","date_gmt":"2021-11-01T22:46:58","guid":{"rendered":"https:\/\/backupnpm.codetainer.com.br\/?p=37873"},"modified":"2021-11-01T19:46:58","modified_gmt":"2021-11-01T22:46:58","slug":"segurancas-de-bolsonaro-agridem-jornalistas-e-presidente-fica-isolado-durante-cupula-do-g20","status":"publish","type":"post","link":"https:\/\/portalnpm.com\/index.php\/2021\/11\/01\/segurancas-de-bolsonaro-agridem-jornalistas-e-presidente-fica-isolado-durante-cupula-do-g20\/","title":{"rendered":"Seguran\u00e7as de Bolsonaro agridem jornalistas e presidente fica isolado durante c\u00fapula do G20"},"content":{"rendered":"<p style=\"text-align: justify;\">RIO DE JANEIRO (Reuters) &#8211; Agentes que faziam a seguran\u00e7a do presidente Jair Bolsonaro agrediram rep\u00f3rteres brasileiros que cobriam a viagem presidencial a Roma para a reuni\u00e3o de c\u00fapula dos l\u00edderes das 20 maiores economias do mundo, o G20, disseram ve\u00edculos de imprensa no domingo.<\/p>\n<p style=\"text-align: justify;\">\n<p style=\"text-align: justify;\">\n<p style=\"text-align: justify;\">As agress\u00f5es aos jornalistas brasileiros, acusados h\u00e1 muito tempo por Bolsonaro de trat\u00e1-lo injustamente e de publicar not\u00edcias falsas, aconteceram quando os rep\u00f3rteres acompanhavam o presidente em uma caminhada na capital italiana e marcaram um fim de semana de isolamento de Bolsonaro na c\u00fapula entre os principais l\u00edderes mundiais.<\/p>\n<p style=\"text-align: justify;\">V\u00eddeos de eventos do G20 mostraram Bolsonaro como uma figura isolada, que n\u00e3o participou da foto tirada na Fontana de Trevi, um dos principais pontos tur\u00edsticos da cidade, com l\u00edderes mundiais. Durante caminhada nas ruas de Roma, ele foi criticado pela maneira que lidou com a pandemia de Covid-19, que matou mais de 600 mil pessoas no Brasil, e chamado de &#8220;genocida&#8221;.<\/p>\n<div id=\"outbrain_widget_0\" class=\"OUTBRAIN\" style=\"text-align: justify;\" data-external-id=\"1d80d29eba5d4cc6945bb7c767a6aebf\" data-src=\"DROP_PERMALINK_HERE\" data-widget-id=\"MB_1\" data-ob-mark=\"true\" data-browser=\"chrome\" data-os=\"linux armv8l\" data-dynload=\"\" data-idx=\"0\" data-ob-trackers=\"true\">\n<div class=\"ob-widget ob-grid-layout ob-text-on-image MB_1 ob-cmn-MB_1\" data-dynamic-truncate=\"true\">\n<div class=\"ob-widget-items-container\">\n<div class=\"ob-dynamic-rec-container ob-recIdx-0 ob-p ob-rtb\" data-pos=\"0\"><\/div>\n<\/div>\n<div class=\"ob-widget-footer\">\n<div class=\"ob-pixels\"><\/div>\n<\/div>\n<\/div>\n<\/div>\n<p style=\"text-align: justify;\">O jornal O Globo noticiou que o jornalista Leonardo Monteiro, da TV Globo, foi agredido com um soco no est\u00f4mago e empurrado pela seguran\u00e7a de Bolsonaro depois de perguntar ao presidente por que ele n\u00e3o compareceu a nenhum evento do G20 no domingo.<\/p>\n<p style=\"text-align: justify;\">Um v\u00eddeo feito pelo jornalista do UOL Jamil Chade mostrou cenas ca\u00f3ticas com seguran\u00e7as empurrando jornalistas e apoiadores de Bolsonaro gritando ofensas aos rep\u00f3rteres. No v\u00eddeo \u00e9 poss\u00edvel ver que o celular do jornalista \u00e9 jogado no ch\u00e3o. Chade disse em suas redes sociais que o aparelho foi arrancado de sua m\u00e3o por um seguran\u00e7a quando ele tentava gravar as agress\u00f5es. Ele fez um boletim de ocorr\u00eancia sobre o epis\u00f3dio.<\/p>\n<p style=\"text-align: justify;\">N\u00e3o ficou claro se os agentes de seguran\u00e7a eram brasileiros ou italianos. O Globo relatou que os italianos receberam a incumb\u00eancia de fornecer seguran\u00e7a a Bolsonaro.<\/p>\n<p style=\"text-align: justify;\">O gabinete do presidente n\u00e3o respondeu imediatamente aos pedidos de coment\u00e1rios sobre as agress\u00f5es ou por que ele n\u00e3o participou da foto com os demais l\u00edderes. A assessoria de imprensa do G20 tamb\u00e9m n\u00e3o respondeu imediatamente aos pedidos de coment\u00e1rios.<\/p>\n<p style=\"text-align: justify;\">&#8220;A Globo condena de forma veemente a agress\u00e3o ao seu correspondente Leonardo Monteiro e a outros colegas em Roma e exige uma apura\u00e7\u00e3o completa de responsabilidades&#8221;, disse a emissora em editorial.<\/p>\n<p style=\"text-align: justify;\">Do lado de dentro do local onde ocorreu a reuni\u00e3o do G20, v\u00eddeo feito por Chade mostrou Bolsonaro isolado.<\/p>\n<p style=\"text-align: justify;\">O ex-capit\u00e3o do Ex\u00e9rcito viu seu apoio internacional diminuir desde que o ex-presidente dos Estados Unidos Donald Trump foi derrotado em sua tentativa de reelei\u00e7\u00e3o. Ao mesmo tempo, a postura de Bolsonaro em rela\u00e7\u00e3o \u00e0 Covid-19, seus questionamento sobre as vacinas e a pol\u00edtica ambiental de seu governo tamb\u00e9m lhe renderam poucos amigos no cen\u00e1rio internacional.<\/p>\n<p style=\"text-align: justify;\">No v\u00eddeo feito pelo jornalista do UOL, Bolsonaro \u00e9 visto conversando com gar\u00e7ons enquanto outros l\u00edderes mundiais dialogavam em outra parte da sala.<\/p>\n<p style=\"text-align: justify;\">&#8220;Este v\u00eddeo de Bolsonaro andando sozinho no sal\u00e3o de confer\u00eancias do G20, enquanto outros l\u00edderes mundiais est\u00e3o conversando, \u00e9 doloroso de assistir, mas reflete adequadamente o colapso da posi\u00e7\u00e3o do Brasil no mundo&#8221;, disse Oliver Stuenkel, professor de rela\u00e7\u00f5es internacionais da Funda\u00e7\u00e3o Getulio Vargas, em um tu\u00edte.<\/p>\n<p style=\"text-align: justify;\">Fonte:\u00a0 <em><strong>Reuters<\/strong><\/em><\/p>\n","protected":false},"excerpt":{"rendered":"<p>RIO DE JANEIRO (Reuters) &#8211; Agentes que faziam a seguran\u00e7a do presidente Jair Bolsonaro agrediram rep\u00f3rteres brasileiros que cobriam a viagem presidencial a Roma para a reuni\u00e3o de c\u00fapula dos l\u00edderes das 20 maiores economias do mundo, o G20, disseram ve\u00edculos de imprensa no domingo. As agress\u00f5es aos jornalistas brasileiros, acusados h\u00e1 muito tempo por &hellip;<\/p>\n","protected":false},"author":2,"featured_media":37874,"comment_status":"open","ping_status":"open","sticky":false,"template":"","format":"standard","meta":{"content-type":"","rop_custom_images_group":[],"rop_custom_messages_group":[],"rop_publish_now":"initial","rop_publish_now_accounts":{"facebook_2648258775420054_1618374048415101":""},"rop_publish_now_history":[],"rop_publish_now_status":"pending","footnotes":"","_jetpack_memberships_contains_paid_content":false},"categories":[113,130],"tags":[7004,14943],"yoast_head":"<!-- This site is optimized with the Yoast SEO plugin v22.3 - https:\/\/yoast.com\/wordpress\/plugins\/seo\/ -->\n<title>Seguran\u00e7as de Bolsonaro agridem jornalistas e presidente fica isolado durante c\u00fapula do G20 - Portal NPM<\/title>\n<meta name=\"robots\" content=\"index, follow, max-snippet:-1, max-image-preview:large, max-video-preview:-1\" \/>\n<link rel=\"canonical\" href=\"https:\/\/portalnpm.com\/index.php\/2021\/11\/01\/segurancas-de-bolsonaro-agridem-jornalistas-e-presidente-fica-isolado-durante-cupula-do-g20\/\" \/>\n<meta property=\"og:locale\" content=\"pt_BR\" \/>\n<meta property=\"og:type\" content=\"article\" \/>\n<meta property=\"og:title\" content=\"Seguran\u00e7as de Bolsonaro agridem jornalistas e presidente fica isolado durante c\u00fapula do G20 - Portal NPM\" \/>\n<meta property=\"og:description\" content=\"RIO DE JANEIRO (Reuters) &#8211; Agentes que faziam a seguran\u00e7a do presidente Jair Bolsonaro agrediram rep\u00f3rteres brasileiros que cobriam a viagem presidencial a Roma para a reuni\u00e3o de c\u00fapula dos l\u00edderes das 20 maiores economias do mundo, o G20, disseram ve\u00edculos de imprensa no domingo. As agress\u00f5es aos jornalistas brasileiros, acusados h\u00e1 muito tempo por &hellip;\" \/>\n<meta property=\"og:url\" content=\"https:\/\/portalnpm.com\/index.php\/2021\/11\/01\/segurancas-de-bolsonaro-agridem-jornalistas-e-presidente-fica-isolado-durante-cupula-do-g20\/\" \/>\n<meta property=\"og:site_name\" content=\"Portal NPM\" \/>\n<meta property=\"article:published_time\" content=\"2021-11-01T22:46:58+00:00\" \/>\n<meta name=\"author\" content=\"Genival Barbosa\" \/>\n<meta name=\"twitter:card\" content=\"summary_large_image\" \/>\n<meta name=\"twitter:label1\" content=\"Escrito por\" \/>\n\t<meta name=\"twitter:data1\" content=\"Genival Barbosa\" \/>\n\t<meta name=\"twitter:label2\" content=\"Est. tempo de leitura\" \/>\n\t<meta name=\"twitter:data2\" content=\"3 minutos\" \/>\n<script type=\"application\/ld+json\" class=\"yoast-schema-graph\">{\"@context\":\"https:\/\/schema.org\",\"@graph\":[{\"@type\":\"WebPage\",\"@id\":\"https:\/\/portalnpm.com\/index.php\/2021\/11\/01\/segurancas-de-bolsonaro-agridem-jornalistas-e-presidente-fica-isolado-durante-cupula-do-g20\/\",\"url\":\"https:\/\/portalnpm.com\/index.php\/2021\/11\/01\/segurancas-de-bolsonaro-agridem-jornalistas-e-presidente-fica-isolado-durante-cupula-do-g20\/\",\"name\":\"Seguran\u00e7as de Bolsonaro agridem jornalistas e presidente fica isolado durante c\u00fapula do G20 - Portal NPM\",\"isPartOf\":{\"@id\":\"https:\/\/portalnpm.com\/#website\"},\"primaryImageOfPage\":{\"@id\":\"https:\/\/portalnpm.com\/index.php\/2021\/11\/01\/segurancas-de-bolsonaro-agridem-jornalistas-e-presidente-fica-isolado-durante-cupula-do-g20\/#primaryimage\"},\"image\":{\"@id\":\"https:\/\/portalnpm.com\/index.php\/2021\/11\/01\/segurancas-de-bolsonaro-agridem-jornalistas-e-presidente-fica-isolado-durante-cupula-do-g20\/#primaryimage\"},\"thumbnailUrl\":\"\",\"datePublished\":\"2021-11-01T22:46:58+00:00\",\"dateModified\":\"2021-11-01T22:46:58+00:00\",\"author\":{\"@id\":\"https:\/\/portalnpm.com\/#\/schema\/person\/49313e563cfdefcc167f1ee4c017c294\"},\"breadcrumb\":{\"@id\":\"https:\/\/portalnpm.com\/index.php\/2021\/11\/01\/segurancas-de-bolsonaro-agridem-jornalistas-e-presidente-fica-isolado-durante-cupula-do-g20\/#breadcrumb\"},\"inLanguage\":\"pt-BR\",\"potentialAction\":[{\"@type\":\"ReadAction\",\"target\":[\"https:\/\/portalnpm.com\/index.php\/2021\/11\/01\/segurancas-de-bolsonaro-agridem-jornalistas-e-presidente-fica-isolado-durante-cupula-do-g20\/\"]}]},{\"@type\":\"ImageObject\",\"inLanguage\":\"pt-BR\",\"@id\":\"https:\/\/portalnpm.com\/index.php\/2021\/11\/01\/segurancas-de-bolsonaro-agridem-jornalistas-e-presidente-fica-isolado-durante-cupula-do-g20\/#primaryimage\",\"url\":\"\",\"contentUrl\":\"\"},{\"@type\":\"BreadcrumbList\",\"@id\":\"https:\/\/portalnpm.com\/index.php\/2021\/11\/01\/segurancas-de-bolsonaro-agridem-jornalistas-e-presidente-fica-isolado-durante-cupula-do-g20\/#breadcrumb\",\"itemListElement\":[{\"@type\":\"ListItem\",\"position\":1,\"name\":\"In\u00edcio\",\"item\":\"https:\/\/portalnpm.com\/\"},{\"@type\":\"ListItem\",\"position\":2,\"name\":\"Seguran\u00e7as de Bolsonaro agridem jornalistas e presidente fica isolado durante c\u00fapula do G20\"}]},{\"@type\":\"WebSite\",\"@id\":\"https:\/\/portalnpm.com\/#website\",\"url\":\"https:\/\/portalnpm.com\/\",\"name\":\"Portal NPM\",\"description\":\"Not\u00edcias em Primeira M\u00e3o\",\"potentialAction\":[{\"@type\":\"SearchAction\",\"target\":{\"@type\":\"EntryPoint\",\"urlTemplate\":\"https:\/\/portalnpm.com\/?s={search_term_string}\"},\"query-input\":\"required name=search_term_string\"}],\"inLanguage\":\"pt-BR\"},{\"@type\":\"Person\",\"@id\":\"https:\/\/portalnpm.com\/#\/schema\/person\/49313e563cfdefcc167f1ee4c017c294\",\"name\":\"Genival Barbosa\",\"image\":{\"@type\":\"ImageObject\",\"inLanguage\":\"pt-BR\",\"@id\":\"https:\/\/portalnpm.com\/#\/schema\/person\/image\/\",\"url\":\"https:\/\/portalnpm.com\/wp-content\/uploads\/2024\/02\/avatar_user_2_1707743258-96x96.jpeg\",\"contentUrl\":\"https:\/\/portalnpm.com\/wp-content\/uploads\/2024\/02\/avatar_user_2_1707743258-96x96.jpeg\",\"caption\":\"Genival Barbosa\"},\"url\":\"https:\/\/portalnpm.com\/index.php\/author\/genival\/\"}]}<\/script>\n<!-- \/ Yoast SEO plugin. -->","yoast_head_json":{"title":"Seguran\u00e7as de Bolsonaro agridem jornalistas e presidente fica isolado durante c\u00fapula do G20 - Portal NPM","robots":{"index":"index","follow":"follow","max-snippet":"max-snippet:-1","max-image-preview":"max-image-preview:large","max-video-preview":"max-video-preview:-1"},"canonical":"https:\/\/portalnpm.com\/index.php\/2021\/11\/01\/segurancas-de-bolsonaro-agridem-jornalistas-e-presidente-fica-isolado-durante-cupula-do-g20\/","og_locale":"pt_BR","og_type":"article","og_title":"Seguran\u00e7as de Bolsonaro agridem jornalistas e presidente fica isolado durante c\u00fapula do G20 - Portal NPM","og_description":"RIO DE JANEIRO (Reuters) &#8211; Agentes que faziam a seguran\u00e7a do presidente Jair Bolsonaro agrediram rep\u00f3rteres brasileiros que cobriam a viagem presidencial a Roma para a reuni\u00e3o de c\u00fapula dos l\u00edderes das 20 maiores economias do mundo, o G20, disseram ve\u00edculos de imprensa no domingo. As agress\u00f5es aos jornalistas brasileiros, acusados h\u00e1 muito tempo por &hellip;","og_url":"https:\/\/portalnpm.com\/index.php\/2021\/11\/01\/segurancas-de-bolsonaro-agridem-jornalistas-e-presidente-fica-isolado-durante-cupula-do-g20\/","og_site_name":"Portal NPM","article_published_time":"2021-11-01T22:46:58+00:00","author":"Genival Barbosa","twitter_card":"summary_large_image","twitter_misc":{"Escrito por":"Genival Barbosa","Est. tempo de leitura":"3 minutos"},"schema":{"@context":"https:\/\/schema.org","@graph":[{"@type":"WebPage","@id":"https:\/\/portalnpm.com\/index.php\/2021\/11\/01\/segurancas-de-bolsonaro-agridem-jornalistas-e-presidente-fica-isolado-durante-cupula-do-g20\/","url":"https:\/\/portalnpm.com\/index.php\/2021\/11\/01\/segurancas-de-bolsonaro-agridem-jornalistas-e-presidente-fica-isolado-durante-cupula-do-g20\/","name":"Seguran\u00e7as de Bolsonaro agridem jornalistas e presidente fica isolado durante c\u00fapula do G20 - Portal NPM","isPartOf":{"@id":"https:\/\/portalnpm.com\/#website"},"primaryImageOfPage":{"@id":"https:\/\/portalnpm.com\/index.php\/2021\/11\/01\/segurancas-de-bolsonaro-agridem-jornalistas-e-presidente-fica-isolado-durante-cupula-do-g20\/#primaryimage"},"image":{"@id":"https:\/\/portalnpm.com\/index.php\/2021\/11\/01\/segurancas-de-bolsonaro-agridem-jornalistas-e-presidente-fica-isolado-durante-cupula-do-g20\/#primaryimage"},"thumbnailUrl":"","datePublished":"2021-11-01T22:46:58+00:00","dateModified":"2021-11-01T22:46:58+00:00","author":{"@id":"https:\/\/portalnpm.com\/#\/schema\/person\/49313e563cfdefcc167f1ee4c017c294"},"breadcrumb":{"@id":"https:\/\/portalnpm.com\/index.php\/2021\/11\/01\/segurancas-de-bolsonaro-agridem-jornalistas-e-presidente-fica-isolado-durante-cupula-do-g20\/#breadcrumb"},"inLanguage":"pt-BR","potentialAction":[{"@type":"ReadAction","target":["https:\/\/portalnpm.com\/index.php\/2021\/11\/01\/segurancas-de-bolsonaro-agridem-jornalistas-e-presidente-fica-isolado-durante-cupula-do-g20\/"]}]},{"@type":"ImageObject","inLanguage":"pt-BR","@id":"https:\/\/portalnpm.com\/index.php\/2021\/11\/01\/segurancas-de-bolsonaro-agridem-jornalistas-e-presidente-fica-isolado-durante-cupula-do-g20\/#primaryimage","url":"","contentUrl":""},{"@type":"BreadcrumbList","@id":"https:\/\/portalnpm.com\/index.php\/2021\/11\/01\/segurancas-de-bolsonaro-agridem-jornalistas-e-presidente-fica-isolado-durante-cupula-do-g20\/#breadcrumb","itemListElement":[{"@type":"ListItem","position":1,"name":"In\u00edcio","item":"https:\/\/portalnpm.com\/"},{"@type":"ListItem","position":2,"name":"Seguran\u00e7as de Bolsonaro agridem jornalistas e presidente fica isolado durante c\u00fapula do G20"}]},{"@type":"WebSite","@id":"https:\/\/portalnpm.com\/#website","url":"https:\/\/portalnpm.com\/","name":"Portal NPM","description":"Not\u00edcias em Primeira M\u00e3o","potentialAction":[{"@type":"SearchAction","target":{"@type":"EntryPoint","urlTemplate":"https:\/\/portalnpm.com\/?s={search_term_string}"},"query-input":"required name=search_term_string"}],"inLanguage":"pt-BR"},{"@type":"Person","@id":"https:\/\/portalnpm.com\/#\/schema\/person\/49313e563cfdefcc167f1ee4c017c294","name":"Genival Barbosa","image":{"@type":"ImageObject","inLanguage":"pt-BR","@id":"https:\/\/portalnpm.com\/#\/schema\/person\/image\/","url":"https:\/\/portalnpm.com\/wp-content\/uploads\/2024\/02\/avatar_user_2_1707743258-96x96.jpeg","contentUrl":"https:\/\/portalnpm.com\/wp-content\/uploads\/2024\/02\/avatar_user_2_1707743258-96x96.jpeg","caption":"Genival Barbosa"},"url":"https:\/\/portalnpm.com\/index.php\/author\/genival\/"}]}},"jetpack_sharing_enabled":true,"jetpack_featured_media_url":"","_links":{"self":[{"href":"https:\/\/portalnpm.com\/index.php\/wp-json\/wp\/v2\/posts\/37873"}],"collection":[{"href":"https:\/\/portalnpm.com\/index.php\/wp-json\/wp\/v2\/posts"}],"about":[{"href":"https:\/\/portalnpm.com\/index.php\/wp-json\/wp\/v2\/types\/post"}],"author":[{"embeddable":true,"href":"https:\/\/portalnpm.com\/index.php\/wp-json\/wp\/v2\/users\/2"}],"replies":[{"embeddable":true,"href":"https:\/\/portalnpm.com\/index.php\/wp-json\/wp\/v2\/comments?post=37873"}],"version-history":[{"count":0,"href":"https:\/\/portalnpm.com\/index.php\/wp-json\/wp\/v2\/posts\/37873\/revisions"}],"wp:featuredmedia":[{"embeddable":true,"href":"https:\/\/portalnpm.com\/index.php\/wp-json\/"}],"wp:attachment":[{"href":"https:\/\/portalnpm.com\/index.php\/wp-json\/wp\/v2\/media?parent=37873"}],"wp:term":[{"taxonomy":"category","embeddable":true,"href":"https:\/\/portalnpm.com\/index.php\/wp-json\/wp\/v2\/categories?post=37873"},{"taxonomy":"post_tag","embeddable":true,"href":"https:\/\/portalnpm.com\/index.php\/wp-json\/wp\/v2\/tags?post=37873"}],"curies":[{"name":"wp","href":"https:\/\/api.w.org\/{rel}","templated":true}]}}