{"id":38082,"date":"2021-11-08T19:27:25","date_gmt":"2021-11-08T22:27:25","guid":{"rendered":"https:\/\/backupnpm.codetainer.com.br\/?p=38082"},"modified":"2021-11-08T19:27:25","modified_gmt":"2021-11-08T22:27:25","slug":"fernanda-montenegro-diz-que-governo-bolsonaro-e-pior-do-que-a-ditadura-militar","status":"publish","type":"post","link":"https:\/\/portalnpm.com\/index.php\/2021\/11\/08\/fernanda-montenegro-diz-que-governo-bolsonaro-e-pior-do-que-a-ditadura-militar\/","title":{"rendered":"Fernanda Montenegro diz que governo Bolsonaro \u00e9 pior do que a ditadura militar"},"content":{"rendered":"<p style=\"text-align: justify;\">Neste domingo (7),\u00a0<a tabindex=\"0\" href=\"https:\/\/catracalivre.com.br\/entretenimento\/fernanda-montenegro-ataca-bolsonaro-e-detona-nova-direcao-da-ancine\/\" target=\"_blank\" rel=\"noopener\" data-id=\"38\" data-m=\"{&quot;i&quot;:38,&quot;p&quot;:36,&quot;n&quot;:&quot;partnerLink&quot;,&quot;y&quot;:24,&quot;o&quot;:2}\">Fernanda Montenegro<\/a>\u00a0\u2013 nova imortal da\u00a0<a tabindex=\"0\" href=\"https:\/\/www.academia.org.br\/\" target=\"_blank\" rel=\"noopener\" data-id=\"39\" data-m=\"{&quot;i&quot;:39,&quot;p&quot;:36,&quot;n&quot;:&quot;partnerLink&quot;,&quot;y&quot;:24,&quot;o&quot;:3}\">Academia Brasileira de Letras<\/a>\u00a0\u2013 concedeu entrevista ao Fant\u00e1stico. Aos 92 anos, a atriz \u00e9 a nona mulher a ostentar o t\u00edtulo de imortal desde a cria\u00e7\u00e3o da entidade em 1897.<\/p>\n<p style=\"text-align: justify;\">\n<p style=\"text-align: justify;\">\n<p style=\"text-align: justify;\">Em conversa com a jornalista S\u00f4nia Bridi, Fernandona falou dos planos para o novo cargo \u2013 j\u00e1 que sua presen\u00e7a tende a popularizar a Academia tornando a entidade mais pr\u00f3xima dos cidad\u00e3os comuns \u2013 e criticou o atual governo.<\/p>\n<p style=\"text-align: justify;\">A rep\u00f3rter destacou trecho de carta enviada pela atriz ao ent\u00e3o presidente Jos\u00e9 Sarney, o primeiro civil a ocupar o Pal\u00e1cio do Planalto ap\u00f3s o fim da ditadura militar, quando ela recusou convite para ser ministra da Cultura.<\/p>\n<p style=\"text-align: justify;\">\u201cPobre do Pa\u00eds cujo governo despreza, hostiliza e fere seus artistas. Esse Brasil acabou\u201d, leu a jornalista. \u201cN\u00e3o acabou\u201d, corrigiu Fernanda. \u201cN\u00f3s estamos numa hora tr\u00e1gica. \u00c9 um momento t\u00e3o pesado, sabe? Mas vai acabar. Uma hora acaba\u201d, afirmou.<\/p>\n<div id=\"outbrain_widget_0\" class=\"OUTBRAIN\" style=\"text-align: justify;\" data-external-id=\"f692fff243e446878f1122e0ad972cb9\" data-src=\"DROP_PERMALINK_HERE\" data-widget-id=\"MB_1\" data-ob-mark=\"true\" data-browser=\"chrome\" data-os=\"linux armv8l\" data-dynload=\"\" data-idx=\"0\" data-ob-trackers=\"true\">\n<div class=\"ob-widget ob-grid-layout ob-text-on-image MB_1 ob-cmn-MB_1\" data-dynamic-truncate=\"true\">\n<div class=\"ob-widget-items-container\">\n<div class=\"ob-dynamic-rec-container ob-recIdx-0 ob-p ob-rtb\" data-pos=\"0\"><\/div>\n<\/div>\n<div class=\"ob-widget-footer\">\n<div class=\"ob-pixels\"><\/div>\n<\/div>\n<\/div>\n<\/div>\n<p style=\"text-align: justify;\">Quando questionada se seria poss\u00edvel tra\u00e7ar um paralelo entre a hostilidade contra a cultura no atual governo e a repress\u00e3o aos artistas durante a ditadura militar, ela respondeu:<\/p>\n<p style=\"text-align: justify;\">\u201c\u00c9 pior porque (agora) veio pelo voto. H\u00e1 uma organiza\u00e7\u00e3o pol\u00edtica tradicional que opta por essa calamidade, essa trag\u00e9dia. Acho que em todo governo de for\u00e7a, a primeira coisa \u00e9 estrangular a cultura das artes porque \u00e9 onde o pa\u00eds existe com uma assinatura e com um futuro\u201d.<\/p>\n<p style=\"text-align: justify;\">H\u00e1 uma organiza\u00e7\u00e3o pol\u00edtica, tradicional, que opta por essa calamidade, essa trag\u00e9dia. Acho que em todo governo de for\u00e7a, a primeira coisa \u00e9 estrangular a cultura das artes\u201d,<\/p>\n<p style=\"text-align: justify;\">Para Fernanda, que at\u00e9 hoje foi a \u00fanica artista brasileira a ser indicada ao Oscar, somente o tempo ser\u00e1 capaz de fornecer uma sa\u00edda. De acordo com ela, o Brasil j\u00e1 comprovou que n\u00e3o pode ter reelei\u00e7\u00e3o presidencial, pois isso exige \u2018compra, venda e aluguel\u2019 do poder pol\u00edtico.<\/p>\n<p style=\"text-align: justify;\">Fernanda ainda revelou sentir um desassossego e ter uma vis\u00e3o tr\u00e1gica do momento atual do Pa\u00eds. \u201c\u00c0s vezes eu tenho a impress\u00e3o que temos um Pa\u00eds l\u00e1 em Bras\u00edlia que coloniza o Brasil aqui embaixo\u201d, disse.<\/p>\n<p style=\"text-align: justify;\">Apesar da realidade do Brasil, ela disse que \u00e9 preciso \u2018acordar e cantar\u2019 e finalizou com uma frase do c\u00e9lebre Nelson Rodrigues: \u201cAprendi a ser o m\u00e1ximo poss\u00edvel de mim mesmo\u201d.<\/p>\n<p style=\"text-align: justify;\">Por Catraca Livre<\/p>\n","protected":false},"excerpt":{"rendered":"<p>Neste domingo (7),\u00a0Fernanda Montenegro\u00a0\u2013 nova imortal da\u00a0Academia Brasileira de Letras\u00a0\u2013 concedeu entrevista ao Fant\u00e1stico. Aos 92 anos, a atriz \u00e9 a nona mulher a ostentar o t\u00edtulo de imortal desde a cria\u00e7\u00e3o da entidade em 1897. Em conversa com a jornalista S\u00f4nia Bridi, Fernandona falou dos planos para o novo cargo \u2013 j\u00e1 que sua &hellip;<\/p>\n","protected":false},"author":2,"featured_media":38083,"comment_status":"open","ping_status":"open","sticky":false,"template":"","format":"standard","meta":{"content-type":"","rop_custom_images_group":[],"rop_custom_messages_group":[],"rop_publish_now":"initial","rop_publish_now_accounts":{"facebook_2648258775420054_1618374048415101":""},"rop_publish_now_history":[],"rop_publish_now_status":"pending","footnotes":"","_jetpack_memberships_contains_paid_content":false},"categories":[130],"tags":[680,14962],"yoast_head":"<!-- This site is optimized with the Yoast SEO plugin v22.3 - https:\/\/yoast.com\/wordpress\/plugins\/seo\/ -->\n<title>Fernanda Montenegro diz que governo Bolsonaro \u00e9 pior do que a ditadura militar - Portal NPM<\/title>\n<meta name=\"robots\" content=\"index, follow, max-snippet:-1, max-image-preview:large, max-video-preview:-1\" \/>\n<link rel=\"canonical\" href=\"https:\/\/portalnpm.com\/index.php\/2021\/11\/08\/fernanda-montenegro-diz-que-governo-bolsonaro-e-pior-do-que-a-ditadura-militar\/\" \/>\n<meta property=\"og:locale\" content=\"pt_BR\" \/>\n<meta property=\"og:type\" content=\"article\" \/>\n<meta property=\"og:title\" content=\"Fernanda Montenegro diz que governo Bolsonaro \u00e9 pior do que a ditadura militar - Portal NPM\" \/>\n<meta property=\"og:description\" content=\"Neste domingo (7),\u00a0Fernanda Montenegro\u00a0\u2013 nova imortal da\u00a0Academia Brasileira de Letras\u00a0\u2013 concedeu entrevista ao Fant\u00e1stico. Aos 92 anos, a atriz \u00e9 a nona mulher a ostentar o t\u00edtulo de imortal desde a cria\u00e7\u00e3o da entidade em 1897. Em conversa com a jornalista S\u00f4nia Bridi, Fernandona falou dos planos para o novo cargo \u2013 j\u00e1 que sua &hellip;\" \/>\n<meta property=\"og:url\" content=\"https:\/\/portalnpm.com\/index.php\/2021\/11\/08\/fernanda-montenegro-diz-que-governo-bolsonaro-e-pior-do-que-a-ditadura-militar\/\" \/>\n<meta property=\"og:site_name\" content=\"Portal NPM\" \/>\n<meta property=\"article:published_time\" content=\"2021-11-08T22:27:25+00:00\" \/>\n<meta name=\"author\" content=\"Genival Barbosa\" \/>\n<meta name=\"twitter:card\" content=\"summary_large_image\" \/>\n<meta name=\"twitter:label1\" content=\"Escrito por\" \/>\n\t<meta name=\"twitter:data1\" content=\"Genival Barbosa\" \/>\n\t<meta name=\"twitter:label2\" content=\"Est. tempo de leitura\" \/>\n\t<meta name=\"twitter:data2\" content=\"2 minutos\" \/>\n<script type=\"application\/ld+json\" class=\"yoast-schema-graph\">{\"@context\":\"https:\/\/schema.org\",\"@graph\":[{\"@type\":\"WebPage\",\"@id\":\"https:\/\/portalnpm.com\/index.php\/2021\/11\/08\/fernanda-montenegro-diz-que-governo-bolsonaro-e-pior-do-que-a-ditadura-militar\/\",\"url\":\"https:\/\/portalnpm.com\/index.php\/2021\/11\/08\/fernanda-montenegro-diz-que-governo-bolsonaro-e-pior-do-que-a-ditadura-militar\/\",\"name\":\"Fernanda Montenegro diz que governo Bolsonaro \u00e9 pior do que a ditadura militar - Portal NPM\",\"isPartOf\":{\"@id\":\"https:\/\/portalnpm.com\/#website\"},\"primaryImageOfPage\":{\"@id\":\"https:\/\/portalnpm.com\/index.php\/2021\/11\/08\/fernanda-montenegro-diz-que-governo-bolsonaro-e-pior-do-que-a-ditadura-militar\/#primaryimage\"},\"image\":{\"@id\":\"https:\/\/portalnpm.com\/index.php\/2021\/11\/08\/fernanda-montenegro-diz-que-governo-bolsonaro-e-pior-do-que-a-ditadura-militar\/#primaryimage\"},\"thumbnailUrl\":\"\",\"datePublished\":\"2021-11-08T22:27:25+00:00\",\"dateModified\":\"2021-11-08T22:27:25+00:00\",\"author\":{\"@id\":\"https:\/\/portalnpm.com\/#\/schema\/person\/49313e563cfdefcc167f1ee4c017c294\"},\"breadcrumb\":{\"@id\":\"https:\/\/portalnpm.com\/index.php\/2021\/11\/08\/fernanda-montenegro-diz-que-governo-bolsonaro-e-pior-do-que-a-ditadura-militar\/#breadcrumb\"},\"inLanguage\":\"pt-BR\",\"potentialAction\":[{\"@type\":\"ReadAction\",\"target\":[\"https:\/\/portalnpm.com\/index.php\/2021\/11\/08\/fernanda-montenegro-diz-que-governo-bolsonaro-e-pior-do-que-a-ditadura-militar\/\"]}]},{\"@type\":\"ImageObject\",\"inLanguage\":\"pt-BR\",\"@id\":\"https:\/\/portalnpm.com\/index.php\/2021\/11\/08\/fernanda-montenegro-diz-que-governo-bolsonaro-e-pior-do-que-a-ditadura-militar\/#primaryimage\",\"url\":\"\",\"contentUrl\":\"\"},{\"@type\":\"BreadcrumbList\",\"@id\":\"https:\/\/portalnpm.com\/index.php\/2021\/11\/08\/fernanda-montenegro-diz-que-governo-bolsonaro-e-pior-do-que-a-ditadura-militar\/#breadcrumb\",\"itemListElement\":[{\"@type\":\"ListItem\",\"position\":1,\"name\":\"In\u00edcio\",\"item\":\"https:\/\/portalnpm.com\/\"},{\"@type\":\"ListItem\",\"position\":2,\"name\":\"Fernanda Montenegro diz que governo Bolsonaro \u00e9 pior do que a ditadura militar\"}]},{\"@type\":\"WebSite\",\"@id\":\"https:\/\/portalnpm.com\/#website\",\"url\":\"https:\/\/portalnpm.com\/\",\"name\":\"Portal NPM\",\"description\":\"Not\u00edcias em Primeira M\u00e3o\",\"potentialAction\":[{\"@type\":\"SearchAction\",\"target\":{\"@type\":\"EntryPoint\",\"urlTemplate\":\"https:\/\/portalnpm.com\/?s={search_term_string}\"},\"query-input\":\"required name=search_term_string\"}],\"inLanguage\":\"pt-BR\"},{\"@type\":\"Person\",\"@id\":\"https:\/\/portalnpm.com\/#\/schema\/person\/49313e563cfdefcc167f1ee4c017c294\",\"name\":\"Genival Barbosa\",\"image\":{\"@type\":\"ImageObject\",\"inLanguage\":\"pt-BR\",\"@id\":\"https:\/\/portalnpm.com\/#\/schema\/person\/image\/\",\"url\":\"https:\/\/portalnpm.com\/wp-content\/uploads\/2024\/02\/avatar_user_2_1707743258-96x96.jpeg\",\"contentUrl\":\"https:\/\/portalnpm.com\/wp-content\/uploads\/2024\/02\/avatar_user_2_1707743258-96x96.jpeg\",\"caption\":\"Genival Barbosa\"},\"url\":\"https:\/\/portalnpm.com\/index.php\/author\/genival\/\"}]}<\/script>\n<!-- \/ Yoast SEO plugin. -->","yoast_head_json":{"title":"Fernanda Montenegro diz que governo Bolsonaro \u00e9 pior do que a ditadura militar - Portal NPM","robots":{"index":"index","follow":"follow","max-snippet":"max-snippet:-1","max-image-preview":"max-image-preview:large","max-video-preview":"max-video-preview:-1"},"canonical":"https:\/\/portalnpm.com\/index.php\/2021\/11\/08\/fernanda-montenegro-diz-que-governo-bolsonaro-e-pior-do-que-a-ditadura-militar\/","og_locale":"pt_BR","og_type":"article","og_title":"Fernanda Montenegro diz que governo Bolsonaro \u00e9 pior do que a ditadura militar - Portal NPM","og_description":"Neste domingo (7),\u00a0Fernanda Montenegro\u00a0\u2013 nova imortal da\u00a0Academia Brasileira de Letras\u00a0\u2013 concedeu entrevista ao Fant\u00e1stico. Aos 92 anos, a atriz \u00e9 a nona mulher a ostentar o t\u00edtulo de imortal desde a cria\u00e7\u00e3o da entidade em 1897. Em conversa com a jornalista S\u00f4nia Bridi, Fernandona falou dos planos para o novo cargo \u2013 j\u00e1 que sua &hellip;","og_url":"https:\/\/portalnpm.com\/index.php\/2021\/11\/08\/fernanda-montenegro-diz-que-governo-bolsonaro-e-pior-do-que-a-ditadura-militar\/","og_site_name":"Portal NPM","article_published_time":"2021-11-08T22:27:25+00:00","author":"Genival Barbosa","twitter_card":"summary_large_image","twitter_misc":{"Escrito por":"Genival Barbosa","Est. tempo de leitura":"2 minutos"},"schema":{"@context":"https:\/\/schema.org","@graph":[{"@type":"WebPage","@id":"https:\/\/portalnpm.com\/index.php\/2021\/11\/08\/fernanda-montenegro-diz-que-governo-bolsonaro-e-pior-do-que-a-ditadura-militar\/","url":"https:\/\/portalnpm.com\/index.php\/2021\/11\/08\/fernanda-montenegro-diz-que-governo-bolsonaro-e-pior-do-que-a-ditadura-militar\/","name":"Fernanda Montenegro diz que governo Bolsonaro \u00e9 pior do que a ditadura militar - Portal NPM","isPartOf":{"@id":"https:\/\/portalnpm.com\/#website"},"primaryImageOfPage":{"@id":"https:\/\/portalnpm.com\/index.php\/2021\/11\/08\/fernanda-montenegro-diz-que-governo-bolsonaro-e-pior-do-que-a-ditadura-militar\/#primaryimage"},"image":{"@id":"https:\/\/portalnpm.com\/index.php\/2021\/11\/08\/fernanda-montenegro-diz-que-governo-bolsonaro-e-pior-do-que-a-ditadura-militar\/#primaryimage"},"thumbnailUrl":"","datePublished":"2021-11-08T22:27:25+00:00","dateModified":"2021-11-08T22:27:25+00:00","author":{"@id":"https:\/\/portalnpm.com\/#\/schema\/person\/49313e563cfdefcc167f1ee4c017c294"},"breadcrumb":{"@id":"https:\/\/portalnpm.com\/index.php\/2021\/11\/08\/fernanda-montenegro-diz-que-governo-bolsonaro-e-pior-do-que-a-ditadura-militar\/#breadcrumb"},"inLanguage":"pt-BR","potentialAction":[{"@type":"ReadAction","target":["https:\/\/portalnpm.com\/index.php\/2021\/11\/08\/fernanda-montenegro-diz-que-governo-bolsonaro-e-pior-do-que-a-ditadura-militar\/"]}]},{"@type":"ImageObject","inLanguage":"pt-BR","@id":"https:\/\/portalnpm.com\/index.php\/2021\/11\/08\/fernanda-montenegro-diz-que-governo-bolsonaro-e-pior-do-que-a-ditadura-militar\/#primaryimage","url":"","contentUrl":""},{"@type":"BreadcrumbList","@id":"https:\/\/portalnpm.com\/index.php\/2021\/11\/08\/fernanda-montenegro-diz-que-governo-bolsonaro-e-pior-do-que-a-ditadura-militar\/#breadcrumb","itemListElement":[{"@type":"ListItem","position":1,"name":"In\u00edcio","item":"https:\/\/portalnpm.com\/"},{"@type":"ListItem","position":2,"name":"Fernanda Montenegro diz que governo Bolsonaro \u00e9 pior do que a ditadura militar"}]},{"@type":"WebSite","@id":"https:\/\/portalnpm.com\/#website","url":"https:\/\/portalnpm.com\/","name":"Portal NPM","description":"Not\u00edcias em Primeira M\u00e3o","potentialAction":[{"@type":"SearchAction","target":{"@type":"EntryPoint","urlTemplate":"https:\/\/portalnpm.com\/?s={search_term_string}"},"query-input":"required name=search_term_string"}],"inLanguage":"pt-BR"},{"@type":"Person","@id":"https:\/\/portalnpm.com\/#\/schema\/person\/49313e563cfdefcc167f1ee4c017c294","name":"Genival Barbosa","image":{"@type":"ImageObject","inLanguage":"pt-BR","@id":"https:\/\/portalnpm.com\/#\/schema\/person\/image\/","url":"https:\/\/portalnpm.com\/wp-content\/uploads\/2024\/02\/avatar_user_2_1707743258-96x96.jpeg","contentUrl":"https:\/\/portalnpm.com\/wp-content\/uploads\/2024\/02\/avatar_user_2_1707743258-96x96.jpeg","caption":"Genival Barbosa"},"url":"https:\/\/portalnpm.com\/index.php\/author\/genival\/"}]}},"jetpack_sharing_enabled":true,"jetpack_featured_media_url":"","_links":{"self":[{"href":"https:\/\/portalnpm.com\/index.php\/wp-json\/wp\/v2\/posts\/38082"}],"collection":[{"href":"https:\/\/portalnpm.com\/index.php\/wp-json\/wp\/v2\/posts"}],"about":[{"href":"https:\/\/portalnpm.com\/index.php\/wp-json\/wp\/v2\/types\/post"}],"author":[{"embeddable":true,"href":"https:\/\/portalnpm.com\/index.php\/wp-json\/wp\/v2\/users\/2"}],"replies":[{"embeddable":true,"href":"https:\/\/portalnpm.com\/index.php\/wp-json\/wp\/v2\/comments?post=38082"}],"version-history":[{"count":0,"href":"https:\/\/portalnpm.com\/index.php\/wp-json\/wp\/v2\/posts\/38082\/revisions"}],"wp:featuredmedia":[{"embeddable":true,"href":"https:\/\/portalnpm.com\/index.php\/wp-json\/"}],"wp:attachment":[{"href":"https:\/\/portalnpm.com\/index.php\/wp-json\/wp\/v2\/media?parent=38082"}],"wp:term":[{"taxonomy":"category","embeddable":true,"href":"https:\/\/portalnpm.com\/index.php\/wp-json\/wp\/v2\/categories?post=38082"},{"taxonomy":"post_tag","embeddable":true,"href":"https:\/\/portalnpm.com\/index.php\/wp-json\/wp\/v2\/tags?post=38082"}],"curies":[{"name":"wp","href":"https:\/\/api.w.org\/{rel}","templated":true}]}}