{"id":38157,"date":"2021-11-12T06:07:11","date_gmt":"2021-11-12T09:07:11","guid":{"rendered":"https:\/\/backupnpm.codetainer.com.br\/?p=38157"},"modified":"2021-11-12T06:07:11","modified_gmt":"2021-11-12T09:07:11","slug":"piaui-registra-267-casos-e-tres-mortes-causadas-por-covid-19-em-24-horas","status":"publish","type":"post","link":"https:\/\/portalnpm.com\/index.php\/2021\/11\/12\/piaui-registra-267-casos-e-tres-mortes-causadas-por-covid-19-em-24-horas\/","title":{"rendered":"Piau\u00ed registra 267 casos e tr\u00eas mortes causadas por Covid-19 em 24 horas"},"content":{"rendered":"<p style=\"text-align: justify;\">Foram registrados, no Piau\u00ed, 267 casos \u00a0confirmados e tr\u00eas \u00f3bitos \u00a0por Covid-19 nas \u00faltimas 24 horas, segundo dados divulgados pela Secretaria de Estado da Sa\u00fade, na noite desta quinta-feira (11\/11).<\/p>\n<p style=\"text-align: justify;\">\n<p style=\"text-align: justify;\">\n<p style=\"text-align: justify;\">Dos 267 casos confirmados da doen\u00e7a 152 s\u00e3o mulheres e 115 s\u00e3o homens, com idades entre um a 89 anos.<\/p>\n<p style=\"text-align: justify;\">Dois homens e uma mulher n\u00e3o resistiram \u00e0s complica\u00e7\u00f5es da Covid-19. Eles eram de Castelo do Piau\u00ed \u00a0(72 anos ) \u00a0e Teresina (54 anos). Ela era de Parna\u00edba (70 anos).<\/p>\n<p style=\"text-align: justify;\">Os casos confirmados no estado somam 328.083 em todos os munic\u00edpios piauienses. J\u00e1 os \u00f3bitos pelo novo coronav\u00edrus chegam a 7.127 e foram registrados em 223 munic\u00edpios.<\/p>\n<p style=\"text-align: justify;\">Dos leitos existentes na rede de sa\u00fade do Piau\u00ed para atendimento \u00e0 Covid-19, 190 est\u00e3o ocupados, sendo 98 leitos cl\u00ednicos, 85 UTIS e 07 leitos de estabiliza\u00e7\u00e3o. As altas acumuladas somam 23.489 at\u00e9 o dia 11 de novembro de 2021.<\/p>\n<p style=\"text-align: justify;\">A Sesapi estima que 320.766 pessoas \u00a0j\u00e1 est\u00e3o recuperadas ou seguem em acompanhamento (casos registradas nos \u00faltimos 14 dias) que n\u00e3o necessitaram de interna\u00e7\u00e3o ou evolu\u00edram para morte.<\/p>\n<div class=\"media js-img\" style=\"text-align: justify;\" contenteditable=\"false\">\n<figure><a class=\"imageRevael no-barba\" href=\"https:\/\/storage.stwonline.com.br\/180graus\/uploads\/ckeditor\/pictures\/2503477\/8c991c44-9f36-4375-8c8a-4b48800ac4ad.jpg\" data-modaal-desc=\"\" data-modaal-scope=\"modaal_16367080590385b9cb916f6356\"><img decoding=\"async\" src=\"https:\/\/storage.stwonline.com.br\/180graus\/uploads\/ckeditor\/pictures\/2503477\/8c991c44-9f36-4375-8c8a-4b48800ac4ad.jpg\" alt=\"\" \/><\/a><\/figure>\n<\/div>\n<div class=\"media js-img\" style=\"text-align: justify;\" contenteditable=\"false\">\n<figure><a class=\"imageRevael no-barba\" href=\"https:\/\/storage.stwonline.com.br\/180graus\/uploads\/ckeditor\/pictures\/2503478\/300069eb-ce2e-4966-a001-769dd2e0e41b.jpg\" data-modaal-desc=\"\" data-modaal-scope=\"modaal_16367080590382efa98d78fe6d\"><img decoding=\"async\" src=\"https:\/\/storage.stwonline.com.br\/180graus\/uploads\/ckeditor\/pictures\/2503478\/300069eb-ce2e-4966-a001-769dd2e0e41b.jpg\" alt=\"\" \/><\/a><\/figure>\n<\/div>\n<p style=\"text-align: justify;\">\n<div class=\"ad\" style=\"text-align: justify;\"><span class=\"label\">180 Graus <\/span><\/div>\n","protected":false},"excerpt":{"rendered":"<p>Foram registrados, no Piau\u00ed, 267 casos \u00a0confirmados e tr\u00eas \u00f3bitos \u00a0por Covid-19 nas \u00faltimas 24 horas, segundo dados divulgados pela Secretaria de Estado da Sa\u00fade, na noite desta quinta-feira (11\/11). Dos 267 casos confirmados da doen\u00e7a 152 s\u00e3o mulheres e 115 s\u00e3o homens, com idades entre um a 89 anos. Dois homens e uma mulher &hellip;<\/p>\n","protected":false},"author":2,"featured_media":38158,"comment_status":"open","ping_status":"open","sticky":false,"template":"","format":"standard","meta":{"content-type":"","rop_custom_images_group":[],"rop_custom_messages_group":[],"rop_publish_now":"initial","rop_publish_now_accounts":{"facebook_2648258775420054_1618374048415101":""},"rop_publish_now_history":[],"rop_publish_now_status":"pending","footnotes":"","_jetpack_memberships_contains_paid_content":false},"categories":[118],"tags":[857,1113,187],"yoast_head":"<!-- This site is optimized with the Yoast SEO plugin v22.3 - https:\/\/yoast.com\/wordpress\/plugins\/seo\/ -->\n<title>Piau\u00ed registra 267 casos e tr\u00eas mortes causadas por Covid-19 em 24 horas - Portal NPM<\/title>\n<meta name=\"robots\" content=\"index, follow, max-snippet:-1, max-image-preview:large, max-video-preview:-1\" \/>\n<link rel=\"canonical\" href=\"https:\/\/portalnpm.com\/index.php\/2021\/11\/12\/piaui-registra-267-casos-e-tres-mortes-causadas-por-covid-19-em-24-horas\/\" \/>\n<meta property=\"og:locale\" content=\"pt_BR\" \/>\n<meta property=\"og:type\" content=\"article\" \/>\n<meta property=\"og:title\" content=\"Piau\u00ed registra 267 casos e tr\u00eas mortes causadas por Covid-19 em 24 horas - Portal NPM\" \/>\n<meta property=\"og:description\" content=\"Foram registrados, no Piau\u00ed, 267 casos \u00a0confirmados e tr\u00eas \u00f3bitos \u00a0por Covid-19 nas \u00faltimas 24 horas, segundo dados divulgados pela Secretaria de Estado da Sa\u00fade, na noite desta quinta-feira (11\/11). Dos 267 casos confirmados da doen\u00e7a 152 s\u00e3o mulheres e 115 s\u00e3o homens, com idades entre um a 89 anos. Dois homens e uma mulher &hellip;\" \/>\n<meta property=\"og:url\" content=\"https:\/\/portalnpm.com\/index.php\/2021\/11\/12\/piaui-registra-267-casos-e-tres-mortes-causadas-por-covid-19-em-24-horas\/\" \/>\n<meta property=\"og:site_name\" content=\"Portal NPM\" \/>\n<meta property=\"article:published_time\" content=\"2021-11-12T09:07:11+00:00\" \/>\n<meta name=\"author\" content=\"Genival Barbosa\" \/>\n<meta name=\"twitter:card\" content=\"summary_large_image\" \/>\n<meta name=\"twitter:label1\" content=\"Escrito por\" \/>\n\t<meta name=\"twitter:data1\" content=\"Genival Barbosa\" \/>\n\t<meta name=\"twitter:label2\" content=\"Est. tempo de leitura\" \/>\n\t<meta name=\"twitter:data2\" content=\"2 minutos\" \/>\n<script type=\"application\/ld+json\" class=\"yoast-schema-graph\">{\"@context\":\"https:\/\/schema.org\",\"@graph\":[{\"@type\":\"WebPage\",\"@id\":\"https:\/\/portalnpm.com\/index.php\/2021\/11\/12\/piaui-registra-267-casos-e-tres-mortes-causadas-por-covid-19-em-24-horas\/\",\"url\":\"https:\/\/portalnpm.com\/index.php\/2021\/11\/12\/piaui-registra-267-casos-e-tres-mortes-causadas-por-covid-19-em-24-horas\/\",\"name\":\"Piau\u00ed registra 267 casos e tr\u00eas mortes causadas por Covid-19 em 24 horas - Portal NPM\",\"isPartOf\":{\"@id\":\"https:\/\/portalnpm.com\/#website\"},\"primaryImageOfPage\":{\"@id\":\"https:\/\/portalnpm.com\/index.php\/2021\/11\/12\/piaui-registra-267-casos-e-tres-mortes-causadas-por-covid-19-em-24-horas\/#primaryimage\"},\"image\":{\"@id\":\"https:\/\/portalnpm.com\/index.php\/2021\/11\/12\/piaui-registra-267-casos-e-tres-mortes-causadas-por-covid-19-em-24-horas\/#primaryimage\"},\"thumbnailUrl\":\"\",\"datePublished\":\"2021-11-12T09:07:11+00:00\",\"dateModified\":\"2021-11-12T09:07:11+00:00\",\"author\":{\"@id\":\"https:\/\/portalnpm.com\/#\/schema\/person\/49313e563cfdefcc167f1ee4c017c294\"},\"breadcrumb\":{\"@id\":\"https:\/\/portalnpm.com\/index.php\/2021\/11\/12\/piaui-registra-267-casos-e-tres-mortes-causadas-por-covid-19-em-24-horas\/#breadcrumb\"},\"inLanguage\":\"pt-BR\",\"potentialAction\":[{\"@type\":\"ReadAction\",\"target\":[\"https:\/\/portalnpm.com\/index.php\/2021\/11\/12\/piaui-registra-267-casos-e-tres-mortes-causadas-por-covid-19-em-24-horas\/\"]}]},{\"@type\":\"ImageObject\",\"inLanguage\":\"pt-BR\",\"@id\":\"https:\/\/portalnpm.com\/index.php\/2021\/11\/12\/piaui-registra-267-casos-e-tres-mortes-causadas-por-covid-19-em-24-horas\/#primaryimage\",\"url\":\"\",\"contentUrl\":\"\"},{\"@type\":\"BreadcrumbList\",\"@id\":\"https:\/\/portalnpm.com\/index.php\/2021\/11\/12\/piaui-registra-267-casos-e-tres-mortes-causadas-por-covid-19-em-24-horas\/#breadcrumb\",\"itemListElement\":[{\"@type\":\"ListItem\",\"position\":1,\"name\":\"In\u00edcio\",\"item\":\"https:\/\/portalnpm.com\/\"},{\"@type\":\"ListItem\",\"position\":2,\"name\":\"Piau\u00ed registra 267 casos e tr\u00eas mortes causadas por Covid-19 em 24 horas\"}]},{\"@type\":\"WebSite\",\"@id\":\"https:\/\/portalnpm.com\/#website\",\"url\":\"https:\/\/portalnpm.com\/\",\"name\":\"Portal NPM\",\"description\":\"Not\u00edcias em Primeira M\u00e3o\",\"potentialAction\":[{\"@type\":\"SearchAction\",\"target\":{\"@type\":\"EntryPoint\",\"urlTemplate\":\"https:\/\/portalnpm.com\/?s={search_term_string}\"},\"query-input\":\"required name=search_term_string\"}],\"inLanguage\":\"pt-BR\"},{\"@type\":\"Person\",\"@id\":\"https:\/\/portalnpm.com\/#\/schema\/person\/49313e563cfdefcc167f1ee4c017c294\",\"name\":\"Genival Barbosa\",\"image\":{\"@type\":\"ImageObject\",\"inLanguage\":\"pt-BR\",\"@id\":\"https:\/\/portalnpm.com\/#\/schema\/person\/image\/\",\"url\":\"https:\/\/portalnpm.com\/wp-content\/uploads\/2024\/02\/avatar_user_2_1707743258-96x96.jpeg\",\"contentUrl\":\"https:\/\/portalnpm.com\/wp-content\/uploads\/2024\/02\/avatar_user_2_1707743258-96x96.jpeg\",\"caption\":\"Genival Barbosa\"},\"url\":\"https:\/\/portalnpm.com\/index.php\/author\/genival\/\"}]}<\/script>\n<!-- \/ Yoast SEO plugin. -->","yoast_head_json":{"title":"Piau\u00ed registra 267 casos e tr\u00eas mortes causadas por Covid-19 em 24 horas - Portal NPM","robots":{"index":"index","follow":"follow","max-snippet":"max-snippet:-1","max-image-preview":"max-image-preview:large","max-video-preview":"max-video-preview:-1"},"canonical":"https:\/\/portalnpm.com\/index.php\/2021\/11\/12\/piaui-registra-267-casos-e-tres-mortes-causadas-por-covid-19-em-24-horas\/","og_locale":"pt_BR","og_type":"article","og_title":"Piau\u00ed registra 267 casos e tr\u00eas mortes causadas por Covid-19 em 24 horas - Portal NPM","og_description":"Foram registrados, no Piau\u00ed, 267 casos \u00a0confirmados e tr\u00eas \u00f3bitos \u00a0por Covid-19 nas \u00faltimas 24 horas, segundo dados divulgados pela Secretaria de Estado da Sa\u00fade, na noite desta quinta-feira (11\/11). Dos 267 casos confirmados da doen\u00e7a 152 s\u00e3o mulheres e 115 s\u00e3o homens, com idades entre um a 89 anos. Dois homens e uma mulher &hellip;","og_url":"https:\/\/portalnpm.com\/index.php\/2021\/11\/12\/piaui-registra-267-casos-e-tres-mortes-causadas-por-covid-19-em-24-horas\/","og_site_name":"Portal NPM","article_published_time":"2021-11-12T09:07:11+00:00","author":"Genival Barbosa","twitter_card":"summary_large_image","twitter_misc":{"Escrito por":"Genival Barbosa","Est. tempo de leitura":"2 minutos"},"schema":{"@context":"https:\/\/schema.org","@graph":[{"@type":"WebPage","@id":"https:\/\/portalnpm.com\/index.php\/2021\/11\/12\/piaui-registra-267-casos-e-tres-mortes-causadas-por-covid-19-em-24-horas\/","url":"https:\/\/portalnpm.com\/index.php\/2021\/11\/12\/piaui-registra-267-casos-e-tres-mortes-causadas-por-covid-19-em-24-horas\/","name":"Piau\u00ed registra 267 casos e tr\u00eas mortes causadas por Covid-19 em 24 horas - Portal NPM","isPartOf":{"@id":"https:\/\/portalnpm.com\/#website"},"primaryImageOfPage":{"@id":"https:\/\/portalnpm.com\/index.php\/2021\/11\/12\/piaui-registra-267-casos-e-tres-mortes-causadas-por-covid-19-em-24-horas\/#primaryimage"},"image":{"@id":"https:\/\/portalnpm.com\/index.php\/2021\/11\/12\/piaui-registra-267-casos-e-tres-mortes-causadas-por-covid-19-em-24-horas\/#primaryimage"},"thumbnailUrl":"","datePublished":"2021-11-12T09:07:11+00:00","dateModified":"2021-11-12T09:07:11+00:00","author":{"@id":"https:\/\/portalnpm.com\/#\/schema\/person\/49313e563cfdefcc167f1ee4c017c294"},"breadcrumb":{"@id":"https:\/\/portalnpm.com\/index.php\/2021\/11\/12\/piaui-registra-267-casos-e-tres-mortes-causadas-por-covid-19-em-24-horas\/#breadcrumb"},"inLanguage":"pt-BR","potentialAction":[{"@type":"ReadAction","target":["https:\/\/portalnpm.com\/index.php\/2021\/11\/12\/piaui-registra-267-casos-e-tres-mortes-causadas-por-covid-19-em-24-horas\/"]}]},{"@type":"ImageObject","inLanguage":"pt-BR","@id":"https:\/\/portalnpm.com\/index.php\/2021\/11\/12\/piaui-registra-267-casos-e-tres-mortes-causadas-por-covid-19-em-24-horas\/#primaryimage","url":"","contentUrl":""},{"@type":"BreadcrumbList","@id":"https:\/\/portalnpm.com\/index.php\/2021\/11\/12\/piaui-registra-267-casos-e-tres-mortes-causadas-por-covid-19-em-24-horas\/#breadcrumb","itemListElement":[{"@type":"ListItem","position":1,"name":"In\u00edcio","item":"https:\/\/portalnpm.com\/"},{"@type":"ListItem","position":2,"name":"Piau\u00ed registra 267 casos e tr\u00eas mortes causadas por Covid-19 em 24 horas"}]},{"@type":"WebSite","@id":"https:\/\/portalnpm.com\/#website","url":"https:\/\/portalnpm.com\/","name":"Portal NPM","description":"Not\u00edcias em Primeira M\u00e3o","potentialAction":[{"@type":"SearchAction","target":{"@type":"EntryPoint","urlTemplate":"https:\/\/portalnpm.com\/?s={search_term_string}"},"query-input":"required name=search_term_string"}],"inLanguage":"pt-BR"},{"@type":"Person","@id":"https:\/\/portalnpm.com\/#\/schema\/person\/49313e563cfdefcc167f1ee4c017c294","name":"Genival Barbosa","image":{"@type":"ImageObject","inLanguage":"pt-BR","@id":"https:\/\/portalnpm.com\/#\/schema\/person\/image\/","url":"https:\/\/portalnpm.com\/wp-content\/uploads\/2024\/02\/avatar_user_2_1707743258-96x96.jpeg","contentUrl":"https:\/\/portalnpm.com\/wp-content\/uploads\/2024\/02\/avatar_user_2_1707743258-96x96.jpeg","caption":"Genival Barbosa"},"url":"https:\/\/portalnpm.com\/index.php\/author\/genival\/"}]}},"jetpack_sharing_enabled":true,"jetpack_featured_media_url":"","_links":{"self":[{"href":"https:\/\/portalnpm.com\/index.php\/wp-json\/wp\/v2\/posts\/38157"}],"collection":[{"href":"https:\/\/portalnpm.com\/index.php\/wp-json\/wp\/v2\/posts"}],"about":[{"href":"https:\/\/portalnpm.com\/index.php\/wp-json\/wp\/v2\/types\/post"}],"author":[{"embeddable":true,"href":"https:\/\/portalnpm.com\/index.php\/wp-json\/wp\/v2\/users\/2"}],"replies":[{"embeddable":true,"href":"https:\/\/portalnpm.com\/index.php\/wp-json\/wp\/v2\/comments?post=38157"}],"version-history":[{"count":0,"href":"https:\/\/portalnpm.com\/index.php\/wp-json\/wp\/v2\/posts\/38157\/revisions"}],"wp:featuredmedia":[{"embeddable":true,"href":"https:\/\/portalnpm.com\/index.php\/wp-json\/"}],"wp:attachment":[{"href":"https:\/\/portalnpm.com\/index.php\/wp-json\/wp\/v2\/media?parent=38157"}],"wp:term":[{"taxonomy":"category","embeddable":true,"href":"https:\/\/portalnpm.com\/index.php\/wp-json\/wp\/v2\/categories?post=38157"},{"taxonomy":"post_tag","embeddable":true,"href":"https:\/\/portalnpm.com\/index.php\/wp-json\/wp\/v2\/tags?post=38157"}],"curies":[{"name":"wp","href":"https:\/\/api.w.org\/{rel}","templated":true}]}}