{"id":38172,"date":"2021-11-12T20:44:07","date_gmt":"2021-11-12T23:44:07","guid":{"rendered":"https:\/\/backupnpm.codetainer.com.br\/?p=38172"},"modified":"2021-11-12T20:44:07","modified_gmt":"2021-11-12T23:44:07","slug":"chuva-de-granizo-e-registrada-por-moradores-em-picos","status":"publish","type":"post","link":"https:\/\/portalnpm.com\/index.php\/2021\/11\/12\/chuva-de-granizo-e-registrada-por-moradores-em-picos\/","title":{"rendered":"Chuva de granizo \u00e9 registrada por moradores em Picos"},"content":{"rendered":"<p style=\"text-align: justify;\">Uma precipita\u00e7\u00e3o com fortes ventos e chuva de granizo assustou a popula\u00e7\u00e3o de Picos na tarde desta sexta-feira (12), por volta de 16h40. As pequenas pedras de gelo ca\u00edram na \u00e1rea urbana da cidade e foram registradas por moradores.<\/p>\n<p style=\"text-align: justify;\">Alguns estabelecimentos comerciais tamb\u00e9m sofreram preju\u00edzos materiais com os fortes ventos que acompanharam a chuva.<\/p>\n<p style=\"text-align: justify;\">Ainda segundo informa\u00e7\u00f5es, muitas comunidades da zona rural de Picos registraram falta de energia por conta da chuva.<\/p>\n<p style=\"text-align: justify;\">Posto de combust\u00edvel foi atingido pela tempestade que deixou muitos locais de Picos sem energia<\/p>\n<p style=\"text-align: justify;\">De acordo com o climatologista Werton Costa, a forma\u00e7\u00e3o das chuvas de granizo est\u00e1 ligada ao encontro de ventos quentes e frios. \u201cO fator causador do granizo \u00e9 o V\u00f3rtice Cicl\u00f4nicos de Altos N\u00edveis (VCANs). Eles geram o granizo. Dessa vez a surpresa \u00e9 que foi em Picos. \u00c9 um fen\u00f4meno aleat\u00f3rio, ressaltou o climatologista.<\/p>\n<figure class=\"wp-block-embed is-type-video is-provider-youtube wp-block-embed-youtube wp-embed-aspect-4-3 wp-has-aspect-ratio\" style=\"text-align: justify;\">\n<div class=\"wp-block-embed__wrapper\"><iframe class=\"lazyloaded\" title=\"Chuva de granizo \u00e9 registrada por moradores em Picos\" src=\"https:\/\/www.youtube.com\/embed\/U5P8lLkSRoo?feature=oembed\" width=\"708\" height=\"531\" frameborder=\"0\" allowfullscreen=\"allowfullscreen\" data-rocket-lazyload=\"fitvidscompatible\" data-lazy-src=\"https:\/\/www.youtube.com\/embed\/U5P8lLkSRoo?feature=oembed\" data-was-processed=\"true\" data-mce-fragment=\"1\"><\/iframe><\/div>\n<\/figure>\n<p style=\"text-align: justify;\">\u201c\u00c9 um sistema que redistribui umidade, diferente de outros sistemas atmosf\u00e9ricos, o VCAN se movimenta de forma circular. Toda e qualquer cidade que estiver no centro de um vcam vai experimentar uma sensa\u00e7\u00e3o de tempo firme. As cidades que estiverem na borda tem uma tend\u00eancia a formar nuvens de acumulo r\u00e1pido. \u00c9 nesse processo de crescimento da nuvem que o topo das nuvens congelam\u201d, finaliza Werton Costa.<\/p>\n<p style=\"text-align: justify;\">Sat\u00e9lite europeu UMETSAT registrou as nuvens \u201ccarregadas sobre Picos.<\/p>\n<div class=\"angwp_182233 _ning_cont _ning_hidden _ning_outer _align_center responsive _ning_visible\" data-size=\"customxundefined\" data-bid=\"182233\" data-aid=\"0\">\n<div class=\"_ning_inner\" style=\"text-align: justify;\">Fonte:\u00a0 Riachaonet<\/div>\n<\/div>\n","protected":false},"excerpt":{"rendered":"<p>Uma precipita\u00e7\u00e3o com fortes ventos e chuva de granizo assustou a popula\u00e7\u00e3o de Picos na tarde desta sexta-feira (12), por volta de 16h40. As pequenas pedras de gelo ca\u00edram na \u00e1rea urbana da cidade e foram registradas por moradores. Alguns estabelecimentos comerciais tamb\u00e9m sofreram preju\u00edzos materiais com os fortes ventos que acompanharam a chuva. Ainda &hellip;<\/p>\n","protected":false},"author":2,"featured_media":38173,"comment_status":"open","ping_status":"open","sticky":false,"template":"","format":"standard","meta":{"content-type":"","rop_custom_images_group":[],"rop_custom_messages_group":[],"rop_publish_now":"initial","rop_publish_now_accounts":{"facebook_2648258775420054_1618374048415101":""},"rop_publish_now_history":[],"rop_publish_now_status":"pending","footnotes":"","_jetpack_memberships_contains_paid_content":false},"categories":[109,127],"tags":[14973,128],"yoast_head":"<!-- This site is optimized with the Yoast SEO plugin v22.3 - https:\/\/yoast.com\/wordpress\/plugins\/seo\/ -->\n<title>Chuva de granizo \u00e9 registrada por moradores em Picos - Portal NPM<\/title>\n<meta name=\"robots\" content=\"index, follow, max-snippet:-1, max-image-preview:large, max-video-preview:-1\" \/>\n<link rel=\"canonical\" href=\"https:\/\/portalnpm.com\/index.php\/2021\/11\/12\/chuva-de-granizo-e-registrada-por-moradores-em-picos\/\" \/>\n<meta property=\"og:locale\" content=\"pt_BR\" \/>\n<meta property=\"og:type\" content=\"article\" \/>\n<meta property=\"og:title\" content=\"Chuva de granizo \u00e9 registrada por moradores em Picos - Portal NPM\" \/>\n<meta property=\"og:description\" content=\"Uma precipita\u00e7\u00e3o com fortes ventos e chuva de granizo assustou a popula\u00e7\u00e3o de Picos na tarde desta sexta-feira (12), por volta de 16h40. As pequenas pedras de gelo ca\u00edram na \u00e1rea urbana da cidade e foram registradas por moradores. Alguns estabelecimentos comerciais tamb\u00e9m sofreram preju\u00edzos materiais com os fortes ventos que acompanharam a chuva. Ainda &hellip;\" \/>\n<meta property=\"og:url\" content=\"https:\/\/portalnpm.com\/index.php\/2021\/11\/12\/chuva-de-granizo-e-registrada-por-moradores-em-picos\/\" \/>\n<meta property=\"og:site_name\" content=\"Portal NPM\" \/>\n<meta property=\"article:published_time\" content=\"2021-11-12T23:44:07+00:00\" \/>\n<meta name=\"author\" content=\"Genival Barbosa\" \/>\n<meta name=\"twitter:card\" content=\"summary_large_image\" \/>\n<meta name=\"twitter:label1\" content=\"Escrito por\" \/>\n\t<meta name=\"twitter:data1\" content=\"Genival Barbosa\" \/>\n\t<meta name=\"twitter:label2\" content=\"Est. tempo de leitura\" \/>\n\t<meta name=\"twitter:data2\" content=\"1 minuto\" \/>\n<script type=\"application\/ld+json\" class=\"yoast-schema-graph\">{\"@context\":\"https:\/\/schema.org\",\"@graph\":[{\"@type\":\"WebPage\",\"@id\":\"https:\/\/portalnpm.com\/index.php\/2021\/11\/12\/chuva-de-granizo-e-registrada-por-moradores-em-picos\/\",\"url\":\"https:\/\/portalnpm.com\/index.php\/2021\/11\/12\/chuva-de-granizo-e-registrada-por-moradores-em-picos\/\",\"name\":\"Chuva de granizo \u00e9 registrada por moradores em Picos - Portal NPM\",\"isPartOf\":{\"@id\":\"https:\/\/portalnpm.com\/#website\"},\"primaryImageOfPage\":{\"@id\":\"https:\/\/portalnpm.com\/index.php\/2021\/11\/12\/chuva-de-granizo-e-registrada-por-moradores-em-picos\/#primaryimage\"},\"image\":{\"@id\":\"https:\/\/portalnpm.com\/index.php\/2021\/11\/12\/chuva-de-granizo-e-registrada-por-moradores-em-picos\/#primaryimage\"},\"thumbnailUrl\":\"\",\"datePublished\":\"2021-11-12T23:44:07+00:00\",\"dateModified\":\"2021-11-12T23:44:07+00:00\",\"author\":{\"@id\":\"https:\/\/portalnpm.com\/#\/schema\/person\/49313e563cfdefcc167f1ee4c017c294\"},\"breadcrumb\":{\"@id\":\"https:\/\/portalnpm.com\/index.php\/2021\/11\/12\/chuva-de-granizo-e-registrada-por-moradores-em-picos\/#breadcrumb\"},\"inLanguage\":\"pt-BR\",\"potentialAction\":[{\"@type\":\"ReadAction\",\"target\":[\"https:\/\/portalnpm.com\/index.php\/2021\/11\/12\/chuva-de-granizo-e-registrada-por-moradores-em-picos\/\"]}]},{\"@type\":\"ImageObject\",\"inLanguage\":\"pt-BR\",\"@id\":\"https:\/\/portalnpm.com\/index.php\/2021\/11\/12\/chuva-de-granizo-e-registrada-por-moradores-em-picos\/#primaryimage\",\"url\":\"\",\"contentUrl\":\"\"},{\"@type\":\"BreadcrumbList\",\"@id\":\"https:\/\/portalnpm.com\/index.php\/2021\/11\/12\/chuva-de-granizo-e-registrada-por-moradores-em-picos\/#breadcrumb\",\"itemListElement\":[{\"@type\":\"ListItem\",\"position\":1,\"name\":\"In\u00edcio\",\"item\":\"https:\/\/portalnpm.com\/\"},{\"@type\":\"ListItem\",\"position\":2,\"name\":\"Chuva de granizo \u00e9 registrada por moradores em Picos\"}]},{\"@type\":\"WebSite\",\"@id\":\"https:\/\/portalnpm.com\/#website\",\"url\":\"https:\/\/portalnpm.com\/\",\"name\":\"Portal NPM\",\"description\":\"Not\u00edcias em Primeira M\u00e3o\",\"potentialAction\":[{\"@type\":\"SearchAction\",\"target\":{\"@type\":\"EntryPoint\",\"urlTemplate\":\"https:\/\/portalnpm.com\/?s={search_term_string}\"},\"query-input\":\"required name=search_term_string\"}],\"inLanguage\":\"pt-BR\"},{\"@type\":\"Person\",\"@id\":\"https:\/\/portalnpm.com\/#\/schema\/person\/49313e563cfdefcc167f1ee4c017c294\",\"name\":\"Genival Barbosa\",\"image\":{\"@type\":\"ImageObject\",\"inLanguage\":\"pt-BR\",\"@id\":\"https:\/\/portalnpm.com\/#\/schema\/person\/image\/\",\"url\":\"https:\/\/portalnpm.com\/wp-content\/uploads\/2024\/02\/avatar_user_2_1707743258-96x96.jpeg\",\"contentUrl\":\"https:\/\/portalnpm.com\/wp-content\/uploads\/2024\/02\/avatar_user_2_1707743258-96x96.jpeg\",\"caption\":\"Genival Barbosa\"},\"url\":\"https:\/\/portalnpm.com\/index.php\/author\/genival\/\"}]}<\/script>\n<!-- \/ Yoast SEO plugin. -->","yoast_head_json":{"title":"Chuva de granizo \u00e9 registrada por moradores em Picos - Portal NPM","robots":{"index":"index","follow":"follow","max-snippet":"max-snippet:-1","max-image-preview":"max-image-preview:large","max-video-preview":"max-video-preview:-1"},"canonical":"https:\/\/portalnpm.com\/index.php\/2021\/11\/12\/chuva-de-granizo-e-registrada-por-moradores-em-picos\/","og_locale":"pt_BR","og_type":"article","og_title":"Chuva de granizo \u00e9 registrada por moradores em Picos - Portal NPM","og_description":"Uma precipita\u00e7\u00e3o com fortes ventos e chuva de granizo assustou a popula\u00e7\u00e3o de Picos na tarde desta sexta-feira (12), por volta de 16h40. As pequenas pedras de gelo ca\u00edram na \u00e1rea urbana da cidade e foram registradas por moradores. Alguns estabelecimentos comerciais tamb\u00e9m sofreram preju\u00edzos materiais com os fortes ventos que acompanharam a chuva. Ainda &hellip;","og_url":"https:\/\/portalnpm.com\/index.php\/2021\/11\/12\/chuva-de-granizo-e-registrada-por-moradores-em-picos\/","og_site_name":"Portal NPM","article_published_time":"2021-11-12T23:44:07+00:00","author":"Genival Barbosa","twitter_card":"summary_large_image","twitter_misc":{"Escrito por":"Genival Barbosa","Est. tempo de leitura":"1 minuto"},"schema":{"@context":"https:\/\/schema.org","@graph":[{"@type":"WebPage","@id":"https:\/\/portalnpm.com\/index.php\/2021\/11\/12\/chuva-de-granizo-e-registrada-por-moradores-em-picos\/","url":"https:\/\/portalnpm.com\/index.php\/2021\/11\/12\/chuva-de-granizo-e-registrada-por-moradores-em-picos\/","name":"Chuva de granizo \u00e9 registrada por moradores em Picos - Portal NPM","isPartOf":{"@id":"https:\/\/portalnpm.com\/#website"},"primaryImageOfPage":{"@id":"https:\/\/portalnpm.com\/index.php\/2021\/11\/12\/chuva-de-granizo-e-registrada-por-moradores-em-picos\/#primaryimage"},"image":{"@id":"https:\/\/portalnpm.com\/index.php\/2021\/11\/12\/chuva-de-granizo-e-registrada-por-moradores-em-picos\/#primaryimage"},"thumbnailUrl":"","datePublished":"2021-11-12T23:44:07+00:00","dateModified":"2021-11-12T23:44:07+00:00","author":{"@id":"https:\/\/portalnpm.com\/#\/schema\/person\/49313e563cfdefcc167f1ee4c017c294"},"breadcrumb":{"@id":"https:\/\/portalnpm.com\/index.php\/2021\/11\/12\/chuva-de-granizo-e-registrada-por-moradores-em-picos\/#breadcrumb"},"inLanguage":"pt-BR","potentialAction":[{"@type":"ReadAction","target":["https:\/\/portalnpm.com\/index.php\/2021\/11\/12\/chuva-de-granizo-e-registrada-por-moradores-em-picos\/"]}]},{"@type":"ImageObject","inLanguage":"pt-BR","@id":"https:\/\/portalnpm.com\/index.php\/2021\/11\/12\/chuva-de-granizo-e-registrada-por-moradores-em-picos\/#primaryimage","url":"","contentUrl":""},{"@type":"BreadcrumbList","@id":"https:\/\/portalnpm.com\/index.php\/2021\/11\/12\/chuva-de-granizo-e-registrada-por-moradores-em-picos\/#breadcrumb","itemListElement":[{"@type":"ListItem","position":1,"name":"In\u00edcio","item":"https:\/\/portalnpm.com\/"},{"@type":"ListItem","position":2,"name":"Chuva de granizo \u00e9 registrada por moradores em Picos"}]},{"@type":"WebSite","@id":"https:\/\/portalnpm.com\/#website","url":"https:\/\/portalnpm.com\/","name":"Portal NPM","description":"Not\u00edcias em Primeira M\u00e3o","potentialAction":[{"@type":"SearchAction","target":{"@type":"EntryPoint","urlTemplate":"https:\/\/portalnpm.com\/?s={search_term_string}"},"query-input":"required name=search_term_string"}],"inLanguage":"pt-BR"},{"@type":"Person","@id":"https:\/\/portalnpm.com\/#\/schema\/person\/49313e563cfdefcc167f1ee4c017c294","name":"Genival Barbosa","image":{"@type":"ImageObject","inLanguage":"pt-BR","@id":"https:\/\/portalnpm.com\/#\/schema\/person\/image\/","url":"https:\/\/portalnpm.com\/wp-content\/uploads\/2024\/02\/avatar_user_2_1707743258-96x96.jpeg","contentUrl":"https:\/\/portalnpm.com\/wp-content\/uploads\/2024\/02\/avatar_user_2_1707743258-96x96.jpeg","caption":"Genival Barbosa"},"url":"https:\/\/portalnpm.com\/index.php\/author\/genival\/"}]}},"jetpack_sharing_enabled":true,"jetpack_featured_media_url":"","_links":{"self":[{"href":"https:\/\/portalnpm.com\/index.php\/wp-json\/wp\/v2\/posts\/38172"}],"collection":[{"href":"https:\/\/portalnpm.com\/index.php\/wp-json\/wp\/v2\/posts"}],"about":[{"href":"https:\/\/portalnpm.com\/index.php\/wp-json\/wp\/v2\/types\/post"}],"author":[{"embeddable":true,"href":"https:\/\/portalnpm.com\/index.php\/wp-json\/wp\/v2\/users\/2"}],"replies":[{"embeddable":true,"href":"https:\/\/portalnpm.com\/index.php\/wp-json\/wp\/v2\/comments?post=38172"}],"version-history":[{"count":0,"href":"https:\/\/portalnpm.com\/index.php\/wp-json\/wp\/v2\/posts\/38172\/revisions"}],"wp:featuredmedia":[{"embeddable":true,"href":"https:\/\/portalnpm.com\/index.php\/wp-json\/"}],"wp:attachment":[{"href":"https:\/\/portalnpm.com\/index.php\/wp-json\/wp\/v2\/media?parent=38172"}],"wp:term":[{"taxonomy":"category","embeddable":true,"href":"https:\/\/portalnpm.com\/index.php\/wp-json\/wp\/v2\/categories?post=38172"},{"taxonomy":"post_tag","embeddable":true,"href":"https:\/\/portalnpm.com\/index.php\/wp-json\/wp\/v2\/tags?post=38172"}],"curies":[{"name":"wp","href":"https:\/\/api.w.org\/{rel}","templated":true}]}}