{"id":38183,"date":"2021-11-13T13:56:04","date_gmt":"2021-11-13T16:56:04","guid":{"rendered":"https:\/\/backupnpm.codetainer.com.br\/?p=38183"},"modified":"2021-11-13T13:56:04","modified_gmt":"2021-11-13T16:56:04","slug":"justino-luz-continua-com-ocupacao-total-dos-leitos-de-uti-covid","status":"publish","type":"post","link":"https:\/\/portalnpm.com\/index.php\/2021\/11\/13\/justino-luz-continua-com-ocupacao-total-dos-leitos-de-uti-covid\/","title":{"rendered":"Justino Luz continua com ocupa\u00e7\u00e3o total dos leitos de UTI covid"},"content":{"rendered":"<p style=\"text-align: justify;\">A assessoria do Hospital Regional Justino Luz (HRJL), de Picos (PI), divulgou novo boletim na noite de sexta-feira, 12 de novembro de 2021.<\/p>\n<p style=\"text-align: justify;\">\n<p style=\"text-align: justify;\">\n<p style=\"text-align: justify;\">Pela \u00faltima atualiza\u00e7\u00e3o, o n\u00famero de pacientes na UTI Covid se manteve est\u00e1vel com 10 internados em compara\u00e7\u00e3o com as \u00faltimas informa\u00e7\u00f5es.<\/p>\n<p style=\"text-align: justify;\">Segundo informa\u00e7\u00f5es do Hospital, a ocupa\u00e7\u00e3o da enfermaria subiu de tr\u00eas para sete pacientes internados. N\u00e3o foi registrado \u00f3bito por complica\u00e7\u00f5es provocadas pela doen\u00e7a.<\/p>\n<p style=\"text-align: justify;\"><img fetchpriority=\"high\" decoding=\"async\" class=\"alignnone size-full wp-image-100097\" src=\"https:\/\/i1.wp.com\/www.portalenoticias.com.br\/wp-content\/uploads\/2021\/11\/WhatsApp-Image-2021-11-12-at-23.35.34-576x1024-1.jpeg?fit=576%2C1024&amp;ssl=1\" sizes=\"(max-width: 576px) 100vw, 576px\" srcset=\"https:\/\/i1.wp.com\/www.portalenoticias.com.br\/wp-content\/uploads\/2021\/11\/WhatsApp-Image-2021-11-12-at-23.35.34-576x1024-1.jpeg?fit=169%2C300&amp;ssl=1 169w, https:\/\/i1.wp.com\/www.portalenoticias.com.br\/wp-content\/uploads\/2021\/11\/WhatsApp-Image-2021-11-12-at-23.35.34-576x1024-1.jpeg?fit=576%2C1024&amp;ssl=1 576w\" alt=\"\" width=\"576\" height=\"1024\" data-attachment-id=\"100097\" data-permalink=\"https:\/\/www.portalenoticias.com.br\/justino-luz-continua-com-ocupacao-total-dos-leitos-de-uti-covid\/whatsapp-image-2021-11-12-at-23-35-34-576x1024\/\" data-orig-file=\"https:\/\/i1.wp.com\/www.portalenoticias.com.br\/wp-content\/uploads\/2021\/11\/WhatsApp-Image-2021-11-12-at-23.35.34-576x1024-1.jpeg?fit=576%2C1024&amp;ssl=1\" data-orig-size=\"576,1024\" data-comments-opened=\"0\" data-image-meta=\"{&quot;aperture&quot;:&quot;0&quot;,&quot;credit&quot;:&quot;&quot;,&quot;camera&quot;:&quot;&quot;,&quot;caption&quot;:&quot;&quot;,&quot;created_timestamp&quot;:&quot;0&quot;,&quot;copyright&quot;:&quot;&quot;,&quot;focal_length&quot;:&quot;0&quot;,&quot;iso&quot;:&quot;0&quot;,&quot;shutter_speed&quot;:&quot;0&quot;,&quot;title&quot;:&quot;&quot;,&quot;orientation&quot;:&quot;0&quot;}\" data-image-title=\"WhatsApp-Image-2021-11-12-at-23.35.34-576\u00d71024\" data-image-description=\"\" data-medium-file=\"https:\/\/i1.wp.com\/www.portalenoticias.com.br\/wp-content\/uploads\/2021\/11\/WhatsApp-Image-2021-11-12-at-23.35.34-576x1024-1.jpeg?fit=169%2C300&amp;ssl=1\" data-large-file=\"https:\/\/i1.wp.com\/www.portalenoticias.com.br\/wp-content\/uploads\/2021\/11\/WhatsApp-Image-2021-11-12-at-23.35.34-576x1024-1.jpeg?fit=576%2C1024&amp;ssl=1\" data-recalc-dims=\"1\" \/><\/p>\n<p style=\"text-align: justify;\"><strong>Fonte: WebPiau\u00ed<\/strong><\/p>\n","protected":false},"excerpt":{"rendered":"<p>A assessoria do Hospital Regional Justino Luz (HRJL), de Picos (PI), divulgou novo boletim na noite de sexta-feira, 12 de novembro de 2021. Pela \u00faltima atualiza\u00e7\u00e3o, o n\u00famero de pacientes na UTI Covid se manteve est\u00e1vel com 10 internados em compara\u00e7\u00e3o com as \u00faltimas informa\u00e7\u00f5es. Segundo informa\u00e7\u00f5es do Hospital, a ocupa\u00e7\u00e3o da enfermaria subiu de &hellip;<\/p>\n","protected":false},"author":2,"featured_media":38184,"comment_status":"open","ping_status":"open","sticky":false,"template":"","format":"standard","meta":{"content-type":"","rop_custom_images_group":[],"rop_custom_messages_group":[],"rop_publish_now":"initial","rop_publish_now_accounts":{"facebook_2648258775420054_1618374048415101":""},"rop_publish_now_history":[],"rop_publish_now_status":"pending","footnotes":"","_jetpack_memberships_contains_paid_content":false},"categories":[109,127],"tags":[1113,128],"yoast_head":"<!-- This site is optimized with the Yoast SEO plugin v22.3 - https:\/\/yoast.com\/wordpress\/plugins\/seo\/ -->\n<title>Justino Luz continua com ocupa\u00e7\u00e3o total dos leitos de UTI covid - Portal NPM<\/title>\n<meta name=\"robots\" content=\"index, follow, max-snippet:-1, max-image-preview:large, max-video-preview:-1\" \/>\n<link rel=\"canonical\" href=\"https:\/\/portalnpm.com\/index.php\/2021\/11\/13\/justino-luz-continua-com-ocupacao-total-dos-leitos-de-uti-covid\/\" \/>\n<meta property=\"og:locale\" content=\"pt_BR\" \/>\n<meta property=\"og:type\" content=\"article\" \/>\n<meta property=\"og:title\" content=\"Justino Luz continua com ocupa\u00e7\u00e3o total dos leitos de UTI covid - Portal NPM\" \/>\n<meta property=\"og:description\" content=\"A assessoria do Hospital Regional Justino Luz (HRJL), de Picos (PI), divulgou novo boletim na noite de sexta-feira, 12 de novembro de 2021. Pela \u00faltima atualiza\u00e7\u00e3o, o n\u00famero de pacientes na UTI Covid se manteve est\u00e1vel com 10 internados em compara\u00e7\u00e3o com as \u00faltimas informa\u00e7\u00f5es. Segundo informa\u00e7\u00f5es do Hospital, a ocupa\u00e7\u00e3o da enfermaria subiu de &hellip;\" \/>\n<meta property=\"og:url\" content=\"https:\/\/portalnpm.com\/index.php\/2021\/11\/13\/justino-luz-continua-com-ocupacao-total-dos-leitos-de-uti-covid\/\" \/>\n<meta property=\"og:site_name\" content=\"Portal NPM\" \/>\n<meta property=\"article:published_time\" content=\"2021-11-13T16:56:04+00:00\" \/>\n<meta name=\"author\" content=\"Genival Barbosa\" \/>\n<meta name=\"twitter:card\" content=\"summary_large_image\" \/>\n<meta name=\"twitter:label1\" content=\"Escrito por\" \/>\n\t<meta name=\"twitter:data1\" content=\"Genival Barbosa\" \/>\n\t<meta name=\"twitter:label2\" content=\"Est. tempo de leitura\" \/>\n\t<meta name=\"twitter:data2\" content=\"1 minuto\" \/>\n<script type=\"application\/ld+json\" class=\"yoast-schema-graph\">{\"@context\":\"https:\/\/schema.org\",\"@graph\":[{\"@type\":\"WebPage\",\"@id\":\"https:\/\/portalnpm.com\/index.php\/2021\/11\/13\/justino-luz-continua-com-ocupacao-total-dos-leitos-de-uti-covid\/\",\"url\":\"https:\/\/portalnpm.com\/index.php\/2021\/11\/13\/justino-luz-continua-com-ocupacao-total-dos-leitos-de-uti-covid\/\",\"name\":\"Justino Luz continua com ocupa\u00e7\u00e3o total dos leitos de UTI covid - Portal NPM\",\"isPartOf\":{\"@id\":\"https:\/\/portalnpm.com\/#website\"},\"primaryImageOfPage\":{\"@id\":\"https:\/\/portalnpm.com\/index.php\/2021\/11\/13\/justino-luz-continua-com-ocupacao-total-dos-leitos-de-uti-covid\/#primaryimage\"},\"image\":{\"@id\":\"https:\/\/portalnpm.com\/index.php\/2021\/11\/13\/justino-luz-continua-com-ocupacao-total-dos-leitos-de-uti-covid\/#primaryimage\"},\"thumbnailUrl\":\"\",\"datePublished\":\"2021-11-13T16:56:04+00:00\",\"dateModified\":\"2021-11-13T16:56:04+00:00\",\"author\":{\"@id\":\"https:\/\/portalnpm.com\/#\/schema\/person\/49313e563cfdefcc167f1ee4c017c294\"},\"breadcrumb\":{\"@id\":\"https:\/\/portalnpm.com\/index.php\/2021\/11\/13\/justino-luz-continua-com-ocupacao-total-dos-leitos-de-uti-covid\/#breadcrumb\"},\"inLanguage\":\"pt-BR\",\"potentialAction\":[{\"@type\":\"ReadAction\",\"target\":[\"https:\/\/portalnpm.com\/index.php\/2021\/11\/13\/justino-luz-continua-com-ocupacao-total-dos-leitos-de-uti-covid\/\"]}]},{\"@type\":\"ImageObject\",\"inLanguage\":\"pt-BR\",\"@id\":\"https:\/\/portalnpm.com\/index.php\/2021\/11\/13\/justino-luz-continua-com-ocupacao-total-dos-leitos-de-uti-covid\/#primaryimage\",\"url\":\"\",\"contentUrl\":\"\"},{\"@type\":\"BreadcrumbList\",\"@id\":\"https:\/\/portalnpm.com\/index.php\/2021\/11\/13\/justino-luz-continua-com-ocupacao-total-dos-leitos-de-uti-covid\/#breadcrumb\",\"itemListElement\":[{\"@type\":\"ListItem\",\"position\":1,\"name\":\"In\u00edcio\",\"item\":\"https:\/\/portalnpm.com\/\"},{\"@type\":\"ListItem\",\"position\":2,\"name\":\"Justino Luz continua com ocupa\u00e7\u00e3o total dos leitos de UTI covid\"}]},{\"@type\":\"WebSite\",\"@id\":\"https:\/\/portalnpm.com\/#website\",\"url\":\"https:\/\/portalnpm.com\/\",\"name\":\"Portal NPM\",\"description\":\"Not\u00edcias em Primeira M\u00e3o\",\"potentialAction\":[{\"@type\":\"SearchAction\",\"target\":{\"@type\":\"EntryPoint\",\"urlTemplate\":\"https:\/\/portalnpm.com\/?s={search_term_string}\"},\"query-input\":\"required name=search_term_string\"}],\"inLanguage\":\"pt-BR\"},{\"@type\":\"Person\",\"@id\":\"https:\/\/portalnpm.com\/#\/schema\/person\/49313e563cfdefcc167f1ee4c017c294\",\"name\":\"Genival Barbosa\",\"image\":{\"@type\":\"ImageObject\",\"inLanguage\":\"pt-BR\",\"@id\":\"https:\/\/portalnpm.com\/#\/schema\/person\/image\/\",\"url\":\"https:\/\/portalnpm.com\/wp-content\/uploads\/2024\/02\/avatar_user_2_1707743258-96x96.jpeg\",\"contentUrl\":\"https:\/\/portalnpm.com\/wp-content\/uploads\/2024\/02\/avatar_user_2_1707743258-96x96.jpeg\",\"caption\":\"Genival Barbosa\"},\"url\":\"https:\/\/portalnpm.com\/index.php\/author\/genival\/\"}]}<\/script>\n<!-- \/ Yoast SEO plugin. -->","yoast_head_json":{"title":"Justino Luz continua com ocupa\u00e7\u00e3o total dos leitos de UTI covid - Portal NPM","robots":{"index":"index","follow":"follow","max-snippet":"max-snippet:-1","max-image-preview":"max-image-preview:large","max-video-preview":"max-video-preview:-1"},"canonical":"https:\/\/portalnpm.com\/index.php\/2021\/11\/13\/justino-luz-continua-com-ocupacao-total-dos-leitos-de-uti-covid\/","og_locale":"pt_BR","og_type":"article","og_title":"Justino Luz continua com ocupa\u00e7\u00e3o total dos leitos de UTI covid - Portal NPM","og_description":"A assessoria do Hospital Regional Justino Luz (HRJL), de Picos (PI), divulgou novo boletim na noite de sexta-feira, 12 de novembro de 2021. Pela \u00faltima atualiza\u00e7\u00e3o, o n\u00famero de pacientes na UTI Covid se manteve est\u00e1vel com 10 internados em compara\u00e7\u00e3o com as \u00faltimas informa\u00e7\u00f5es. Segundo informa\u00e7\u00f5es do Hospital, a ocupa\u00e7\u00e3o da enfermaria subiu de &hellip;","og_url":"https:\/\/portalnpm.com\/index.php\/2021\/11\/13\/justino-luz-continua-com-ocupacao-total-dos-leitos-de-uti-covid\/","og_site_name":"Portal NPM","article_published_time":"2021-11-13T16:56:04+00:00","author":"Genival Barbosa","twitter_card":"summary_large_image","twitter_misc":{"Escrito por":"Genival Barbosa","Est. tempo de leitura":"1 minuto"},"schema":{"@context":"https:\/\/schema.org","@graph":[{"@type":"WebPage","@id":"https:\/\/portalnpm.com\/index.php\/2021\/11\/13\/justino-luz-continua-com-ocupacao-total-dos-leitos-de-uti-covid\/","url":"https:\/\/portalnpm.com\/index.php\/2021\/11\/13\/justino-luz-continua-com-ocupacao-total-dos-leitos-de-uti-covid\/","name":"Justino Luz continua com ocupa\u00e7\u00e3o total dos leitos de UTI covid - Portal NPM","isPartOf":{"@id":"https:\/\/portalnpm.com\/#website"},"primaryImageOfPage":{"@id":"https:\/\/portalnpm.com\/index.php\/2021\/11\/13\/justino-luz-continua-com-ocupacao-total-dos-leitos-de-uti-covid\/#primaryimage"},"image":{"@id":"https:\/\/portalnpm.com\/index.php\/2021\/11\/13\/justino-luz-continua-com-ocupacao-total-dos-leitos-de-uti-covid\/#primaryimage"},"thumbnailUrl":"","datePublished":"2021-11-13T16:56:04+00:00","dateModified":"2021-11-13T16:56:04+00:00","author":{"@id":"https:\/\/portalnpm.com\/#\/schema\/person\/49313e563cfdefcc167f1ee4c017c294"},"breadcrumb":{"@id":"https:\/\/portalnpm.com\/index.php\/2021\/11\/13\/justino-luz-continua-com-ocupacao-total-dos-leitos-de-uti-covid\/#breadcrumb"},"inLanguage":"pt-BR","potentialAction":[{"@type":"ReadAction","target":["https:\/\/portalnpm.com\/index.php\/2021\/11\/13\/justino-luz-continua-com-ocupacao-total-dos-leitos-de-uti-covid\/"]}]},{"@type":"ImageObject","inLanguage":"pt-BR","@id":"https:\/\/portalnpm.com\/index.php\/2021\/11\/13\/justino-luz-continua-com-ocupacao-total-dos-leitos-de-uti-covid\/#primaryimage","url":"","contentUrl":""},{"@type":"BreadcrumbList","@id":"https:\/\/portalnpm.com\/index.php\/2021\/11\/13\/justino-luz-continua-com-ocupacao-total-dos-leitos-de-uti-covid\/#breadcrumb","itemListElement":[{"@type":"ListItem","position":1,"name":"In\u00edcio","item":"https:\/\/portalnpm.com\/"},{"@type":"ListItem","position":2,"name":"Justino Luz continua com ocupa\u00e7\u00e3o total dos leitos de UTI covid"}]},{"@type":"WebSite","@id":"https:\/\/portalnpm.com\/#website","url":"https:\/\/portalnpm.com\/","name":"Portal NPM","description":"Not\u00edcias em Primeira M\u00e3o","potentialAction":[{"@type":"SearchAction","target":{"@type":"EntryPoint","urlTemplate":"https:\/\/portalnpm.com\/?s={search_term_string}"},"query-input":"required name=search_term_string"}],"inLanguage":"pt-BR"},{"@type":"Person","@id":"https:\/\/portalnpm.com\/#\/schema\/person\/49313e563cfdefcc167f1ee4c017c294","name":"Genival Barbosa","image":{"@type":"ImageObject","inLanguage":"pt-BR","@id":"https:\/\/portalnpm.com\/#\/schema\/person\/image\/","url":"https:\/\/portalnpm.com\/wp-content\/uploads\/2024\/02\/avatar_user_2_1707743258-96x96.jpeg","contentUrl":"https:\/\/portalnpm.com\/wp-content\/uploads\/2024\/02\/avatar_user_2_1707743258-96x96.jpeg","caption":"Genival Barbosa"},"url":"https:\/\/portalnpm.com\/index.php\/author\/genival\/"}]}},"jetpack_sharing_enabled":true,"jetpack_featured_media_url":"","_links":{"self":[{"href":"https:\/\/portalnpm.com\/index.php\/wp-json\/wp\/v2\/posts\/38183"}],"collection":[{"href":"https:\/\/portalnpm.com\/index.php\/wp-json\/wp\/v2\/posts"}],"about":[{"href":"https:\/\/portalnpm.com\/index.php\/wp-json\/wp\/v2\/types\/post"}],"author":[{"embeddable":true,"href":"https:\/\/portalnpm.com\/index.php\/wp-json\/wp\/v2\/users\/2"}],"replies":[{"embeddable":true,"href":"https:\/\/portalnpm.com\/index.php\/wp-json\/wp\/v2\/comments?post=38183"}],"version-history":[{"count":0,"href":"https:\/\/portalnpm.com\/index.php\/wp-json\/wp\/v2\/posts\/38183\/revisions"}],"wp:featuredmedia":[{"embeddable":true,"href":"https:\/\/portalnpm.com\/index.php\/wp-json\/"}],"wp:attachment":[{"href":"https:\/\/portalnpm.com\/index.php\/wp-json\/wp\/v2\/media?parent=38183"}],"wp:term":[{"taxonomy":"category","embeddable":true,"href":"https:\/\/portalnpm.com\/index.php\/wp-json\/wp\/v2\/categories?post=38183"},{"taxonomy":"post_tag","embeddable":true,"href":"https:\/\/portalnpm.com\/index.php\/wp-json\/wp\/v2\/tags?post=38183"}],"curies":[{"name":"wp","href":"https:\/\/api.w.org\/{rel}","templated":true}]}}