{"id":38189,"date":"2021-11-13T14:01:52","date_gmt":"2021-11-13T17:01:52","guid":{"rendered":"https:\/\/backupnpm.codetainer.com.br\/?p=38189"},"modified":"2021-11-13T14:01:52","modified_gmt":"2021-11-13T17:01:52","slug":"lupi-diz-que-pdt-ira-apoiar-lula-em-2o-turno-contra-bolsonaro","status":"publish","type":"post","link":"https:\/\/portalnpm.com\/index.php\/2021\/11\/13\/lupi-diz-que-pdt-ira-apoiar-lula-em-2o-turno-contra-bolsonaro\/","title":{"rendered":"Lupi diz que PDT ir\u00e1 apoiar Lula em 2\u00ba turno contra Bolsonaro"},"content":{"rendered":"<section class=\"articlebody  flexarticlebody \" data-id=\"36\" data-m=\"{&quot;i&quot;:36,&quot;p&quot;:35,&quot;n&quot;:&quot;articlebody&quot;,&quot;y&quot;:6,&quot;o&quot;:1}\">\n<p style=\"text-align: justify;\">Presidente nacional do PDT (Partido Democr\u00e1tico Trabalhista), Carlos Lupi disse que o partido ir\u00e1 apoiar o ex-presidente Lula no 2\u00ba turno das elei\u00e7\u00f5es presidenciais de 2022 caso o advers\u00e1rio seja o presidente\u00a0<a tabindex=\"0\" href=\"https:\/\/www.poder360.com.br\/tag\/jair-bolsonaro\/\" target=\"_blank\" rel=\"noopener\" data-id=\"37\" data-m=\"{&quot;i&quot;:37,&quot;p&quot;:36,&quot;n&quot;:&quot;partnerLink&quot;,&quot;y&quot;:24,&quot;o&quot;:1}\">Jair Bolsonaro<\/a>\u00a0(sem partido). A informa\u00e7\u00e3o foi divulgada nesta 6\u00aa feira (12.nov.2021), em entrevista ao\u00a0<a tabindex=\"0\" href=\"https:\/\/noticias.uol.com.br\/politica\/ultimas-noticias\/2021\/11\/12\/eleicoes-2022-lula-ciro-pdt-pt-bolsonaro-segundo-turno-apoio.htm\" target=\"_blank\" rel=\"noopener\" data-id=\"38\" data-m=\"{&quot;i&quot;:38,&quot;p&quot;:36,&quot;n&quot;:&quot;partnerLink&quot;,&quot;y&quot;:24,&quot;o&quot;:2}\">portal\u00a0<em>UOL<\/em><\/a>.<\/p>\n<p style=\"text-align: justify;\">\n<p style=\"text-align: justify;\">\n<p style=\"text-align: justify;\">Lupi afirmou, por\u00e9m, que n\u00e3o ser\u00e1 feita uma alian\u00e7a com o petista no 1\u00ba turno, j\u00e1 que Ciro Gomes (PDT) deve ser o candidato da legenda na disputa.<\/p>\n<p style=\"text-align: justify;\"><em>\u201cNo 1\u00ba turno n\u00e3o vejo possibilidade. Agora, no 2\u00ba turno \u00e9 outra elei\u00e7\u00e3o. Vamos ver quem \u00e9 o advers\u00e1rio. Se for Bolsonaro ou seus representantes, com certeza n\u00e3o estaremos com Bolsonaro, estaremos com Lula\u201d<\/em>, disse.<\/p>\n<p style=\"text-align: justify;\">Declarou tamb\u00e9m que n\u00e3o v\u00ea um poss\u00edvel apoio a Sergio Moro (Podemos) ou a Jo\u00e3o Doria (PSDB). Segundo o presidente, os 2 poss\u00edveis candidatos s\u00e3o\u00a0<em>\u201cadjacentes\u201d<\/em>\u00a0de Bolsonaro e um dos objetivos do PDT \u00e9 lutar\u00a0<em>\u201ccontra essa direita, qualquer que seja sua representa\u00e7\u00e3o\u201d.<\/em> Lupi n\u00e3o coloca Eduardo Leite (PSDB) no mesmo grupo.<\/p>\n<div id=\"outbrain_widget_0\" class=\"OUTBRAIN\" style=\"text-align: justify;\" data-external-id=\"3fe6db8ccaf04158acb6fd4fa3843d67\" data-src=\"DROP_PERMALINK_HERE\" data-widget-id=\"MB_1\" data-ob-mark=\"true\" data-browser=\"chrome\" data-os=\"linux armv8l\" data-dynload=\"\" data-idx=\"0\">\n<div class=\"ob-widget ob-grid-layout ob-text-on-image MB_1 ob-cmn-MB_1\" data-dynamic-truncate=\"true\">\n<div class=\"ob-widget-footer\">\n<div class=\"ob-pixels\"><\/div>\n<\/div>\n<\/div>\n<\/div>\n<p style=\"text-align: justify;\"><em>\u201cEstaremos contra o palanque onde estar\u00e1 Bolsonaro e seu grupo [\u2026] o que eu chamo de adjacente \u00e9 o que tem a pol\u00edtica da direita, pol\u00edtica raivosa, odienta. O Moro \u00e9, acho que o Doria tem essa caracter\u00edstica. J\u00e1 n\u00e3o acho Eduardo Leite com essa caracter\u00edstica\u201d<\/em>, disse.<\/p>\n<p style=\"text-align: justify;\">Na 4\u00aa feira (10.nov), o ex-juiz federal e ex-ministro da Justi\u00e7a\u00a0<a tabindex=\"0\" href=\"https:\/\/www.poder360.com.br\/eleicoes\/sergio-moro-filia-se-ao-podemos-e-fala-como-pre-candidato-a-presidencia\/\" target=\"_blank\" rel=\"noopener\" data-id=\"39\" data-m=\"{&quot;i&quot;:39,&quot;p&quot;:36,&quot;n&quot;:&quot;partnerLink&quot;,&quot;y&quot;:24,&quot;o&quot;:3}\">Sergio Moro se filiou ao Podemos<\/a>\u00a0e se\u00a0<a tabindex=\"0\" href=\"https:\/\/www.poder360.com.br\/eleicoes\/em-filiacao-ao-podemos-moro-fala-em-projeto-contra-extremos\/\" target=\"_blank\" rel=\"noopener\" data-id=\"40\" data-m=\"{&quot;i&quot;:40,&quot;p&quot;:36,&quot;n&quot;:&quot;partnerLink&quot;,&quot;y&quot;:24,&quot;o&quot;:4}\">colocou como pr\u00e9-candidato<\/a>\u00a0\u00e0 Presid\u00eancia da Rep\u00fablica para as elei\u00e7\u00f5es de 2022.<\/p>\n<p style=\"text-align: justify;\">Em discurso, disse que seu nome\u00a0<em>\u201csempre estar\u00e1 \u00e0 disposi\u00e7\u00e3o\u201d<\/em>\u00a0para disputa do cargo. A \u00edntegra da fala pode ser lida\u00a0<a tabindex=\"0\" href=\"https:\/\/www.poder360.com.br\/eleicoes\/leia-a-integra-do-discurso-de-sergio-moro-no-evento-de-filiacao-ao-podemos\/\" target=\"_blank\" rel=\"noopener\" data-id=\"41\" data-m=\"{&quot;i&quot;:41,&quot;p&quot;:36,&quot;n&quot;:&quot;partnerLink&quot;,&quot;y&quot;:24,&quot;o&quot;:5}\">aqui<\/a>.<\/p>\n<p style=\"text-align: justify;\">Doria e Eduardo Leite disputam as pr\u00e9vias do PSDB e trocaram acusa\u00e7\u00f5es no 2\u00ba debate das elei\u00e7\u00f5es internas, promovido pelo\u00a0<em>O Estado de S. Paulo<\/em>\u00a0nesta 6\u00aa feira (12.nov).<\/p>\n<p style=\"text-align: justify;\">De um lado, o governador de S\u00e3o Paulo disse que a bancada de deputados federais ligados a Leite \u00e9 bolsonarista. o governador ga\u00facho rebateu a afirma\u00e7\u00e3o dizendo que n\u00e3o\u00a0<em>\u201ccomanda\u201d<\/em>\u00a0deputados, mas lidera.\u00a0<a tabindex=\"0\" href=\"https:\/\/www.poder360.com.br\/eleicoes\/doria-e-leite-trocam-provocacoes-em-debate-das-previas-do-psdb\/\" target=\"_blank\" rel=\"noopener\" data-id=\"42\" data-m=\"{&quot;i&quot;:42,&quot;p&quot;:36,&quot;n&quot;:&quot;partnerLink&quot;,&quot;y&quot;:24,&quot;o&quot;:6}\">Eis a cobertura<\/a>\u00a0feita pelo\u00a0<strong>Poder360<\/strong>.<\/p>\n<h2 style=\"text-align: justify;\">Cr\u00edticas de Ciro a Lula<\/h2>\n<p style=\"text-align: justify;\">Carlos Lupi tamb\u00e9m comentou sobre as cr\u00edticas feitas por Ciro contra Lula. No dia 11 de outubro, o pr\u00e9-candidato \u00e0 Presid\u00eancia pelo PDT disse que o petista\u00a0<a tabindex=\"0\" href=\"https:\/\/www.poder360.com.br\/brasil\/ciro-gomes-volta-a-criticar-lula-nunca-pediu-perdao-pelos-erros\/\" target=\"_blank\" rel=\"noopener\" data-id=\"43\" data-m=\"{&quot;i&quot;:43,&quot;p&quot;:36,&quot;n&quot;:&quot;partnerLink&quot;,&quot;y&quot;:24,&quot;o&quot;:7}\"><em>\u201cnunca pediu perd\u00e3o pelos erros\u201d<\/em><\/a>\u00a0e est\u00e1 fazendo alian\u00e7as com os respons\u00e1veis pelo impeachment da ex-presidente Dilma Rousseff.<\/p>\n<p style=\"text-align: justify;\">Em 13 de outubro, Ciro afirmou que o ex-presidente\u00a0<a tabindex=\"0\" href=\"https:\/\/www.poder360.com.br\/brasil\/lula-conspirou-pelo-impeachment-de-dilma-diz-ciro-gomes\/\" target=\"_blank\" rel=\"noopener\" data-id=\"44\" data-m=\"{&quot;i&quot;:44,&quot;p&quot;:36,&quot;n&quot;:&quot;partnerLink&quot;,&quot;y&quot;:24,&quot;o&quot;:8}\">conspirou a favor do impeachment de Dilma<\/a>\u00a0e foi o respons\u00e1vel por impulsionar Bolsonaro na corrida presidencial de 2018 ao apoiar a ex-presidente como sua sucessora.<\/p>\n<p style=\"text-align: justify;\">Sobre os ataques, Lupi disse que<em>\u00a0\u201ccada um tem seu estilo de fazer campanha e de emitir suas opini\u00f5es\u201d<\/em>. O presidente nacional do PDT declarou discordar de ataques pessoais contra o ex-presidente. Segundo ele, a diferen\u00e7a entre o petista e o partido est\u00e1 relacionada \u00e0 pol\u00edtica p\u00fablica.<\/p>\n<p style=\"text-align: justify;\"><em>\u201cN\u00e3o fa\u00e7o a pol\u00edtica pessoal para mostrar minha diverg\u00eancia quanto ao aspecto pessoal. Minha diverg\u00eancia \u00e9 contra o aspecto program\u00e1tico e como se executa o poder\u201d<\/em>, disse.<\/p>\n<p style=\"text-align: justify;\">Lupi ainda afirmou que\u00a0<a tabindex=\"0\" href=\"https:\/\/www.poder360.com.br\/tag\/lula\/\" target=\"_blank\" rel=\"noopener\" data-id=\"45\" data-m=\"{&quot;i&quot;:45,&quot;p&quot;:36,&quot;n&quot;:&quot;partnerLink&quot;,&quot;y&quot;:24,&quot;o&quot;:9}\">Lula<\/a>\u00a0foi um\u00a0<em>\u201cbom presidente\u201d<\/em>, mas tamb\u00e9m foi o\u00a0<em>\u201cque mais fez o sistema financeiro ganhar dinheiro\u201d<\/em>.<\/p>\n<p style=\"text-align: justify;\"><em>\u201cFoi um presidente que gerou muito emprego para os pobres, que fez uma pol\u00edtica social muito boa, mas ao mesmo tempo foi o presidente da Rep\u00fablica que mais ajudou os grandes conglomerados nacionais e internacionais. Foi tamb\u00e9m o presidente que mais fez o sistema financeiro ganhar dinheiro. Esta para mim \u00e9 a nossa diferen\u00e7a\u201d<\/em>, disse.<\/p>\n<h2 style=\"text-align: justify;\">PoderData<\/h2>\n<p style=\"text-align: justify;\">\u00daltima pesquisa do\u00a0<strong>PoderData<\/strong>\u00a0realizada em outubro mostra que, caso Jo\u00e3o Doria seja escolhido como o candidato do PSDB \u00e0 Presid\u00eancia da Rep\u00fablica, Lula aparece em 1\u00ba lugar, com 35% das inten\u00e7\u00f5es de voto. Em seguida vem Bolsonaro, com 28%, e Sergio Moro, com 8%. Ciro Gomes ocupa a 4\u00aa posi\u00e7\u00e3o, com 5%. Doria est\u00e1 em 5\u00ba lugar, com 4%, mesma pontua\u00e7\u00e3o de Luiz Henrique Mandetta (DEM).<\/p>\n<p style=\"text-align: justify;\">Na 2\u00aa simula\u00e7\u00e3o, com Eduardo Leite ao inv\u00e9s de Doria, Ciro Gomes aparece, numericamente, em 3\u00ba lugar, com o mesmo percentual de Moro (7%). Ambos est\u00e3o atr\u00e1s de Bolsonaro, com 30% das inten\u00e7\u00f5es de voto, e de Lula, com 34%. Eduardo Leite ocupa a 7\u00aa posi\u00e7\u00e3o, com 3%, ficando atr\u00e1s de Datena (PSL) e Mandetta, os 2 candidatos com 4%. A pesquisa completa pode ser conferida\u00a0<a tabindex=\"0\" href=\"https:\/\/www.poder360.com.br\/poderdata\/poderdata-moro-volta-pontua-de-7-a-8-e-desidrata-nomes-da-3a-via\/\" target=\"_blank\" rel=\"noopener\" data-id=\"46\" data-m=\"{&quot;i&quot;:46,&quot;p&quot;:36,&quot;n&quot;:&quot;partnerLink&quot;,&quot;y&quot;:24,&quot;o&quot;:10}\">aqui<\/a>.<\/p>\n<\/section>\n<div class=\"readmoremobile\" style=\"text-align: justify;\">Fonte:\u00a0 Poder360<\/div>\n","protected":false},"excerpt":{"rendered":"<p>Presidente nacional do PDT (Partido Democr\u00e1tico Trabalhista), Carlos Lupi disse que o partido ir\u00e1 apoiar o ex-presidente Lula no 2\u00ba turno das elei\u00e7\u00f5es presidenciais de 2022 caso o advers\u00e1rio seja o presidente\u00a0Jair Bolsonaro\u00a0(sem partido). A informa\u00e7\u00e3o foi divulgada nesta 6\u00aa feira (12.nov.2021), em entrevista ao\u00a0portal\u00a0UOL. Lupi afirmou, por\u00e9m, que n\u00e3o ser\u00e1 feita uma alian\u00e7a com &hellip;<\/p>\n","protected":false},"author":2,"featured_media":38190,"comment_status":"open","ping_status":"open","sticky":false,"template":"","format":"standard","meta":{"content-type":"","rop_custom_images_group":[],"rop_custom_messages_group":[],"rop_publish_now":"initial","rop_publish_now_accounts":{"facebook_2648258775420054_1618374048415101":""},"rop_publish_now_history":[],"rop_publish_now_status":"pending","footnotes":"","_jetpack_memberships_contains_paid_content":false},"categories":[130],"tags":[14975,475],"yoast_head":"<!-- This site is optimized with the Yoast SEO plugin v22.3 - https:\/\/yoast.com\/wordpress\/plugins\/seo\/ -->\n<title>Lupi diz que PDT ir\u00e1 apoiar Lula em 2\u00ba turno contra Bolsonaro - Portal NPM<\/title>\n<meta name=\"robots\" content=\"index, follow, max-snippet:-1, max-image-preview:large, max-video-preview:-1\" \/>\n<link rel=\"canonical\" href=\"https:\/\/portalnpm.com\/index.php\/2021\/11\/13\/lupi-diz-que-pdt-ira-apoiar-lula-em-2o-turno-contra-bolsonaro\/\" \/>\n<meta property=\"og:locale\" content=\"pt_BR\" \/>\n<meta property=\"og:type\" content=\"article\" \/>\n<meta property=\"og:title\" content=\"Lupi diz que PDT ir\u00e1 apoiar Lula em 2\u00ba turno contra Bolsonaro - Portal NPM\" \/>\n<meta property=\"og:description\" content=\"Presidente nacional do PDT (Partido Democr\u00e1tico Trabalhista), Carlos Lupi disse que o partido ir\u00e1 apoiar o ex-presidente Lula no 2\u00ba turno das elei\u00e7\u00f5es presidenciais de 2022 caso o advers\u00e1rio seja o presidente\u00a0Jair Bolsonaro\u00a0(sem partido). A informa\u00e7\u00e3o foi divulgada nesta 6\u00aa feira (12.nov.2021), em entrevista ao\u00a0portal\u00a0UOL. Lupi afirmou, por\u00e9m, que n\u00e3o ser\u00e1 feita uma alian\u00e7a com &hellip;\" \/>\n<meta property=\"og:url\" content=\"https:\/\/portalnpm.com\/index.php\/2021\/11\/13\/lupi-diz-que-pdt-ira-apoiar-lula-em-2o-turno-contra-bolsonaro\/\" \/>\n<meta property=\"og:site_name\" content=\"Portal NPM\" \/>\n<meta property=\"article:published_time\" content=\"2021-11-13T17:01:52+00:00\" \/>\n<meta name=\"author\" content=\"Genival Barbosa\" \/>\n<meta name=\"twitter:card\" content=\"summary_large_image\" \/>\n<meta name=\"twitter:label1\" content=\"Escrito por\" \/>\n\t<meta name=\"twitter:data1\" content=\"Genival Barbosa\" \/>\n\t<meta name=\"twitter:label2\" content=\"Est. tempo de leitura\" \/>\n\t<meta name=\"twitter:data2\" content=\"4 minutos\" \/>\n<script type=\"application\/ld+json\" class=\"yoast-schema-graph\">{\"@context\":\"https:\/\/schema.org\",\"@graph\":[{\"@type\":\"WebPage\",\"@id\":\"https:\/\/portalnpm.com\/index.php\/2021\/11\/13\/lupi-diz-que-pdt-ira-apoiar-lula-em-2o-turno-contra-bolsonaro\/\",\"url\":\"https:\/\/portalnpm.com\/index.php\/2021\/11\/13\/lupi-diz-que-pdt-ira-apoiar-lula-em-2o-turno-contra-bolsonaro\/\",\"name\":\"Lupi diz que PDT ir\u00e1 apoiar Lula em 2\u00ba turno contra Bolsonaro - Portal NPM\",\"isPartOf\":{\"@id\":\"https:\/\/portalnpm.com\/#website\"},\"primaryImageOfPage\":{\"@id\":\"https:\/\/portalnpm.com\/index.php\/2021\/11\/13\/lupi-diz-que-pdt-ira-apoiar-lula-em-2o-turno-contra-bolsonaro\/#primaryimage\"},\"image\":{\"@id\":\"https:\/\/portalnpm.com\/index.php\/2021\/11\/13\/lupi-diz-que-pdt-ira-apoiar-lula-em-2o-turno-contra-bolsonaro\/#primaryimage\"},\"thumbnailUrl\":\"\",\"datePublished\":\"2021-11-13T17:01:52+00:00\",\"dateModified\":\"2021-11-13T17:01:52+00:00\",\"author\":{\"@id\":\"https:\/\/portalnpm.com\/#\/schema\/person\/49313e563cfdefcc167f1ee4c017c294\"},\"breadcrumb\":{\"@id\":\"https:\/\/portalnpm.com\/index.php\/2021\/11\/13\/lupi-diz-que-pdt-ira-apoiar-lula-em-2o-turno-contra-bolsonaro\/#breadcrumb\"},\"inLanguage\":\"pt-BR\",\"potentialAction\":[{\"@type\":\"ReadAction\",\"target\":[\"https:\/\/portalnpm.com\/index.php\/2021\/11\/13\/lupi-diz-que-pdt-ira-apoiar-lula-em-2o-turno-contra-bolsonaro\/\"]}]},{\"@type\":\"ImageObject\",\"inLanguage\":\"pt-BR\",\"@id\":\"https:\/\/portalnpm.com\/index.php\/2021\/11\/13\/lupi-diz-que-pdt-ira-apoiar-lula-em-2o-turno-contra-bolsonaro\/#primaryimage\",\"url\":\"\",\"contentUrl\":\"\"},{\"@type\":\"BreadcrumbList\",\"@id\":\"https:\/\/portalnpm.com\/index.php\/2021\/11\/13\/lupi-diz-que-pdt-ira-apoiar-lula-em-2o-turno-contra-bolsonaro\/#breadcrumb\",\"itemListElement\":[{\"@type\":\"ListItem\",\"position\":1,\"name\":\"In\u00edcio\",\"item\":\"https:\/\/portalnpm.com\/\"},{\"@type\":\"ListItem\",\"position\":2,\"name\":\"Lupi diz que PDT ir\u00e1 apoiar Lula em 2\u00ba turno contra Bolsonaro\"}]},{\"@type\":\"WebSite\",\"@id\":\"https:\/\/portalnpm.com\/#website\",\"url\":\"https:\/\/portalnpm.com\/\",\"name\":\"Portal NPM\",\"description\":\"Not\u00edcias em Primeira M\u00e3o\",\"potentialAction\":[{\"@type\":\"SearchAction\",\"target\":{\"@type\":\"EntryPoint\",\"urlTemplate\":\"https:\/\/portalnpm.com\/?s={search_term_string}\"},\"query-input\":\"required name=search_term_string\"}],\"inLanguage\":\"pt-BR\"},{\"@type\":\"Person\",\"@id\":\"https:\/\/portalnpm.com\/#\/schema\/person\/49313e563cfdefcc167f1ee4c017c294\",\"name\":\"Genival Barbosa\",\"image\":{\"@type\":\"ImageObject\",\"inLanguage\":\"pt-BR\",\"@id\":\"https:\/\/portalnpm.com\/#\/schema\/person\/image\/\",\"url\":\"https:\/\/portalnpm.com\/wp-content\/uploads\/2024\/02\/avatar_user_2_1707743258-96x96.jpeg\",\"contentUrl\":\"https:\/\/portalnpm.com\/wp-content\/uploads\/2024\/02\/avatar_user_2_1707743258-96x96.jpeg\",\"caption\":\"Genival Barbosa\"},\"url\":\"https:\/\/portalnpm.com\/index.php\/author\/genival\/\"}]}<\/script>\n<!-- \/ Yoast SEO plugin. -->","yoast_head_json":{"title":"Lupi diz que PDT ir\u00e1 apoiar Lula em 2\u00ba turno contra Bolsonaro - Portal NPM","robots":{"index":"index","follow":"follow","max-snippet":"max-snippet:-1","max-image-preview":"max-image-preview:large","max-video-preview":"max-video-preview:-1"},"canonical":"https:\/\/portalnpm.com\/index.php\/2021\/11\/13\/lupi-diz-que-pdt-ira-apoiar-lula-em-2o-turno-contra-bolsonaro\/","og_locale":"pt_BR","og_type":"article","og_title":"Lupi diz que PDT ir\u00e1 apoiar Lula em 2\u00ba turno contra Bolsonaro - Portal NPM","og_description":"Presidente nacional do PDT (Partido Democr\u00e1tico Trabalhista), Carlos Lupi disse que o partido ir\u00e1 apoiar o ex-presidente Lula no 2\u00ba turno das elei\u00e7\u00f5es presidenciais de 2022 caso o advers\u00e1rio seja o presidente\u00a0Jair Bolsonaro\u00a0(sem partido). A informa\u00e7\u00e3o foi divulgada nesta 6\u00aa feira (12.nov.2021), em entrevista ao\u00a0portal\u00a0UOL. Lupi afirmou, por\u00e9m, que n\u00e3o ser\u00e1 feita uma alian\u00e7a com &hellip;","og_url":"https:\/\/portalnpm.com\/index.php\/2021\/11\/13\/lupi-diz-que-pdt-ira-apoiar-lula-em-2o-turno-contra-bolsonaro\/","og_site_name":"Portal NPM","article_published_time":"2021-11-13T17:01:52+00:00","author":"Genival Barbosa","twitter_card":"summary_large_image","twitter_misc":{"Escrito por":"Genival Barbosa","Est. tempo de leitura":"4 minutos"},"schema":{"@context":"https:\/\/schema.org","@graph":[{"@type":"WebPage","@id":"https:\/\/portalnpm.com\/index.php\/2021\/11\/13\/lupi-diz-que-pdt-ira-apoiar-lula-em-2o-turno-contra-bolsonaro\/","url":"https:\/\/portalnpm.com\/index.php\/2021\/11\/13\/lupi-diz-que-pdt-ira-apoiar-lula-em-2o-turno-contra-bolsonaro\/","name":"Lupi diz que PDT ir\u00e1 apoiar Lula em 2\u00ba turno contra Bolsonaro - Portal NPM","isPartOf":{"@id":"https:\/\/portalnpm.com\/#website"},"primaryImageOfPage":{"@id":"https:\/\/portalnpm.com\/index.php\/2021\/11\/13\/lupi-diz-que-pdt-ira-apoiar-lula-em-2o-turno-contra-bolsonaro\/#primaryimage"},"image":{"@id":"https:\/\/portalnpm.com\/index.php\/2021\/11\/13\/lupi-diz-que-pdt-ira-apoiar-lula-em-2o-turno-contra-bolsonaro\/#primaryimage"},"thumbnailUrl":"","datePublished":"2021-11-13T17:01:52+00:00","dateModified":"2021-11-13T17:01:52+00:00","author":{"@id":"https:\/\/portalnpm.com\/#\/schema\/person\/49313e563cfdefcc167f1ee4c017c294"},"breadcrumb":{"@id":"https:\/\/portalnpm.com\/index.php\/2021\/11\/13\/lupi-diz-que-pdt-ira-apoiar-lula-em-2o-turno-contra-bolsonaro\/#breadcrumb"},"inLanguage":"pt-BR","potentialAction":[{"@type":"ReadAction","target":["https:\/\/portalnpm.com\/index.php\/2021\/11\/13\/lupi-diz-que-pdt-ira-apoiar-lula-em-2o-turno-contra-bolsonaro\/"]}]},{"@type":"ImageObject","inLanguage":"pt-BR","@id":"https:\/\/portalnpm.com\/index.php\/2021\/11\/13\/lupi-diz-que-pdt-ira-apoiar-lula-em-2o-turno-contra-bolsonaro\/#primaryimage","url":"","contentUrl":""},{"@type":"BreadcrumbList","@id":"https:\/\/portalnpm.com\/index.php\/2021\/11\/13\/lupi-diz-que-pdt-ira-apoiar-lula-em-2o-turno-contra-bolsonaro\/#breadcrumb","itemListElement":[{"@type":"ListItem","position":1,"name":"In\u00edcio","item":"https:\/\/portalnpm.com\/"},{"@type":"ListItem","position":2,"name":"Lupi diz que PDT ir\u00e1 apoiar Lula em 2\u00ba turno contra Bolsonaro"}]},{"@type":"WebSite","@id":"https:\/\/portalnpm.com\/#website","url":"https:\/\/portalnpm.com\/","name":"Portal NPM","description":"Not\u00edcias em Primeira M\u00e3o","potentialAction":[{"@type":"SearchAction","target":{"@type":"EntryPoint","urlTemplate":"https:\/\/portalnpm.com\/?s={search_term_string}"},"query-input":"required name=search_term_string"}],"inLanguage":"pt-BR"},{"@type":"Person","@id":"https:\/\/portalnpm.com\/#\/schema\/person\/49313e563cfdefcc167f1ee4c017c294","name":"Genival Barbosa","image":{"@type":"ImageObject","inLanguage":"pt-BR","@id":"https:\/\/portalnpm.com\/#\/schema\/person\/image\/","url":"https:\/\/portalnpm.com\/wp-content\/uploads\/2024\/02\/avatar_user_2_1707743258-96x96.jpeg","contentUrl":"https:\/\/portalnpm.com\/wp-content\/uploads\/2024\/02\/avatar_user_2_1707743258-96x96.jpeg","caption":"Genival Barbosa"},"url":"https:\/\/portalnpm.com\/index.php\/author\/genival\/"}]}},"jetpack_sharing_enabled":true,"jetpack_featured_media_url":"","_links":{"self":[{"href":"https:\/\/portalnpm.com\/index.php\/wp-json\/wp\/v2\/posts\/38189"}],"collection":[{"href":"https:\/\/portalnpm.com\/index.php\/wp-json\/wp\/v2\/posts"}],"about":[{"href":"https:\/\/portalnpm.com\/index.php\/wp-json\/wp\/v2\/types\/post"}],"author":[{"embeddable":true,"href":"https:\/\/portalnpm.com\/index.php\/wp-json\/wp\/v2\/users\/2"}],"replies":[{"embeddable":true,"href":"https:\/\/portalnpm.com\/index.php\/wp-json\/wp\/v2\/comments?post=38189"}],"version-history":[{"count":0,"href":"https:\/\/portalnpm.com\/index.php\/wp-json\/wp\/v2\/posts\/38189\/revisions"}],"wp:featuredmedia":[{"embeddable":true,"href":"https:\/\/portalnpm.com\/index.php\/wp-json\/"}],"wp:attachment":[{"href":"https:\/\/portalnpm.com\/index.php\/wp-json\/wp\/v2\/media?parent=38189"}],"wp:term":[{"taxonomy":"category","embeddable":true,"href":"https:\/\/portalnpm.com\/index.php\/wp-json\/wp\/v2\/categories?post=38189"},{"taxonomy":"post_tag","embeddable":true,"href":"https:\/\/portalnpm.com\/index.php\/wp-json\/wp\/v2\/tags?post=38189"}],"curies":[{"name":"wp","href":"https:\/\/api.w.org\/{rel}","templated":true}]}}