{"id":38212,"date":"2021-11-13T21:33:21","date_gmt":"2021-11-14T00:33:21","guid":{"rendered":"https:\/\/backupnpm.codetainer.com.br\/?p=38212"},"modified":"2021-11-13T21:33:21","modified_gmt":"2021-11-14T00:33:21","slug":"franca-atropela-e-vai-ao-mundial-do-catar-belgica-tambem-se-garante","status":"publish","type":"post","link":"https:\/\/portalnpm.com\/index.php\/2021\/11\/13\/franca-atropela-e-vai-ao-mundial-do-catar-belgica-tambem-se-garante\/","title":{"rendered":"Fran\u00e7a atropela e vai ao Mundial do Catar; B\u00e9lgica tamb\u00e9m se garante"},"content":{"rendered":"<div class=\"app__viewport\"><main><\/p>\n<section class=\"news-stream\">\n<section class=\"xpa-layout-container of-grid xpa-layout__grid\">\n<div class=\"xpa-layout__grid-item\">\n<div class=\"xpa-layout__grid-item-components xpa-layout-article__grid-item-components\">\n<section class=\"xpa-switch-article\">\n<div class=\"news-paragraph text-1\">\n<p style=\"text-align: justify;\">Com uma atua\u00e7\u00e3o de gala de Kylian Mbapp\u00e9, a Fran\u00e7a garantiu a sua vaga no Mundial do Catar, em 2022, com um sonoro 8 x 0 contra o Cazaquist\u00e3o.<\/p>\n<\/div>\n<\/section>\n<section class=\"xpa-switch-article\">\n<div class=\"news-paragraph text-1\">\n<p>O astro do PSG j\u00e1 tinha feito o seu primeiro hat-trick na carreira com a camisa dos\u00a0<em>Bleus<\/em>, mas acabou a partida com quatro bolas na rede.<\/p>\n<\/div>\n<\/section>\n<section class=\"xpa-switch-article\">\n<div class=\"news-paragraph text-1\">\n<p>Karim Benzema deixou um doblete, Rabiot ampliou, e Griezmann fechou o placar, que garantiu a Fran\u00e7a matematicamente na pr\u00f3xima Copa, com uma rodada de anteced\u00eancia nas Eliminat\u00f3rias.<\/p>\n<\/div>\n<\/section>\n<section class=\"xpa-switch-article\">\n<article class=\"simple-match-card\">\n<div class=\"simple-match-card__content\">\n<div class=\"simple-match-card__teams-content\">\n<div class=\"simple-match-card-team\">\n<div class=\"of-image\"><picture class=\"of-image__picture\"><source srcset=\"https:\/\/image-service.onefootball.com\/transform?w=22&amp;h=22&amp;image=https%253A%252F%252Fimages.onefootball.com%252Ficons%252Fteams%252F164%252F45.png&amp;dpr=1 1x, \nhttps:\/\/image-service.onefootball.com\/transform?w=22&amp;h=22&amp;image=https%253A%252F%252Fimages.onefootball.com%252Ficons%252Fteams%252F164%252F45.png&amp;dpr=2 2x\" media=\"(min-width: 1280px)\" \/><source srcset=\"https:\/\/image-service.onefootball.com\/transform?w=22&amp;h=22&amp;image=https%253A%252F%252Fimages.onefootball.com%252Ficons%252Fteams%252F164%252F45.png&amp;dpr=1 1x, \nhttps:\/\/image-service.onefootball.com\/transform?w=22&amp;h=22&amp;image=https%253A%252F%252Fimages.onefootball.com%252Ficons%252Fteams%252F164%252F45.png&amp;dpr=2 2x\" media=\"(min-width: 1024px) and (max-width: 1279px)\" \/><source srcset=\"https:\/\/image-service.onefootball.com\/transform?w=22&amp;h=22&amp;image=https%253A%252F%252Fimages.onefootball.com%252Ficons%252Fteams%252F164%252F45.png&amp;dpr=1 1x, \nhttps:\/\/image-service.onefootball.com\/transform?w=22&amp;h=22&amp;image=https%253A%252F%252Fimages.onefootball.com%252Ficons%252Fteams%252F164%252F45.png&amp;dpr=2 2x\" media=\"(min-width: 768px) and (max-width: 1023px)\" \/><img decoding=\"async\" class=\"of-image__img\" src=\"https:\/\/image-service.onefootball.com\/transform?w=22&amp;h=22&amp;image=https%253A%252F%252Fimages.onefootball.com%252Ficons%252Fteams%252F164%252F45.png\" srcset=\"https:\/\/image-service.onefootball.com\/transform?w=22&amp;h=22&amp;image=https%253A%252F%252Fimages.onefootball.com%252Ficons%252Fteams%252F164%252F45.png&amp;dpr=1 1x,\nhttps:\/\/image-service.onefootball.com\/transform?w=22&amp;h=22&amp;image=https%253A%252F%252Fimages.onefootball.com%252Ficons%252Fteams%252F164%252F45.png&amp;dpr=2 2x\" alt=\"Fran\u00e7a\" width=\"22\" height=\"22\" \/><\/picture><\/div>\n<p><span class=\"title-8-medium simple-match-card-team__name\">Fran\u00e7a<\/span><span class=\"title-7-bold simple-match-card-team__score\">8<\/span><\/div>\n<div class=\"simple-match-card-team\">\n<div class=\"of-image\"><picture class=\"of-image__picture\"><source srcset=\"https:\/\/image-service.onefootball.com\/transform?w=22&amp;h=22&amp;image=https%253A%252F%252Fimages.onefootball.com%252Ficons%252Fteams%252F164%252F311.png&amp;dpr=1 1x, \nhttps:\/\/image-service.onefootball.com\/transform?w=22&amp;h=22&amp;image=https%253A%252F%252Fimages.onefootball.com%252Ficons%252Fteams%252F164%252F311.png&amp;dpr=2 2x\" media=\"(min-width: 1280px)\" \/><source srcset=\"https:\/\/image-service.onefootball.com\/transform?w=22&amp;h=22&amp;image=https%253A%252F%252Fimages.onefootball.com%252Ficons%252Fteams%252F164%252F311.png&amp;dpr=1 1x, \nhttps:\/\/image-service.onefootball.com\/transform?w=22&amp;h=22&amp;image=https%253A%252F%252Fimages.onefootball.com%252Ficons%252Fteams%252F164%252F311.png&amp;dpr=2 2x\" media=\"(min-width: 1024px) and (max-width: 1279px)\" \/><source srcset=\"https:\/\/image-service.onefootball.com\/transform?w=22&amp;h=22&amp;image=https%253A%252F%252Fimages.onefootball.com%252Ficons%252Fteams%252F164%252F311.png&amp;dpr=1 1x, \nhttps:\/\/image-service.onefootball.com\/transform?w=22&amp;h=22&amp;image=https%253A%252F%252Fimages.onefootball.com%252Ficons%252Fteams%252F164%252F311.png&amp;dpr=2 2x\" media=\"(min-width: 768px) and (max-width: 1023px)\" \/><img decoding=\"async\" class=\"of-image__img\" src=\"https:\/\/image-service.onefootball.com\/transform?w=22&amp;h=22&amp;image=https%253A%252F%252Fimages.onefootball.com%252Ficons%252Fteams%252F164%252F311.png\" srcset=\"https:\/\/image-service.onefootball.com\/transform?w=22&amp;h=22&amp;image=https%253A%252F%252Fimages.onefootball.com%252Ficons%252Fteams%252F164%252F311.png&amp;dpr=1 1x,\nhttps:\/\/image-service.onefootball.com\/transform?w=22&amp;h=22&amp;image=https%253A%252F%252Fimages.onefootball.com%252Ficons%252Fteams%252F164%252F311.png&amp;dpr=2 2x\" alt=\"Cazaquist\u00e3o\" width=\"22\" height=\"22\" \/><\/picture><\/div>\n<p><span class=\"title-8-medium simple-match-card-team__name\">Cazaquist\u00e3o<\/span><span class=\"title-7-bold simple-match-card-team__score\">0<\/span><\/div>\n<\/div>\n<div class=\"simple-match-card__match-content\"><time class=\"title-8-bold simple-match-card__info-message--secondary\" datetime=\"2021-11-13T19:45:00Z\">Ontem<\/time><span class=\"title-8-medium simple-match-card__info-message simple-match-card__info-message--secondary\">Fim de jogo<\/span><\/div>\n<\/div>\n<\/article>\n<\/section>\n<section class=\"xpa-switch-article\">\n<div class=\"news-paragraph text-1\">\n<p>Com o hat-trick com a camisa na Fran\u00e7a, Mbapp\u00e9 chegou a 190 gols na carreira, aos 22 anos \u2013 apenas nesta temporada, j\u00e1 s\u00e3o 42.<\/p>\n<\/div>\n<\/section>\n<section class=\"xpa-switch-article\">\n<div class=\"news-paragraph text-1\">\n<p>E o craque poderia at\u00e9 ter feito o quinto, mas ele nem quis se meter com Antoine Griezmann, que sofreu um p\u00eanalti, j\u00e1 no fim da partida.<\/p>\n<\/div>\n<\/section>\n<section class=\"xpa-switch-article\">\n<div class=\"news-paragraph text-1\">\n<p>Com o tento, o atacante do Atl\u00e9tico de Madrid ultrapassou a lenda Michel Platini e se isolou como o terceiro maior artilheiro dos\u00a0<em>Bleus<\/em>, com 42 gols, em uma data especial.<\/p>\n<\/div>\n<\/section>\n<section class=\"xpa-switch-article\">\n<div class=\"twitter-component\">\n<div class=\"twitter-tweet twitter-tweet-rendered\"><iframe id=\"twitter-widget-0\" class=\"\" title=\"Twitter Tweet\" src=\"https:\/\/platform.twitter.com\/embed\/Tweet.html?creatorScreenName=OneFootball&amp;dnt=false&amp;embedId=twitter-widget-0&amp;features=eyJ0ZndfZXhwZXJpbWVudHNfY29va2llX2V4cGlyYXRpb24iOnsiYnVja2V0IjoxMjA5NjAwLCJ2ZXJzaW9uIjpudWxsfSwidGZ3X2hvcml6b25fdHdlZXRfZW1iZWRfOTU1NSI6eyJidWNrZXQiOiJodGUiLCJ2ZXJzaW9uIjpudWxsfSwidGZ3X3NwYWNlX2NhcmQiOnsiYnVja2V0Ijoib2ZmIiwidmVyc2lvbiI6bnVsbH19&amp;frame=false&amp;hideCard=false&amp;hideThread=true&amp;id=1459634662570037252&amp;lang=pt&amp;origin=https%3A%2F%2Fonefootball.com%2Fpt-br%2Fnoticias%2Ffranca-atropela-e-vai-ao-mundial-do-catar-belgica-tambem-se-garante-34072222&amp;sessionId=a00023780f24c6100be08b986c8b31a90423b146&amp;siteScreenName=OneFootball&amp;theme=light&amp;widgetsVersion=f001879%3A1634581029404&amp;width=550px\" frameborder=\"0\" scrolling=\"no\" allowfullscreen=\"allowfullscreen\" data-tweet-id=\"1459634662570037252\" data-mce-fragment=\"1\"><\/iframe><\/div>\n<\/div>\n<\/section>\n<section class=\"xpa-switch-article\">\n<div class=\"news-paragraph text-1\">\n<p>Griezmann homenageou as v\u00edtimas do atentado em Paris, que deixou 130 pessoas mortas, h\u00e1 exatos seis anos.<\/p>\n<\/div>\n<\/section>\n<section class=\"xpa-switch-article\">\n<hr class=\"separator\" \/>\n<\/section>\n<section class=\"xpa-switch-article\">\n<div class=\"news-paragraph text-1\">\n<h3>\u2708\ufe0f B\u00e9lgica tamb\u00e9m vai Catar<\/h3>\n<\/div>\n<\/section>\n<section class=\"xpa-switch-article\">\n<div class=\"news-paragraph text-1\">\n<p>A B\u00e9lgica tamb\u00e9m foi outra gigante europeia a carimbar o passaporte neste s\u00e1bado (13) para o pr\u00f3ximo Mundial.<\/p>\n<\/div>\n<\/section>\n<section class=\"xpa-switch-article\">\n<div class=\"news-paragraph text-1\">\n<p>Lukaku &amp; Cia venceram a Est\u00f4nia, por 3 x 1, e v\u00e3o estar no Catar em 2022, j\u00e1 que se isolaram na lideran\u00e7a do Grupo E com 19 pontos.<\/p>\n<\/div>\n<\/section>\n<section class=\"xpa-switch-article\">\n<div class=\"news-paragraph text-1\">\n<p>Benteke, Carrasco e Thorgan Hazard marcaram para os belgas, enquanto Sorga descontou.<\/p>\n<\/div>\n<\/section>\n<section class=\"xpa-switch-article\">\n<article class=\"simple-match-card\">\n<div class=\"simple-match-card__content\">\n<div class=\"simple-match-card__teams-content\">\n<div class=\"simple-match-card-team\">\n<div class=\"of-image\"><picture class=\"of-image__picture\"><source srcset=\"https:\/\/image-service.onefootball.com\/transform?w=22&amp;h=22&amp;image=https%253A%252F%252Fimages.onefootball.com%252Ficons%252Fteams%252F164%252F316.png&amp;dpr=1 1x, \nhttps:\/\/image-service.onefootball.com\/transform?w=22&amp;h=22&amp;image=https%253A%252F%252Fimages.onefootball.com%252Ficons%252Fteams%252F164%252F316.png&amp;dpr=2 2x\" media=\"(min-width: 1280px)\" \/><source srcset=\"https:\/\/image-service.onefootball.com\/transform?w=22&amp;h=22&amp;image=https%253A%252F%252Fimages.onefootball.com%252Ficons%252Fteams%252F164%252F316.png&amp;dpr=1 1x, \nhttps:\/\/image-service.onefootball.com\/transform?w=22&amp;h=22&amp;image=https%253A%252F%252Fimages.onefootball.com%252Ficons%252Fteams%252F164%252F316.png&amp;dpr=2 2x\" media=\"(min-width: 1024px) and (max-width: 1279px)\" \/><source srcset=\"https:\/\/image-service.onefootball.com\/transform?w=22&amp;h=22&amp;image=https%253A%252F%252Fimages.onefootball.com%252Ficons%252Fteams%252F164%252F316.png&amp;dpr=1 1x, \nhttps:\/\/image-service.onefootball.com\/transform?w=22&amp;h=22&amp;image=https%253A%252F%252Fimages.onefootball.com%252Ficons%252Fteams%252F164%252F316.png&amp;dpr=2 2x\" media=\"(min-width: 768px) and (max-width: 1023px)\" \/><img decoding=\"async\" class=\"of-image__img\" src=\"https:\/\/image-service.onefootball.com\/transform?w=22&amp;h=22&amp;image=https%253A%252F%252Fimages.onefootball.com%252Ficons%252Fteams%252F164%252F316.png\" srcset=\"https:\/\/image-service.onefootball.com\/transform?w=22&amp;h=22&amp;image=https%253A%252F%252Fimages.onefootball.com%252Ficons%252Fteams%252F164%252F316.png&amp;dpr=1 1x,\nhttps:\/\/image-service.onefootball.com\/transform?w=22&amp;h=22&amp;image=https%253A%252F%252Fimages.onefootball.com%252Ficons%252Fteams%252F164%252F316.png&amp;dpr=2 2x\" alt=\"Montenegro\" width=\"22\" height=\"22\" \/><\/picture><\/div>\n<p><span class=\"title-8-medium simple-match-card-team__name\">Montenegro<\/span><span class=\"title-7-bold simple-match-card-team__score\">2<\/span><\/div>\n<div class=\"simple-match-card-team\">\n<div class=\"of-image\"><picture class=\"of-image__picture\"><source srcset=\"https:\/\/image-service.onefootball.com\/transform?w=22&amp;h=22&amp;image=https%253A%252F%252Fimages.onefootball.com%252Ficons%252Fteams%252F164%252F38.png&amp;dpr=1 1x, \nhttps:\/\/image-service.onefootball.com\/transform?w=22&amp;h=22&amp;image=https%253A%252F%252Fimages.onefootball.com%252Ficons%252Fteams%252F164%252F38.png&amp;dpr=2 2x\" media=\"(min-width: 1280px)\" \/><source srcset=\"https:\/\/image-service.onefootball.com\/transform?w=22&amp;h=22&amp;image=https%253A%252F%252Fimages.onefootball.com%252Ficons%252Fteams%252F164%252F38.png&amp;dpr=1 1x, \nhttps:\/\/image-service.onefootball.com\/transform?w=22&amp;h=22&amp;image=https%253A%252F%252Fimages.onefootball.com%252Ficons%252Fteams%252F164%252F38.png&amp;dpr=2 2x\" media=\"(min-width: 1024px) and (max-width: 1279px)\" \/><source srcset=\"https:\/\/image-service.onefootball.com\/transform?w=22&amp;h=22&amp;image=https%253A%252F%252Fimages.onefootball.com%252Ficons%252Fteams%252F164%252F38.png&amp;dpr=1 1x, \nhttps:\/\/image-service.onefootball.com\/transform?w=22&amp;h=22&amp;image=https%253A%252F%252Fimages.onefootball.com%252Ficons%252Fteams%252F164%252F38.png&amp;dpr=2 2x\" media=\"(min-width: 768px) and (max-width: 1023px)\" \/><img loading=\"lazy\" decoding=\"async\" class=\"of-image__img\" src=\"https:\/\/image-service.onefootball.com\/transform?w=22&amp;h=22&amp;image=https%253A%252F%252Fimages.onefootball.com%252Ficons%252Fteams%252F164%252F38.png\" srcset=\"https:\/\/image-service.onefootball.com\/transform?w=22&amp;h=22&amp;image=https%253A%252F%252Fimages.onefootball.com%252Ficons%252Fteams%252F164%252F38.png&amp;dpr=1 1x,\nhttps:\/\/image-service.onefootball.com\/transform?w=22&amp;h=22&amp;image=https%253A%252F%252Fimages.onefootball.com%252Ficons%252Fteams%252F164%252F38.png&amp;dpr=2 2x\" alt=\"Holanda\" width=\"22\" height=\"22\" \/><\/picture><\/div>\n<p><span class=\"title-8-medium simple-match-card-team__name\">Holanda<\/span><span class=\"title-7-bold simple-match-card-team__score\">2<\/span><\/div>\n<\/div>\n<div class=\"simple-match-card__match-content\"><time class=\"title-8-bold simple-match-card__info-message--secondary\" datetime=\"2021-11-13T19:45:00Z\">Ontem<\/time><span class=\"title-8-medium simple-match-card__info-message simple-match-card__info-message--secondary\">Fim de jogo<\/span><\/div>\n<\/div>\n<\/article>\n<\/section>\n<section class=\"xpa-switch-article\">\n<div class=\"news-paragraph text-1\">\n<p>E quem quase se garantiu na Copa do Catar neste s\u00e1bado foi a B\u00e9lgica.<\/p>\n<\/div>\n<\/section>\n<section class=\"xpa-switch-article\">\n<div class=\"news-paragraph text-1\">\n<p>Memphis Depay at\u00e9 marcou duas vezes contra Montenegro e colocou a Laranja Mec\u00e2nica no pr\u00f3ximo Mundial.<\/p>\n<\/div>\n<\/section>\n<section class=\"xpa-switch-article\">\n<div class=\"news-paragraph text-1\">\n<p>Mas como o jogo s\u00f3 acaba, quando termina, o resultado final n\u00e3o foi legal.<\/p>\n<\/div>\n<\/section>\n<section class=\"xpa-switch-article\">\n<div class=\"news-paragraph text-1\">\n<p>Os montenegrinos empataram, e a decis\u00e3o no Grupo G ficou para a \u00faltima rodada.<\/p>\n<\/div>\n<\/section>\n<section class=\"xpa-switch-article\">\n<article class=\"simple-match-card\">\n<div class=\"simple-match-card__content\">\n<div class=\"simple-match-card__teams-content\">\n<div class=\"simple-match-card-team\">\n<div class=\"of-image\"><picture class=\"of-image__picture\"><source srcset=\"https:\/\/image-service.onefootball.com\/transform?w=22&amp;h=22&amp;image=https%253A%252F%252Fimages.onefootball.com%252Ficons%252Fteams%252F164%252F316.png&amp;dpr=1 1x, \nhttps:\/\/image-service.onefootball.com\/transform?w=22&amp;h=22&amp;image=https%253A%252F%252Fimages.onefootball.com%252Ficons%252Fteams%252F164%252F316.png&amp;dpr=2 2x\" media=\"(min-width: 1280px)\" \/><source srcset=\"https:\/\/image-service.onefootball.com\/transform?w=22&amp;h=22&amp;image=https%253A%252F%252Fimages.onefootball.com%252Ficons%252Fteams%252F164%252F316.png&amp;dpr=1 1x, \nhttps:\/\/image-service.onefootball.com\/transform?w=22&amp;h=22&amp;image=https%253A%252F%252Fimages.onefootball.com%252Ficons%252Fteams%252F164%252F316.png&amp;dpr=2 2x\" media=\"(min-width: 1024px) and (max-width: 1279px)\" \/><source srcset=\"https:\/\/image-service.onefootball.com\/transform?w=22&amp;h=22&amp;image=https%253A%252F%252Fimages.onefootball.com%252Ficons%252Fteams%252F164%252F316.png&amp;dpr=1 1x, \nhttps:\/\/image-service.onefootball.com\/transform?w=22&amp;h=22&amp;image=https%253A%252F%252Fimages.onefootball.com%252Ficons%252Fteams%252F164%252F316.png&amp;dpr=2 2x\" media=\"(min-width: 768px) and (max-width: 1023px)\" \/><img decoding=\"async\" class=\"of-image__img\" src=\"https:\/\/image-service.onefootball.com\/transform?w=22&amp;h=22&amp;image=https%253A%252F%252Fimages.onefootball.com%252Ficons%252Fteams%252F164%252F316.png\" srcset=\"https:\/\/image-service.onefootball.com\/transform?w=22&amp;h=22&amp;image=https%253A%252F%252Fimages.onefootball.com%252Ficons%252Fteams%252F164%252F316.png&amp;dpr=1 1x,\nhttps:\/\/image-service.onefootball.com\/transform?w=22&amp;h=22&amp;image=https%253A%252F%252Fimages.onefootball.com%252Ficons%252Fteams%252F164%252F316.png&amp;dpr=2 2x\" alt=\"Montenegro\" width=\"22\" height=\"22\" \/><\/picture><\/div>\n<p><span class=\"title-8-medium simple-match-card-team__name\">Montenegro<\/span><span class=\"title-7-bold simple-match-card-team__score\">2<\/span><\/div>\n<div class=\"simple-match-card-team\">\n<div class=\"of-image\"><picture class=\"of-image__picture\"><source srcset=\"https:\/\/image-service.onefootball.com\/transform?w=22&amp;h=22&amp;image=https%253A%252F%252Fimages.onefootball.com%252Ficons%252Fteams%252F164%252F38.png&amp;dpr=1 1x, \nhttps:\/\/image-service.onefootball.com\/transform?w=22&amp;h=22&amp;image=https%253A%252F%252Fimages.onefootball.com%252Ficons%252Fteams%252F164%252F38.png&amp;dpr=2 2x\" media=\"(min-width: 1280px)\" \/><source srcset=\"https:\/\/image-service.onefootball.com\/transform?w=22&amp;h=22&amp;image=https%253A%252F%252Fimages.onefootball.com%252Ficons%252Fteams%252F164%252F38.png&amp;dpr=1 1x, \nhttps:\/\/image-service.onefootball.com\/transform?w=22&amp;h=22&amp;image=https%253A%252F%252Fimages.onefootball.com%252Ficons%252Fteams%252F164%252F38.png&amp;dpr=2 2x\" media=\"(min-width: 1024px) and (max-width: 1279px)\" \/><source srcset=\"https:\/\/image-service.onefootball.com\/transform?w=22&amp;h=22&amp;image=https%253A%252F%252Fimages.onefootball.com%252Ficons%252Fteams%252F164%252F38.png&amp;dpr=1 1x, \nhttps:\/\/image-service.onefootball.com\/transform?w=22&amp;h=22&amp;image=https%253A%252F%252Fimages.onefootball.com%252Ficons%252Fteams%252F164%252F38.png&amp;dpr=2 2x\" media=\"(min-width: 768px) and (max-width: 1023px)\" \/><img loading=\"lazy\" decoding=\"async\" class=\"of-image__img\" src=\"https:\/\/image-service.onefootball.com\/transform?w=22&amp;h=22&amp;image=https%253A%252F%252Fimages.onefootball.com%252Ficons%252Fteams%252F164%252F38.png\" srcset=\"https:\/\/image-service.onefootball.com\/transform?w=22&amp;h=22&amp;image=https%253A%252F%252Fimages.onefootball.com%252Ficons%252Fteams%252F164%252F38.png&amp;dpr=1 1x,\nhttps:\/\/image-service.onefootball.com\/transform?w=22&amp;h=22&amp;image=https%253A%252F%252Fimages.onefootball.com%252Ficons%252Fteams%252F164%252F38.png&amp;dpr=2 2x\" alt=\"Holanda\" width=\"22\" height=\"22\" \/><\/picture><\/div>\n<p><span class=\"title-8-medium simple-match-card-team__name\">Holanda<\/span><span class=\"title-7-bold simple-match-card-team__score\">2<\/span><\/div>\n<\/div>\n<div class=\"simple-match-card__match-content\"><time class=\"title-8-bold simple-match-card__info-message--secondary\" datetime=\"2021-11-13T19:45:00Z\">Ontem<\/time><span class=\"title-8-medium simple-match-card__info-message simple-match-card__info-message--secondary\">Fim de jogo<\/span><\/div>\n<\/div>\n<\/article>\n<\/section>\n<section class=\"xpa-switch-article\">\n<div class=\"news-paragraph text-1\">\n<p>Turquia e Noruega, ambas com 18 pontos, est\u00e3o apenas 2 da l\u00edder Holanda, ou seja, tudo est\u00e1 em aberto!<\/p>\n<\/div>\n<\/section>\n<section class=\"xpa-switch-article\">\n<div class=\"news-paragraph text-1\">\n<p>Com destaque para Holanda x Noruega, que jogam na ter\u00e7a-feira (16).<\/p>\n<\/div>\n<\/section>\n<section class=\"xpa-switch-article\">\n<hr class=\"separator\" \/>\n<\/section>\n<section class=\"xpa-switch-article\">\n<div class=\"news-paragraph text-1\">\n<h3>Resultados da rodada<\/h3>\n<\/div>\n<\/section>\n<section class=\"xpa-switch-article\">\n<div class=\"news-paragraph text-1\">\n<p>Veja como ficaram todos os resultados dos jogos deste s\u00e1bado (13) nas Eliminat\u00f3rias da Uefa.<\/p>\n<\/div>\n<\/section>\n<section class=\"xpa-switch-article\">\n<div class=\"news-paragraph text-1\">\n<p><strong>Grupo D<\/strong><\/p>\n<\/div>\n<\/section>\n<section class=\"xpa-switch-article\">\n<div class=\"news-paragraph text-1\">\n<p>A Fran\u00e7a est\u00e1 classificada, com a Finl\u00e2ndia, segunda colocada, com 11 pontos, e a Ucr\u00e2nia, que vem na sequ\u00eancia, com nove, brigando pela vaga na repescagem.<\/p>\n<\/div>\n<\/section>\n<section class=\"xpa-switch-article\">\n<div class=\"news-paragraph text-1\">\n<p><em>B\u00f3snia 1 x 3 Finl\u00e2ndia<\/em><\/p>\n<\/div>\n<\/section>\n<section class=\"xpa-switch-article\">\n<article class=\"simple-match-card\">\n<div class=\"simple-match-card__content\">\n<div class=\"simple-match-card__teams-content\">\n<div class=\"simple-match-card-team\">\n<div class=\"of-image\"><picture class=\"of-image__picture\"><source srcset=\"https:\/\/image-service.onefootball.com\/transform?w=22&amp;h=22&amp;image=https%253A%252F%252Fimages.onefootball.com%252Ficons%252Fteams%252F164%252F297.png&amp;dpr=1 1x, \nhttps:\/\/image-service.onefootball.com\/transform?w=22&amp;h=22&amp;image=https%253A%252F%252Fimages.onefootball.com%252Ficons%252Fteams%252F164%252F297.png&amp;dpr=2 2x\" media=\"(min-width: 1280px)\" \/><source srcset=\"https:\/\/image-service.onefootball.com\/transform?w=22&amp;h=22&amp;image=https%253A%252F%252Fimages.onefootball.com%252Ficons%252Fteams%252F164%252F297.png&amp;dpr=1 1x, \nhttps:\/\/image-service.onefootball.com\/transform?w=22&amp;h=22&amp;image=https%253A%252F%252Fimages.onefootball.com%252Ficons%252Fteams%252F164%252F297.png&amp;dpr=2 2x\" media=\"(min-width: 1024px) and (max-width: 1279px)\" \/><source srcset=\"https:\/\/image-service.onefootball.com\/transform?w=22&amp;h=22&amp;image=https%253A%252F%252Fimages.onefootball.com%252Ficons%252Fteams%252F164%252F297.png&amp;dpr=1 1x, \nhttps:\/\/image-service.onefootball.com\/transform?w=22&amp;h=22&amp;image=https%253A%252F%252Fimages.onefootball.com%252Ficons%252Fteams%252F164%252F297.png&amp;dpr=2 2x\" media=\"(min-width: 768px) and (max-width: 1023px)\" \/><img loading=\"lazy\" decoding=\"async\" class=\"of-image__img\" src=\"https:\/\/image-service.onefootball.com\/transform?w=22&amp;h=22&amp;image=https%253A%252F%252Fimages.onefootball.com%252Ficons%252Fteams%252F164%252F297.png\" srcset=\"https:\/\/image-service.onefootball.com\/transform?w=22&amp;h=22&amp;image=https%253A%252F%252Fimages.onefootball.com%252Ficons%252Fteams%252F164%252F297.png&amp;dpr=1 1x,\nhttps:\/\/image-service.onefootball.com\/transform?w=22&amp;h=22&amp;image=https%253A%252F%252Fimages.onefootball.com%252Ficons%252Fteams%252F164%252F297.png&amp;dpr=2 2x\" alt=\"B\u00f3snia &amp; Herzegovina\" width=\"22\" height=\"22\" \/><\/picture><\/div>\n<p><span class=\"title-8-medium simple-match-card-team__name\">B\u00f3snia &amp; Herzegovina<\/span><span class=\"title-7-bold simple-match-card-team__score\">1<\/span><\/div>\n<div class=\"simple-match-card-team\">\n<div class=\"of-image\"><picture class=\"of-image__picture\"><source srcset=\"https:\/\/image-service.onefootball.com\/transform?w=22&amp;h=22&amp;image=https%253A%252F%252Fimages.onefootball.com%252Ficons%252Fteams%252F164%252F314.png&amp;dpr=1 1x, \nhttps:\/\/image-service.onefootball.com\/transform?w=22&amp;h=22&amp;image=https%253A%252F%252Fimages.onefootball.com%252Ficons%252Fteams%252F164%252F314.png&amp;dpr=2 2x\" media=\"(min-width: 1280px)\" \/><source srcset=\"https:\/\/image-service.onefootball.com\/transform?w=22&amp;h=22&amp;image=https%253A%252F%252Fimages.onefootball.com%252Ficons%252Fteams%252F164%252F314.png&amp;dpr=1 1x, \nhttps:\/\/image-service.onefootball.com\/transform?w=22&amp;h=22&amp;image=https%253A%252F%252Fimages.onefootball.com%252Ficons%252Fteams%252F164%252F314.png&amp;dpr=2 2x\" media=\"(min-width: 1024px) and (max-width: 1279px)\" \/><source srcset=\"https:\/\/image-service.onefootball.com\/transform?w=22&amp;h=22&amp;image=https%253A%252F%252Fimages.onefootball.com%252Ficons%252Fteams%252F164%252F314.png&amp;dpr=1 1x, \nhttps:\/\/image-service.onefootball.com\/transform?w=22&amp;h=22&amp;image=https%253A%252F%252Fimages.onefootball.com%252Ficons%252Fteams%252F164%252F314.png&amp;dpr=2 2x\" media=\"(min-width: 768px) and (max-width: 1023px)\" \/><img loading=\"lazy\" decoding=\"async\" class=\"of-image__img\" src=\"https:\/\/image-service.onefootball.com\/transform?w=22&amp;h=22&amp;image=https%253A%252F%252Fimages.onefootball.com%252Ficons%252Fteams%252F164%252F314.png\" srcset=\"https:\/\/image-service.onefootball.com\/transform?w=22&amp;h=22&amp;image=https%253A%252F%252Fimages.onefootball.com%252Ficons%252Fteams%252F164%252F314.png&amp;dpr=1 1x,\nhttps:\/\/image-service.onefootball.com\/transform?w=22&amp;h=22&amp;image=https%253A%252F%252Fimages.onefootball.com%252Ficons%252Fteams%252F164%252F314.png&amp;dpr=2 2x\" alt=\"Finl\u00e2ndia\" width=\"22\" height=\"22\" \/><\/picture><\/div>\n<p><span class=\"title-8-medium simple-match-card-team__name\">Finl\u00e2ndia<\/span><span class=\"title-7-bold simple-match-card-team__score\">3<\/span><\/div>\n<\/div>\n<div class=\"simple-match-card__match-content\"><time class=\"title-8-bold simple-match-card__info-message--secondary\" datetime=\"2021-11-13T14:00:00Z\">Ontem<\/time><span class=\"title-8-medium simple-match-card__info-message simple-match-card__info-message--secondary\">Fim de jogo<\/span><\/div>\n<\/div>\n<\/article>\n<\/section>\n<section class=\"xpa-switch-article\">\n<div class=\"news-paragraph text-1\">\n<p><strong>Grupo E<\/strong><\/p>\n<\/div>\n<\/section>\n<section class=\"xpa-switch-article\">\n<div class=\"news-paragraph text-1\">\n<p>A B\u00e9lgica carimbou o seu passaporte para o Catar neste s\u00e1bado.<\/p>\n<\/div>\n<\/section>\n<section class=\"xpa-switch-article\">\n<div class=\"news-paragraph text-1\">\n<p>Em segundo lugar, com 11 pontos, a Rep\u00fablica Tcheca e o Pa\u00eds de Gales, que tem os mesmos 11 pontos, brigam pela repescagem.<\/p>\n<\/div>\n<\/section>\n<section class=\"xpa-switch-article\">\n<div class=\"news-paragraph text-1\">\n<p><em>B\u00e9lgica 3 x 1 Est\u00f4nia<\/em><\/p>\n<\/div>\n<\/section>\n<section class=\"xpa-switch-article\">\n<article class=\"simple-match-card\">\n<div class=\"simple-match-card__content\">\n<div class=\"simple-match-card__teams-content\">\n<div class=\"simple-match-card-team\">\n<div class=\"of-image\"><picture class=\"of-image__picture\"><source srcset=\"https:\/\/image-service.onefootball.com\/transform?w=22&amp;h=22&amp;image=https%253A%252F%252Fimages.onefootball.com%252Ficons%252Fteams%252F164%252F116.png&amp;dpr=1 1x, \nhttps:\/\/image-service.onefootball.com\/transform?w=22&amp;h=22&amp;image=https%253A%252F%252Fimages.onefootball.com%252Ficons%252Fteams%252F164%252F116.png&amp;dpr=2 2x\" media=\"(min-width: 1280px)\" \/><source srcset=\"https:\/\/image-service.onefootball.com\/transform?w=22&amp;h=22&amp;image=https%253A%252F%252Fimages.onefootball.com%252Ficons%252Fteams%252F164%252F116.png&amp;dpr=1 1x, \nhttps:\/\/image-service.onefootball.com\/transform?w=22&amp;h=22&amp;image=https%253A%252F%252Fimages.onefootball.com%252Ficons%252Fteams%252F164%252F116.png&amp;dpr=2 2x\" media=\"(min-width: 1024px) and (max-width: 1279px)\" \/><source srcset=\"https:\/\/image-service.onefootball.com\/transform?w=22&amp;h=22&amp;image=https%253A%252F%252Fimages.onefootball.com%252Ficons%252Fteams%252F164%252F116.png&amp;dpr=1 1x, \nhttps:\/\/image-service.onefootball.com\/transform?w=22&amp;h=22&amp;image=https%253A%252F%252Fimages.onefootball.com%252Ficons%252Fteams%252F164%252F116.png&amp;dpr=2 2x\" media=\"(min-width: 768px) and (max-width: 1023px)\" \/><img loading=\"lazy\" decoding=\"async\" class=\"of-image__img\" src=\"https:\/\/image-service.onefootball.com\/transform?w=22&amp;h=22&amp;image=https%253A%252F%252Fimages.onefootball.com%252Ficons%252Fteams%252F164%252F116.png\" srcset=\"https:\/\/image-service.onefootball.com\/transform?w=22&amp;h=22&amp;image=https%253A%252F%252Fimages.onefootball.com%252Ficons%252Fteams%252F164%252F116.png&amp;dpr=1 1x,\nhttps:\/\/image-service.onefootball.com\/transform?w=22&amp;h=22&amp;image=https%253A%252F%252Fimages.onefootball.com%252Ficons%252Fteams%252F164%252F116.png&amp;dpr=2 2x\" alt=\"B\u00e9lgica\" width=\"22\" height=\"22\" \/><\/picture><\/div>\n<p><span class=\"title-8-medium simple-match-card-team__name\">B\u00e9lgica<\/span><span class=\"title-7-bold simple-match-card-team__score\">3<\/span><\/div>\n<div class=\"simple-match-card-team\">\n<div class=\"of-image\"><picture class=\"of-image__picture\"><source srcset=\"https:\/\/image-service.onefootball.com\/transform?w=22&amp;h=22&amp;image=https%253A%252F%252Fimages.onefootball.com%252Ficons%252Fteams%252F164%252F302.png&amp;dpr=1 1x, \nhttps:\/\/image-service.onefootball.com\/transform?w=22&amp;h=22&amp;image=https%253A%252F%252Fimages.onefootball.com%252Ficons%252Fteams%252F164%252F302.png&amp;dpr=2 2x\" media=\"(min-width: 1280px)\" \/><source srcset=\"https:\/\/image-service.onefootball.com\/transform?w=22&amp;h=22&amp;image=https%253A%252F%252Fimages.onefootball.com%252Ficons%252Fteams%252F164%252F302.png&amp;dpr=1 1x, \nhttps:\/\/image-service.onefootball.com\/transform?w=22&amp;h=22&amp;image=https%253A%252F%252Fimages.onefootball.com%252Ficons%252Fteams%252F164%252F302.png&amp;dpr=2 2x\" media=\"(min-width: 1024px) and (max-width: 1279px)\" \/><source srcset=\"https:\/\/image-service.onefootball.com\/transform?w=22&amp;h=22&amp;image=https%253A%252F%252Fimages.onefootball.com%252Ficons%252Fteams%252F164%252F302.png&amp;dpr=1 1x, \nhttps:\/\/image-service.onefootball.com\/transform?w=22&amp;h=22&amp;image=https%253A%252F%252Fimages.onefootball.com%252Ficons%252Fteams%252F164%252F302.png&amp;dpr=2 2x\" media=\"(min-width: 768px) and (max-width: 1023px)\" \/><img loading=\"lazy\" decoding=\"async\" class=\"of-image__img\" src=\"https:\/\/image-service.onefootball.com\/transform?w=22&amp;h=22&amp;image=https%253A%252F%252Fimages.onefootball.com%252Ficons%252Fteams%252F164%252F302.png\" srcset=\"https:\/\/image-service.onefootball.com\/transform?w=22&amp;h=22&amp;image=https%253A%252F%252Fimages.onefootball.com%252Ficons%252Fteams%252F164%252F302.png&amp;dpr=1 1x,\nhttps:\/\/image-service.onefootball.com\/transform?w=22&amp;h=22&amp;image=https%253A%252F%252Fimages.onefootball.com%252Ficons%252Fteams%252F164%252F302.png&amp;dpr=2 2x\" alt=\"Est\u00f3nia\" width=\"22\" height=\"22\" \/><\/picture><\/div>\n<p><span class=\"title-8-medium simple-match-card-team__name\">Est\u00f3nia<\/span><span class=\"title-7-bold simple-match-card-team__score\">1<\/span><\/div>\n<\/div>\n<div class=\"simple-match-card__match-content\"><time class=\"title-8-bold simple-match-card__info-message--secondary\" datetime=\"2021-11-13T19:45:00Z\">Ontem<\/time><span class=\"title-8-medium simple-match-card__info-message simple-match-card__info-message--secondary\">Fim de jogo<\/span><\/div>\n<\/div>\n<\/article>\n<\/section>\n<section class=\"xpa-switch-article\">\n<div class=\"news-paragraph text-1\">\n<p><em>Pa\u00eds de Gales 3 x 0 Belarus<\/em><\/p>\n<\/div>\n<\/section>\n<section class=\"xpa-switch-article\">\n<article class=\"simple-match-card\">\n<div class=\"simple-match-card__content\">\n<div class=\"simple-match-card__teams-content\">\n<div class=\"simple-match-card-team\">\n<div class=\"of-image\"><picture class=\"of-image__picture\"><source srcset=\"https:\/\/image-service.onefootball.com\/transform?w=22&amp;h=22&amp;image=https%253A%252F%252Fimages.onefootball.com%252Ficons%252Fteams%252F164%252F312.png&amp;dpr=1 1x, \nhttps:\/\/image-service.onefootball.com\/transform?w=22&amp;h=22&amp;image=https%253A%252F%252Fimages.onefootball.com%252Ficons%252Fteams%252F164%252F312.png&amp;dpr=2 2x\" media=\"(min-width: 1280px)\" \/><source srcset=\"https:\/\/image-service.onefootball.com\/transform?w=22&amp;h=22&amp;image=https%253A%252F%252Fimages.onefootball.com%252Ficons%252Fteams%252F164%252F312.png&amp;dpr=1 1x, \nhttps:\/\/image-service.onefootball.com\/transform?w=22&amp;h=22&amp;image=https%253A%252F%252Fimages.onefootball.com%252Ficons%252Fteams%252F164%252F312.png&amp;dpr=2 2x\" media=\"(min-width: 1024px) and (max-width: 1279px)\" \/><source srcset=\"https:\/\/image-service.onefootball.com\/transform?w=22&amp;h=22&amp;image=https%253A%252F%252Fimages.onefootball.com%252Ficons%252Fteams%252F164%252F312.png&amp;dpr=1 1x, \nhttps:\/\/image-service.onefootball.com\/transform?w=22&amp;h=22&amp;image=https%253A%252F%252Fimages.onefootball.com%252Ficons%252Fteams%252F164%252F312.png&amp;dpr=2 2x\" media=\"(min-width: 768px) and (max-width: 1023px)\" \/><img loading=\"lazy\" decoding=\"async\" class=\"of-image__img\" src=\"https:\/\/image-service.onefootball.com\/transform?w=22&amp;h=22&amp;image=https%253A%252F%252Fimages.onefootball.com%252Ficons%252Fteams%252F164%252F312.png\" srcset=\"https:\/\/image-service.onefootball.com\/transform?w=22&amp;h=22&amp;image=https%253A%252F%252Fimages.onefootball.com%252Ficons%252Fteams%252F164%252F312.png&amp;dpr=1 1x,\nhttps:\/\/image-service.onefootball.com\/transform?w=22&amp;h=22&amp;image=https%253A%252F%252Fimages.onefootball.com%252Ficons%252Fteams%252F164%252F312.png&amp;dpr=2 2x\" alt=\"Pa\u00eds de Gales\" width=\"22\" height=\"22\" \/><\/picture><\/div>\n<p><span class=\"title-8-medium simple-match-card-team__name\">Pa\u00eds de Gales<\/span><span class=\"title-7-bold simple-match-card-team__score\">5<\/span><\/div>\n<div class=\"simple-match-card-team\">\n<div class=\"of-image\"><picture class=\"of-image__picture\"><source srcset=\"https:\/\/image-service.onefootball.com\/transform?w=22&amp;h=22&amp;image=https%253A%252F%252Fimages.onefootball.com%252Ficons%252Fteams%252F164%252F303.png&amp;dpr=1 1x, \nhttps:\/\/image-service.onefootball.com\/transform?w=22&amp;h=22&amp;image=https%253A%252F%252Fimages.onefootball.com%252Ficons%252Fteams%252F164%252F303.png&amp;dpr=2 2x\" media=\"(min-width: 1280px)\" \/><source srcset=\"https:\/\/image-service.onefootball.com\/transform?w=22&amp;h=22&amp;image=https%253A%252F%252Fimages.onefootball.com%252Ficons%252Fteams%252F164%252F303.png&amp;dpr=1 1x, \nhttps:\/\/image-service.onefootball.com\/transform?w=22&amp;h=22&amp;image=https%253A%252F%252Fimages.onefootball.com%252Ficons%252Fteams%252F164%252F303.png&amp;dpr=2 2x\" media=\"(min-width: 1024px) and (max-width: 1279px)\" \/><source srcset=\"https:\/\/image-service.onefootball.com\/transform?w=22&amp;h=22&amp;image=https%253A%252F%252Fimages.onefootball.com%252Ficons%252Fteams%252F164%252F303.png&amp;dpr=1 1x, \nhttps:\/\/image-service.onefootball.com\/transform?w=22&amp;h=22&amp;image=https%253A%252F%252Fimages.onefootball.com%252Ficons%252Fteams%252F164%252F303.png&amp;dpr=2 2x\" media=\"(min-width: 768px) and (max-width: 1023px)\" \/><img loading=\"lazy\" decoding=\"async\" class=\"of-image__img\" src=\"https:\/\/image-service.onefootball.com\/transform?w=22&amp;h=22&amp;image=https%253A%252F%252Fimages.onefootball.com%252Ficons%252Fteams%252F164%252F303.png\" srcset=\"https:\/\/image-service.onefootball.com\/transform?w=22&amp;h=22&amp;image=https%253A%252F%252Fimages.onefootball.com%252Ficons%252Fteams%252F164%252F303.png&amp;dpr=1 1x,\nhttps:\/\/image-service.onefootball.com\/transform?w=22&amp;h=22&amp;image=https%253A%252F%252Fimages.onefootball.com%252Ficons%252Fteams%252F164%252F303.png&amp;dpr=2 2x\" alt=\"Bielorr\u00fassia\" width=\"22\" height=\"22\" \/><\/picture><\/div>\n<p><span class=\"title-8-medium simple-match-card-team__name\">Bielorr\u00fassia<\/span><span class=\"title-7-bold simple-match-card-team__score\">1<\/span><\/div>\n<\/div>\n<div class=\"simple-match-card__match-content\"><time class=\"title-8-bold simple-match-card__info-message--secondary\" datetime=\"2021-11-13T19:45:00Z\">Ontem<\/time><span class=\"title-8-medium simple-match-card__info-message simple-match-card__info-message--secondary\">Fim de jogo<\/span><\/div>\n<\/div>\n<\/article>\n<\/section>\n<section class=\"xpa-switch-article\">\n<div class=\"news-paragraph text-1\">\n<p><strong>Grupo G<\/strong><\/p>\n<\/div>\n<\/section>\n<section class=\"xpa-switch-article\">\n<div class=\"news-paragraph text-1\">\n<p>Com 20 pontos, a Holanda segue em primeiro, mas o grupo deu uma embolada.<\/p>\n<\/div>\n<\/section>\n<section class=\"xpa-switch-article\">\n<div class=\"news-paragraph text-1\">\n<p>Turquia, segunda colocada, tem os mesmos 18 pontos da Noruega, que est\u00e3o na cola dos holandeses.<\/p>\n<\/div>\n<\/section>\n<section class=\"xpa-switch-article\">\n<div class=\"news-paragraph text-1\">\n<p>Tudo em aberto para a \u00faltima rodada.<\/p>\n<\/div>\n<\/section>\n<section class=\"xpa-switch-article\">\n<div class=\"news-paragraph text-1\">\n<p><em>Noruega 0 x 0 Let\u00f4nia<\/em><\/p>\n<\/div>\n<\/section>\n<section class=\"xpa-switch-article\">\n<article class=\"simple-match-card\">\n<div class=\"simple-match-card__content\">\n<div class=\"simple-match-card__teams-content\">\n<div class=\"simple-match-card-team\">\n<div class=\"of-image\"><picture class=\"of-image__picture\"><source srcset=\"https:\/\/image-service.onefootball.com\/transform?w=22&amp;h=22&amp;image=https%253A%252F%252Fimages.onefootball.com%252Ficons%252Fteams%252F164%252F115.png&amp;dpr=1 1x, \nhttps:\/\/image-service.onefootball.com\/transform?w=22&amp;h=22&amp;image=https%253A%252F%252Fimages.onefootball.com%252Ficons%252Fteams%252F164%252F115.png&amp;dpr=2 2x\" media=\"(min-width: 1280px)\" \/><source srcset=\"https:\/\/image-service.onefootball.com\/transform?w=22&amp;h=22&amp;image=https%253A%252F%252Fimages.onefootball.com%252Ficons%252Fteams%252F164%252F115.png&amp;dpr=1 1x, \nhttps:\/\/image-service.onefootball.com\/transform?w=22&amp;h=22&amp;image=https%253A%252F%252Fimages.onefootball.com%252Ficons%252Fteams%252F164%252F115.png&amp;dpr=2 2x\" media=\"(min-width: 1024px) and (max-width: 1279px)\" \/><source srcset=\"https:\/\/image-service.onefootball.com\/transform?w=22&amp;h=22&amp;image=https%253A%252F%252Fimages.onefootball.com%252Ficons%252Fteams%252F164%252F115.png&amp;dpr=1 1x, \nhttps:\/\/image-service.onefootball.com\/transform?w=22&amp;h=22&amp;image=https%253A%252F%252Fimages.onefootball.com%252Ficons%252Fteams%252F164%252F115.png&amp;dpr=2 2x\" media=\"(min-width: 768px) and (max-width: 1023px)\" \/><img loading=\"lazy\" decoding=\"async\" class=\"of-image__img\" src=\"https:\/\/image-service.onefootball.com\/transform?w=22&amp;h=22&amp;image=https%253A%252F%252Fimages.onefootball.com%252Ficons%252Fteams%252F164%252F115.png\" srcset=\"https:\/\/image-service.onefootball.com\/transform?w=22&amp;h=22&amp;image=https%253A%252F%252Fimages.onefootball.com%252Ficons%252Fteams%252F164%252F115.png&amp;dpr=1 1x,\nhttps:\/\/image-service.onefootball.com\/transform?w=22&amp;h=22&amp;image=https%253A%252F%252Fimages.onefootball.com%252Ficons%252Fteams%252F164%252F115.png&amp;dpr=2 2x\" alt=\"Noruega\" width=\"22\" height=\"22\" \/><\/picture><\/div>\n<p><span class=\"title-8-medium simple-match-card-team__name\">Noruega<\/span><span class=\"title-7-bold simple-match-card-team__score\">0<\/span><\/div>\n<div class=\"simple-match-card-team\">\n<div class=\"of-image\"><picture class=\"of-image__picture\"><source srcset=\"https:\/\/image-service.onefootball.com\/transform?w=22&amp;h=22&amp;image=https%253A%252F%252Fimages.onefootball.com%252Ficons%252Fteams%252F164%252F313.png&amp;dpr=1 1x, \nhttps:\/\/image-service.onefootball.com\/transform?w=22&amp;h=22&amp;image=https%253A%252F%252Fimages.onefootball.com%252Ficons%252Fteams%252F164%252F313.png&amp;dpr=2 2x\" media=\"(min-width: 1280px)\" \/><source srcset=\"https:\/\/image-service.onefootball.com\/transform?w=22&amp;h=22&amp;image=https%253A%252F%252Fimages.onefootball.com%252Ficons%252Fteams%252F164%252F313.png&amp;dpr=1 1x, \nhttps:\/\/image-service.onefootball.com\/transform?w=22&amp;h=22&amp;image=https%253A%252F%252Fimages.onefootball.com%252Ficons%252Fteams%252F164%252F313.png&amp;dpr=2 2x\" media=\"(min-width: 1024px) and (max-width: 1279px)\" \/><source srcset=\"https:\/\/image-service.onefootball.com\/transform?w=22&amp;h=22&amp;image=https%253A%252F%252Fimages.onefootball.com%252Ficons%252Fteams%252F164%252F313.png&amp;dpr=1 1x, \nhttps:\/\/image-service.onefootball.com\/transform?w=22&amp;h=22&amp;image=https%253A%252F%252Fimages.onefootball.com%252Ficons%252Fteams%252F164%252F313.png&amp;dpr=2 2x\" media=\"(min-width: 768px) and (max-width: 1023px)\" \/><img loading=\"lazy\" decoding=\"async\" class=\"of-image__img\" src=\"https:\/\/image-service.onefootball.com\/transform?w=22&amp;h=22&amp;image=https%253A%252F%252Fimages.onefootball.com%252Ficons%252Fteams%252F164%252F313.png\" srcset=\"https:\/\/image-service.onefootball.com\/transform?w=22&amp;h=22&amp;image=https%253A%252F%252Fimages.onefootball.com%252Ficons%252Fteams%252F164%252F313.png&amp;dpr=1 1x,\nhttps:\/\/image-service.onefootball.com\/transform?w=22&amp;h=22&amp;image=https%253A%252F%252Fimages.onefootball.com%252Ficons%252Fteams%252F164%252F313.png&amp;dpr=2 2x\" alt=\"Let\u00f3nia\" width=\"22\" height=\"22\" \/><\/picture><\/div>\n<p><span class=\"title-8-medium simple-match-card-team__name\">Let\u00f3nia<\/span><span class=\"title-7-bold simple-match-card-team__score\">0<\/span><\/div>\n<\/div>\n<div class=\"simple-match-card__match-content\"><time class=\"title-8-bold simple-match-card__info-message--secondary\" datetime=\"2021-11-13T17:00:00Z\">Ontem<\/time><span class=\"title-8-medium simple-match-card__info-message simple-match-card__info-message--secondary\">Fim de jogo<\/span><\/div>\n<\/div>\n<\/article>\n<\/section>\n<section class=\"xpa-switch-article\">\n<div class=\"news-paragraph text-1\">\n<p><em>Turquia 6 x 0 Gibraltar<\/em><\/p>\n<\/div>\n<\/section>\n<section class=\"xpa-switch-article\">\n<article class=\"simple-match-card\">\n<div class=\"simple-match-card__content\">\n<div class=\"simple-match-card__teams-content\">\n<div class=\"simple-match-card-team\">\n<div class=\"of-image\"><picture class=\"of-image__picture\"><source srcset=\"https:\/\/image-service.onefootball.com\/transform?w=22&amp;h=22&amp;image=https%253A%252F%252Fimages.onefootball.com%252Ficons%252Fteams%252F164%252F123.png&amp;dpr=1 1x, \nhttps:\/\/image-service.onefootball.com\/transform?w=22&amp;h=22&amp;image=https%253A%252F%252Fimages.onefootball.com%252Ficons%252Fteams%252F164%252F123.png&amp;dpr=2 2x\" media=\"(min-width: 1280px)\" \/><source srcset=\"https:\/\/image-service.onefootball.com\/transform?w=22&amp;h=22&amp;image=https%253A%252F%252Fimages.onefootball.com%252Ficons%252Fteams%252F164%252F123.png&amp;dpr=1 1x, \nhttps:\/\/image-service.onefootball.com\/transform?w=22&amp;h=22&amp;image=https%253A%252F%252Fimages.onefootball.com%252Ficons%252Fteams%252F164%252F123.png&amp;dpr=2 2x\" media=\"(min-width: 1024px) and (max-width: 1279px)\" \/><source srcset=\"https:\/\/image-service.onefootball.com\/transform?w=22&amp;h=22&amp;image=https%253A%252F%252Fimages.onefootball.com%252Ficons%252Fteams%252F164%252F123.png&amp;dpr=1 1x, \nhttps:\/\/image-service.onefootball.com\/transform?w=22&amp;h=22&amp;image=https%253A%252F%252Fimages.onefootball.com%252Ficons%252Fteams%252F164%252F123.png&amp;dpr=2 2x\" media=\"(min-width: 768px) and (max-width: 1023px)\" \/><img loading=\"lazy\" decoding=\"async\" class=\"of-image__img\" src=\"https:\/\/image-service.onefootball.com\/transform?w=22&amp;h=22&amp;image=https%253A%252F%252Fimages.onefootball.com%252Ficons%252Fteams%252F164%252F123.png\" srcset=\"https:\/\/image-service.onefootball.com\/transform?w=22&amp;h=22&amp;image=https%253A%252F%252Fimages.onefootball.com%252Ficons%252Fteams%252F164%252F123.png&amp;dpr=1 1x,\nhttps:\/\/image-service.onefootball.com\/transform?w=22&amp;h=22&amp;image=https%253A%252F%252Fimages.onefootball.com%252Ficons%252Fteams%252F164%252F123.png&amp;dpr=2 2x\" alt=\"Turquia\" width=\"22\" height=\"22\" \/><\/picture><\/div>\n<p><span class=\"title-8-medium simple-match-card-team__name\">Turquia<\/span><span class=\"title-7-bold simple-match-card-team__score\">6<\/span><\/div>\n<div class=\"simple-match-card-team\">\n<div class=\"of-image\"><picture class=\"of-image__picture\"><source srcset=\"https:\/\/image-service.onefootball.com\/transform?w=22&amp;h=22&amp;image=https%253A%252F%252Fimages.onefootball.com%252Ficons%252Fteams%252F164%252F2347.png&amp;dpr=1 1x, \nhttps:\/\/image-service.onefootball.com\/transform?w=22&amp;h=22&amp;image=https%253A%252F%252Fimages.onefootball.com%252Ficons%252Fteams%252F164%252F2347.png&amp;dpr=2 2x\" media=\"(min-width: 1280px)\" \/><source srcset=\"https:\/\/image-service.onefootball.com\/transform?w=22&amp;h=22&amp;image=https%253A%252F%252Fimages.onefootball.com%252Ficons%252Fteams%252F164%252F2347.png&amp;dpr=1 1x, \nhttps:\/\/image-service.onefootball.com\/transform?w=22&amp;h=22&amp;image=https%253A%252F%252Fimages.onefootball.com%252Ficons%252Fteams%252F164%252F2347.png&amp;dpr=2 2x\" media=\"(min-width: 1024px) and (max-width: 1279px)\" \/><source srcset=\"https:\/\/image-service.onefootball.com\/transform?w=22&amp;h=22&amp;image=https%253A%252F%252Fimages.onefootball.com%252Ficons%252Fteams%252F164%252F2347.png&amp;dpr=1 1x, \nhttps:\/\/image-service.onefootball.com\/transform?w=22&amp;h=22&amp;image=https%253A%252F%252Fimages.onefootball.com%252Ficons%252Fteams%252F164%252F2347.png&amp;dpr=2 2x\" media=\"(min-width: 768px) and (max-width: 1023px)\" \/><img loading=\"lazy\" decoding=\"async\" class=\"of-image__img\" src=\"https:\/\/image-service.onefootball.com\/transform?w=22&amp;h=22&amp;image=https%253A%252F%252Fimages.onefootball.com%252Ficons%252Fteams%252F164%252F2347.png\" srcset=\"https:\/\/image-service.onefootball.com\/transform?w=22&amp;h=22&amp;image=https%253A%252F%252Fimages.onefootball.com%252Ficons%252Fteams%252F164%252F2347.png&amp;dpr=1 1x,\nhttps:\/\/image-service.onefootball.com\/transform?w=22&amp;h=22&amp;image=https%253A%252F%252Fimages.onefootball.com%252Ficons%252Fteams%252F164%252F2347.png&amp;dpr=2 2x\" alt=\"Gibraltar\" width=\"22\" height=\"22\" \/><\/picture><\/div>\n<p><span class=\"title-8-medium simple-match-card-team__name\">Gibraltar<\/span><span class=\"title-7-bold simple-match-card-team__score\">0<\/span><\/div>\n<\/div>\n<div class=\"simple-match-card__match-content\"><time class=\"title-8-bold simple-match-card__info-message--secondary\" datetime=\"2021-11-13T17:00:00Z\">Ontem<\/time><span class=\"title-8-medium simple-match-card__info-message simple-match-card__info-message--secondary\">Fim de jogo<\/span><\/div>\n<\/div>\n<\/article>\n<\/section>\n<section class=\"xpa-switch-article\">\n<div class=\"news-paragraph text-1\">\n<p><em>Montenegro 2 x 2 Holanda<\/em><\/p>\n<\/div>\n<\/section>\n<section class=\"xpa-switch-article\">\n<article class=\"simple-match-card\">\n<div class=\"simple-match-card__content\">\n<div class=\"simple-match-card__teams-content\">\n<div class=\"simple-match-card-team\">\n<div class=\"of-image\"><picture class=\"of-image__picture\"><source srcset=\"https:\/\/image-service.onefootball.com\/transform?w=22&amp;h=22&amp;image=https%253A%252F%252Fimages.onefootball.com%252Ficons%252Fteams%252F164%252F316.png&amp;dpr=1 1x, \nhttps:\/\/image-service.onefootball.com\/transform?w=22&amp;h=22&amp;image=https%253A%252F%252Fimages.onefootball.com%252Ficons%252Fteams%252F164%252F316.png&amp;dpr=2 2x\" media=\"(min-width: 1280px)\" \/><source srcset=\"https:\/\/image-service.onefootball.com\/transform?w=22&amp;h=22&amp;image=https%253A%252F%252Fimages.onefootball.com%252Ficons%252Fteams%252F164%252F316.png&amp;dpr=1 1x, \nhttps:\/\/image-service.onefootball.com\/transform?w=22&amp;h=22&amp;image=https%253A%252F%252Fimages.onefootball.com%252Ficons%252Fteams%252F164%252F316.png&amp;dpr=2 2x\" media=\"(min-width: 1024px) and (max-width: 1279px)\" \/><source srcset=\"https:\/\/image-service.onefootball.com\/transform?w=22&amp;h=22&amp;image=https%253A%252F%252Fimages.onefootball.com%252Ficons%252Fteams%252F164%252F316.png&amp;dpr=1 1x, \nhttps:\/\/image-service.onefootball.com\/transform?w=22&amp;h=22&amp;image=https%253A%252F%252Fimages.onefootball.com%252Ficons%252Fteams%252F164%252F316.png&amp;dpr=2 2x\" media=\"(min-width: 768px) and (max-width: 1023px)\" \/><img decoding=\"async\" class=\"of-image__img\" src=\"https:\/\/image-service.onefootball.com\/transform?w=22&amp;h=22&amp;image=https%253A%252F%252Fimages.onefootball.com%252Ficons%252Fteams%252F164%252F316.png\" srcset=\"https:\/\/image-service.onefootball.com\/transform?w=22&amp;h=22&amp;image=https%253A%252F%252Fimages.onefootball.com%252Ficons%252Fteams%252F164%252F316.png&amp;dpr=1 1x,\nhttps:\/\/image-service.onefootball.com\/transform?w=22&amp;h=22&amp;image=https%253A%252F%252Fimages.onefootball.com%252Ficons%252Fteams%252F164%252F316.png&amp;dpr=2 2x\" alt=\"Montenegro\" width=\"22\" height=\"22\" \/><\/picture><\/div>\n<p><span class=\"title-8-medium simple-match-card-team__name\">Montenegro<\/span><span class=\"title-7-bold simple-match-card-team__score\">2<\/span><\/div>\n<div class=\"simple-match-card-team\">\n<div class=\"of-image\"><picture class=\"of-image__picture\"><source srcset=\"https:\/\/image-service.onefootball.com\/transform?w=22&amp;h=22&amp;image=https%253A%252F%252Fimages.onefootball.com%252Ficons%252Fteams%252F164%252F38.png&amp;dpr=1 1x, \nhttps:\/\/image-service.onefootball.com\/transform?w=22&amp;h=22&amp;image=https%253A%252F%252Fimages.onefootball.com%252Ficons%252Fteams%252F164%252F38.png&amp;dpr=2 2x\" media=\"(min-width: 1280px)\" \/><source srcset=\"https:\/\/image-service.onefootball.com\/transform?w=22&amp;h=22&amp;image=https%253A%252F%252Fimages.onefootball.com%252Ficons%252Fteams%252F164%252F38.png&amp;dpr=1 1x, \nhttps:\/\/image-service.onefootball.com\/transform?w=22&amp;h=22&amp;image=https%253A%252F%252Fimages.onefootball.com%252Ficons%252Fteams%252F164%252F38.png&amp;dpr=2 2x\" media=\"(min-width: 1024px) and (max-width: 1279px)\" \/><source srcset=\"https:\/\/image-service.onefootball.com\/transform?w=22&amp;h=22&amp;image=https%253A%252F%252Fimages.onefootball.com%252Ficons%252Fteams%252F164%252F38.png&amp;dpr=1 1x, \nhttps:\/\/image-service.onefootball.com\/transform?w=22&amp;h=22&amp;image=https%253A%252F%252Fimages.onefootball.com%252Ficons%252Fteams%252F164%252F38.png&amp;dpr=2 2x\" media=\"(min-width: 768px) and (max-width: 1023px)\" \/><img loading=\"lazy\" decoding=\"async\" class=\"of-image__img\" src=\"https:\/\/image-service.onefootball.com\/transform?w=22&amp;h=22&amp;image=https%253A%252F%252Fimages.onefootball.com%252Ficons%252Fteams%252F164%252F38.png\" srcset=\"https:\/\/image-service.onefootball.com\/transform?w=22&amp;h=22&amp;image=https%253A%252F%252Fimages.onefootball.com%252Ficons%252Fteams%252F164%252F38.png&amp;dpr=1 1x,\nhttps:\/\/image-service.onefootball.com\/transform?w=22&amp;h=22&amp;image=https%253A%252F%252Fimages.onefootball.com%252Ficons%252Fteams%252F164%252F38.png&amp;dpr=2 2x\" alt=\"Holanda\" width=\"22\" height=\"22\" \/><\/picture><\/div>\n<p><span class=\"title-8-medium simple-match-card-team__name\">Holanda<\/span><span class=\"title-7-bold simple-match-card-team__score\">2<\/span><\/div>\n<\/div>\n<div class=\"simple-match-card__match-content\"><time class=\"title-8-bold simple-match-card__info-message--secondary\" datetime=\"2021-11-13T19:45:00Z\">Ontem<\/time><span class=\"title-8-medium simple-match-card__info-message simple-match-card__info-message--secondary\">Fim de jogo<\/span><\/div>\n<\/div>\n<\/article>\n<\/section>\n<section class=\"xpa-switch-article\">\n<hr class=\"separator\" \/>\n<\/section>\n<section class=\"xpa-switch-article\">\n<div class=\"news-paragraph text-1\">\n<p style=\"text-align: justify;\"><em>Fonte: Onefootball\u00a0 Foto de destaque: Daniel Mihailescu\/Getty Images<\/em><\/p>\n<\/div>\n<\/section>\n<section class=\"xpa-switch-article\"><\/section>\n<section class=\"xpa-switch-article\">\n<article class=\"related-news\"><\/article>\n<\/section>\n<\/div>\n<\/div>\n<\/section>\n<\/section>\n<p><\/main><\/div>\n","protected":false},"excerpt":{"rendered":"<p>Com uma atua\u00e7\u00e3o de gala de Kylian Mbapp\u00e9, a Fran\u00e7a garantiu a sua vaga no Mundial do Catar, em 2022, com um sonoro 8 x 0 contra o Cazaquist\u00e3o. O astro do PSG j\u00e1 tinha feito o seu primeiro hat-trick na carreira com a camisa dos\u00a0Bleus, mas acabou a partida com quatro bolas na rede. &hellip;<\/p>\n","protected":false},"author":2,"featured_media":38213,"comment_status":"open","ping_status":"open","sticky":false,"template":"","format":"standard","meta":{"content-type":"","rop_custom_images_group":[],"rop_custom_messages_group":[],"rop_publish_now":"initial","rop_publish_now_accounts":{"facebook_2648258775420054_1618374048415101":""},"rop_publish_now_history":[],"rop_publish_now_status":"pending","footnotes":"","_jetpack_memberships_contains_paid_content":false},"categories":[113,108],"tags":[9900,14977],"yoast_head":"<!-- This site is optimized with the Yoast SEO plugin v22.3 - https:\/\/yoast.com\/wordpress\/plugins\/seo\/ -->\n<title>Fran\u00e7a atropela e vai ao Mundial do Catar; B\u00e9lgica tamb\u00e9m se garante - Portal NPM<\/title>\n<meta name=\"robots\" content=\"index, follow, max-snippet:-1, max-image-preview:large, max-video-preview:-1\" \/>\n<link rel=\"canonical\" href=\"https:\/\/portalnpm.com\/index.php\/2021\/11\/13\/franca-atropela-e-vai-ao-mundial-do-catar-belgica-tambem-se-garante\/\" \/>\n<meta property=\"og:locale\" content=\"pt_BR\" \/>\n<meta property=\"og:type\" content=\"article\" \/>\n<meta property=\"og:title\" content=\"Fran\u00e7a atropela e vai ao Mundial do Catar; B\u00e9lgica tamb\u00e9m se garante - Portal NPM\" \/>\n<meta property=\"og:description\" content=\"Com uma atua\u00e7\u00e3o de gala de Kylian Mbapp\u00e9, a Fran\u00e7a garantiu a sua vaga no Mundial do Catar, em 2022, com um sonoro 8 x 0 contra o Cazaquist\u00e3o. O astro do PSG j\u00e1 tinha feito o seu primeiro hat-trick na carreira com a camisa dos\u00a0Bleus, mas acabou a partida com quatro bolas na rede. &hellip;\" \/>\n<meta property=\"og:url\" content=\"https:\/\/portalnpm.com\/index.php\/2021\/11\/13\/franca-atropela-e-vai-ao-mundial-do-catar-belgica-tambem-se-garante\/\" \/>\n<meta property=\"og:site_name\" content=\"Portal NPM\" \/>\n<meta property=\"article:published_time\" content=\"2021-11-14T00:33:21+00:00\" \/>\n<meta name=\"author\" content=\"Genival Barbosa\" \/>\n<meta name=\"twitter:card\" content=\"summary_large_image\" \/>\n<meta name=\"twitter:label1\" content=\"Escrito por\" \/>\n\t<meta name=\"twitter:data1\" content=\"Genival Barbosa\" \/>\n\t<meta name=\"twitter:label2\" content=\"Est. tempo de leitura\" \/>\n\t<meta name=\"twitter:data2\" content=\"7 minutos\" \/>\n<script type=\"application\/ld+json\" class=\"yoast-schema-graph\">{\"@context\":\"https:\/\/schema.org\",\"@graph\":[{\"@type\":\"WebPage\",\"@id\":\"https:\/\/portalnpm.com\/index.php\/2021\/11\/13\/franca-atropela-e-vai-ao-mundial-do-catar-belgica-tambem-se-garante\/\",\"url\":\"https:\/\/portalnpm.com\/index.php\/2021\/11\/13\/franca-atropela-e-vai-ao-mundial-do-catar-belgica-tambem-se-garante\/\",\"name\":\"Fran\u00e7a atropela e vai ao Mundial do Catar; B\u00e9lgica tamb\u00e9m se garante - Portal NPM\",\"isPartOf\":{\"@id\":\"https:\/\/portalnpm.com\/#website\"},\"primaryImageOfPage\":{\"@id\":\"https:\/\/portalnpm.com\/index.php\/2021\/11\/13\/franca-atropela-e-vai-ao-mundial-do-catar-belgica-tambem-se-garante\/#primaryimage\"},\"image\":{\"@id\":\"https:\/\/portalnpm.com\/index.php\/2021\/11\/13\/franca-atropela-e-vai-ao-mundial-do-catar-belgica-tambem-se-garante\/#primaryimage\"},\"thumbnailUrl\":\"\",\"datePublished\":\"2021-11-14T00:33:21+00:00\",\"dateModified\":\"2021-11-14T00:33:21+00:00\",\"author\":{\"@id\":\"https:\/\/portalnpm.com\/#\/schema\/person\/49313e563cfdefcc167f1ee4c017c294\"},\"breadcrumb\":{\"@id\":\"https:\/\/portalnpm.com\/index.php\/2021\/11\/13\/franca-atropela-e-vai-ao-mundial-do-catar-belgica-tambem-se-garante\/#breadcrumb\"},\"inLanguage\":\"pt-BR\",\"potentialAction\":[{\"@type\":\"ReadAction\",\"target\":[\"https:\/\/portalnpm.com\/index.php\/2021\/11\/13\/franca-atropela-e-vai-ao-mundial-do-catar-belgica-tambem-se-garante\/\"]}]},{\"@type\":\"ImageObject\",\"inLanguage\":\"pt-BR\",\"@id\":\"https:\/\/portalnpm.com\/index.php\/2021\/11\/13\/franca-atropela-e-vai-ao-mundial-do-catar-belgica-tambem-se-garante\/#primaryimage\",\"url\":\"\",\"contentUrl\":\"\"},{\"@type\":\"BreadcrumbList\",\"@id\":\"https:\/\/portalnpm.com\/index.php\/2021\/11\/13\/franca-atropela-e-vai-ao-mundial-do-catar-belgica-tambem-se-garante\/#breadcrumb\",\"itemListElement\":[{\"@type\":\"ListItem\",\"position\":1,\"name\":\"In\u00edcio\",\"item\":\"https:\/\/portalnpm.com\/\"},{\"@type\":\"ListItem\",\"position\":2,\"name\":\"Fran\u00e7a atropela e vai ao Mundial do Catar; B\u00e9lgica tamb\u00e9m se garante\"}]},{\"@type\":\"WebSite\",\"@id\":\"https:\/\/portalnpm.com\/#website\",\"url\":\"https:\/\/portalnpm.com\/\",\"name\":\"Portal NPM\",\"description\":\"Not\u00edcias em Primeira M\u00e3o\",\"potentialAction\":[{\"@type\":\"SearchAction\",\"target\":{\"@type\":\"EntryPoint\",\"urlTemplate\":\"https:\/\/portalnpm.com\/?s={search_term_string}\"},\"query-input\":\"required name=search_term_string\"}],\"inLanguage\":\"pt-BR\"},{\"@type\":\"Person\",\"@id\":\"https:\/\/portalnpm.com\/#\/schema\/person\/49313e563cfdefcc167f1ee4c017c294\",\"name\":\"Genival Barbosa\",\"image\":{\"@type\":\"ImageObject\",\"inLanguage\":\"pt-BR\",\"@id\":\"https:\/\/portalnpm.com\/#\/schema\/person\/image\/\",\"url\":\"https:\/\/portalnpm.com\/wp-content\/uploads\/2024\/02\/avatar_user_2_1707743258-96x96.jpeg\",\"contentUrl\":\"https:\/\/portalnpm.com\/wp-content\/uploads\/2024\/02\/avatar_user_2_1707743258-96x96.jpeg\",\"caption\":\"Genival Barbosa\"},\"url\":\"https:\/\/portalnpm.com\/index.php\/author\/genival\/\"}]}<\/script>\n<!-- \/ Yoast SEO plugin. -->","yoast_head_json":{"title":"Fran\u00e7a atropela e vai ao Mundial do Catar; B\u00e9lgica tamb\u00e9m se garante - Portal NPM","robots":{"index":"index","follow":"follow","max-snippet":"max-snippet:-1","max-image-preview":"max-image-preview:large","max-video-preview":"max-video-preview:-1"},"canonical":"https:\/\/portalnpm.com\/index.php\/2021\/11\/13\/franca-atropela-e-vai-ao-mundial-do-catar-belgica-tambem-se-garante\/","og_locale":"pt_BR","og_type":"article","og_title":"Fran\u00e7a atropela e vai ao Mundial do Catar; B\u00e9lgica tamb\u00e9m se garante - Portal NPM","og_description":"Com uma atua\u00e7\u00e3o de gala de Kylian Mbapp\u00e9, a Fran\u00e7a garantiu a sua vaga no Mundial do Catar, em 2022, com um sonoro 8 x 0 contra o Cazaquist\u00e3o. O astro do PSG j\u00e1 tinha feito o seu primeiro hat-trick na carreira com a camisa dos\u00a0Bleus, mas acabou a partida com quatro bolas na rede. &hellip;","og_url":"https:\/\/portalnpm.com\/index.php\/2021\/11\/13\/franca-atropela-e-vai-ao-mundial-do-catar-belgica-tambem-se-garante\/","og_site_name":"Portal NPM","article_published_time":"2021-11-14T00:33:21+00:00","author":"Genival Barbosa","twitter_card":"summary_large_image","twitter_misc":{"Escrito por":"Genival Barbosa","Est. tempo de leitura":"7 minutos"},"schema":{"@context":"https:\/\/schema.org","@graph":[{"@type":"WebPage","@id":"https:\/\/portalnpm.com\/index.php\/2021\/11\/13\/franca-atropela-e-vai-ao-mundial-do-catar-belgica-tambem-se-garante\/","url":"https:\/\/portalnpm.com\/index.php\/2021\/11\/13\/franca-atropela-e-vai-ao-mundial-do-catar-belgica-tambem-se-garante\/","name":"Fran\u00e7a atropela e vai ao Mundial do Catar; B\u00e9lgica tamb\u00e9m se garante - Portal NPM","isPartOf":{"@id":"https:\/\/portalnpm.com\/#website"},"primaryImageOfPage":{"@id":"https:\/\/portalnpm.com\/index.php\/2021\/11\/13\/franca-atropela-e-vai-ao-mundial-do-catar-belgica-tambem-se-garante\/#primaryimage"},"image":{"@id":"https:\/\/portalnpm.com\/index.php\/2021\/11\/13\/franca-atropela-e-vai-ao-mundial-do-catar-belgica-tambem-se-garante\/#primaryimage"},"thumbnailUrl":"","datePublished":"2021-11-14T00:33:21+00:00","dateModified":"2021-11-14T00:33:21+00:00","author":{"@id":"https:\/\/portalnpm.com\/#\/schema\/person\/49313e563cfdefcc167f1ee4c017c294"},"breadcrumb":{"@id":"https:\/\/portalnpm.com\/index.php\/2021\/11\/13\/franca-atropela-e-vai-ao-mundial-do-catar-belgica-tambem-se-garante\/#breadcrumb"},"inLanguage":"pt-BR","potentialAction":[{"@type":"ReadAction","target":["https:\/\/portalnpm.com\/index.php\/2021\/11\/13\/franca-atropela-e-vai-ao-mundial-do-catar-belgica-tambem-se-garante\/"]}]},{"@type":"ImageObject","inLanguage":"pt-BR","@id":"https:\/\/portalnpm.com\/index.php\/2021\/11\/13\/franca-atropela-e-vai-ao-mundial-do-catar-belgica-tambem-se-garante\/#primaryimage","url":"","contentUrl":""},{"@type":"BreadcrumbList","@id":"https:\/\/portalnpm.com\/index.php\/2021\/11\/13\/franca-atropela-e-vai-ao-mundial-do-catar-belgica-tambem-se-garante\/#breadcrumb","itemListElement":[{"@type":"ListItem","position":1,"name":"In\u00edcio","item":"https:\/\/portalnpm.com\/"},{"@type":"ListItem","position":2,"name":"Fran\u00e7a atropela e vai ao Mundial do Catar; B\u00e9lgica tamb\u00e9m se garante"}]},{"@type":"WebSite","@id":"https:\/\/portalnpm.com\/#website","url":"https:\/\/portalnpm.com\/","name":"Portal NPM","description":"Not\u00edcias em Primeira M\u00e3o","potentialAction":[{"@type":"SearchAction","target":{"@type":"EntryPoint","urlTemplate":"https:\/\/portalnpm.com\/?s={search_term_string}"},"query-input":"required name=search_term_string"}],"inLanguage":"pt-BR"},{"@type":"Person","@id":"https:\/\/portalnpm.com\/#\/schema\/person\/49313e563cfdefcc167f1ee4c017c294","name":"Genival Barbosa","image":{"@type":"ImageObject","inLanguage":"pt-BR","@id":"https:\/\/portalnpm.com\/#\/schema\/person\/image\/","url":"https:\/\/portalnpm.com\/wp-content\/uploads\/2024\/02\/avatar_user_2_1707743258-96x96.jpeg","contentUrl":"https:\/\/portalnpm.com\/wp-content\/uploads\/2024\/02\/avatar_user_2_1707743258-96x96.jpeg","caption":"Genival Barbosa"},"url":"https:\/\/portalnpm.com\/index.php\/author\/genival\/"}]}},"jetpack_sharing_enabled":true,"jetpack_featured_media_url":"","_links":{"self":[{"href":"https:\/\/portalnpm.com\/index.php\/wp-json\/wp\/v2\/posts\/38212"}],"collection":[{"href":"https:\/\/portalnpm.com\/index.php\/wp-json\/wp\/v2\/posts"}],"about":[{"href":"https:\/\/portalnpm.com\/index.php\/wp-json\/wp\/v2\/types\/post"}],"author":[{"embeddable":true,"href":"https:\/\/portalnpm.com\/index.php\/wp-json\/wp\/v2\/users\/2"}],"replies":[{"embeddable":true,"href":"https:\/\/portalnpm.com\/index.php\/wp-json\/wp\/v2\/comments?post=38212"}],"version-history":[{"count":0,"href":"https:\/\/portalnpm.com\/index.php\/wp-json\/wp\/v2\/posts\/38212\/revisions"}],"wp:featuredmedia":[{"embeddable":true,"href":"https:\/\/portalnpm.com\/index.php\/wp-json\/"}],"wp:attachment":[{"href":"https:\/\/portalnpm.com\/index.php\/wp-json\/wp\/v2\/media?parent=38212"}],"wp:term":[{"taxonomy":"category","embeddable":true,"href":"https:\/\/portalnpm.com\/index.php\/wp-json\/wp\/v2\/categories?post=38212"},{"taxonomy":"post_tag","embeddable":true,"href":"https:\/\/portalnpm.com\/index.php\/wp-json\/wp\/v2\/tags?post=38212"}],"curies":[{"name":"wp","href":"https:\/\/api.w.org\/{rel}","templated":true}]}}