{"id":38227,"date":"2021-11-14T20:12:31","date_gmt":"2021-11-14T23:12:31","guid":{"rendered":"https:\/\/backupnpm.codetainer.com.br\/?p=38227"},"modified":"2021-11-14T20:12:31","modified_gmt":"2021-11-14T23:12:31","slug":"moradores-ficam-ilhados-e-carro-parcialmente-submerso-apos-forte-chuva-em-amarante","status":"publish","type":"post","link":"https:\/\/portalnpm.com\/index.php\/2021\/11\/14\/moradores-ficam-ilhados-e-carro-parcialmente-submerso-apos-forte-chuva-em-amarante\/","title":{"rendered":"Moradores ficam &#8220;ilhados&#8221; e carro parcialmente submerso ap\u00f3s forte chuva em Amarante"},"content":{"rendered":"<p style=\"text-align: justify;\"><iframe src=\"https:\/\/www.youtube.com\/embed\/Ct0VDHcYpjQ?rel=0\" width=\"750\" height=\"415\" frameborder=\"0\" allowfullscreen=\"allowfullscreen\" data-mce-fragment=\"1\"><\/iframe><\/p>\n<p style=\"text-align: justify;\">Uma forte chuva caiu na cidade de Amarante (distante 162 km de Teresina) neste domingo (14\/11) e deixou parte de moradores da regi\u00e3o &#8220;ilhados&#8221; e um carro parcialmente submerso.<\/p>\n<p style=\"text-align: justify;\">V\u00eddeos enviados ao\u00a0<em>Cidadeverde.com<\/em>\u00a0mostram a situa\u00e7\u00e3o de ruas pr\u00f3ximas a PI-130, que ficaram alagadas devido ao grande fluxo de \u00e1gua das chuvas.<\/p>\n<p style=\"text-align: justify;\">Nos v\u00eddeos que a reportagem teve acesso, observa-se um grande volume de \u00e1gua sobre a PI-130, que d\u00e1 acesso \u00e0 cidade de Amarante, e \u00e0s principais ruas que fazem liga\u00e7\u00e3o com a rodovia.<\/p>\n<p style=\"text-align: justify;\"><strong>O QUE DIZ A PREFEITURA DE AMARANTE\u00a0<\/strong><\/p>\n<p style=\"text-align: justify;\">O secret\u00e1rio municipal de Infraestrutura de Amarante, Manoel Luis Batista, confirmou \u00e0 reportagem que tem conhecimento dos v\u00eddeos e afirmou que as ruas que alagam na cidade s\u00e3o do bairro Novo Amarante.<\/p>\n<p style=\"text-align: justify;\">&#8220;\u00c9 um novo bairro na cidade e que n\u00e3o tem o escoamento adequado ainda. A Prefeitura de Amarante j\u00e1 est\u00e1 com um projeto tramitando para que seja feita a drenagem dessa regi\u00e3o. A \u00e1gua deve passar por baixo da PI-130&#8221;, destacou o secret\u00e1rio.<\/p>\n<p style=\"text-align: justify;\">O gestor acrescentou ainda que o ac\u00famulo de \u00e1gua visto nos v\u00eddeos n\u00e3o permanece por muito tempo. &#8220;Ap\u00f3s 10 minutos, as ruas voltam a secar&#8221;, concluiu o secret\u00e1rio de Infraestrutura de Amarante.<\/p>\n<p style=\"text-align: justify;\">\n<p style=\"text-align: justify;\"><em>Nataniel Lima<br \/>\nredacao@cidadeverde.com<\/em><\/p>\n","protected":false},"excerpt":{"rendered":"<p>Uma forte chuva caiu na cidade de Amarante (distante 162 km de Teresina) neste domingo (14\/11) e deixou parte de moradores da regi\u00e3o &#8220;ilhados&#8221; e um carro parcialmente submerso. V\u00eddeos enviados ao\u00a0Cidadeverde.com\u00a0mostram a situa\u00e7\u00e3o de ruas pr\u00f3ximas a PI-130, que ficaram alagadas devido ao grande fluxo de \u00e1gua das chuvas. Nos v\u00eddeos que a reportagem &hellip;<\/p>\n","protected":false},"author":2,"featured_media":0,"comment_status":"open","ping_status":"open","sticky":false,"template":"","format":"standard","meta":{"content-type":"","rop_custom_images_group":[],"rop_custom_messages_group":[],"rop_publish_now":"initial","rop_publish_now_accounts":{"facebook_2648258775420054_1618374048415101":""},"rop_publish_now_history":[],"rop_publish_now_status":"pending","footnotes":"","_jetpack_memberships_contains_paid_content":false},"categories":[118,188,11128],"tags":[826,187],"yoast_head":"<!-- This site is optimized with the Yoast SEO plugin v22.3 - https:\/\/yoast.com\/wordpress\/plugins\/seo\/ -->\n<title>Moradores ficam &quot;ilhados&quot; e carro parcialmente submerso ap\u00f3s forte chuva em Amarante - Portal NPM<\/title>\n<meta name=\"robots\" content=\"index, follow, max-snippet:-1, max-image-preview:large, max-video-preview:-1\" \/>\n<link rel=\"canonical\" href=\"https:\/\/portalnpm.com\/index.php\/2021\/11\/14\/moradores-ficam-ilhados-e-carro-parcialmente-submerso-apos-forte-chuva-em-amarante\/\" \/>\n<meta property=\"og:locale\" content=\"pt_BR\" \/>\n<meta property=\"og:type\" content=\"article\" \/>\n<meta property=\"og:title\" content=\"Moradores ficam &quot;ilhados&quot; e carro parcialmente submerso ap\u00f3s forte chuva em Amarante - Portal NPM\" \/>\n<meta property=\"og:description\" content=\"Uma forte chuva caiu na cidade de Amarante (distante 162 km de Teresina) neste domingo (14\/11) e deixou parte de moradores da regi\u00e3o &#8220;ilhados&#8221; e um carro parcialmente submerso. V\u00eddeos enviados ao\u00a0Cidadeverde.com\u00a0mostram a situa\u00e7\u00e3o de ruas pr\u00f3ximas a PI-130, que ficaram alagadas devido ao grande fluxo de \u00e1gua das chuvas. Nos v\u00eddeos que a reportagem &hellip;\" \/>\n<meta property=\"og:url\" content=\"https:\/\/portalnpm.com\/index.php\/2021\/11\/14\/moradores-ficam-ilhados-e-carro-parcialmente-submerso-apos-forte-chuva-em-amarante\/\" \/>\n<meta property=\"og:site_name\" content=\"Portal NPM\" \/>\n<meta property=\"article:published_time\" content=\"2021-11-14T23:12:31+00:00\" \/>\n<meta name=\"author\" content=\"Genival Barbosa\" \/>\n<meta name=\"twitter:card\" content=\"summary_large_image\" \/>\n<meta name=\"twitter:label1\" content=\"Escrito por\" \/>\n\t<meta name=\"twitter:data1\" content=\"Genival Barbosa\" \/>\n\t<meta name=\"twitter:label2\" content=\"Est. tempo de leitura\" \/>\n\t<meta name=\"twitter:data2\" content=\"1 minuto\" \/>\n<script type=\"application\/ld+json\" class=\"yoast-schema-graph\">{\"@context\":\"https:\/\/schema.org\",\"@graph\":[{\"@type\":\"WebPage\",\"@id\":\"https:\/\/portalnpm.com\/index.php\/2021\/11\/14\/moradores-ficam-ilhados-e-carro-parcialmente-submerso-apos-forte-chuva-em-amarante\/\",\"url\":\"https:\/\/portalnpm.com\/index.php\/2021\/11\/14\/moradores-ficam-ilhados-e-carro-parcialmente-submerso-apos-forte-chuva-em-amarante\/\",\"name\":\"Moradores ficam \\\"ilhados\\\" e carro parcialmente submerso ap\u00f3s forte chuva em Amarante - Portal NPM\",\"isPartOf\":{\"@id\":\"https:\/\/portalnpm.com\/#website\"},\"datePublished\":\"2021-11-14T23:12:31+00:00\",\"dateModified\":\"2021-11-14T23:12:31+00:00\",\"author\":{\"@id\":\"https:\/\/portalnpm.com\/#\/schema\/person\/49313e563cfdefcc167f1ee4c017c294\"},\"breadcrumb\":{\"@id\":\"https:\/\/portalnpm.com\/index.php\/2021\/11\/14\/moradores-ficam-ilhados-e-carro-parcialmente-submerso-apos-forte-chuva-em-amarante\/#breadcrumb\"},\"inLanguage\":\"pt-BR\",\"potentialAction\":[{\"@type\":\"ReadAction\",\"target\":[\"https:\/\/portalnpm.com\/index.php\/2021\/11\/14\/moradores-ficam-ilhados-e-carro-parcialmente-submerso-apos-forte-chuva-em-amarante\/\"]}]},{\"@type\":\"BreadcrumbList\",\"@id\":\"https:\/\/portalnpm.com\/index.php\/2021\/11\/14\/moradores-ficam-ilhados-e-carro-parcialmente-submerso-apos-forte-chuva-em-amarante\/#breadcrumb\",\"itemListElement\":[{\"@type\":\"ListItem\",\"position\":1,\"name\":\"In\u00edcio\",\"item\":\"https:\/\/portalnpm.com\/\"},{\"@type\":\"ListItem\",\"position\":2,\"name\":\"Moradores ficam &#8220;ilhados&#8221; e carro parcialmente submerso ap\u00f3s forte chuva em Amarante\"}]},{\"@type\":\"WebSite\",\"@id\":\"https:\/\/portalnpm.com\/#website\",\"url\":\"https:\/\/portalnpm.com\/\",\"name\":\"Portal NPM\",\"description\":\"Not\u00edcias em Primeira M\u00e3o\",\"potentialAction\":[{\"@type\":\"SearchAction\",\"target\":{\"@type\":\"EntryPoint\",\"urlTemplate\":\"https:\/\/portalnpm.com\/?s={search_term_string}\"},\"query-input\":\"required name=search_term_string\"}],\"inLanguage\":\"pt-BR\"},{\"@type\":\"Person\",\"@id\":\"https:\/\/portalnpm.com\/#\/schema\/person\/49313e563cfdefcc167f1ee4c017c294\",\"name\":\"Genival Barbosa\",\"image\":{\"@type\":\"ImageObject\",\"inLanguage\":\"pt-BR\",\"@id\":\"https:\/\/portalnpm.com\/#\/schema\/person\/image\/\",\"url\":\"https:\/\/portalnpm.com\/wp-content\/uploads\/2024\/02\/avatar_user_2_1707743258-96x96.jpeg\",\"contentUrl\":\"https:\/\/portalnpm.com\/wp-content\/uploads\/2024\/02\/avatar_user_2_1707743258-96x96.jpeg\",\"caption\":\"Genival Barbosa\"},\"url\":\"https:\/\/portalnpm.com\/index.php\/author\/genival\/\"}]}<\/script>\n<!-- \/ Yoast SEO plugin. -->","yoast_head_json":{"title":"Moradores ficam \"ilhados\" e carro parcialmente submerso ap\u00f3s forte chuva em Amarante - Portal NPM","robots":{"index":"index","follow":"follow","max-snippet":"max-snippet:-1","max-image-preview":"max-image-preview:large","max-video-preview":"max-video-preview:-1"},"canonical":"https:\/\/portalnpm.com\/index.php\/2021\/11\/14\/moradores-ficam-ilhados-e-carro-parcialmente-submerso-apos-forte-chuva-em-amarante\/","og_locale":"pt_BR","og_type":"article","og_title":"Moradores ficam \"ilhados\" e carro parcialmente submerso ap\u00f3s forte chuva em Amarante - Portal NPM","og_description":"Uma forte chuva caiu na cidade de Amarante (distante 162 km de Teresina) neste domingo (14\/11) e deixou parte de moradores da regi\u00e3o &#8220;ilhados&#8221; e um carro parcialmente submerso. V\u00eddeos enviados ao\u00a0Cidadeverde.com\u00a0mostram a situa\u00e7\u00e3o de ruas pr\u00f3ximas a PI-130, que ficaram alagadas devido ao grande fluxo de \u00e1gua das chuvas. Nos v\u00eddeos que a reportagem &hellip;","og_url":"https:\/\/portalnpm.com\/index.php\/2021\/11\/14\/moradores-ficam-ilhados-e-carro-parcialmente-submerso-apos-forte-chuva-em-amarante\/","og_site_name":"Portal NPM","article_published_time":"2021-11-14T23:12:31+00:00","author":"Genival Barbosa","twitter_card":"summary_large_image","twitter_misc":{"Escrito por":"Genival Barbosa","Est. tempo de leitura":"1 minuto"},"schema":{"@context":"https:\/\/schema.org","@graph":[{"@type":"WebPage","@id":"https:\/\/portalnpm.com\/index.php\/2021\/11\/14\/moradores-ficam-ilhados-e-carro-parcialmente-submerso-apos-forte-chuva-em-amarante\/","url":"https:\/\/portalnpm.com\/index.php\/2021\/11\/14\/moradores-ficam-ilhados-e-carro-parcialmente-submerso-apos-forte-chuva-em-amarante\/","name":"Moradores ficam \"ilhados\" e carro parcialmente submerso ap\u00f3s forte chuva em Amarante - Portal NPM","isPartOf":{"@id":"https:\/\/portalnpm.com\/#website"},"datePublished":"2021-11-14T23:12:31+00:00","dateModified":"2021-11-14T23:12:31+00:00","author":{"@id":"https:\/\/portalnpm.com\/#\/schema\/person\/49313e563cfdefcc167f1ee4c017c294"},"breadcrumb":{"@id":"https:\/\/portalnpm.com\/index.php\/2021\/11\/14\/moradores-ficam-ilhados-e-carro-parcialmente-submerso-apos-forte-chuva-em-amarante\/#breadcrumb"},"inLanguage":"pt-BR","potentialAction":[{"@type":"ReadAction","target":["https:\/\/portalnpm.com\/index.php\/2021\/11\/14\/moradores-ficam-ilhados-e-carro-parcialmente-submerso-apos-forte-chuva-em-amarante\/"]}]},{"@type":"BreadcrumbList","@id":"https:\/\/portalnpm.com\/index.php\/2021\/11\/14\/moradores-ficam-ilhados-e-carro-parcialmente-submerso-apos-forte-chuva-em-amarante\/#breadcrumb","itemListElement":[{"@type":"ListItem","position":1,"name":"In\u00edcio","item":"https:\/\/portalnpm.com\/"},{"@type":"ListItem","position":2,"name":"Moradores ficam &#8220;ilhados&#8221; e carro parcialmente submerso ap\u00f3s forte chuva em Amarante"}]},{"@type":"WebSite","@id":"https:\/\/portalnpm.com\/#website","url":"https:\/\/portalnpm.com\/","name":"Portal NPM","description":"Not\u00edcias em Primeira M\u00e3o","potentialAction":[{"@type":"SearchAction","target":{"@type":"EntryPoint","urlTemplate":"https:\/\/portalnpm.com\/?s={search_term_string}"},"query-input":"required name=search_term_string"}],"inLanguage":"pt-BR"},{"@type":"Person","@id":"https:\/\/portalnpm.com\/#\/schema\/person\/49313e563cfdefcc167f1ee4c017c294","name":"Genival Barbosa","image":{"@type":"ImageObject","inLanguage":"pt-BR","@id":"https:\/\/portalnpm.com\/#\/schema\/person\/image\/","url":"https:\/\/portalnpm.com\/wp-content\/uploads\/2024\/02\/avatar_user_2_1707743258-96x96.jpeg","contentUrl":"https:\/\/portalnpm.com\/wp-content\/uploads\/2024\/02\/avatar_user_2_1707743258-96x96.jpeg","caption":"Genival Barbosa"},"url":"https:\/\/portalnpm.com\/index.php\/author\/genival\/"}]}},"jetpack_sharing_enabled":true,"jetpack_featured_media_url":"","_links":{"self":[{"href":"https:\/\/portalnpm.com\/index.php\/wp-json\/wp\/v2\/posts\/38227"}],"collection":[{"href":"https:\/\/portalnpm.com\/index.php\/wp-json\/wp\/v2\/posts"}],"about":[{"href":"https:\/\/portalnpm.com\/index.php\/wp-json\/wp\/v2\/types\/post"}],"author":[{"embeddable":true,"href":"https:\/\/portalnpm.com\/index.php\/wp-json\/wp\/v2\/users\/2"}],"replies":[{"embeddable":true,"href":"https:\/\/portalnpm.com\/index.php\/wp-json\/wp\/v2\/comments?post=38227"}],"version-history":[{"count":0,"href":"https:\/\/portalnpm.com\/index.php\/wp-json\/wp\/v2\/posts\/38227\/revisions"}],"wp:attachment":[{"href":"https:\/\/portalnpm.com\/index.php\/wp-json\/wp\/v2\/media?parent=38227"}],"wp:term":[{"taxonomy":"category","embeddable":true,"href":"https:\/\/portalnpm.com\/index.php\/wp-json\/wp\/v2\/categories?post=38227"},{"taxonomy":"post_tag","embeddable":true,"href":"https:\/\/portalnpm.com\/index.php\/wp-json\/wp\/v2\/tags?post=38227"}],"curies":[{"name":"wp","href":"https:\/\/api.w.org\/{rel}","templated":true}]}}