{"id":38350,"date":"2021-11-19T06:13:52","date_gmt":"2021-11-19T09:13:52","guid":{"rendered":"https:\/\/backupnpm.codetainer.com.br\/?p=38350"},"modified":"2021-11-19T06:13:52","modified_gmt":"2021-11-19T09:13:52","slug":"vereador-e-morto-a-tiros-ao-entrar-na-garagem-de-casa","status":"publish","type":"post","link":"https:\/\/portalnpm.com\/index.php\/2021\/11\/19\/vereador-e-morto-a-tiros-ao-entrar-na-garagem-de-casa\/","title":{"rendered":"Vereador \u00e9 morto a tiros ao entrar na garagem de casa"},"content":{"rendered":"<p style=\"text-align: justify;\">Um vereador de\u00a0Itapevi, na Grande S\u00e3o Paulo, foi\u00a0morto\u00a0enquanto entrava na garagem de casa, no Jardim da Rainha, na Avenida Brasil. Denis Lucas (Republicanos) levou dois tiros por volta das 22h dessa quarta-feira (17\/11) e n\u00e3o resistiu aos ferimentos. As informa\u00e7\u00f5es s\u00e3o do\u00a0<a href=\"https:\/\/www.metropoles.com\/brasil\/vereador-de-itapevi-sp-e-morto-a-tiros-ao-entrar-na-garagem-de-casa\" target=\"_blank\" rel=\"noopener\"><strong>Metr\u00f3poles<\/strong><\/a>.<\/p>\n<p style=\"text-align: justify;\">\n<p style=\"text-align: justify;\">\n<p style=\"text-align: justify;\">Segundo informa\u00e7\u00f5es iniciais repassada pela pol\u00edcia, Lucas, que tinha 47 anos, foi atingido na cabe\u00e7a quando fechava o port\u00e3o da garagem. Ele havia acabado de voltar de um culto religioso. A pessoa que cometeu o homic\u00eddio n\u00e3o levou nada da v\u00edtima. Os investigadores apuram se houve motiva\u00e7\u00e3o pol\u00edtica para o crime. O vereador deixa esposa e uma filha.<\/p>\n<div class=\"media js-img\" style=\"text-align: justify;\" contenteditable=\"false\">\n<figure><a class=\"imageRevael no-barba\" href=\"https:\/\/storage.stwonline.com.br\/180graus\/uploads\/ckeditor\/pictures\/2505616\/egrege.jpg\" data-modaal-desc=\"\" data-modaal-scope=\"modaal_16373132667059d5f6f5efe58\"><img decoding=\"async\" src=\"https:\/\/storage.stwonline.com.br\/180graus\/uploads\/ckeditor\/pictures\/2505616\/egrege.jpg\" alt=\"\" \/><\/a><figcaption contenteditable=\"false\">\u00a0\u00a0<em class=\"fa fa-camera\">\u00a0<\/em>\u00a0<span class=\"photoBy\">Reprodu\u00e7\u00e3o\/ Redes Sociais<\/span><\/figcaption><\/figure>\n<\/div>\n<p style=\"text-align: justify;\">Denis Lucas estava no seu segundo mandato como vereador em Itapevi. Tamb\u00e9m presidia duas importantes comiss\u00f5es permanentes da C\u00e2mara Municipal da cidade: a de Finan\u00e7as e Or\u00e7amento e a de Fiscaliza\u00e7\u00e3o e Controle sobre projetos de leis relacionados ao munic\u00edpio.<\/p>\n<p style=\"text-align: justify;\">Sergio Fontellas, presidente de Republicanos em S\u00e3o Paulo, lamentou a morte. \u201cRecebemos h\u00e1 pouco a triste not\u00edcia do falecimento do nosso vereador Denis Lucas, da cidade de Itapevi. Em nome do Republicanos S\u00e3o Paulo, expresso os meus sentimentos para todos os familiares e amigos do Denis, que vinha desempenhando um importante papel na pol\u00edtica do munic\u00edpio. Que Deus possa confortar aqueles que sentem a sua perda neste momento\u201d, declarou, pelas redes sociais.<\/p>\n<p style=\"text-align: justify;\">O prefeito de Itapevi, Igor Soares, disse que Denis pode ter sido v\u00edtima de um latroc\u00ednio (roubo seguido de morte), embora nada tenha sido levado. \u201cUm cara do bem, que lutava pela defesa dos valores crist\u00e3os e da fam\u00edlia, membro da Igreja Universal do Reino de Deus, e que tamb\u00e9m fazia um grande trabalho social e de evangeliza\u00e7\u00e3o. Meus sentimentos a todos amigos e parentes\u201d, destacou, tamb\u00e9m por meio das redes sociais.<\/p>\n<div class=\"ad\" style=\"text-align: justify;\"><span class=\"label\">Fonte:\u00a0 <em><strong>Metr\u00f3poles<\/strong><\/em> <\/span><\/div>\n","protected":false},"excerpt":{"rendered":"<p>Um vereador de\u00a0Itapevi, na Grande S\u00e3o Paulo, foi\u00a0morto\u00a0enquanto entrava na garagem de casa, no Jardim da Rainha, na Avenida Brasil. Denis Lucas (Republicanos) levou dois tiros por volta das 22h dessa quarta-feira (17\/11) e n\u00e3o resistiu aos ferimentos. As informa\u00e7\u00f5es s\u00e3o do\u00a0Metr\u00f3poles. Segundo informa\u00e7\u00f5es iniciais repassada pela pol\u00edcia, Lucas, que tinha 47 anos, foi atingido &hellip;<\/p>\n","protected":false},"author":2,"featured_media":38349,"comment_status":"open","ping_status":"open","sticky":false,"template":"","format":"standard","meta":{"content-type":"","rop_custom_images_group":[],"rop_custom_messages_group":[],"rop_publish_now":"initial","rop_publish_now_accounts":{"facebook_2648258775420054_1618374048415101":""},"rop_publish_now_history":[],"rop_publish_now_status":"pending","footnotes":"","_jetpack_memberships_contains_paid_content":false},"categories":[113,130],"tags":[662,194],"yoast_head":"<!-- This site is optimized with the Yoast SEO plugin v22.3 - https:\/\/yoast.com\/wordpress\/plugins\/seo\/ -->\n<title>Vereador \u00e9 morto a tiros ao entrar na garagem de casa - Portal NPM<\/title>\n<meta name=\"robots\" content=\"index, follow, max-snippet:-1, max-image-preview:large, max-video-preview:-1\" \/>\n<link rel=\"canonical\" href=\"https:\/\/portalnpm.com\/index.php\/2021\/11\/19\/vereador-e-morto-a-tiros-ao-entrar-na-garagem-de-casa\/\" \/>\n<meta property=\"og:locale\" content=\"pt_BR\" \/>\n<meta property=\"og:type\" content=\"article\" \/>\n<meta property=\"og:title\" content=\"Vereador \u00e9 morto a tiros ao entrar na garagem de casa - Portal NPM\" \/>\n<meta property=\"og:description\" content=\"Um vereador de\u00a0Itapevi, na Grande S\u00e3o Paulo, foi\u00a0morto\u00a0enquanto entrava na garagem de casa, no Jardim da Rainha, na Avenida Brasil. Denis Lucas (Republicanos) levou dois tiros por volta das 22h dessa quarta-feira (17\/11) e n\u00e3o resistiu aos ferimentos. As informa\u00e7\u00f5es s\u00e3o do\u00a0Metr\u00f3poles. Segundo informa\u00e7\u00f5es iniciais repassada pela pol\u00edcia, Lucas, que tinha 47 anos, foi atingido &hellip;\" \/>\n<meta property=\"og:url\" content=\"https:\/\/portalnpm.com\/index.php\/2021\/11\/19\/vereador-e-morto-a-tiros-ao-entrar-na-garagem-de-casa\/\" \/>\n<meta property=\"og:site_name\" content=\"Portal NPM\" \/>\n<meta property=\"article:published_time\" content=\"2021-11-19T09:13:52+00:00\" \/>\n<meta name=\"author\" content=\"Genival Barbosa\" \/>\n<meta name=\"twitter:card\" content=\"summary_large_image\" \/>\n<meta name=\"twitter:label1\" content=\"Escrito por\" \/>\n\t<meta name=\"twitter:data1\" content=\"Genival Barbosa\" \/>\n\t<meta name=\"twitter:label2\" content=\"Est. tempo de leitura\" \/>\n\t<meta name=\"twitter:data2\" content=\"2 minutos\" \/>\n<script type=\"application\/ld+json\" class=\"yoast-schema-graph\">{\"@context\":\"https:\/\/schema.org\",\"@graph\":[{\"@type\":\"WebPage\",\"@id\":\"https:\/\/portalnpm.com\/index.php\/2021\/11\/19\/vereador-e-morto-a-tiros-ao-entrar-na-garagem-de-casa\/\",\"url\":\"https:\/\/portalnpm.com\/index.php\/2021\/11\/19\/vereador-e-morto-a-tiros-ao-entrar-na-garagem-de-casa\/\",\"name\":\"Vereador \u00e9 morto a tiros ao entrar na garagem de casa - Portal NPM\",\"isPartOf\":{\"@id\":\"https:\/\/portalnpm.com\/#website\"},\"primaryImageOfPage\":{\"@id\":\"https:\/\/portalnpm.com\/index.php\/2021\/11\/19\/vereador-e-morto-a-tiros-ao-entrar-na-garagem-de-casa\/#primaryimage\"},\"image\":{\"@id\":\"https:\/\/portalnpm.com\/index.php\/2021\/11\/19\/vereador-e-morto-a-tiros-ao-entrar-na-garagem-de-casa\/#primaryimage\"},\"thumbnailUrl\":\"\",\"datePublished\":\"2021-11-19T09:13:52+00:00\",\"dateModified\":\"2021-11-19T09:13:52+00:00\",\"author\":{\"@id\":\"https:\/\/portalnpm.com\/#\/schema\/person\/49313e563cfdefcc167f1ee4c017c294\"},\"breadcrumb\":{\"@id\":\"https:\/\/portalnpm.com\/index.php\/2021\/11\/19\/vereador-e-morto-a-tiros-ao-entrar-na-garagem-de-casa\/#breadcrumb\"},\"inLanguage\":\"pt-BR\",\"potentialAction\":[{\"@type\":\"ReadAction\",\"target\":[\"https:\/\/portalnpm.com\/index.php\/2021\/11\/19\/vereador-e-morto-a-tiros-ao-entrar-na-garagem-de-casa\/\"]}]},{\"@type\":\"ImageObject\",\"inLanguage\":\"pt-BR\",\"@id\":\"https:\/\/portalnpm.com\/index.php\/2021\/11\/19\/vereador-e-morto-a-tiros-ao-entrar-na-garagem-de-casa\/#primaryimage\",\"url\":\"\",\"contentUrl\":\"\"},{\"@type\":\"BreadcrumbList\",\"@id\":\"https:\/\/portalnpm.com\/index.php\/2021\/11\/19\/vereador-e-morto-a-tiros-ao-entrar-na-garagem-de-casa\/#breadcrumb\",\"itemListElement\":[{\"@type\":\"ListItem\",\"position\":1,\"name\":\"In\u00edcio\",\"item\":\"https:\/\/portalnpm.com\/\"},{\"@type\":\"ListItem\",\"position\":2,\"name\":\"Vereador \u00e9 morto a tiros ao entrar na garagem de casa\"}]},{\"@type\":\"WebSite\",\"@id\":\"https:\/\/portalnpm.com\/#website\",\"url\":\"https:\/\/portalnpm.com\/\",\"name\":\"Portal NPM\",\"description\":\"Not\u00edcias em Primeira M\u00e3o\",\"potentialAction\":[{\"@type\":\"SearchAction\",\"target\":{\"@type\":\"EntryPoint\",\"urlTemplate\":\"https:\/\/portalnpm.com\/?s={search_term_string}\"},\"query-input\":\"required name=search_term_string\"}],\"inLanguage\":\"pt-BR\"},{\"@type\":\"Person\",\"@id\":\"https:\/\/portalnpm.com\/#\/schema\/person\/49313e563cfdefcc167f1ee4c017c294\",\"name\":\"Genival Barbosa\",\"image\":{\"@type\":\"ImageObject\",\"inLanguage\":\"pt-BR\",\"@id\":\"https:\/\/portalnpm.com\/#\/schema\/person\/image\/\",\"url\":\"https:\/\/portalnpm.com\/wp-content\/uploads\/2024\/02\/avatar_user_2_1707743258-96x96.jpeg\",\"contentUrl\":\"https:\/\/portalnpm.com\/wp-content\/uploads\/2024\/02\/avatar_user_2_1707743258-96x96.jpeg\",\"caption\":\"Genival Barbosa\"},\"url\":\"https:\/\/portalnpm.com\/index.php\/author\/genival\/\"}]}<\/script>\n<!-- \/ Yoast SEO plugin. -->","yoast_head_json":{"title":"Vereador \u00e9 morto a tiros ao entrar na garagem de casa - Portal NPM","robots":{"index":"index","follow":"follow","max-snippet":"max-snippet:-1","max-image-preview":"max-image-preview:large","max-video-preview":"max-video-preview:-1"},"canonical":"https:\/\/portalnpm.com\/index.php\/2021\/11\/19\/vereador-e-morto-a-tiros-ao-entrar-na-garagem-de-casa\/","og_locale":"pt_BR","og_type":"article","og_title":"Vereador \u00e9 morto a tiros ao entrar na garagem de casa - Portal NPM","og_description":"Um vereador de\u00a0Itapevi, na Grande S\u00e3o Paulo, foi\u00a0morto\u00a0enquanto entrava na garagem de casa, no Jardim da Rainha, na Avenida Brasil. Denis Lucas (Republicanos) levou dois tiros por volta das 22h dessa quarta-feira (17\/11) e n\u00e3o resistiu aos ferimentos. As informa\u00e7\u00f5es s\u00e3o do\u00a0Metr\u00f3poles. Segundo informa\u00e7\u00f5es iniciais repassada pela pol\u00edcia, Lucas, que tinha 47 anos, foi atingido &hellip;","og_url":"https:\/\/portalnpm.com\/index.php\/2021\/11\/19\/vereador-e-morto-a-tiros-ao-entrar-na-garagem-de-casa\/","og_site_name":"Portal NPM","article_published_time":"2021-11-19T09:13:52+00:00","author":"Genival Barbosa","twitter_card":"summary_large_image","twitter_misc":{"Escrito por":"Genival Barbosa","Est. tempo de leitura":"2 minutos"},"schema":{"@context":"https:\/\/schema.org","@graph":[{"@type":"WebPage","@id":"https:\/\/portalnpm.com\/index.php\/2021\/11\/19\/vereador-e-morto-a-tiros-ao-entrar-na-garagem-de-casa\/","url":"https:\/\/portalnpm.com\/index.php\/2021\/11\/19\/vereador-e-morto-a-tiros-ao-entrar-na-garagem-de-casa\/","name":"Vereador \u00e9 morto a tiros ao entrar na garagem de casa - Portal NPM","isPartOf":{"@id":"https:\/\/portalnpm.com\/#website"},"primaryImageOfPage":{"@id":"https:\/\/portalnpm.com\/index.php\/2021\/11\/19\/vereador-e-morto-a-tiros-ao-entrar-na-garagem-de-casa\/#primaryimage"},"image":{"@id":"https:\/\/portalnpm.com\/index.php\/2021\/11\/19\/vereador-e-morto-a-tiros-ao-entrar-na-garagem-de-casa\/#primaryimage"},"thumbnailUrl":"","datePublished":"2021-11-19T09:13:52+00:00","dateModified":"2021-11-19T09:13:52+00:00","author":{"@id":"https:\/\/portalnpm.com\/#\/schema\/person\/49313e563cfdefcc167f1ee4c017c294"},"breadcrumb":{"@id":"https:\/\/portalnpm.com\/index.php\/2021\/11\/19\/vereador-e-morto-a-tiros-ao-entrar-na-garagem-de-casa\/#breadcrumb"},"inLanguage":"pt-BR","potentialAction":[{"@type":"ReadAction","target":["https:\/\/portalnpm.com\/index.php\/2021\/11\/19\/vereador-e-morto-a-tiros-ao-entrar-na-garagem-de-casa\/"]}]},{"@type":"ImageObject","inLanguage":"pt-BR","@id":"https:\/\/portalnpm.com\/index.php\/2021\/11\/19\/vereador-e-morto-a-tiros-ao-entrar-na-garagem-de-casa\/#primaryimage","url":"","contentUrl":""},{"@type":"BreadcrumbList","@id":"https:\/\/portalnpm.com\/index.php\/2021\/11\/19\/vereador-e-morto-a-tiros-ao-entrar-na-garagem-de-casa\/#breadcrumb","itemListElement":[{"@type":"ListItem","position":1,"name":"In\u00edcio","item":"https:\/\/portalnpm.com\/"},{"@type":"ListItem","position":2,"name":"Vereador \u00e9 morto a tiros ao entrar na garagem de casa"}]},{"@type":"WebSite","@id":"https:\/\/portalnpm.com\/#website","url":"https:\/\/portalnpm.com\/","name":"Portal NPM","description":"Not\u00edcias em Primeira M\u00e3o","potentialAction":[{"@type":"SearchAction","target":{"@type":"EntryPoint","urlTemplate":"https:\/\/portalnpm.com\/?s={search_term_string}"},"query-input":"required name=search_term_string"}],"inLanguage":"pt-BR"},{"@type":"Person","@id":"https:\/\/portalnpm.com\/#\/schema\/person\/49313e563cfdefcc167f1ee4c017c294","name":"Genival Barbosa","image":{"@type":"ImageObject","inLanguage":"pt-BR","@id":"https:\/\/portalnpm.com\/#\/schema\/person\/image\/","url":"https:\/\/portalnpm.com\/wp-content\/uploads\/2024\/02\/avatar_user_2_1707743258-96x96.jpeg","contentUrl":"https:\/\/portalnpm.com\/wp-content\/uploads\/2024\/02\/avatar_user_2_1707743258-96x96.jpeg","caption":"Genival Barbosa"},"url":"https:\/\/portalnpm.com\/index.php\/author\/genival\/"}]}},"jetpack_sharing_enabled":true,"jetpack_featured_media_url":"","_links":{"self":[{"href":"https:\/\/portalnpm.com\/index.php\/wp-json\/wp\/v2\/posts\/38350"}],"collection":[{"href":"https:\/\/portalnpm.com\/index.php\/wp-json\/wp\/v2\/posts"}],"about":[{"href":"https:\/\/portalnpm.com\/index.php\/wp-json\/wp\/v2\/types\/post"}],"author":[{"embeddable":true,"href":"https:\/\/portalnpm.com\/index.php\/wp-json\/wp\/v2\/users\/2"}],"replies":[{"embeddable":true,"href":"https:\/\/portalnpm.com\/index.php\/wp-json\/wp\/v2\/comments?post=38350"}],"version-history":[{"count":0,"href":"https:\/\/portalnpm.com\/index.php\/wp-json\/wp\/v2\/posts\/38350\/revisions"}],"wp:featuredmedia":[{"embeddable":true,"href":"https:\/\/portalnpm.com\/index.php\/wp-json\/"}],"wp:attachment":[{"href":"https:\/\/portalnpm.com\/index.php\/wp-json\/wp\/v2\/media?parent=38350"}],"wp:term":[{"taxonomy":"category","embeddable":true,"href":"https:\/\/portalnpm.com\/index.php\/wp-json\/wp\/v2\/categories?post=38350"},{"taxonomy":"post_tag","embeddable":true,"href":"https:\/\/portalnpm.com\/index.php\/wp-json\/wp\/v2\/tags?post=38350"}],"curies":[{"name":"wp","href":"https:\/\/api.w.org\/{rel}","templated":true}]}}