{"id":38445,"date":"2021-11-26T18:43:08","date_gmt":"2021-11-26T21:43:08","guid":{"rendered":"https:\/\/backupnpm.codetainer.com.br\/?p=38445"},"modified":"2021-11-26T18:43:08","modified_gmt":"2021-11-26T21:43:08","slug":"por-mim-nao-teria-carnaval-diz-bolsonaro-cidades-avaliam-realizacao-da-festa","status":"publish","type":"post","link":"https:\/\/portalnpm.com\/index.php\/2021\/11\/26\/por-mim-nao-teria-carnaval-diz-bolsonaro-cidades-avaliam-realizacao-da-festa\/","title":{"rendered":"&#8216;Por mim, n\u00e3o teria carnaval&#8217;, diz Bolsonaro; cidades avaliam realiza\u00e7\u00e3o da festa"},"content":{"rendered":"<div style=\"text-align: justify;\">Apesar de se contrapor a medidas sanit\u00e1rias para conter o novo coronav\u00edrus, o presidente Jair Bolsonaro disse nesta quinta-feira que, por ele, n\u00e3o haveria carnaval em 2022. &#8220;Por mim, n\u00e3o teria carnaval. Mas tem um detalhe, quem decide n\u00e3o sou eu. Segundo o STF, quem decide s\u00e3o os governadores e prefeitos&#8221;, afirmou Bolsonaro em entrevista \u00e0 R\u00e1dio Sociedade da Bahia.<\/div>\n<div style=\"text-align: justify;\"><\/div>\n<div style=\"text-align: justify;\"><\/div>\n<div style=\"text-align: justify;\"><\/div>\n<div style=\"text-align: justify;\">A declara\u00e7\u00e3o do presidente mais uma vez distorce a decis\u00e3o do Supremo Tribunal Federal (STF) que deu autonomia a Estados e munic\u00edpios para decidir sobre medidas de controle do coronav\u00edrus A delibera\u00e7\u00e3o da Corte, contudo, nunca retirou poderes do governo federal para lidar com a pandemia.<\/div>\n<div style=\"text-align: justify;\"><\/div>\n<div style=\"text-align: justify;\">Como mostrou nesta quarta-feira o Estad\u00e3o, capitais brasileiras com tradi\u00e7\u00e3o carnavalesca mant\u00eam sob d\u00favidas a realiza\u00e7\u00e3o da festa em 2022 no momento em que a Europa j\u00e1 enfrenta uma quarta onda de covid-19. Entre as grandes cidades, s\u00f3 o Rio de Janeiro confirmou o carnaval no ano que vem.<\/div>\n<div style=\"text-align: justify;\"><\/div>\n<div style=\"text-align: justify;\">Em S\u00e3o Paulo, a decis\u00e3o ser\u00e1 tomada at\u00e9 o final do ano, de acordo com o secret\u00e1rio municipal da Sa\u00fade, Edson Aparecido, a partir do cen\u00e1rio epidemiol\u00f3gico e vacinal. O prefeito de Recife, Jo\u00e3o Campos (PSB), chegou a propor a cria\u00e7\u00e3o de um comit\u00ea de prefeitos de capitais, incluindo Rio de Janeiro, S\u00e3o Paulo e Belo Horizonte. A capital mineira j\u00e1 anunciou que n\u00e3o vai patrocinar a festa, como de costume. Salvador ainda n\u00e3o confirmou o evento.<\/div>\n<div style=\"text-align: justify;\"><\/div>\n<div style=\"text-align: justify;\">Ainda sobre pandemia, Bolsonaro tamb\u00e9m disse durante a entrevista que a vacina contra covid-19 perde validade depois de seis meses. &#8220;Quem est\u00e1 contaminado tem imunidade por muito mais tempo, isso est\u00e1 comprovado&#8221;, declarou, sem respaldo cient\u00edfico. A imunidade induzida pelas vacinas \u00e9 duradoura e efetiva no contexto da pandemia, de acordo com especialistas. A prote\u00e7\u00e3o est\u00e1 sendo refor\u00e7ada com uma terceira dose para todos os adultos por orienta\u00e7\u00e3o do Minist\u00e9rio da Sa\u00fade.<\/div>\n<div style=\"text-align: justify;\"><\/div>\n<div style=\"text-align: justify;\"><\/div>\n<div style=\"text-align: justify;\">Fonte:Estad\u00e3o Conte\u00fado<\/div>\n","protected":false},"excerpt":{"rendered":"<p>Apesar de se contrapor a medidas sanit\u00e1rias para conter o novo coronav\u00edrus, o presidente Jair Bolsonaro disse nesta quinta-feira que, por ele, n\u00e3o haveria carnaval em 2022. &#8220;Por mim, n\u00e3o teria carnaval. Mas tem um detalhe, quem decide n\u00e3o sou eu. Segundo o STF, quem decide s\u00e3o os governadores e prefeitos&#8221;, afirmou Bolsonaro em entrevista &hellip;<\/p>\n","protected":false},"author":2,"featured_media":38446,"comment_status":"open","ping_status":"open","sticky":false,"template":"","format":"standard","meta":{"content-type":"","rop_custom_images_group":[],"rop_custom_messages_group":[],"rop_publish_now":"initial","rop_publish_now_accounts":{"facebook_2648258775420054_1618374048415101":""},"rop_publish_now_history":[],"rop_publish_now_status":"pending","footnotes":"","_jetpack_memberships_contains_paid_content":false},"categories":[113,118],"tags":[856,2312],"yoast_head":"<!-- This site is optimized with the Yoast SEO plugin v22.3 - https:\/\/yoast.com\/wordpress\/plugins\/seo\/ -->\n<title>&#039;Por mim, n\u00e3o teria carnaval&#039;, diz Bolsonaro; cidades avaliam realiza\u00e7\u00e3o da festa - Portal NPM<\/title>\n<meta name=\"robots\" content=\"index, follow, max-snippet:-1, max-image-preview:large, max-video-preview:-1\" \/>\n<link rel=\"canonical\" href=\"https:\/\/portalnpm.com\/index.php\/2021\/11\/26\/por-mim-nao-teria-carnaval-diz-bolsonaro-cidades-avaliam-realizacao-da-festa\/\" \/>\n<meta property=\"og:locale\" content=\"pt_BR\" \/>\n<meta property=\"og:type\" content=\"article\" \/>\n<meta property=\"og:title\" content=\"&#039;Por mim, n\u00e3o teria carnaval&#039;, diz Bolsonaro; cidades avaliam realiza\u00e7\u00e3o da festa - Portal NPM\" \/>\n<meta property=\"og:description\" content=\"Apesar de se contrapor a medidas sanit\u00e1rias para conter o novo coronav\u00edrus, o presidente Jair Bolsonaro disse nesta quinta-feira que, por ele, n\u00e3o haveria carnaval em 2022. &#8220;Por mim, n\u00e3o teria carnaval. Mas tem um detalhe, quem decide n\u00e3o sou eu. Segundo o STF, quem decide s\u00e3o os governadores e prefeitos&#8221;, afirmou Bolsonaro em entrevista &hellip;\" \/>\n<meta property=\"og:url\" content=\"https:\/\/portalnpm.com\/index.php\/2021\/11\/26\/por-mim-nao-teria-carnaval-diz-bolsonaro-cidades-avaliam-realizacao-da-festa\/\" \/>\n<meta property=\"og:site_name\" content=\"Portal NPM\" \/>\n<meta property=\"article:published_time\" content=\"2021-11-26T21:43:08+00:00\" \/>\n<meta name=\"author\" content=\"Genival Barbosa\" \/>\n<meta name=\"twitter:card\" content=\"summary_large_image\" \/>\n<meta name=\"twitter:label1\" content=\"Escrito por\" \/>\n\t<meta name=\"twitter:data1\" content=\"Genival Barbosa\" \/>\n\t<meta name=\"twitter:label2\" content=\"Est. tempo de leitura\" \/>\n\t<meta name=\"twitter:data2\" content=\"2 minutos\" \/>\n<script type=\"application\/ld+json\" class=\"yoast-schema-graph\">{\"@context\":\"https:\/\/schema.org\",\"@graph\":[{\"@type\":\"WebPage\",\"@id\":\"https:\/\/portalnpm.com\/index.php\/2021\/11\/26\/por-mim-nao-teria-carnaval-diz-bolsonaro-cidades-avaliam-realizacao-da-festa\/\",\"url\":\"https:\/\/portalnpm.com\/index.php\/2021\/11\/26\/por-mim-nao-teria-carnaval-diz-bolsonaro-cidades-avaliam-realizacao-da-festa\/\",\"name\":\"'Por mim, n\u00e3o teria carnaval', diz Bolsonaro; cidades avaliam realiza\u00e7\u00e3o da festa - Portal NPM\",\"isPartOf\":{\"@id\":\"https:\/\/portalnpm.com\/#website\"},\"primaryImageOfPage\":{\"@id\":\"https:\/\/portalnpm.com\/index.php\/2021\/11\/26\/por-mim-nao-teria-carnaval-diz-bolsonaro-cidades-avaliam-realizacao-da-festa\/#primaryimage\"},\"image\":{\"@id\":\"https:\/\/portalnpm.com\/index.php\/2021\/11\/26\/por-mim-nao-teria-carnaval-diz-bolsonaro-cidades-avaliam-realizacao-da-festa\/#primaryimage\"},\"thumbnailUrl\":\"\",\"datePublished\":\"2021-11-26T21:43:08+00:00\",\"dateModified\":\"2021-11-26T21:43:08+00:00\",\"author\":{\"@id\":\"https:\/\/portalnpm.com\/#\/schema\/person\/49313e563cfdefcc167f1ee4c017c294\"},\"breadcrumb\":{\"@id\":\"https:\/\/portalnpm.com\/index.php\/2021\/11\/26\/por-mim-nao-teria-carnaval-diz-bolsonaro-cidades-avaliam-realizacao-da-festa\/#breadcrumb\"},\"inLanguage\":\"pt-BR\",\"potentialAction\":[{\"@type\":\"ReadAction\",\"target\":[\"https:\/\/portalnpm.com\/index.php\/2021\/11\/26\/por-mim-nao-teria-carnaval-diz-bolsonaro-cidades-avaliam-realizacao-da-festa\/\"]}]},{\"@type\":\"ImageObject\",\"inLanguage\":\"pt-BR\",\"@id\":\"https:\/\/portalnpm.com\/index.php\/2021\/11\/26\/por-mim-nao-teria-carnaval-diz-bolsonaro-cidades-avaliam-realizacao-da-festa\/#primaryimage\",\"url\":\"\",\"contentUrl\":\"\"},{\"@type\":\"BreadcrumbList\",\"@id\":\"https:\/\/portalnpm.com\/index.php\/2021\/11\/26\/por-mim-nao-teria-carnaval-diz-bolsonaro-cidades-avaliam-realizacao-da-festa\/#breadcrumb\",\"itemListElement\":[{\"@type\":\"ListItem\",\"position\":1,\"name\":\"In\u00edcio\",\"item\":\"https:\/\/portalnpm.com\/\"},{\"@type\":\"ListItem\",\"position\":2,\"name\":\"&#8216;Por mim, n\u00e3o teria carnaval&#8217;, diz Bolsonaro; cidades avaliam realiza\u00e7\u00e3o da festa\"}]},{\"@type\":\"WebSite\",\"@id\":\"https:\/\/portalnpm.com\/#website\",\"url\":\"https:\/\/portalnpm.com\/\",\"name\":\"Portal NPM\",\"description\":\"Not\u00edcias em Primeira M\u00e3o\",\"potentialAction\":[{\"@type\":\"SearchAction\",\"target\":{\"@type\":\"EntryPoint\",\"urlTemplate\":\"https:\/\/portalnpm.com\/?s={search_term_string}\"},\"query-input\":\"required name=search_term_string\"}],\"inLanguage\":\"pt-BR\"},{\"@type\":\"Person\",\"@id\":\"https:\/\/portalnpm.com\/#\/schema\/person\/49313e563cfdefcc167f1ee4c017c294\",\"name\":\"Genival Barbosa\",\"image\":{\"@type\":\"ImageObject\",\"inLanguage\":\"pt-BR\",\"@id\":\"https:\/\/portalnpm.com\/#\/schema\/person\/image\/\",\"url\":\"https:\/\/portalnpm.com\/wp-content\/uploads\/2024\/02\/avatar_user_2_1707743258-96x96.jpeg\",\"contentUrl\":\"https:\/\/portalnpm.com\/wp-content\/uploads\/2024\/02\/avatar_user_2_1707743258-96x96.jpeg\",\"caption\":\"Genival Barbosa\"},\"url\":\"https:\/\/portalnpm.com\/index.php\/author\/genival\/\"}]}<\/script>\n<!-- \/ Yoast SEO plugin. -->","yoast_head_json":{"title":"'Por mim, n\u00e3o teria carnaval', diz Bolsonaro; cidades avaliam realiza\u00e7\u00e3o da festa - Portal NPM","robots":{"index":"index","follow":"follow","max-snippet":"max-snippet:-1","max-image-preview":"max-image-preview:large","max-video-preview":"max-video-preview:-1"},"canonical":"https:\/\/portalnpm.com\/index.php\/2021\/11\/26\/por-mim-nao-teria-carnaval-diz-bolsonaro-cidades-avaliam-realizacao-da-festa\/","og_locale":"pt_BR","og_type":"article","og_title":"'Por mim, n\u00e3o teria carnaval', diz Bolsonaro; cidades avaliam realiza\u00e7\u00e3o da festa - Portal NPM","og_description":"Apesar de se contrapor a medidas sanit\u00e1rias para conter o novo coronav\u00edrus, o presidente Jair Bolsonaro disse nesta quinta-feira que, por ele, n\u00e3o haveria carnaval em 2022. &#8220;Por mim, n\u00e3o teria carnaval. Mas tem um detalhe, quem decide n\u00e3o sou eu. Segundo o STF, quem decide s\u00e3o os governadores e prefeitos&#8221;, afirmou Bolsonaro em entrevista &hellip;","og_url":"https:\/\/portalnpm.com\/index.php\/2021\/11\/26\/por-mim-nao-teria-carnaval-diz-bolsonaro-cidades-avaliam-realizacao-da-festa\/","og_site_name":"Portal NPM","article_published_time":"2021-11-26T21:43:08+00:00","author":"Genival Barbosa","twitter_card":"summary_large_image","twitter_misc":{"Escrito por":"Genival Barbosa","Est. tempo de leitura":"2 minutos"},"schema":{"@context":"https:\/\/schema.org","@graph":[{"@type":"WebPage","@id":"https:\/\/portalnpm.com\/index.php\/2021\/11\/26\/por-mim-nao-teria-carnaval-diz-bolsonaro-cidades-avaliam-realizacao-da-festa\/","url":"https:\/\/portalnpm.com\/index.php\/2021\/11\/26\/por-mim-nao-teria-carnaval-diz-bolsonaro-cidades-avaliam-realizacao-da-festa\/","name":"'Por mim, n\u00e3o teria carnaval', diz Bolsonaro; cidades avaliam realiza\u00e7\u00e3o da festa - Portal NPM","isPartOf":{"@id":"https:\/\/portalnpm.com\/#website"},"primaryImageOfPage":{"@id":"https:\/\/portalnpm.com\/index.php\/2021\/11\/26\/por-mim-nao-teria-carnaval-diz-bolsonaro-cidades-avaliam-realizacao-da-festa\/#primaryimage"},"image":{"@id":"https:\/\/portalnpm.com\/index.php\/2021\/11\/26\/por-mim-nao-teria-carnaval-diz-bolsonaro-cidades-avaliam-realizacao-da-festa\/#primaryimage"},"thumbnailUrl":"","datePublished":"2021-11-26T21:43:08+00:00","dateModified":"2021-11-26T21:43:08+00:00","author":{"@id":"https:\/\/portalnpm.com\/#\/schema\/person\/49313e563cfdefcc167f1ee4c017c294"},"breadcrumb":{"@id":"https:\/\/portalnpm.com\/index.php\/2021\/11\/26\/por-mim-nao-teria-carnaval-diz-bolsonaro-cidades-avaliam-realizacao-da-festa\/#breadcrumb"},"inLanguage":"pt-BR","potentialAction":[{"@type":"ReadAction","target":["https:\/\/portalnpm.com\/index.php\/2021\/11\/26\/por-mim-nao-teria-carnaval-diz-bolsonaro-cidades-avaliam-realizacao-da-festa\/"]}]},{"@type":"ImageObject","inLanguage":"pt-BR","@id":"https:\/\/portalnpm.com\/index.php\/2021\/11\/26\/por-mim-nao-teria-carnaval-diz-bolsonaro-cidades-avaliam-realizacao-da-festa\/#primaryimage","url":"","contentUrl":""},{"@type":"BreadcrumbList","@id":"https:\/\/portalnpm.com\/index.php\/2021\/11\/26\/por-mim-nao-teria-carnaval-diz-bolsonaro-cidades-avaliam-realizacao-da-festa\/#breadcrumb","itemListElement":[{"@type":"ListItem","position":1,"name":"In\u00edcio","item":"https:\/\/portalnpm.com\/"},{"@type":"ListItem","position":2,"name":"&#8216;Por mim, n\u00e3o teria carnaval&#8217;, diz Bolsonaro; cidades avaliam realiza\u00e7\u00e3o da festa"}]},{"@type":"WebSite","@id":"https:\/\/portalnpm.com\/#website","url":"https:\/\/portalnpm.com\/","name":"Portal NPM","description":"Not\u00edcias em Primeira M\u00e3o","potentialAction":[{"@type":"SearchAction","target":{"@type":"EntryPoint","urlTemplate":"https:\/\/portalnpm.com\/?s={search_term_string}"},"query-input":"required name=search_term_string"}],"inLanguage":"pt-BR"},{"@type":"Person","@id":"https:\/\/portalnpm.com\/#\/schema\/person\/49313e563cfdefcc167f1ee4c017c294","name":"Genival Barbosa","image":{"@type":"ImageObject","inLanguage":"pt-BR","@id":"https:\/\/portalnpm.com\/#\/schema\/person\/image\/","url":"https:\/\/portalnpm.com\/wp-content\/uploads\/2024\/02\/avatar_user_2_1707743258-96x96.jpeg","contentUrl":"https:\/\/portalnpm.com\/wp-content\/uploads\/2024\/02\/avatar_user_2_1707743258-96x96.jpeg","caption":"Genival Barbosa"},"url":"https:\/\/portalnpm.com\/index.php\/author\/genival\/"}]}},"jetpack_sharing_enabled":true,"jetpack_featured_media_url":"","_links":{"self":[{"href":"https:\/\/portalnpm.com\/index.php\/wp-json\/wp\/v2\/posts\/38445"}],"collection":[{"href":"https:\/\/portalnpm.com\/index.php\/wp-json\/wp\/v2\/posts"}],"about":[{"href":"https:\/\/portalnpm.com\/index.php\/wp-json\/wp\/v2\/types\/post"}],"author":[{"embeddable":true,"href":"https:\/\/portalnpm.com\/index.php\/wp-json\/wp\/v2\/users\/2"}],"replies":[{"embeddable":true,"href":"https:\/\/portalnpm.com\/index.php\/wp-json\/wp\/v2\/comments?post=38445"}],"version-history":[{"count":0,"href":"https:\/\/portalnpm.com\/index.php\/wp-json\/wp\/v2\/posts\/38445\/revisions"}],"wp:featuredmedia":[{"embeddable":true,"href":"https:\/\/portalnpm.com\/index.php\/wp-json\/"}],"wp:attachment":[{"href":"https:\/\/portalnpm.com\/index.php\/wp-json\/wp\/v2\/media?parent=38445"}],"wp:term":[{"taxonomy":"category","embeddable":true,"href":"https:\/\/portalnpm.com\/index.php\/wp-json\/wp\/v2\/categories?post=38445"},{"taxonomy":"post_tag","embeddable":true,"href":"https:\/\/portalnpm.com\/index.php\/wp-json\/wp\/v2\/tags?post=38445"}],"curies":[{"name":"wp","href":"https:\/\/api.w.org\/{rel}","templated":true}]}}