{"id":38682,"date":"2021-12-07T06:10:19","date_gmt":"2021-12-07T09:10:19","guid":{"rendered":"https:\/\/backupnpm.codetainer.com.br\/?p=38682"},"modified":"2021-12-07T06:10:19","modified_gmt":"2021-12-07T09:10:19","slug":"resistir-e-inspirar-um-passeio-pelas-trajetorias-prodigiosas-dos-saojuliaoenses-carmo-neto-e-romulo-rossy","status":"publish","type":"post","link":"https:\/\/portalnpm.com\/index.php\/2021\/12\/07\/resistir-e-inspirar-um-passeio-pelas-trajetorias-prodigiosas-dos-saojuliaoenses-carmo-neto-e-romulo-rossy\/","title":{"rendered":"Resistir e inspirar: Um passeio pelas trajet\u00f3rias prodigiosas dos s\u00e3ojuli\u00e3oenses Carmo Neto e R\u00f4mulo Rossy"},"content":{"rendered":"<p style=\"text-align: justify;\"><span style=\"font-size: 10px;\"><em>Resistir e inspirar: Um passeio pelas trajet\u00f3rias prodigiosas dos s\u00e3ojuli\u00e3oenses Carmo Neto e R\u00f4mulo Rossy<\/em><\/span><\/p>\n<p>&nbsp;<\/p>\n<p style=\"text-align: justify;\">Provenientes de <strong>S\u00e3o Juli\u00e3o<\/strong>, cidade do centro-sul piauiense, os jovens estudantes <strong>R\u00f4mulo Rossy Leal Carvalho<\/strong>, de 22 anos, e <strong>Carmo dos Santos Sousa<\/strong>, de 18 anos, s\u00e3o bons exemplos do poder da Educa\u00e7\u00e3o P\u00fablica. Ambos t\u00eam idades pr\u00f3ximas, trajet\u00f3rias semelhantes e origens comuns, tanto em aspectos sociais quanto na forma\u00e7\u00e3o educacional. Os dois tamb\u00e9m foram alunos da <strong>Escola Estadual Apr\u00edgio Pereira Bezerra<\/strong>, onde cursaram o ensino m\u00e9dio.<\/p>\n<figure id=\"attachment_38684\" aria-describedby=\"caption-attachment-38684\" style=\"width: 1080px\" class=\"wp-caption alignnone\"><img fetchpriority=\"high\" decoding=\"async\" class=\"size-full wp-image-38684\" src=\"https:\/\/backupnpm.codetainer.com.br\/wp-content\/uploads\/2021\/12\/IMG-20211204-WA0052.jpg\" alt=\"\" width=\"1080\" height=\"806\" \/><figcaption id=\"caption-attachment-38684\" class=\"wp-caption-text\">R\u00f4mulo Rossy, 22<\/figcaption><\/figure>\n<p style=\"text-align: justify;\"><span style=\"font-weight: 400;\"><strong>R\u00f4mulo Rossy<\/strong> \u00e9 licenciado em Hist\u00f3ria pela Universidade Federal do Piau\u00ed, mestrando em Antropologia Social pela Universidade de S\u00e3o Paulo, imortal da Academia de Letras do Vale do Riach\u00e3o (ALVAR), leigo mission\u00e1rio da Igreja Cat\u00f3lica e escritor (poeta, dramaturgo e cronista).<\/span><\/p>\n<figure id=\"attachment_38686\" aria-describedby=\"caption-attachment-38686\" style=\"width: 2048px\" class=\"wp-caption alignnone\"><img decoding=\"async\" class=\"size-full wp-image-38686\" src=\"https:\/\/backupnpm.codetainer.com.br\/wp-content\/uploads\/2021\/12\/InShot_20210812_174225006-scaled.jpg\" alt=\"\" width=\"2048\" height=\"1536\" \/><figcaption id=\"caption-attachment-38686\" class=\"wp-caption-text\">Carmo Neto, 18<\/figcaption><\/figure>\n<p style=\"text-align: justify;\"><span style=\"font-weight: 400;\"><strong>Carmo Neto<\/strong> \u00e9 estudante de Jornalismo pela Universidade Estadual do Piau\u00ed, produtor audiovisual no maior projeto volunt\u00e1rio de divulga\u00e7\u00e3o de oportunidades educacionais do Brasil, o projeto Acad\u00eamicos, volunt\u00e1rio no #tmjUNICEF, redator do portal Piau\u00ed em Foco, integrante da Ordem DeMolay e um dos novos membros da Academia Latino-americana de Lideran\u00e7a (LALA) .<\/span><\/p>\n<h2 style=\"text-align: justify;\"><b>Inf\u00e2ncia<\/b><span style=\"font-weight: 400;\">\u00a0<\/span><\/h2>\n<p style=\"text-align: justify;\"><em><span style=\"font-weight: 400;\"><strong>R\u00f4mulo:<\/strong> &#8220;Sempre que eu vislumbrava o horizonte, minha alma transbordava de comprazimento. Nunca soube ao certo explicar o porqu\u00ea. Por isso, eu escrevia, e escrevo. Sou um menino do campo e para sempre do campo, da serra, da areia, do cajueiro, da flor do mandacaru, do cansan\u00e7\u00e3o que espinha, da arte que forma a miscel\u00e2nea de sentimentos que justap\u00f5em minha exist\u00eancia&#8221;, conta R\u00f4mulo.<\/span><\/em><\/p>\n<p style=\"text-align: justify;\"><em><span style=\"font-weight: 400;\"><strong>Carmo:<\/strong> &#8220;Dizem que o nosso c\u00e9rebro no final das contas n\u00e3o consegue distinguir a realidade dos pensamentos fantasiosos. Gra\u00e7as a Deus! Foi assim, no mundo das ideias, que os embalos da imagina\u00e7\u00e3o me protegeram da realidade. Quando crian\u00e7a sempre andava com um caderno e l\u00e1pis na m\u00e3o, pensando e escrevendo de tudo. Sempre fui um menino proativo, curioso, por isso, me contam que eu aprendi a ler em casa aos 03 anos de idade, antes de ir pra uma institui\u00e7\u00e3o de ensino. Mas o ambiente escolar sempre foi animador para mim. Acredito que a escola atua como um fragmento de esperan\u00e7a no meio dessa terra seca de oportunidades.&#8221; disse Carmo.<\/span><\/em><\/p>\n<h2 style=\"text-align: justify;\"><b>Primeiros passos\u00a0<\/b><\/h2>\n<p style=\"text-align: justify;\"><em><span style=\"font-weight: 400;\"><strong>R\u00f4mulo:<\/strong> &#8220;Me alfabetizei aos cinco anos, com minha tia materna, Edilene Leal. Sempre gostei muito mais de escrever do que ler &#8211; embora a a\u00e7\u00e3o de ler e a de escrever, geralmente, estejam condicionadas uma a outra. Mas eu lia, de certa forma, o meu universo, as pessoas \u00e0 minha volta, os campos, os tempos de inverno, de ver\u00e3o, primavera e outonos da minha exist\u00eancia. Aos sete anos, comecei a escrever quadras de poemas, que foram, a princ\u00edpio, analisados pelo meu av\u00f4 materno, Davi Leal, que \u00e9 poeta. Ele disse: &#8216;voc\u00ea tem v\u00e9ia po\u00e9tica&#8217;. Isso \u00e9 marcante para quem, ainda crian\u00e7a, sente um sopro de esperan\u00e7a&#8221;, conta o escritor.\u00a0<\/span><\/em><\/p>\n<p style=\"text-align: justify;\"><em><span style=\"font-weight: 400;\"><strong>Carmo:<\/strong> &#8220;Desde pequeno eu sempre fui fascinado por criar coisas. E j\u00e1 era aficionado pelo mundo da televis\u00e3o, do r\u00e1dio, dos livros, dos filmes, novelas e s\u00e9ries, e sempre me vi atuando na \u00e1rea do audiovisual. Tanto que j\u00e1 costumava, na inf\u00e2ncia, brincar com os meus amigos de fazermos jornais e programas de TV e tamb\u00e9m fazia filmes caseiros no celular com os meus primos, onde a gente criava uma historinha qualquer e em seguida a produz\u00edamos em v\u00eddeo.&#8221; relembra o jovem.<\/span><\/em><\/p>\n<p style=\"text-align: justify;\"><em><span style=\"font-weight: 400;\"><strong>R\u00f4mulo:<\/strong> &#8220;Gastava de quatro a cinco canetas por m\u00eas, e perdia a conta dos caderninhos. Anotava tudo que via e ouvia. Tudo sem nexo, mas eu registrava. Minha mente sempre foi acelerada. N\u00e3o tinha tr\u00e9gua. Quando ia \u00e0 ro\u00e7a, nas safras de caju, eu, do alto, olhava para o horizonte e ali fui percebendo que eu escreveria bem mais do que trabalharia em colheitas. Meu mundo estava ainda permeado por essas duas dimens\u00f5es. Nesse entremeio, sempre vivia imaginando personagens, palcos, est\u00fadios, grava\u00e7\u00f5es, enquanto cantava o dia inteiro&#8221;, acentua o alvariano.\u00a0<\/span><\/em><\/p>\n<p style=\"text-align: justify;\"><span style=\"font-weight: 400;\"><em><strong>Carmo:<\/strong> &#8220;Eu sou s\u00e3ojuli\u00e3oense de nascen\u00e7a, mas a minha inf\u00e2ncia foi na regi\u00e3o do Cariri, no sul cearense. S\u00f3 no in\u00edcio da adolesc\u00eancia que retornei para o Piau\u00ed para fazer companhia ao meu pai, que j\u00e1 \u00e9 idoso e vivia sozinho no meio rural. Eu passei todo o meu ensino m\u00e9dio na Unidade Escolar Estadual Apr\u00edgio Pereira Bezerra, em S\u00e3o Juli\u00e3o, e aqui criei fortes v\u00ednculos com toda a comunidade escolar e fiz bons amigos. Sempre recebi bastante apoio dessas pessoas, e sou muito grato por isso. Fui selecionado para participar no 2\u00b0 ano do ensino m\u00e9dio de um projeto na cidade de Picos-PI, chamado Academia de Jovens L\u00edderes, e l\u00e1 eu e mais 14 jovens t\u00ednhamos aulas de lideran\u00e7a e faz\u00edamos a\u00e7\u00f5es sociais. Durante o ano que participei, eu partia de um ambiente extremamente complexo que \u00e9 a minha comunidade e \u00eda para um local em que os assuntos lecionados eram de outra realidade. Fal\u00e1vamos sobre sonhos e oportunidades e isso me despertou. Eram tr\u00eas horas semanais de bastante aprendizado e inje\u00e7\u00e3o de \u00e2nimo e esperan\u00e7a.&#8221; relata o estudante.<\/em><\/span><\/p>\n<p style=\"text-align: justify;\"><em><span style=\"font-weight: 400;\"><strong>R\u00f4mulo:<\/strong> &#8220;Em S\u00e3o Juli\u00e3o, sempre fui muito bem recebido e acarinhado pelos muitos professores, professoras, coordenadores e coordenadoras que tive. E olha que sempre falei demais. N\u00e3o \u00e0 toa. Mas porque, desde pequeno, tenho o pensamento acelerado. E tamb\u00e9m porque sempre amei televis\u00e3o. Assisti e assisto muito. Amo teledramaturgia. E isso me rendeu ideias de criar hist\u00f3rias de suspense, enredos, como aconteceu em Cinzas de uma Mans\u00e3o, meu primeiro romance&#8221;, esclarece o historiador.\u00a0<\/span><\/em><\/p>\n<h2 style=\"text-align: justify;\"><b>Sonhos<\/b><span style=\"font-weight: 400;\">\u00a0<\/span><\/h2>\n<p style=\"text-align: justify;\"><em><span style=\"font-weight: 400;\"><strong>Carmo:<\/strong> &#8220;Eu sou um menino que sonha muito alto, mas que fica feliz tomando caf\u00e9 enquanto assiste a um programa na televis\u00e3o com a fam\u00edlia. Se pudesse encontrar duas caracter\u00edsticas que mais est\u00e3o presentes na minha jornada, seriam responsabilidade e criatividade. Acho que muitas coisas nos constituem, mas poucas nos definem, por\u00e9m, se existe algo pr\u00f3ximo a isso, com certeza s\u00e3o as nossas paix\u00f5es. E eu sou apaixonado por cria\u00e7\u00e3o e transforma\u00e7\u00e3o, por Jornalismo e Comunica\u00e7\u00e3o, por escrita, audiovisual, m\u00fasica e meio-ambiente. Sabe a sensa\u00e7\u00e3o do processo que envolve surgir algo na sua cabe\u00e7a que ainda n\u00e3o existia diretamente no universo, e voc\u00ea o tira do imagin\u00e1rio e p\u00f5e em pr\u00e1tica? \u00c9 o que mais gosto&#8221; disse.<\/span><\/em><\/p>\n<p style=\"text-align: justify;\"><em><span style=\"font-weight: 400;\"><strong>R\u00f4mulo:<\/strong> &#8220;Conclu\u00ed o ensino m\u00e9dio, j\u00e1 sabendo que meu lugar era a sala de aula e o campo da escrita mesmo com a colonialidade que o nosso pa\u00eds nunca superou e que tardar\u00e1 em superar. Lamentavelmente, enfrentamos uma massa muito expressiva, combativa e determinada a n\u00e3o se descolonizar e a viver, excepcionalmente, em fun\u00e7\u00e3o do dinheiro, do poder e da fama. Esquecem-se que \u00e9 o amor e a \u00e9tica que prevalecer\u00e3o. Cursei Hist\u00f3ria de 2016 a 2021, na querida Universidade Federal do Piau\u00ed, Campus Senador Helv\u00eddio Nunes de Barros, em Picos, de 2016 a 2021, e fui laureado pelo meu desempenho no curso. L\u00e1, redescobri o mundo por meio de algo crucial: a empatia, e algo, de igual relev\u00e2ncia, fundamental: a alteridade. Professores, amigos, colegas. Todas e todos me ensinaram muito. Isso \u00e9 uma ben\u00e7\u00e3o que levarei para sempre&#8221;, avalia R\u00f4mulo.\u00a0<\/span><\/em><\/p>\n<p><img decoding=\"async\" class=\"alignnone size-full wp-image-38685\" src=\"https:\/\/backupnpm.codetainer.com.br\/wp-content\/uploads\/2021\/12\/InShot_20211129_073251485-scaled.jpg\" alt=\"\" width=\"2048\" height=\"1536\" \/><\/p>\n<p style=\"text-align: justify;\"><span style=\"font-weight: 400;\">Antes de completar 19 anos, Carmo obteve destaque nacional, ao ganhar um concurso da C\u00e2mara dos Deputados, em Bras\u00edlia, e, mais recentemente, internacional, ap\u00f3s ser premiado pela Organiza\u00e7\u00e3o das Na\u00e7\u00f5es Unidas (ONU) com o v\u00eddeo \u201cCarta Aberta ao Passado\u201d. O <em>Human Rights Youth Challenge<\/em>, em tradu\u00e7\u00e3o livre: \u2018Desafio Juvenil de Direitos Humanos\u2019, \u00e9 realizado anualmente pelo setor de \u00e1gua e saneamento do Escrit\u00f3rio do Alto Comissariado das Na\u00e7\u00f5es Unidas para os Direitos Humanos. Na sua quarta edi\u00e7\u00e3o, a competi\u00e7\u00e3o teve como tema \u201cMudan\u00e7as clim\u00e1ticas e direitos humanos \u00e0 \u00e1gua e ao saneamento\u201d.\u00a0<\/span><\/p>\n<p style=\"text-align: justify;\"><em><span style=\"font-weight: 400;\"><strong>Carmo:<\/strong>\u00a0 &#8220;Eu sempre tive muita vontade de falar sobre os problemas da minha comunidade e do mundo como um todo. Ent\u00e3o, quando eu soube da exist\u00eancia desse concurso, eu enxerguei nele a possibilidade de abordar temas muito importantes para todos, mas ainda mais importantes para as pessoas de onde eu venho, que j\u00e1 sofrem com problemas h\u00eddricos, e para os jovens da minha idade, porque somos n\u00f3s que sentiremos na pele os efeitos danosos das mudan\u00e7as do clima. Ent\u00e3o eu vi nisso a combina\u00e7\u00e3o perfeita e a possibilidade de ser uma voz ativa podendo assim contribuir para esse debate.&#8221; explica.<\/span><\/em><\/p>\n<blockquote><p><img loading=\"lazy\" decoding=\"async\" class=\"alignnone size-full wp-image-38688\" src=\"https:\/\/backupnpm.codetainer.com.br\/wp-content\/uploads\/2021\/12\/IMG-20211204-WA0047.jpg\" alt=\"\" width=\"1280\" height=\"1280\" \/><\/p><\/blockquote>\n<p style=\"text-align: justify;\"><span style=\"font-weight: 400;\">J\u00e1 o professor e escritor s\u00e3ojuli\u00e3oense R\u00f4mulo Rossy lan\u00e7ou no dia 27 de novembro, seus dois novos livros: Luz no Horizonte (poesias) e Cinzas de uma Mans\u00e3o (romance). R\u00f4mulo \u00e9 membro e ocupa a cadeira n\u00b0 24 da Academia de Letras do Vale do Riach\u00e3o (ALVAR).<\/span><\/p>\n<p style=\"text-align: justify;\"><em><span style=\"font-weight: 400;\"><strong>R\u00f4mulo:<\/strong> &#8220;Acredito que escritor \u00e9 aquele que, observando o seio social em que vive, tem algo a descrever, narrar ou dissertar. \u00c9 algu\u00e9m que vive em alerta e exerce, com ardor, o of\u00edcio. N\u00e3o um livro todo dia, mas um bom livro, no tempo certo. N\u00e3o seria um escritor algu\u00e9m que simplesmente escreveu um texto e o publicou. Acredito que essa alcunha \u00e9 preciosa. Nem sei se a mere\u00e7o, mas, mesmo assim, me atribuem. Hoje, tenho lan\u00e7ados quatro livros autorais: Al\u00e9m do Mais, de poesias; Sinais de Vida: reflex\u00f5es de um leigo, de reflex\u00f5es crist\u00e3s; Luz no Horizonte, de poesias, e Cinzas de uma Mans\u00e3o, meu primeiro romance. E tenho duas obras das quais sou coorganizador: Hist\u00f3ria em Cr\u00f4nicas e Hist\u00f3rias do Brasil: caminhos did\u00e1ticos para abordagens hist\u00f3ricas. Ao todo, s\u00e3o seis obras no meu curr\u00edculo&#8221;, desvela o jovem.\u00a0<\/span><\/em><\/p>\n<p><img loading=\"lazy\" decoding=\"async\" class=\"alignnone size-full wp-image-38689\" src=\"https:\/\/backupnpm.codetainer.com.br\/wp-content\/uploads\/2021\/12\/IMG-20211204-WA0050.jpg\" alt=\"\" width=\"720\" height=\"960\" \/><\/p>\n<p>Sobre a ALVAR, ele diz:<\/p>\n<p style=\"text-align: justify;\"><em><span style=\"font-weight: 400;\"><strong>R\u00f4mulo:<\/strong> &#8220;Em 2020, passei a integrar, como membro fundador, a Academia de Letras do Vale do Riach\u00e3o (ALVAR) onde encontrei grandes artistas e escritores. Ela foi um b\u00e1lsamo face \u00e0 pandemia da SARS-CoV-2, que ainda vivemos. Nela, participamos de desafios, compartilhamos poemas, cr\u00f4nicas e outros tantos textos dos mais variados g\u00eaneros discursivos. Ocupo a cadeira n\u00b0 24 e tenho por patrono meu padrinho e saudoso amigo Jos\u00e9 de Lima Cavalcante (Z\u00e9 Ab\u00edlio), ser humano ilustre e altamente respeitado por todo lugar onde passava, como professor, servidor p\u00fablico, engenheiro agr\u00f4nomo, enfim, como uma pessoa autenticamente p\u00fablica&#8221;, conta o alvariano.\u00a0<\/span><\/em><\/p>\n<figure id=\"attachment_38690\" aria-describedby=\"caption-attachment-38690\" style=\"width: 1280px\" class=\"wp-caption alignnone\"><img loading=\"lazy\" decoding=\"async\" class=\"size-full wp-image-38690\" src=\"https:\/\/backupnpm.codetainer.com.br\/wp-content\/uploads\/2021\/12\/IMG-20211204-WA0054.jpg\" alt=\"\" width=\"1280\" height=\"1280\" \/><figcaption id=\"caption-attachment-38690\" class=\"wp-caption-text\">R\u00f4mulo atua profissionalmente na U.E. Apr\u00edgio Pereira Bezerra<\/figcaption><\/figure>\n<h2 style=\"text-align: justify;\"><b>Educa\u00e7\u00e3o<\/b><\/h2>\n<p style=\"text-align: justify;\"><em><span style=\"font-weight: 400;\"><strong>R\u00f4mulo:<\/strong> &#8220;Por quest\u00f5es socioecon\u00f4micas, sempre estudei em escolas p\u00fablicas, inclusive a universidade. Sou muito feliz por isso. Isso nos ajuda a valorizar o setor p\u00fablico e nos preocuparmos com o outro tamb\u00e9m. N\u00e3o que o setor privado n\u00e3o fa\u00e7a isso. Mas \u00e9 que, com o curso de Hist\u00f3ria &#8211; que \u00e9 altamente necess\u00e1rio ao mundo &#8211; aprendi ainda mais o valor que tem o pr\u00f3ximo. N\u00e3o tenho a desfa\u00e7atez de acreditar em meritocracia. Muitos t\u00eam altos talentos, mas n\u00e3o recebem apoio nenhum. Igualdade n\u00e3o \u00e9 o mesmo que equidade. O Estado precisa oferecer condi\u00e7\u00f5es \u00e0s pessoas, aos estudantes, aos professores. Digo isso porque, em rela\u00e7\u00e3o aos meus livros, eu e Deus sabemos da luta \u00e1rdua que foi para tentar conseguir apoio para os lan\u00e7amentos&#8221;, desabafa o escritor.\u00a0<\/span><\/em><\/p>\n<p style=\"text-align: justify;\"><em><span style=\"font-weight: 400;\"><strong>Carmo:<\/strong> &#8220;Eu n\u00e3o gosto muito da narrativa que costuma romantizar as limita\u00e7\u00f5es e dificuldades das pessoas que s\u00e3o oriundas de escolas p\u00fablicas, quando essas conquistam algo na base da garra. Eu sou ciente da import\u00e2ncia do ensino p\u00fablico na minha vida, e sobretudo da capacidade de transforma\u00e7\u00e3o que a educa\u00e7\u00e3o p\u00fablica tem, mas esse ensino para ser de fato propulsor de transforma\u00e7\u00f5es ele precisa ser de qualidade para todos. Porque enquanto os alunos de escolas p\u00fablicas estiverem sempre atr\u00e1s na corrida da vida, n\u00f3s continuaremos sendo um pa\u00eds de exce\u00e7\u00f5es e de exclus\u00f5es.&#8221; afirma o jovem.<\/span><\/em><\/p>\n<p style=\"text-align: justify;\"><em><span style=\"font-weight: 400;\"><strong>R\u00f4mulo:<\/strong> &#8220;Herdeiros de um neocolonialismo que se imiscuiu a um neoliberalismo, importa aquilo que haver\u00e1 lucro, retorno econ\u00f4mico. Por isso, muitos que ganham \u00eanfase e sucesso &#8211; sem, \u00e9 claro, retirar-lhes o m\u00e9rito de suas obras &#8211; geralmente t\u00eam algum apadrinhamento &#8211; proveniente de uma heran\u00e7a de clientelismo e nepotismo que n\u00e3o foi superada no Brasil. Mas \u00e9 sempre importante lembrar que existem as pessoas que, sinceras, nos reconhecem &#8211; os que j\u00e1 pertencem a outra classe -, nos incentivam, acreditam em sonhos que at\u00e9 n\u00f3s mesmos deixamos de acreditar&#8221;, pontua R\u00f4mulo Rossy.\u00a0<\/span><\/em><\/p>\n<h2 style=\"text-align: justify;\"><b>Fraternidade<\/b><\/h2>\n<p style=\"text-align: justify;\"><em><span style=\"font-weight: 400;\"><strong>R\u00f4mulo:<\/strong> &#8220;Carmo \u00e9 um ser humano extraordin\u00e1rio. Altamente brioso, talentoso, \u00e9tico e digno de todas as honrarias que tem recebido pelo seu trabalho de car\u00e1ter universal. \u00c9 uma honra indel\u00e9vel e inef\u00e1vel poder compartilhar da trajet\u00f3ria que ele vem construindo que, creio eu, ainda o al\u00e7ar\u00e1 a voos bem mais altos. E o que \u00e9 mais importante: nesses voos, ele sabe ser humilde, isto \u00e9, voltar e manter os p\u00e9s no ch\u00e3o &#8211; disto o termo &#8216;h\u00famus&#8217;, do grego. A ele eu sa\u00fado e cumprimento como uma fonte de esperan\u00e7a aos jovens brasileiros e de todo o mundo porque, como comento sobre o que escrevo, o pendor dele n\u00e3o \u00e9 para a gaveta, \u00e9 para o universo&#8221;, ressalta sobre o amigo Carmo.<\/span><\/em><\/p>\n<p style=\"text-align: justify;\"><span style=\"font-weight: 400;\"><em><strong>Carmo:<\/strong> &#8220;R\u00f4mulo \u00e9 uma inspira\u00e7\u00e3o, sem d\u00favidas. Mesmo quando ainda n\u00e3o o conhecia de fato, j\u00e1 ouvia os que o conhecem falarem sobre a sua intelig\u00eancia, generosidade e humildade. Portanto o enxergo como exemplo de personifica\u00e7\u00e3o da benevol\u00eancia e acredito de verdade que ele continuar\u00e1 trilhando caminhos de sabedoria, sucesso e sendo uma pessoa ativa na constru\u00e7\u00e3o de um mundo melhor por meio da educa\u00e7\u00e3o&#8221; enfatiza sobre o amigo R\u00f4mulo<\/em>.<\/span><\/p>\n<p><img loading=\"lazy\" decoding=\"async\" class=\"alignnone size-full wp-image-38691\" src=\"https:\/\/backupnpm.codetainer.com.br\/wp-content\/uploads\/2021\/12\/InShot_20211206_230743404-scaled.jpg\" alt=\"\" width=\"2048\" height=\"1536\" \/><\/p>\n<h2 style=\"text-align: justify;\"><b>Futuro<\/b><\/h2>\n<p style=\"text-align: justify;\"><em><span style=\"font-weight: 400;\"><strong>R\u00f4mulo:<\/strong> &#8220;O meu recado \u00e9 de esperan\u00e7a, do verbo esperan\u00e7ar, sempre, como dizia Paulo Reglus Neves Freire. Ele acreditava em uma educa\u00e7\u00e3o libertadora, e eu tamb\u00e9m. Mas ela est\u00e1 longe de n\u00f3s ainda. Espero que possamos, come\u00e7ando por n\u00f3s mesmos, trilhar os passos que muitos autores que nos precederam deram-nos a b\u00fassola. Eles s\u00e3o um b\u00e1lsamos para crian\u00e7as, jovens, adultos, idosos, que j\u00e1 s\u00e3o o futuro&#8221;, diz o professor de Hist\u00f3ria. Acreditem e n\u00e3o se acomodem. Pensem, escrevam, revisem, pe\u00e7am ajuda, leiam, reescrevam. Vivam para al\u00e9m do existir. Resistir hoje \u00e9 uma atitude pol\u00edtica, soberana, imposterg\u00e1vel e indeclin\u00e1vel. S\u00e3o Juli\u00e3o tem muitos e muitas criaturas que podem e devem exteriorizar o que sabem. Como dizia Michael Jackson e que eu gosto tanto de cantar: &#8216;n\u00f3s somos o mundo, n\u00f3s somos crian\u00e7as, n\u00f3s somos aqueles que podemos fazer o dia mais feliz'&#8221;, encerra o professor de Hist\u00f3ria.<\/span><\/em><\/p>\n<p style=\"text-align: justify;\"><em><span style=\"font-weight: 400;\"><strong>Carmo:<\/strong> &#8220;Eu acredito que o mundo n\u00e3o \u00e9 um lugar ruim, o mundo est\u00e1 sendo um lugar complexo por conta de in\u00fameras coisas. Por isso eu ainda sonho com um futuro melhor e sustent\u00e1vel para todos. E como a gente sabe o sonho \u00e9 a mat\u00e9ria-prima da transforma\u00e7\u00e3o. O sonho \u00e9 o motor da hist\u00f3ria. Todas as pessoas que j\u00e1 contribu\u00edram com alguma mudan\u00e7a positiva em qualquer lugar do mundo, elas come\u00e7aram sonhando com utopias, ent\u00e3o n\u00e3o h\u00e1 mudan\u00e7a sem sonho. Ent\u00e3o, por mais que sonhar alto seja algo dif\u00edcil, que depende muito do contexto socioecon\u00f4mico em geral, \u00e9 uma tarefa necess\u00e1ria para quem quer al\u00e7ar v\u00f4os altos. Continuemos sonhando! E executando o que almejamos. Eu sou muito esperan\u00e7oso com o futuro, e esperan\u00e7oso do verbo esperan\u00e7ar, como diria Paulo Freire.&#8221; Finaliza.<\/span><\/em><\/p>\n<p style=\"text-align: justify;\">\n","protected":false},"excerpt":{"rendered":"<p>Resistir e inspirar: Um passeio pelas trajet\u00f3rias prodigiosas dos s\u00e3ojuli\u00e3oenses Carmo Neto e R\u00f4mulo Rossy &nbsp; Provenientes de S\u00e3o Juli\u00e3o, cidade do centro-sul piauiense, os jovens estudantes R\u00f4mulo Rossy Leal Carvalho, de 22 anos, e Carmo dos Santos Sousa, de 18 anos, s\u00e3o bons exemplos do poder da Educa\u00e7\u00e3o P\u00fablica. Ambos t\u00eam idades pr\u00f3ximas, trajet\u00f3rias &hellip;<\/p>\n","protected":false},"author":4,"featured_media":38696,"comment_status":"open","ping_status":"open","sticky":false,"template":"","format":"standard","meta":{"content-type":"","rop_custom_images_group":[],"rop_custom_messages_group":[],"rop_publish_now":"initial","rop_publish_now_accounts":{"facebook_2648258775420054_1618374048415101":""},"rop_publish_now_history":[],"rop_publish_now_status":"pending","footnotes":"","_jetpack_memberships_contains_paid_content":false},"categories":[198,136],"tags":[],"yoast_head":"<!-- This site is optimized with the Yoast SEO plugin v22.3 - https:\/\/yoast.com\/wordpress\/plugins\/seo\/ -->\n<title>Resistir e inspirar: Um passeio pelas trajet\u00f3rias prodigiosas dos s\u00e3ojuli\u00e3oenses Carmo Neto e R\u00f4mulo Rossy - Resistir e inspirar: Um passeio pelas trajet\u00f3rias prodigiosas dos s\u00e3ojuli\u00e3oenses Carmo Neto e R\u00f4mulo Rossy<\/title>\n<meta name=\"robots\" content=\"index, follow, max-snippet:-1, max-image-preview:large, max-video-preview:-1\" \/>\n<link rel=\"canonical\" href=\"https:\/\/portalnpm.com\/index.php\/2021\/12\/07\/resistir-e-inspirar-um-passeio-pelas-trajetorias-prodigiosas-dos-saojuliaoenses-carmo-neto-e-romulo-rossy\/\" \/>\n<meta property=\"og:locale\" content=\"pt_BR\" \/>\n<meta property=\"og:type\" content=\"article\" \/>\n<meta property=\"og:title\" content=\"Resistir e inspirar: Um passeio pelas trajet\u00f3rias prodigiosas dos s\u00e3ojuli\u00e3oenses Carmo Neto e R\u00f4mulo Rossy - Resistir e inspirar: Um passeio pelas trajet\u00f3rias prodigiosas dos s\u00e3ojuli\u00e3oenses Carmo Neto e R\u00f4mulo Rossy\" \/>\n<meta property=\"og:description\" content=\"Resistir e inspirar: Um passeio pelas trajet\u00f3rias prodigiosas dos s\u00e3ojuli\u00e3oenses Carmo Neto e R\u00f4mulo Rossy &nbsp; Provenientes de S\u00e3o Juli\u00e3o, cidade do centro-sul piauiense, os jovens estudantes R\u00f4mulo Rossy Leal Carvalho, de 22 anos, e Carmo dos Santos Sousa, de 18 anos, s\u00e3o bons exemplos do poder da Educa\u00e7\u00e3o P\u00fablica. Ambos t\u00eam idades pr\u00f3ximas, trajet\u00f3rias &hellip;\" \/>\n<meta property=\"og:url\" content=\"https:\/\/portalnpm.com\/index.php\/2021\/12\/07\/resistir-e-inspirar-um-passeio-pelas-trajetorias-prodigiosas-dos-saojuliaoenses-carmo-neto-e-romulo-rossy\/\" \/>\n<meta property=\"og:site_name\" content=\"Portal NPM\" \/>\n<meta property=\"article:published_time\" content=\"2021-12-07T09:10:19+00:00\" \/>\n<meta name=\"author\" content=\"Reda\u00e7\u00e3o\" \/>\n<meta name=\"twitter:card\" content=\"summary_large_image\" \/>\n<meta name=\"twitter:label1\" content=\"Escrito por\" \/>\n\t<meta name=\"twitter:data1\" content=\"Reda\u00e7\u00e3o\" \/>\n\t<meta name=\"twitter:label2\" content=\"Est. tempo de leitura\" \/>\n\t<meta name=\"twitter:data2\" content=\"13 minutos\" \/>\n<script type=\"application\/ld+json\" class=\"yoast-schema-graph\">{\"@context\":\"https:\/\/schema.org\",\"@graph\":[{\"@type\":\"WebPage\",\"@id\":\"https:\/\/portalnpm.com\/index.php\/2021\/12\/07\/resistir-e-inspirar-um-passeio-pelas-trajetorias-prodigiosas-dos-saojuliaoenses-carmo-neto-e-romulo-rossy\/\",\"url\":\"https:\/\/portalnpm.com\/index.php\/2021\/12\/07\/resistir-e-inspirar-um-passeio-pelas-trajetorias-prodigiosas-dos-saojuliaoenses-carmo-neto-e-romulo-rossy\/\",\"name\":\"Resistir e inspirar: Um passeio pelas trajet\u00f3rias prodigiosas dos s\u00e3ojuli\u00e3oenses Carmo Neto e R\u00f4mulo Rossy - Resistir e inspirar: Um passeio pelas trajet\u00f3rias prodigiosas dos s\u00e3ojuli\u00e3oenses Carmo Neto e R\u00f4mulo Rossy\",\"isPartOf\":{\"@id\":\"https:\/\/portalnpm.com\/#website\"},\"primaryImageOfPage\":{\"@id\":\"https:\/\/portalnpm.com\/index.php\/2021\/12\/07\/resistir-e-inspirar-um-passeio-pelas-trajetorias-prodigiosas-dos-saojuliaoenses-carmo-neto-e-romulo-rossy\/#primaryimage\"},\"image\":{\"@id\":\"https:\/\/portalnpm.com\/index.php\/2021\/12\/07\/resistir-e-inspirar-um-passeio-pelas-trajetorias-prodigiosas-dos-saojuliaoenses-carmo-neto-e-romulo-rossy\/#primaryimage\"},\"thumbnailUrl\":\"\",\"datePublished\":\"2021-12-07T09:10:19+00:00\",\"dateModified\":\"2021-12-07T09:10:19+00:00\",\"author\":{\"@id\":\"https:\/\/portalnpm.com\/#\/schema\/person\/0b5f230ec96cee25504fa328e7f2b733\"},\"breadcrumb\":{\"@id\":\"https:\/\/portalnpm.com\/index.php\/2021\/12\/07\/resistir-e-inspirar-um-passeio-pelas-trajetorias-prodigiosas-dos-saojuliaoenses-carmo-neto-e-romulo-rossy\/#breadcrumb\"},\"inLanguage\":\"pt-BR\",\"potentialAction\":[{\"@type\":\"ReadAction\",\"target\":[\"https:\/\/portalnpm.com\/index.php\/2021\/12\/07\/resistir-e-inspirar-um-passeio-pelas-trajetorias-prodigiosas-dos-saojuliaoenses-carmo-neto-e-romulo-rossy\/\"]}]},{\"@type\":\"ImageObject\",\"inLanguage\":\"pt-BR\",\"@id\":\"https:\/\/portalnpm.com\/index.php\/2021\/12\/07\/resistir-e-inspirar-um-passeio-pelas-trajetorias-prodigiosas-dos-saojuliaoenses-carmo-neto-e-romulo-rossy\/#primaryimage\",\"url\":\"\",\"contentUrl\":\"\"},{\"@type\":\"BreadcrumbList\",\"@id\":\"https:\/\/portalnpm.com\/index.php\/2021\/12\/07\/resistir-e-inspirar-um-passeio-pelas-trajetorias-prodigiosas-dos-saojuliaoenses-carmo-neto-e-romulo-rossy\/#breadcrumb\",\"itemListElement\":[{\"@type\":\"ListItem\",\"position\":1,\"name\":\"In\u00edcio\",\"item\":\"https:\/\/portalnpm.com\/\"},{\"@type\":\"ListItem\",\"position\":2,\"name\":\"Resistir e inspirar: Um passeio pelas trajet\u00f3rias prodigiosas dos s\u00e3ojuli\u00e3oenses Carmo Neto e R\u00f4mulo Rossy\"}]},{\"@type\":\"WebSite\",\"@id\":\"https:\/\/portalnpm.com\/#website\",\"url\":\"https:\/\/portalnpm.com\/\",\"name\":\"Portal NPM\",\"description\":\"Not\u00edcias em Primeira M\u00e3o\",\"potentialAction\":[{\"@type\":\"SearchAction\",\"target\":{\"@type\":\"EntryPoint\",\"urlTemplate\":\"https:\/\/portalnpm.com\/?s={search_term_string}\"},\"query-input\":\"required name=search_term_string\"}],\"inLanguage\":\"pt-BR\"},{\"@type\":\"Person\",\"@id\":\"https:\/\/portalnpm.com\/#\/schema\/person\/0b5f230ec96cee25504fa328e7f2b733\",\"name\":\"Reda\u00e7\u00e3o\",\"image\":{\"@type\":\"ImageObject\",\"inLanguage\":\"pt-BR\",\"@id\":\"https:\/\/portalnpm.com\/#\/schema\/person\/image\/\",\"url\":\"https:\/\/portalnpm.com\/wp-content\/uploads\/2024\/03\/avatar_user_4_1710097212-96x96.png\",\"contentUrl\":\"https:\/\/portalnpm.com\/wp-content\/uploads\/2024\/03\/avatar_user_4_1710097212-96x96.png\",\"caption\":\"Reda\u00e7\u00e3o\"},\"url\":\"https:\/\/portalnpm.com\/index.php\/author\/redacao\/\"}]}<\/script>\n<!-- \/ Yoast SEO plugin. -->","yoast_head_json":{"title":"Resistir e inspirar: Um passeio pelas trajet\u00f3rias prodigiosas dos s\u00e3ojuli\u00e3oenses Carmo Neto e R\u00f4mulo Rossy - Resistir e inspirar: Um passeio pelas trajet\u00f3rias prodigiosas dos s\u00e3ojuli\u00e3oenses Carmo Neto e R\u00f4mulo Rossy","robots":{"index":"index","follow":"follow","max-snippet":"max-snippet:-1","max-image-preview":"max-image-preview:large","max-video-preview":"max-video-preview:-1"},"canonical":"https:\/\/portalnpm.com\/index.php\/2021\/12\/07\/resistir-e-inspirar-um-passeio-pelas-trajetorias-prodigiosas-dos-saojuliaoenses-carmo-neto-e-romulo-rossy\/","og_locale":"pt_BR","og_type":"article","og_title":"Resistir e inspirar: Um passeio pelas trajet\u00f3rias prodigiosas dos s\u00e3ojuli\u00e3oenses Carmo Neto e R\u00f4mulo Rossy - Resistir e inspirar: Um passeio pelas trajet\u00f3rias prodigiosas dos s\u00e3ojuli\u00e3oenses Carmo Neto e R\u00f4mulo Rossy","og_description":"Resistir e inspirar: Um passeio pelas trajet\u00f3rias prodigiosas dos s\u00e3ojuli\u00e3oenses Carmo Neto e R\u00f4mulo Rossy &nbsp; Provenientes de S\u00e3o Juli\u00e3o, cidade do centro-sul piauiense, os jovens estudantes R\u00f4mulo Rossy Leal Carvalho, de 22 anos, e Carmo dos Santos Sousa, de 18 anos, s\u00e3o bons exemplos do poder da Educa\u00e7\u00e3o P\u00fablica. Ambos t\u00eam idades pr\u00f3ximas, trajet\u00f3rias &hellip;","og_url":"https:\/\/portalnpm.com\/index.php\/2021\/12\/07\/resistir-e-inspirar-um-passeio-pelas-trajetorias-prodigiosas-dos-saojuliaoenses-carmo-neto-e-romulo-rossy\/","og_site_name":"Portal NPM","article_published_time":"2021-12-07T09:10:19+00:00","author":"Reda\u00e7\u00e3o","twitter_card":"summary_large_image","twitter_misc":{"Escrito por":"Reda\u00e7\u00e3o","Est. tempo de leitura":"13 minutos"},"schema":{"@context":"https:\/\/schema.org","@graph":[{"@type":"WebPage","@id":"https:\/\/portalnpm.com\/index.php\/2021\/12\/07\/resistir-e-inspirar-um-passeio-pelas-trajetorias-prodigiosas-dos-saojuliaoenses-carmo-neto-e-romulo-rossy\/","url":"https:\/\/portalnpm.com\/index.php\/2021\/12\/07\/resistir-e-inspirar-um-passeio-pelas-trajetorias-prodigiosas-dos-saojuliaoenses-carmo-neto-e-romulo-rossy\/","name":"Resistir e inspirar: Um passeio pelas trajet\u00f3rias prodigiosas dos s\u00e3ojuli\u00e3oenses Carmo Neto e R\u00f4mulo Rossy - Resistir e inspirar: Um passeio pelas trajet\u00f3rias prodigiosas dos s\u00e3ojuli\u00e3oenses Carmo Neto e R\u00f4mulo Rossy","isPartOf":{"@id":"https:\/\/portalnpm.com\/#website"},"primaryImageOfPage":{"@id":"https:\/\/portalnpm.com\/index.php\/2021\/12\/07\/resistir-e-inspirar-um-passeio-pelas-trajetorias-prodigiosas-dos-saojuliaoenses-carmo-neto-e-romulo-rossy\/#primaryimage"},"image":{"@id":"https:\/\/portalnpm.com\/index.php\/2021\/12\/07\/resistir-e-inspirar-um-passeio-pelas-trajetorias-prodigiosas-dos-saojuliaoenses-carmo-neto-e-romulo-rossy\/#primaryimage"},"thumbnailUrl":"","datePublished":"2021-12-07T09:10:19+00:00","dateModified":"2021-12-07T09:10:19+00:00","author":{"@id":"https:\/\/portalnpm.com\/#\/schema\/person\/0b5f230ec96cee25504fa328e7f2b733"},"breadcrumb":{"@id":"https:\/\/portalnpm.com\/index.php\/2021\/12\/07\/resistir-e-inspirar-um-passeio-pelas-trajetorias-prodigiosas-dos-saojuliaoenses-carmo-neto-e-romulo-rossy\/#breadcrumb"},"inLanguage":"pt-BR","potentialAction":[{"@type":"ReadAction","target":["https:\/\/portalnpm.com\/index.php\/2021\/12\/07\/resistir-e-inspirar-um-passeio-pelas-trajetorias-prodigiosas-dos-saojuliaoenses-carmo-neto-e-romulo-rossy\/"]}]},{"@type":"ImageObject","inLanguage":"pt-BR","@id":"https:\/\/portalnpm.com\/index.php\/2021\/12\/07\/resistir-e-inspirar-um-passeio-pelas-trajetorias-prodigiosas-dos-saojuliaoenses-carmo-neto-e-romulo-rossy\/#primaryimage","url":"","contentUrl":""},{"@type":"BreadcrumbList","@id":"https:\/\/portalnpm.com\/index.php\/2021\/12\/07\/resistir-e-inspirar-um-passeio-pelas-trajetorias-prodigiosas-dos-saojuliaoenses-carmo-neto-e-romulo-rossy\/#breadcrumb","itemListElement":[{"@type":"ListItem","position":1,"name":"In\u00edcio","item":"https:\/\/portalnpm.com\/"},{"@type":"ListItem","position":2,"name":"Resistir e inspirar: Um passeio pelas trajet\u00f3rias prodigiosas dos s\u00e3ojuli\u00e3oenses Carmo Neto e R\u00f4mulo Rossy"}]},{"@type":"WebSite","@id":"https:\/\/portalnpm.com\/#website","url":"https:\/\/portalnpm.com\/","name":"Portal NPM","description":"Not\u00edcias em Primeira M\u00e3o","potentialAction":[{"@type":"SearchAction","target":{"@type":"EntryPoint","urlTemplate":"https:\/\/portalnpm.com\/?s={search_term_string}"},"query-input":"required name=search_term_string"}],"inLanguage":"pt-BR"},{"@type":"Person","@id":"https:\/\/portalnpm.com\/#\/schema\/person\/0b5f230ec96cee25504fa328e7f2b733","name":"Reda\u00e7\u00e3o","image":{"@type":"ImageObject","inLanguage":"pt-BR","@id":"https:\/\/portalnpm.com\/#\/schema\/person\/image\/","url":"https:\/\/portalnpm.com\/wp-content\/uploads\/2024\/03\/avatar_user_4_1710097212-96x96.png","contentUrl":"https:\/\/portalnpm.com\/wp-content\/uploads\/2024\/03\/avatar_user_4_1710097212-96x96.png","caption":"Reda\u00e7\u00e3o"},"url":"https:\/\/portalnpm.com\/index.php\/author\/redacao\/"}]}},"jetpack_sharing_enabled":true,"jetpack_featured_media_url":"","_links":{"self":[{"href":"https:\/\/portalnpm.com\/index.php\/wp-json\/wp\/v2\/posts\/38682"}],"collection":[{"href":"https:\/\/portalnpm.com\/index.php\/wp-json\/wp\/v2\/posts"}],"about":[{"href":"https:\/\/portalnpm.com\/index.php\/wp-json\/wp\/v2\/types\/post"}],"author":[{"embeddable":true,"href":"https:\/\/portalnpm.com\/index.php\/wp-json\/wp\/v2\/users\/4"}],"replies":[{"embeddable":true,"href":"https:\/\/portalnpm.com\/index.php\/wp-json\/wp\/v2\/comments?post=38682"}],"version-history":[{"count":0,"href":"https:\/\/portalnpm.com\/index.php\/wp-json\/wp\/v2\/posts\/38682\/revisions"}],"wp:featuredmedia":[{"embeddable":true,"href":"https:\/\/portalnpm.com\/index.php\/wp-json\/"}],"wp:attachment":[{"href":"https:\/\/portalnpm.com\/index.php\/wp-json\/wp\/v2\/media?parent=38682"}],"wp:term":[{"taxonomy":"category","embeddable":true,"href":"https:\/\/portalnpm.com\/index.php\/wp-json\/wp\/v2\/categories?post=38682"},{"taxonomy":"post_tag","embeddable":true,"href":"https:\/\/portalnpm.com\/index.php\/wp-json\/wp\/v2\/tags?post=38682"}],"curies":[{"name":"wp","href":"https:\/\/api.w.org\/{rel}","templated":true}]}}