{"id":38763,"date":"2021-12-13T19:20:29","date_gmt":"2021-12-13T22:20:29","guid":{"rendered":"https:\/\/backupnpm.codetainer.com.br\/?p=38763"},"modified":"2021-12-13T19:20:29","modified_gmt":"2021-12-13T22:20:29","slug":"omicron-brasil-deve-ter-mais-casos-alem-dos-11-confirmados-diz-queiroga","status":"publish","type":"post","link":"https:\/\/portalnpm.com\/index.php\/2021\/12\/13\/omicron-brasil-deve-ter-mais-casos-alem-dos-11-confirmados-diz-queiroga\/","title":{"rendered":"\u00d4micron: Brasil deve ter mais casos al\u00e9m dos 11 confirmados, diz Queiroga"},"content":{"rendered":"<p style=\"text-align: justify;\">O Ministro da Sa\u00fade,\u00a0<a tabindex=\"0\" href=\"https:\/\/tudo-sobre.estadao.com.br\/marcelo-queiroga\" target=\"_blank\" rel=\"noopener\" data-id=\"38\" data-m=\"{&quot;i&quot;:38,&quot;p&quot;:36,&quot;n&quot;:&quot;partnerLink&quot;,&quot;y&quot;:24,&quot;o&quot;:2}\"><strong>Marcelo Queiroga<\/strong><\/a>, disse que \u201cdeve haver\u201d mais do que 11 casos da variante \u00d4micron no Brasil, no evento de inaugura\u00e7\u00e3o do Biobanco Covid-19 (BC19) da\u00a0<a tabindex=\"0\" href=\"https:\/\/tudo-sobre.estadao.com.br\/fiocruz\" target=\"_blank\" rel=\"noopener\" data-id=\"39\" data-m=\"{&quot;i&quot;:39,&quot;p&quot;:36,&quot;n&quot;:&quot;partnerLink&quot;,&quot;y&quot;:24,&quot;o&quot;:3}\"><strong>Funda\u00e7\u00e3o Oswaldo Cruz<\/strong><\/a>\u00a0(Fiocruz), nesta segunda-feira, 13. Queiroga tamb\u00e9m afirmou que n\u00e3o se deve punir pa\u00edses que identifiquem variantes do v\u00edrus causador da\u00a0<a tabindex=\"0\" href=\"https:\/\/tudo-sobre.estadao.com.br\/coronavirus\" target=\"_blank\" rel=\"noopener\" data-id=\"40\" data-m=\"{&quot;i&quot;:40,&quot;p&quot;:36,&quot;n&quot;:&quot;partnerLink&quot;,&quot;y&quot;:24,&quot;o&quot;:4}\"><strong>covid-19<\/strong><\/a>.<\/p>\n<div id=\"outbrain_widget_0\" class=\"OUTBRAIN\" style=\"text-align: justify;\" data-external-id=\"fd1ea4fdf6d541f3b7b1cdb9c561fb30\" data-src=\"DROP_PERMALINK_HERE\" data-widget-id=\"MB_1\" data-ob-mark=\"true\" data-browser=\"chrome\" data-os=\"linux armv8l\" data-dynload=\"\" data-idx=\"0\">\n<div class=\"ob-widget ob-grid-layout ob-text-on-image MB_1 ob-cmn-MB_1\" data-dynamic-truncate=\"true\">\n<div class=\"ob-widget-footer\">\n<div class=\"ob-pixels\"><\/div>\n<\/div>\n<\/div>\n<\/div>\n<p style=\"text-align: justify;\">\n<p style=\"text-align: justify;\">\n<p style=\"text-align: justify;\">\u201cVivemos espreitados por outras poss\u00edveis variantes desse v\u00edrus, como \u00e9 o caso da variante \u00d4micron\u201d, declarou. &#8220;J\u00e1 foram identificados 11 casos aqui no Brasil e com certeza deve haver mais.\u201d<\/p>\n<p style=\"text-align: justify;\">\n<p style=\"text-align: justify;\">O chefe da pasta da Sa\u00fade destacou que n\u00e3o se deve punir as na\u00e7\u00f5es que detectam muta\u00e7\u00f5es do novo coronav\u00edrus. \u201cTemos que aplaudir quem identifica essas variantes do v\u00edrus\u201d, falou. Para ele, esses pa\u00edses ajudam outros a melhor se preparar para combater essas amea\u00e7as.<\/p>\n<p style=\"text-align: justify;\">No entanto, conforme portaria publicada na quinta-feira, 9, o Brasil mant\u00e9m bloqueios de voos e viajantes vindos da \u00c1frica do Sul, Botsuana, Eswatini, Lesoto, Nam\u00edbia e Zimb\u00e1bue. A variante \u00d4micron foi identificada pela primeira vez na \u00c1frica do Sul e em Botsuana.<\/p>\n<p style=\"text-align: justify;\">Bloqueios s\u00e3o criticados pela OMS. A organiza\u00e7\u00e3o acredita que esses posicionamentos desincentivam pa\u00edses a relatar com prontid\u00e3o descobertas relevantes sobre o v\u00edrus.<\/p>\n<p style=\"text-align: justify;\">Queiroga ainda disse que o Brasil \u00e9 \u201cexemplo mundial em rela\u00e7\u00e3o \u00e0 campanha de imuniza\u00e7\u00e3o contra a covid\u201d. \u201cPor isso, nos \u00faltimos seis meses, tivemos uma redu\u00e7\u00e3o expressiva do n\u00famero de casos e \u00f3bitos decorrentes da covid, que resultou consequentemente numa menor press\u00e3o em nosso sistema de sa\u00fade e uma esperan\u00e7a de contermos o car\u00e1ter pand\u00eamico da doen\u00e7a.\u201d<\/p>\n<h3 class=\"intertitulo\" style=\"text-align: justify;\">Biobanco<\/h3>\n<p style=\"text-align: justify;\">Localizado na na zona norte do Rio de Janeiro, o BC19-Fiocruz atende \u201ca necessidade de disponibilizar uma infraestrutura adequada para o armazenamento seguro, confi\u00e1vel, \u00e9tico, legal e rastre\u00e1vel de amostras humanas e n\u00e3o-humanas (v\u00edrus) relacionadas \u00e0 covid-19 e ao coronav\u00edrus Sars-Cov-2 e suas variantes de interesse para pesquisas, desenvolvimentos tecnol\u00f3gicos e inova\u00e7\u00e3o\u201d, conforme a funda\u00e7\u00e3o.<\/p>\n<p style=\"text-align: justify;\">O Biobanco ser\u00e1 capaz de armazenar aproximadamente 1,5 milh\u00e3o de amostras. Ap\u00f3s a pandemia, vai passar a trabalhar com outros v\u00edrus, bact\u00e9rias, fungos e protozo\u00e1rios.<\/p>\n<p style=\"text-align: justify;\">Conforme Queiroga, o investimento de R$40 milh\u00f5es da pasta na instala\u00e7\u00e3o se justifica pela necessidade de prepara\u00e7\u00e3o para eventuais pandemias futuras. Compromisso firmado, inclusive, em reuni\u00f5es do\u00a0<a tabindex=\"0\" href=\"https:\/\/tudo-sobre.estadao.com.br\/g-20\" target=\"_blank\" rel=\"noopener\" data-id=\"41\" data-m=\"{&quot;i&quot;:41,&quot;p&quot;:36,&quot;n&quot;:&quot;partnerLink&quot;,&quot;y&quot;:24,&quot;o&quot;:5}\"><strong>G-20<\/strong><\/a>.<\/p>\n<p style=\"text-align: justify;\">\u201cO Brasil recentemente firmou um compromisso no \u00e2mbito do G-20 do fortalecimento dos sistemas de sa\u00fade de acesso global e da amplia\u00e7\u00e3o do acesso a imunizantes e outros insumos estrat\u00e9gicos, para que possamos enfrentar n\u00e3o s\u00f3 essa emerg\u00eancia sanit\u00e1ria causada pelo novo coronav\u00edrus como outras que podem surgir em fun\u00e7\u00e3o de muta\u00e7\u00f5es desse pr\u00f3prio v\u00edrus ou de outros v\u00edrus que comprometam a seguran\u00e7a da sociedade\u201d, explicou.<\/p>\n<p style=\"text-align: justify;\">O Biobanco, disse ele, \u00e9 um \u201ccompromisso sobretudo com o futuro\u201d. \u201cEstamos cada dia mais seguros em rela\u00e7\u00e3o a problemas sanit\u00e1rios\u201d, finalizou.<\/p>\n<p style=\"text-align: justify;\">Estad\u00e3o Conte\u00fado<\/p>\n","protected":false},"excerpt":{"rendered":"<p>O Ministro da Sa\u00fade,\u00a0Marcelo Queiroga, disse que \u201cdeve haver\u201d mais do que 11 casos da variante \u00d4micron no Brasil, no evento de inaugura\u00e7\u00e3o do Biobanco Covid-19 (BC19) da\u00a0Funda\u00e7\u00e3o Oswaldo Cruz\u00a0(Fiocruz), nesta segunda-feira, 13. Queiroga tamb\u00e9m afirmou que n\u00e3o se deve punir pa\u00edses que identifiquem variantes do v\u00edrus causador da\u00a0covid-19. \u201cVivemos espreitados por outras poss\u00edveis variantes &hellip;<\/p>\n","protected":false},"author":2,"featured_media":38764,"comment_status":"open","ping_status":"open","sticky":false,"template":"","format":"standard","meta":{"content-type":"","rop_custom_images_group":[],"rop_custom_messages_group":[],"rop_publish_now":"initial","rop_publish_now_accounts":{"facebook_2648258775420054_1618374048415101":""},"rop_publish_now_history":[],"rop_publish_now_status":"pending","footnotes":"","_jetpack_memberships_contains_paid_content":false},"categories":[384],"tags":[15007,10347,1856],"yoast_head":"<!-- This site is optimized with the Yoast SEO plugin v22.3 - https:\/\/yoast.com\/wordpress\/plugins\/seo\/ -->\n<title>\u00d4micron: Brasil deve ter mais casos al\u00e9m dos 11 confirmados, diz Queiroga - Portal NPM<\/title>\n<meta name=\"robots\" content=\"index, follow, max-snippet:-1, max-image-preview:large, max-video-preview:-1\" \/>\n<link rel=\"canonical\" href=\"https:\/\/portalnpm.com\/index.php\/2021\/12\/13\/omicron-brasil-deve-ter-mais-casos-alem-dos-11-confirmados-diz-queiroga\/\" \/>\n<meta property=\"og:locale\" content=\"pt_BR\" \/>\n<meta property=\"og:type\" content=\"article\" \/>\n<meta property=\"og:title\" content=\"\u00d4micron: Brasil deve ter mais casos al\u00e9m dos 11 confirmados, diz Queiroga - Portal NPM\" \/>\n<meta property=\"og:description\" content=\"O Ministro da Sa\u00fade,\u00a0Marcelo Queiroga, disse que \u201cdeve haver\u201d mais do que 11 casos da variante \u00d4micron no Brasil, no evento de inaugura\u00e7\u00e3o do Biobanco Covid-19 (BC19) da\u00a0Funda\u00e7\u00e3o Oswaldo Cruz\u00a0(Fiocruz), nesta segunda-feira, 13. Queiroga tamb\u00e9m afirmou que n\u00e3o se deve punir pa\u00edses que identifiquem variantes do v\u00edrus causador da\u00a0covid-19. \u201cVivemos espreitados por outras poss\u00edveis variantes &hellip;\" \/>\n<meta property=\"og:url\" content=\"https:\/\/portalnpm.com\/index.php\/2021\/12\/13\/omicron-brasil-deve-ter-mais-casos-alem-dos-11-confirmados-diz-queiroga\/\" \/>\n<meta property=\"og:site_name\" content=\"Portal NPM\" \/>\n<meta property=\"article:published_time\" content=\"2021-12-13T22:20:29+00:00\" \/>\n<meta name=\"author\" content=\"Genival Barbosa\" \/>\n<meta name=\"twitter:card\" content=\"summary_large_image\" \/>\n<meta name=\"twitter:label1\" content=\"Escrito por\" \/>\n\t<meta name=\"twitter:data1\" content=\"Genival Barbosa\" \/>\n\t<meta name=\"twitter:label2\" content=\"Est. tempo de leitura\" \/>\n\t<meta name=\"twitter:data2\" content=\"2 minutos\" \/>\n<script type=\"application\/ld+json\" class=\"yoast-schema-graph\">{\"@context\":\"https:\/\/schema.org\",\"@graph\":[{\"@type\":\"WebPage\",\"@id\":\"https:\/\/portalnpm.com\/index.php\/2021\/12\/13\/omicron-brasil-deve-ter-mais-casos-alem-dos-11-confirmados-diz-queiroga\/\",\"url\":\"https:\/\/portalnpm.com\/index.php\/2021\/12\/13\/omicron-brasil-deve-ter-mais-casos-alem-dos-11-confirmados-diz-queiroga\/\",\"name\":\"\u00d4micron: Brasil deve ter mais casos al\u00e9m dos 11 confirmados, diz Queiroga - Portal NPM\",\"isPartOf\":{\"@id\":\"https:\/\/portalnpm.com\/#website\"},\"primaryImageOfPage\":{\"@id\":\"https:\/\/portalnpm.com\/index.php\/2021\/12\/13\/omicron-brasil-deve-ter-mais-casos-alem-dos-11-confirmados-diz-queiroga\/#primaryimage\"},\"image\":{\"@id\":\"https:\/\/portalnpm.com\/index.php\/2021\/12\/13\/omicron-brasil-deve-ter-mais-casos-alem-dos-11-confirmados-diz-queiroga\/#primaryimage\"},\"thumbnailUrl\":\"\",\"datePublished\":\"2021-12-13T22:20:29+00:00\",\"dateModified\":\"2021-12-13T22:20:29+00:00\",\"author\":{\"@id\":\"https:\/\/portalnpm.com\/#\/schema\/person\/49313e563cfdefcc167f1ee4c017c294\"},\"breadcrumb\":{\"@id\":\"https:\/\/portalnpm.com\/index.php\/2021\/12\/13\/omicron-brasil-deve-ter-mais-casos-alem-dos-11-confirmados-diz-queiroga\/#breadcrumb\"},\"inLanguage\":\"pt-BR\",\"potentialAction\":[{\"@type\":\"ReadAction\",\"target\":[\"https:\/\/portalnpm.com\/index.php\/2021\/12\/13\/omicron-brasil-deve-ter-mais-casos-alem-dos-11-confirmados-diz-queiroga\/\"]}]},{\"@type\":\"ImageObject\",\"inLanguage\":\"pt-BR\",\"@id\":\"https:\/\/portalnpm.com\/index.php\/2021\/12\/13\/omicron-brasil-deve-ter-mais-casos-alem-dos-11-confirmados-diz-queiroga\/#primaryimage\",\"url\":\"\",\"contentUrl\":\"\"},{\"@type\":\"BreadcrumbList\",\"@id\":\"https:\/\/portalnpm.com\/index.php\/2021\/12\/13\/omicron-brasil-deve-ter-mais-casos-alem-dos-11-confirmados-diz-queiroga\/#breadcrumb\",\"itemListElement\":[{\"@type\":\"ListItem\",\"position\":1,\"name\":\"In\u00edcio\",\"item\":\"https:\/\/portalnpm.com\/\"},{\"@type\":\"ListItem\",\"position\":2,\"name\":\"\u00d4micron: Brasil deve ter mais casos al\u00e9m dos 11 confirmados, diz Queiroga\"}]},{\"@type\":\"WebSite\",\"@id\":\"https:\/\/portalnpm.com\/#website\",\"url\":\"https:\/\/portalnpm.com\/\",\"name\":\"Portal NPM\",\"description\":\"Not\u00edcias em Primeira M\u00e3o\",\"potentialAction\":[{\"@type\":\"SearchAction\",\"target\":{\"@type\":\"EntryPoint\",\"urlTemplate\":\"https:\/\/portalnpm.com\/?s={search_term_string}\"},\"query-input\":\"required name=search_term_string\"}],\"inLanguage\":\"pt-BR\"},{\"@type\":\"Person\",\"@id\":\"https:\/\/portalnpm.com\/#\/schema\/person\/49313e563cfdefcc167f1ee4c017c294\",\"name\":\"Genival Barbosa\",\"image\":{\"@type\":\"ImageObject\",\"inLanguage\":\"pt-BR\",\"@id\":\"https:\/\/portalnpm.com\/#\/schema\/person\/image\/\",\"url\":\"https:\/\/portalnpm.com\/wp-content\/uploads\/2024\/02\/avatar_user_2_1707743258-96x96.jpeg\",\"contentUrl\":\"https:\/\/portalnpm.com\/wp-content\/uploads\/2024\/02\/avatar_user_2_1707743258-96x96.jpeg\",\"caption\":\"Genival Barbosa\"},\"url\":\"https:\/\/portalnpm.com\/index.php\/author\/genival\/\"}]}<\/script>\n<!-- \/ Yoast SEO plugin. -->","yoast_head_json":{"title":"\u00d4micron: Brasil deve ter mais casos al\u00e9m dos 11 confirmados, diz Queiroga - Portal NPM","robots":{"index":"index","follow":"follow","max-snippet":"max-snippet:-1","max-image-preview":"max-image-preview:large","max-video-preview":"max-video-preview:-1"},"canonical":"https:\/\/portalnpm.com\/index.php\/2021\/12\/13\/omicron-brasil-deve-ter-mais-casos-alem-dos-11-confirmados-diz-queiroga\/","og_locale":"pt_BR","og_type":"article","og_title":"\u00d4micron: Brasil deve ter mais casos al\u00e9m dos 11 confirmados, diz Queiroga - Portal NPM","og_description":"O Ministro da Sa\u00fade,\u00a0Marcelo Queiroga, disse que \u201cdeve haver\u201d mais do que 11 casos da variante \u00d4micron no Brasil, no evento de inaugura\u00e7\u00e3o do Biobanco Covid-19 (BC19) da\u00a0Funda\u00e7\u00e3o Oswaldo Cruz\u00a0(Fiocruz), nesta segunda-feira, 13. Queiroga tamb\u00e9m afirmou que n\u00e3o se deve punir pa\u00edses que identifiquem variantes do v\u00edrus causador da\u00a0covid-19. \u201cVivemos espreitados por outras poss\u00edveis variantes &hellip;","og_url":"https:\/\/portalnpm.com\/index.php\/2021\/12\/13\/omicron-brasil-deve-ter-mais-casos-alem-dos-11-confirmados-diz-queiroga\/","og_site_name":"Portal NPM","article_published_time":"2021-12-13T22:20:29+00:00","author":"Genival Barbosa","twitter_card":"summary_large_image","twitter_misc":{"Escrito por":"Genival Barbosa","Est. tempo de leitura":"2 minutos"},"schema":{"@context":"https:\/\/schema.org","@graph":[{"@type":"WebPage","@id":"https:\/\/portalnpm.com\/index.php\/2021\/12\/13\/omicron-brasil-deve-ter-mais-casos-alem-dos-11-confirmados-diz-queiroga\/","url":"https:\/\/portalnpm.com\/index.php\/2021\/12\/13\/omicron-brasil-deve-ter-mais-casos-alem-dos-11-confirmados-diz-queiroga\/","name":"\u00d4micron: Brasil deve ter mais casos al\u00e9m dos 11 confirmados, diz Queiroga - Portal NPM","isPartOf":{"@id":"https:\/\/portalnpm.com\/#website"},"primaryImageOfPage":{"@id":"https:\/\/portalnpm.com\/index.php\/2021\/12\/13\/omicron-brasil-deve-ter-mais-casos-alem-dos-11-confirmados-diz-queiroga\/#primaryimage"},"image":{"@id":"https:\/\/portalnpm.com\/index.php\/2021\/12\/13\/omicron-brasil-deve-ter-mais-casos-alem-dos-11-confirmados-diz-queiroga\/#primaryimage"},"thumbnailUrl":"","datePublished":"2021-12-13T22:20:29+00:00","dateModified":"2021-12-13T22:20:29+00:00","author":{"@id":"https:\/\/portalnpm.com\/#\/schema\/person\/49313e563cfdefcc167f1ee4c017c294"},"breadcrumb":{"@id":"https:\/\/portalnpm.com\/index.php\/2021\/12\/13\/omicron-brasil-deve-ter-mais-casos-alem-dos-11-confirmados-diz-queiroga\/#breadcrumb"},"inLanguage":"pt-BR","potentialAction":[{"@type":"ReadAction","target":["https:\/\/portalnpm.com\/index.php\/2021\/12\/13\/omicron-brasil-deve-ter-mais-casos-alem-dos-11-confirmados-diz-queiroga\/"]}]},{"@type":"ImageObject","inLanguage":"pt-BR","@id":"https:\/\/portalnpm.com\/index.php\/2021\/12\/13\/omicron-brasil-deve-ter-mais-casos-alem-dos-11-confirmados-diz-queiroga\/#primaryimage","url":"","contentUrl":""},{"@type":"BreadcrumbList","@id":"https:\/\/portalnpm.com\/index.php\/2021\/12\/13\/omicron-brasil-deve-ter-mais-casos-alem-dos-11-confirmados-diz-queiroga\/#breadcrumb","itemListElement":[{"@type":"ListItem","position":1,"name":"In\u00edcio","item":"https:\/\/portalnpm.com\/"},{"@type":"ListItem","position":2,"name":"\u00d4micron: Brasil deve ter mais casos al\u00e9m dos 11 confirmados, diz Queiroga"}]},{"@type":"WebSite","@id":"https:\/\/portalnpm.com\/#website","url":"https:\/\/portalnpm.com\/","name":"Portal NPM","description":"Not\u00edcias em Primeira M\u00e3o","potentialAction":[{"@type":"SearchAction","target":{"@type":"EntryPoint","urlTemplate":"https:\/\/portalnpm.com\/?s={search_term_string}"},"query-input":"required name=search_term_string"}],"inLanguage":"pt-BR"},{"@type":"Person","@id":"https:\/\/portalnpm.com\/#\/schema\/person\/49313e563cfdefcc167f1ee4c017c294","name":"Genival Barbosa","image":{"@type":"ImageObject","inLanguage":"pt-BR","@id":"https:\/\/portalnpm.com\/#\/schema\/person\/image\/","url":"https:\/\/portalnpm.com\/wp-content\/uploads\/2024\/02\/avatar_user_2_1707743258-96x96.jpeg","contentUrl":"https:\/\/portalnpm.com\/wp-content\/uploads\/2024\/02\/avatar_user_2_1707743258-96x96.jpeg","caption":"Genival Barbosa"},"url":"https:\/\/portalnpm.com\/index.php\/author\/genival\/"}]}},"jetpack_sharing_enabled":true,"jetpack_featured_media_url":"","_links":{"self":[{"href":"https:\/\/portalnpm.com\/index.php\/wp-json\/wp\/v2\/posts\/38763"}],"collection":[{"href":"https:\/\/portalnpm.com\/index.php\/wp-json\/wp\/v2\/posts"}],"about":[{"href":"https:\/\/portalnpm.com\/index.php\/wp-json\/wp\/v2\/types\/post"}],"author":[{"embeddable":true,"href":"https:\/\/portalnpm.com\/index.php\/wp-json\/wp\/v2\/users\/2"}],"replies":[{"embeddable":true,"href":"https:\/\/portalnpm.com\/index.php\/wp-json\/wp\/v2\/comments?post=38763"}],"version-history":[{"count":0,"href":"https:\/\/portalnpm.com\/index.php\/wp-json\/wp\/v2\/posts\/38763\/revisions"}],"wp:featuredmedia":[{"embeddable":true,"href":"https:\/\/portalnpm.com\/index.php\/wp-json\/"}],"wp:attachment":[{"href":"https:\/\/portalnpm.com\/index.php\/wp-json\/wp\/v2\/media?parent=38763"}],"wp:term":[{"taxonomy":"category","embeddable":true,"href":"https:\/\/portalnpm.com\/index.php\/wp-json\/wp\/v2\/categories?post=38763"},{"taxonomy":"post_tag","embeddable":true,"href":"https:\/\/portalnpm.com\/index.php\/wp-json\/wp\/v2\/tags?post=38763"}],"curies":[{"name":"wp","href":"https:\/\/api.w.org\/{rel}","templated":true}]}}