{"id":39206,"date":"2021-12-20T05:50:08","date_gmt":"2021-12-20T08:50:08","guid":{"rendered":"https:\/\/backupnpm.codetainer.com.br\/?p=39206"},"modified":"2021-12-20T05:50:08","modified_gmt":"2021-12-20T08:50:08","slug":"holanda-inicia-lockdown-e-europa-amplia-restricoes-para-conter-omicron","status":"publish","type":"post","link":"https:\/\/portalnpm.com\/index.php\/2021\/12\/20\/holanda-inicia-lockdown-e-europa-amplia-restricoes-para-conter-omicron\/","title":{"rendered":"Holanda inicia lockdown e Europa amplia restri\u00e7\u00f5es para conter \u00d4micron"},"content":{"rendered":"<p style=\"text-align: justify;\">A Holanda entrou em um novo lockdown a partir deste domingo, 19, com o objetivo de tentar conter o aumento de casos da variante \u00d4micron. A decis\u00e3o acompanha diversas medidas e restri\u00e7\u00f5es dos pa\u00edses europeus frente ao aumento de casos impulsionado pela nova variante.<\/p>\n<p style=\"text-align: justify;\">\n<p style=\"text-align: justify;\">\n<p style=\"text-align: justify;\">O an\u00fancio foi feito no s\u00e1bado, 18, pelo primeiro-ministro Mark Rutte. Todas as lojas, restaurantes, bares, cinemas, museus, teatros e outros servi\u00e7os n\u00e3o essenciais devem fechar at\u00e9 14 de janeiro. As faculdades e escolas poder\u00e3o ser reabertas em 9 de janeiro, disse Rutte.<\/p>\n<p style=\"text-align: justify;\">Em meio ao per\u00edodo de festas de fim de ano, o pa\u00eds tamb\u00e9m limitou o n\u00famero de pessoas que podem ir como h\u00f3spedes a uma casa, que caiu de quatro para duas, exceto no dia de Natal e Ano-novo. As regras fizeram com que longas filas se formassem nas lojas na manh\u00e3 de s\u00e1bado, quando as pessoas correram para fazer suas compras de Natal.<\/p>\n<p style=\"text-align: justify;\">Jaap van Dissel, chefe da equipe holandesa de gerenciamento da pandemia, refor\u00e7ou a previs\u00e3o de outros pa\u00edses europeus de que a \u00d4micron dever\u00e1 ultrapassar a Delta e ser dominante no final do ano. Outras na\u00e7\u00f5es est\u00e3o impondo novamente medidas restritivas para conter a nova onda de infec\u00e7\u00f5es por Covid-19.<\/p>\n<p style=\"text-align: justify;\">Ministros na Fran\u00e7a, Chipre e \u00c1ustria aumentaram as restri\u00e7\u00f5es a viagens. Paris cancelou os fogos de artif\u00edcio da v\u00e9spera de Ano-Novo. A Dinamarca fechou teatros, salas de concerto, parques de divers\u00f5es e museus. A Irlanda imp\u00f4s um toque de recolher \u00e0s 20 horas em pubs e bares, al\u00e9m da participa\u00e7\u00e3o limitada em eventos internos e externos.<\/p>\n<p style=\"text-align: justify;\">O prefeito de Londres, Sadiq Khan, ressaltou a preocupa\u00e7\u00e3o com o aumento de casos e o potencial de sobrecarregar o sistema de sa\u00fade. No s\u00e1bado, foi implementada uma medida que permite que os conselhos locais na capital brit\u00e2nica possam coordenar os trabalhos de forma mais pr\u00f3xima com os servi\u00e7os de emerg\u00eancia, decis\u00e3o tomada ap\u00f3s sexta-feira, quando foi registrado o maior aumento de infec\u00e7\u00f5es em 24 horas desde o in\u00edcio da pandemia. A \u00d4micron \u00e9 agora a variante dominante do coronav\u00edrus em Londres e os esfor\u00e7os foram intensificados para alcan\u00e7ar as pessoas que ainda n\u00e3o foram vacinadas.<\/p>\n<p style=\"text-align: justify;\">No Reino Unido, os casos di\u00e1rios confirmados dispararam para n\u00fameros recordes nesta \u00faltima semana. O governo imp\u00f4s uma nova exig\u00eancia para o uso de m\u00e1scaras em ambientes fechados e ordenou que as pessoas apresentassem prova de vacina\u00e7\u00e3o ou um recente teste de coronav\u00edrus negativo para entrarem em boates e grandes eventos.<\/p>\n<p style=\"text-align: justify;\">Cientistas est\u00e3o alertando o governo brit\u00e2nico da possibilidade dos hospitais ficarem lotados. A Gr\u00e3-Bretanha e outras na\u00e7\u00f5es est\u00e3o acelerando o ritmo das doses de refor\u00e7o depois que dados preliminares &#8211; de pesquisas n\u00e3o revisadas por pares &#8211; mostraram que duas doses da vacina foram menos eficazes contra a variante \u00d4micron. Shopping centers, catedrais e est\u00e1dios de futebol na Gr\u00e3-Bretanha foram convertidos em centros de vacina\u00e7\u00e3o em massa<\/p>\n<p style=\"text-align: justify;\">Na Irlanda, o primeiro-ministro, Micheal Martin, disse, em discurso na sexta-feira, que as novas restri\u00e7\u00f5es s\u00e3o necess\u00e1rias para proteger vidas. &#8220;Estamos todos exaustos com a Covid-19 e as restri\u00e7\u00f5es que ela exige. As voltas e reviravoltas, as decep\u00e7\u00f5es e as frustra\u00e7\u00f5es afetam muito a todos. Mas \u00e9 com a realidade que estamos lidando&#8221;.<\/p>\n<p style=\"text-align: justify;\">Na Fran\u00e7a, o governo anunciou que come\u00e7ar\u00e1 a vacinar crian\u00e7as de 5 a 11 anos a partir desta quarta-feira. O primeiro-ministro Jean Castex disse, na sexta-feira, que com a variante \u00d4micron se espalhando como &#8220;um raio&#8221;, o governo prop\u00f4s exigir uma prova de vacina\u00e7\u00e3o para quem entra em restaurantes, caf\u00e9s e outros estabelecimentos p\u00fablicos. A medida pendente requer aprova\u00e7\u00e3o parlamentar.<\/p>\n<p style=\"text-align: justify;\">As medidas n\u00e3o agradam todos os europeus. Cr\u00edticos das \u00faltimas restri\u00e7\u00f5es fizeram protestos em Londres, Paris, Hamburgo, Berlim, Dusseldorf, e outras cidades alem\u00e3s e austr\u00edacas.<\/p>\n<p style=\"text-align: justify;\">A Organiza\u00e7\u00e3o Mundial da Sa\u00fade (OMS) informou, em resumo t\u00e9cnico publicado no \u00faltimo dia 17, que a variante \u00d4micron j\u00e1 foi detectada em 89 pa\u00edses. Os casos de Covid-19 da nova variante est\u00e3o dobrando a cada 1,5 a 3 dias em locais com transmiss\u00e3o local na comunidade. Segundo o documento, as principais quest\u00f5es sobre a nova cepa permanecem sem resposta, incluindo a gravidade da doen\u00e7a provocada por ela e se as vacinas contra a Covid-19 existentes conferem prote\u00e7\u00e3o. A vantagem significativa de crescimento da \u00d4micron sobre a Delta faz com que seja prov\u00e1vel que a nova variante supere a Delta em pa\u00edses com transmiss\u00e3o local, alertou a OMS.<\/p>\n<p style=\"text-align: justify;\"><em>Fonte: Estad\u00e3o Conte\u00fado<\/em><\/p>\n","protected":false},"excerpt":{"rendered":"<p>A Holanda entrou em um novo lockdown a partir deste domingo, 19, com o objetivo de tentar conter o aumento de casos da variante \u00d4micron. A decis\u00e3o acompanha diversas medidas e restri\u00e7\u00f5es dos pa\u00edses europeus frente ao aumento de casos impulsionado pela nova variante. O an\u00fancio foi feito no s\u00e1bado, 18, pelo primeiro-ministro Mark Rutte. &hellip;<\/p>\n","protected":false},"author":2,"featured_media":39207,"comment_status":"open","ping_status":"open","sticky":false,"template":"","format":"standard","meta":{"content-type":"","rop_custom_images_group":[],"rop_custom_messages_group":[],"rop_publish_now":"initial","rop_publish_now_accounts":{"facebook_2648258775420054_1618374048415101":""},"rop_publish_now_history":[],"rop_publish_now_status":"pending","footnotes":"","_jetpack_memberships_contains_paid_content":false},"categories":[901],"tags":[10366,15007,9050],"yoast_head":"<!-- This site is optimized with the Yoast SEO plugin v22.3 - https:\/\/yoast.com\/wordpress\/plugins\/seo\/ -->\n<title>Holanda inicia lockdown e Europa amplia restri\u00e7\u00f5es para conter \u00d4micron - Portal NPM<\/title>\n<meta name=\"robots\" content=\"index, follow, max-snippet:-1, max-image-preview:large, max-video-preview:-1\" \/>\n<link rel=\"canonical\" href=\"https:\/\/portalnpm.com\/index.php\/2021\/12\/20\/holanda-inicia-lockdown-e-europa-amplia-restricoes-para-conter-omicron\/\" \/>\n<meta property=\"og:locale\" content=\"pt_BR\" \/>\n<meta property=\"og:type\" content=\"article\" \/>\n<meta property=\"og:title\" content=\"Holanda inicia lockdown e Europa amplia restri\u00e7\u00f5es para conter \u00d4micron - Portal NPM\" \/>\n<meta property=\"og:description\" content=\"A Holanda entrou em um novo lockdown a partir deste domingo, 19, com o objetivo de tentar conter o aumento de casos da variante \u00d4micron. A decis\u00e3o acompanha diversas medidas e restri\u00e7\u00f5es dos pa\u00edses europeus frente ao aumento de casos impulsionado pela nova variante. O an\u00fancio foi feito no s\u00e1bado, 18, pelo primeiro-ministro Mark Rutte. &hellip;\" \/>\n<meta property=\"og:url\" content=\"https:\/\/portalnpm.com\/index.php\/2021\/12\/20\/holanda-inicia-lockdown-e-europa-amplia-restricoes-para-conter-omicron\/\" \/>\n<meta property=\"og:site_name\" content=\"Portal NPM\" \/>\n<meta property=\"article:published_time\" content=\"2021-12-20T08:50:08+00:00\" \/>\n<meta name=\"author\" content=\"Genival Barbosa\" \/>\n<meta name=\"twitter:card\" content=\"summary_large_image\" \/>\n<meta name=\"twitter:label1\" content=\"Escrito por\" \/>\n\t<meta name=\"twitter:data1\" content=\"Genival Barbosa\" \/>\n\t<meta name=\"twitter:label2\" content=\"Est. tempo de leitura\" \/>\n\t<meta name=\"twitter:data2\" content=\"4 minutos\" \/>\n<script type=\"application\/ld+json\" class=\"yoast-schema-graph\">{\"@context\":\"https:\/\/schema.org\",\"@graph\":[{\"@type\":\"WebPage\",\"@id\":\"https:\/\/portalnpm.com\/index.php\/2021\/12\/20\/holanda-inicia-lockdown-e-europa-amplia-restricoes-para-conter-omicron\/\",\"url\":\"https:\/\/portalnpm.com\/index.php\/2021\/12\/20\/holanda-inicia-lockdown-e-europa-amplia-restricoes-para-conter-omicron\/\",\"name\":\"Holanda inicia lockdown e Europa amplia restri\u00e7\u00f5es para conter \u00d4micron - Portal NPM\",\"isPartOf\":{\"@id\":\"https:\/\/portalnpm.com\/#website\"},\"primaryImageOfPage\":{\"@id\":\"https:\/\/portalnpm.com\/index.php\/2021\/12\/20\/holanda-inicia-lockdown-e-europa-amplia-restricoes-para-conter-omicron\/#primaryimage\"},\"image\":{\"@id\":\"https:\/\/portalnpm.com\/index.php\/2021\/12\/20\/holanda-inicia-lockdown-e-europa-amplia-restricoes-para-conter-omicron\/#primaryimage\"},\"thumbnailUrl\":\"\",\"datePublished\":\"2021-12-20T08:50:08+00:00\",\"dateModified\":\"2021-12-20T08:50:08+00:00\",\"author\":{\"@id\":\"https:\/\/portalnpm.com\/#\/schema\/person\/49313e563cfdefcc167f1ee4c017c294\"},\"breadcrumb\":{\"@id\":\"https:\/\/portalnpm.com\/index.php\/2021\/12\/20\/holanda-inicia-lockdown-e-europa-amplia-restricoes-para-conter-omicron\/#breadcrumb\"},\"inLanguage\":\"pt-BR\",\"potentialAction\":[{\"@type\":\"ReadAction\",\"target\":[\"https:\/\/portalnpm.com\/index.php\/2021\/12\/20\/holanda-inicia-lockdown-e-europa-amplia-restricoes-para-conter-omicron\/\"]}]},{\"@type\":\"ImageObject\",\"inLanguage\":\"pt-BR\",\"@id\":\"https:\/\/portalnpm.com\/index.php\/2021\/12\/20\/holanda-inicia-lockdown-e-europa-amplia-restricoes-para-conter-omicron\/#primaryimage\",\"url\":\"\",\"contentUrl\":\"\"},{\"@type\":\"BreadcrumbList\",\"@id\":\"https:\/\/portalnpm.com\/index.php\/2021\/12\/20\/holanda-inicia-lockdown-e-europa-amplia-restricoes-para-conter-omicron\/#breadcrumb\",\"itemListElement\":[{\"@type\":\"ListItem\",\"position\":1,\"name\":\"In\u00edcio\",\"item\":\"https:\/\/portalnpm.com\/\"},{\"@type\":\"ListItem\",\"position\":2,\"name\":\"Holanda inicia lockdown e Europa amplia restri\u00e7\u00f5es para conter \u00d4micron\"}]},{\"@type\":\"WebSite\",\"@id\":\"https:\/\/portalnpm.com\/#website\",\"url\":\"https:\/\/portalnpm.com\/\",\"name\":\"Portal NPM\",\"description\":\"Not\u00edcias em Primeira M\u00e3o\",\"potentialAction\":[{\"@type\":\"SearchAction\",\"target\":{\"@type\":\"EntryPoint\",\"urlTemplate\":\"https:\/\/portalnpm.com\/?s={search_term_string}\"},\"query-input\":\"required name=search_term_string\"}],\"inLanguage\":\"pt-BR\"},{\"@type\":\"Person\",\"@id\":\"https:\/\/portalnpm.com\/#\/schema\/person\/49313e563cfdefcc167f1ee4c017c294\",\"name\":\"Genival Barbosa\",\"image\":{\"@type\":\"ImageObject\",\"inLanguage\":\"pt-BR\",\"@id\":\"https:\/\/portalnpm.com\/#\/schema\/person\/image\/\",\"url\":\"https:\/\/portalnpm.com\/wp-content\/uploads\/2024\/02\/avatar_user_2_1707743258-96x96.jpeg\",\"contentUrl\":\"https:\/\/portalnpm.com\/wp-content\/uploads\/2024\/02\/avatar_user_2_1707743258-96x96.jpeg\",\"caption\":\"Genival Barbosa\"},\"url\":\"https:\/\/portalnpm.com\/index.php\/author\/genival\/\"}]}<\/script>\n<!-- \/ Yoast SEO plugin. -->","yoast_head_json":{"title":"Holanda inicia lockdown e Europa amplia restri\u00e7\u00f5es para conter \u00d4micron - Portal NPM","robots":{"index":"index","follow":"follow","max-snippet":"max-snippet:-1","max-image-preview":"max-image-preview:large","max-video-preview":"max-video-preview:-1"},"canonical":"https:\/\/portalnpm.com\/index.php\/2021\/12\/20\/holanda-inicia-lockdown-e-europa-amplia-restricoes-para-conter-omicron\/","og_locale":"pt_BR","og_type":"article","og_title":"Holanda inicia lockdown e Europa amplia restri\u00e7\u00f5es para conter \u00d4micron - Portal NPM","og_description":"A Holanda entrou em um novo lockdown a partir deste domingo, 19, com o objetivo de tentar conter o aumento de casos da variante \u00d4micron. A decis\u00e3o acompanha diversas medidas e restri\u00e7\u00f5es dos pa\u00edses europeus frente ao aumento de casos impulsionado pela nova variante. O an\u00fancio foi feito no s\u00e1bado, 18, pelo primeiro-ministro Mark Rutte. &hellip;","og_url":"https:\/\/portalnpm.com\/index.php\/2021\/12\/20\/holanda-inicia-lockdown-e-europa-amplia-restricoes-para-conter-omicron\/","og_site_name":"Portal NPM","article_published_time":"2021-12-20T08:50:08+00:00","author":"Genival Barbosa","twitter_card":"summary_large_image","twitter_misc":{"Escrito por":"Genival Barbosa","Est. tempo de leitura":"4 minutos"},"schema":{"@context":"https:\/\/schema.org","@graph":[{"@type":"WebPage","@id":"https:\/\/portalnpm.com\/index.php\/2021\/12\/20\/holanda-inicia-lockdown-e-europa-amplia-restricoes-para-conter-omicron\/","url":"https:\/\/portalnpm.com\/index.php\/2021\/12\/20\/holanda-inicia-lockdown-e-europa-amplia-restricoes-para-conter-omicron\/","name":"Holanda inicia lockdown e Europa amplia restri\u00e7\u00f5es para conter \u00d4micron - Portal NPM","isPartOf":{"@id":"https:\/\/portalnpm.com\/#website"},"primaryImageOfPage":{"@id":"https:\/\/portalnpm.com\/index.php\/2021\/12\/20\/holanda-inicia-lockdown-e-europa-amplia-restricoes-para-conter-omicron\/#primaryimage"},"image":{"@id":"https:\/\/portalnpm.com\/index.php\/2021\/12\/20\/holanda-inicia-lockdown-e-europa-amplia-restricoes-para-conter-omicron\/#primaryimage"},"thumbnailUrl":"","datePublished":"2021-12-20T08:50:08+00:00","dateModified":"2021-12-20T08:50:08+00:00","author":{"@id":"https:\/\/portalnpm.com\/#\/schema\/person\/49313e563cfdefcc167f1ee4c017c294"},"breadcrumb":{"@id":"https:\/\/portalnpm.com\/index.php\/2021\/12\/20\/holanda-inicia-lockdown-e-europa-amplia-restricoes-para-conter-omicron\/#breadcrumb"},"inLanguage":"pt-BR","potentialAction":[{"@type":"ReadAction","target":["https:\/\/portalnpm.com\/index.php\/2021\/12\/20\/holanda-inicia-lockdown-e-europa-amplia-restricoes-para-conter-omicron\/"]}]},{"@type":"ImageObject","inLanguage":"pt-BR","@id":"https:\/\/portalnpm.com\/index.php\/2021\/12\/20\/holanda-inicia-lockdown-e-europa-amplia-restricoes-para-conter-omicron\/#primaryimage","url":"","contentUrl":""},{"@type":"BreadcrumbList","@id":"https:\/\/portalnpm.com\/index.php\/2021\/12\/20\/holanda-inicia-lockdown-e-europa-amplia-restricoes-para-conter-omicron\/#breadcrumb","itemListElement":[{"@type":"ListItem","position":1,"name":"In\u00edcio","item":"https:\/\/portalnpm.com\/"},{"@type":"ListItem","position":2,"name":"Holanda inicia lockdown e Europa amplia restri\u00e7\u00f5es para conter \u00d4micron"}]},{"@type":"WebSite","@id":"https:\/\/portalnpm.com\/#website","url":"https:\/\/portalnpm.com\/","name":"Portal NPM","description":"Not\u00edcias em Primeira M\u00e3o","potentialAction":[{"@type":"SearchAction","target":{"@type":"EntryPoint","urlTemplate":"https:\/\/portalnpm.com\/?s={search_term_string}"},"query-input":"required name=search_term_string"}],"inLanguage":"pt-BR"},{"@type":"Person","@id":"https:\/\/portalnpm.com\/#\/schema\/person\/49313e563cfdefcc167f1ee4c017c294","name":"Genival Barbosa","image":{"@type":"ImageObject","inLanguage":"pt-BR","@id":"https:\/\/portalnpm.com\/#\/schema\/person\/image\/","url":"https:\/\/portalnpm.com\/wp-content\/uploads\/2024\/02\/avatar_user_2_1707743258-96x96.jpeg","contentUrl":"https:\/\/portalnpm.com\/wp-content\/uploads\/2024\/02\/avatar_user_2_1707743258-96x96.jpeg","caption":"Genival Barbosa"},"url":"https:\/\/portalnpm.com\/index.php\/author\/genival\/"}]}},"jetpack_sharing_enabled":true,"jetpack_featured_media_url":"","_links":{"self":[{"href":"https:\/\/portalnpm.com\/index.php\/wp-json\/wp\/v2\/posts\/39206"}],"collection":[{"href":"https:\/\/portalnpm.com\/index.php\/wp-json\/wp\/v2\/posts"}],"about":[{"href":"https:\/\/portalnpm.com\/index.php\/wp-json\/wp\/v2\/types\/post"}],"author":[{"embeddable":true,"href":"https:\/\/portalnpm.com\/index.php\/wp-json\/wp\/v2\/users\/2"}],"replies":[{"embeddable":true,"href":"https:\/\/portalnpm.com\/index.php\/wp-json\/wp\/v2\/comments?post=39206"}],"version-history":[{"count":0,"href":"https:\/\/portalnpm.com\/index.php\/wp-json\/wp\/v2\/posts\/39206\/revisions"}],"wp:featuredmedia":[{"embeddable":true,"href":"https:\/\/portalnpm.com\/index.php\/wp-json\/"}],"wp:attachment":[{"href":"https:\/\/portalnpm.com\/index.php\/wp-json\/wp\/v2\/media?parent=39206"}],"wp:term":[{"taxonomy":"category","embeddable":true,"href":"https:\/\/portalnpm.com\/index.php\/wp-json\/wp\/v2\/categories?post=39206"},{"taxonomy":"post_tag","embeddable":true,"href":"https:\/\/portalnpm.com\/index.php\/wp-json\/wp\/v2\/tags?post=39206"}],"curies":[{"name":"wp","href":"https:\/\/api.w.org\/{rel}","templated":true}]}}