{"id":39221,"date":"2021-12-20T09:47:56","date_gmt":"2021-12-20T12:47:56","guid":{"rendered":"https:\/\/backupnpm.codetainer.com.br\/?p=39221"},"modified":"2021-12-20T09:47:56","modified_gmt":"2021-12-20T12:47:56","slug":"homem-morre-apos-colisao-frontal-entre-duas-motocicletas-na-zona-rural-de-vila-nova","status":"publish","type":"post","link":"https:\/\/portalnpm.com\/index.php\/2021\/12\/20\/homem-morre-apos-colisao-frontal-entre-duas-motocicletas-na-zona-rural-de-vila-nova\/","title":{"rendered":"Homem morre ap\u00f3s colis\u00e3o frontal entre duas motocicletas na zona rural de Vila Nova"},"content":{"rendered":"<p style=\"text-align: justify;\">Um acidente registrado no in\u00edcio da manh\u00e3 dessa segunda-feira, 20 de dezembro, na rodovia Jovelino Rom\u00e3o da Silva que interliga a cidade de Vila Nova do Piau\u00ed ao povoado S\u00e3o Jo\u00e3o Batista, vitimou um homem identificado como Greg\u00f3rio Jovelino da Silva.<\/p>\n<p style=\"text-align: justify;\">\n<p style=\"text-align: justify;\">\n<p style=\"text-align: justify;\">A v\u00edtima veio a \u00f3bito no local do acidente ap\u00f3s colidir frontalmente com outra motocicleta que vinha no sentido contr\u00e1rio da via.<\/p>\n<p style=\"text-align: justify;\">O impacto ocorreu pr\u00f3ximo a altura da localidade Lagoa do Prov\u00edsio, zona rural do munic\u00edpio.<\/p>\n<p style=\"text-align: justify;\">O outro motociclista, identificado apenas como \u2018Hon\u00f3rio\u2019, ficou ferido e em seguida foi socorrido e encaminhado para o hospital regional de Picos.<\/p>\n<div id=\"attachment_258949\" class=\"wp-caption alignnone\" style=\"text-align: justify;\"><img fetchpriority=\"high\" decoding=\"async\" class=\"size-full wp-image-258949\" src=\"https:\/\/www.piauiemfoco.com.br\/wp-content\/uploads\/2021\/12\/InShot_20211220_090636330.jpg\" sizes=\"(max-width: 2560px) 100vw, 2560px\" srcset=\"https:\/\/www.piauiemfoco.com.br\/wp-content\/uploads\/2021\/12\/InShot_20211220_090636330.jpg 2560w, https:\/\/www.piauiemfoco.com.br\/wp-content\/uploads\/2021\/12\/InShot_20211220_090636330-300x225.jpg 300w, https:\/\/www.piauiemfoco.com.br\/wp-content\/uploads\/2021\/12\/InShot_20211220_090636330-1024x768.jpg 1024w, https:\/\/www.piauiemfoco.com.br\/wp-content\/uploads\/2021\/12\/InShot_20211220_090636330-768x576.jpg 768w, https:\/\/www.piauiemfoco.com.br\/wp-content\/uploads\/2021\/12\/InShot_20211220_090636330-1536x1152.jpg 1536w, https:\/\/www.piauiemfoco.com.br\/wp-content\/uploads\/2021\/12\/InShot_20211220_090636330-2048x1536.jpg 2048w, https:\/\/www.piauiemfoco.com.br\/wp-content\/uploads\/2021\/12\/InShot_20211220_090636330-640x480.jpg 640w\" alt=\"\" width=\"2560\" height=\"1920\" aria-describedby=\"caption-attachment-258949\" \/><\/p>\n<p id=\"caption-attachment-258949\" class=\"wp-caption-text\">Greg\u00f3rio Jovelino<\/p>\n<\/div>\n<p style=\"text-align: justify;\">Segundo informa\u00e7\u00f5es preliminares, Greg\u00f3rio Jovelino seguia no sentido do povoado S\u00e3o Jo\u00e3o Batista em dire\u00e7\u00e3o para a sede da cidade quando chocou com o outro ve\u00edculo.<\/p>\n<p style=\"text-align: justify;\">O Grupamento de Pol\u00edcia Militar de Vila Nova est\u00e1 no local do acidente.<\/p>\n<p style=\"text-align: justify;\">A v\u00edtima do ocorrido \u00e9 irm\u00e3o do ex-vereador vilanovense, Reinaldo Jovelino. A via onde ocorreu a colis\u00e3o fatal leva o nome do seu pai, em homenagem p\u00f3stuma a Jovelino Rom\u00e3o da Silva.<\/p>\n<div id=\"attachment_258942\" class=\"wp-caption alignnone\" style=\"text-align: justify;\"><img decoding=\"async\" class=\"size-full wp-image-258942\" src=\"https:\/\/www.piauiemfoco.com.br\/wp-content\/uploads\/2021\/12\/IMG-20211220-WA0017.jpg\" sizes=\"(max-width: 720px) 100vw, 720px\" srcset=\"https:\/\/www.piauiemfoco.com.br\/wp-content\/uploads\/2021\/12\/IMG-20211220-WA0017.jpg 720w, https:\/\/www.piauiemfoco.com.br\/wp-content\/uploads\/2021\/12\/IMG-20211220-WA0017-169x300.jpg 169w, https:\/\/www.piauiemfoco.com.br\/wp-content\/uploads\/2021\/12\/IMG-20211220-WA0017-576x1024.jpg 576w, https:\/\/www.piauiemfoco.com.br\/wp-content\/uploads\/2021\/12\/IMG-20211220-WA0017-640x1138.jpg 640w\" alt=\"\" width=\"720\" height=\"1280\" aria-describedby=\"caption-attachment-258942\" \/><\/p>\n<p id=\"caption-attachment-258942\" class=\"wp-caption-text\">Homem morre ap\u00f3s colis\u00e3o frontal entre duas motocicletas na zona rural de Vila Nova<\/p>\n<\/div>\n<p style=\"text-align: justify;\"><em>Aguarde mais informa\u00e7\u00f5es<\/em><\/p>\n<p style=\"text-align: justify;\"><em><strong>Fonte:\u00a0 Piau\u00ed em Foco<\/strong><\/em><\/p>\n","protected":false},"excerpt":{"rendered":"<p>Um acidente registrado no in\u00edcio da manh\u00e3 dessa segunda-feira, 20 de dezembro, na rodovia Jovelino Rom\u00e3o da Silva que interliga a cidade de Vila Nova do Piau\u00ed ao povoado S\u00e3o Jo\u00e3o Batista, vitimou um homem identificado como Greg\u00f3rio Jovelino da Silva. A v\u00edtima veio a \u00f3bito no local do acidente ap\u00f3s colidir frontalmente com outra &hellip;<\/p>\n","protected":false},"author":2,"featured_media":39222,"comment_status":"open","ping_status":"open","sticky":false,"template":"","format":"standard","meta":{"content-type":"","rop_custom_images_group":[],"rop_custom_messages_group":[],"rop_publish_now":"initial","rop_publish_now_accounts":{"facebook_2648258775420054_1618374048415101":""},"rop_publish_now_history":[],"rop_publish_now_status":"pending","footnotes":"","_jetpack_memberships_contains_paid_content":false},"categories":[113,109,574],"tags":[154,575],"yoast_head":"<!-- This site is optimized with the Yoast SEO plugin v22.3 - https:\/\/yoast.com\/wordpress\/plugins\/seo\/ -->\n<title>Homem morre ap\u00f3s colis\u00e3o frontal entre duas motocicletas na zona rural de Vila Nova - Portal NPM<\/title>\n<meta name=\"robots\" content=\"index, follow, max-snippet:-1, max-image-preview:large, max-video-preview:-1\" \/>\n<link rel=\"canonical\" href=\"https:\/\/portalnpm.com\/index.php\/2021\/12\/20\/homem-morre-apos-colisao-frontal-entre-duas-motocicletas-na-zona-rural-de-vila-nova\/\" \/>\n<meta property=\"og:locale\" content=\"pt_BR\" \/>\n<meta property=\"og:type\" content=\"article\" \/>\n<meta property=\"og:title\" content=\"Homem morre ap\u00f3s colis\u00e3o frontal entre duas motocicletas na zona rural de Vila Nova - Portal NPM\" \/>\n<meta property=\"og:description\" content=\"Um acidente registrado no in\u00edcio da manh\u00e3 dessa segunda-feira, 20 de dezembro, na rodovia Jovelino Rom\u00e3o da Silva que interliga a cidade de Vila Nova do Piau\u00ed ao povoado S\u00e3o Jo\u00e3o Batista, vitimou um homem identificado como Greg\u00f3rio Jovelino da Silva. A v\u00edtima veio a \u00f3bito no local do acidente ap\u00f3s colidir frontalmente com outra &hellip;\" \/>\n<meta property=\"og:url\" content=\"https:\/\/portalnpm.com\/index.php\/2021\/12\/20\/homem-morre-apos-colisao-frontal-entre-duas-motocicletas-na-zona-rural-de-vila-nova\/\" \/>\n<meta property=\"og:site_name\" content=\"Portal NPM\" \/>\n<meta property=\"article:published_time\" content=\"2021-12-20T12:47:56+00:00\" \/>\n<meta name=\"author\" content=\"Genival Barbosa\" \/>\n<meta name=\"twitter:card\" content=\"summary_large_image\" \/>\n<meta name=\"twitter:label1\" content=\"Escrito por\" \/>\n\t<meta name=\"twitter:data1\" content=\"Genival Barbosa\" \/>\n\t<meta name=\"twitter:label2\" content=\"Est. tempo de leitura\" \/>\n\t<meta name=\"twitter:data2\" content=\"2 minutos\" \/>\n<script type=\"application\/ld+json\" class=\"yoast-schema-graph\">{\"@context\":\"https:\/\/schema.org\",\"@graph\":[{\"@type\":\"WebPage\",\"@id\":\"https:\/\/portalnpm.com\/index.php\/2021\/12\/20\/homem-morre-apos-colisao-frontal-entre-duas-motocicletas-na-zona-rural-de-vila-nova\/\",\"url\":\"https:\/\/portalnpm.com\/index.php\/2021\/12\/20\/homem-morre-apos-colisao-frontal-entre-duas-motocicletas-na-zona-rural-de-vila-nova\/\",\"name\":\"Homem morre ap\u00f3s colis\u00e3o frontal entre duas motocicletas na zona rural de Vila Nova - Portal NPM\",\"isPartOf\":{\"@id\":\"https:\/\/portalnpm.com\/#website\"},\"primaryImageOfPage\":{\"@id\":\"https:\/\/portalnpm.com\/index.php\/2021\/12\/20\/homem-morre-apos-colisao-frontal-entre-duas-motocicletas-na-zona-rural-de-vila-nova\/#primaryimage\"},\"image\":{\"@id\":\"https:\/\/portalnpm.com\/index.php\/2021\/12\/20\/homem-morre-apos-colisao-frontal-entre-duas-motocicletas-na-zona-rural-de-vila-nova\/#primaryimage\"},\"thumbnailUrl\":\"\",\"datePublished\":\"2021-12-20T12:47:56+00:00\",\"dateModified\":\"2021-12-20T12:47:56+00:00\",\"author\":{\"@id\":\"https:\/\/portalnpm.com\/#\/schema\/person\/49313e563cfdefcc167f1ee4c017c294\"},\"breadcrumb\":{\"@id\":\"https:\/\/portalnpm.com\/index.php\/2021\/12\/20\/homem-morre-apos-colisao-frontal-entre-duas-motocicletas-na-zona-rural-de-vila-nova\/#breadcrumb\"},\"inLanguage\":\"pt-BR\",\"potentialAction\":[{\"@type\":\"ReadAction\",\"target\":[\"https:\/\/portalnpm.com\/index.php\/2021\/12\/20\/homem-morre-apos-colisao-frontal-entre-duas-motocicletas-na-zona-rural-de-vila-nova\/\"]}]},{\"@type\":\"ImageObject\",\"inLanguage\":\"pt-BR\",\"@id\":\"https:\/\/portalnpm.com\/index.php\/2021\/12\/20\/homem-morre-apos-colisao-frontal-entre-duas-motocicletas-na-zona-rural-de-vila-nova\/#primaryimage\",\"url\":\"\",\"contentUrl\":\"\"},{\"@type\":\"BreadcrumbList\",\"@id\":\"https:\/\/portalnpm.com\/index.php\/2021\/12\/20\/homem-morre-apos-colisao-frontal-entre-duas-motocicletas-na-zona-rural-de-vila-nova\/#breadcrumb\",\"itemListElement\":[{\"@type\":\"ListItem\",\"position\":1,\"name\":\"In\u00edcio\",\"item\":\"https:\/\/portalnpm.com\/\"},{\"@type\":\"ListItem\",\"position\":2,\"name\":\"Homem morre ap\u00f3s colis\u00e3o frontal entre duas motocicletas na zona rural de Vila Nova\"}]},{\"@type\":\"WebSite\",\"@id\":\"https:\/\/portalnpm.com\/#website\",\"url\":\"https:\/\/portalnpm.com\/\",\"name\":\"Portal NPM\",\"description\":\"Not\u00edcias em Primeira M\u00e3o\",\"potentialAction\":[{\"@type\":\"SearchAction\",\"target\":{\"@type\":\"EntryPoint\",\"urlTemplate\":\"https:\/\/portalnpm.com\/?s={search_term_string}\"},\"query-input\":\"required name=search_term_string\"}],\"inLanguage\":\"pt-BR\"},{\"@type\":\"Person\",\"@id\":\"https:\/\/portalnpm.com\/#\/schema\/person\/49313e563cfdefcc167f1ee4c017c294\",\"name\":\"Genival Barbosa\",\"image\":{\"@type\":\"ImageObject\",\"inLanguage\":\"pt-BR\",\"@id\":\"https:\/\/portalnpm.com\/#\/schema\/person\/image\/\",\"url\":\"https:\/\/portalnpm.com\/wp-content\/uploads\/2024\/02\/avatar_user_2_1707743258-96x96.jpeg\",\"contentUrl\":\"https:\/\/portalnpm.com\/wp-content\/uploads\/2024\/02\/avatar_user_2_1707743258-96x96.jpeg\",\"caption\":\"Genival Barbosa\"},\"url\":\"https:\/\/portalnpm.com\/index.php\/author\/genival\/\"}]}<\/script>\n<!-- \/ Yoast SEO plugin. -->","yoast_head_json":{"title":"Homem morre ap\u00f3s colis\u00e3o frontal entre duas motocicletas na zona rural de Vila Nova - Portal NPM","robots":{"index":"index","follow":"follow","max-snippet":"max-snippet:-1","max-image-preview":"max-image-preview:large","max-video-preview":"max-video-preview:-1"},"canonical":"https:\/\/portalnpm.com\/index.php\/2021\/12\/20\/homem-morre-apos-colisao-frontal-entre-duas-motocicletas-na-zona-rural-de-vila-nova\/","og_locale":"pt_BR","og_type":"article","og_title":"Homem morre ap\u00f3s colis\u00e3o frontal entre duas motocicletas na zona rural de Vila Nova - Portal NPM","og_description":"Um acidente registrado no in\u00edcio da manh\u00e3 dessa segunda-feira, 20 de dezembro, na rodovia Jovelino Rom\u00e3o da Silva que interliga a cidade de Vila Nova do Piau\u00ed ao povoado S\u00e3o Jo\u00e3o Batista, vitimou um homem identificado como Greg\u00f3rio Jovelino da Silva. A v\u00edtima veio a \u00f3bito no local do acidente ap\u00f3s colidir frontalmente com outra &hellip;","og_url":"https:\/\/portalnpm.com\/index.php\/2021\/12\/20\/homem-morre-apos-colisao-frontal-entre-duas-motocicletas-na-zona-rural-de-vila-nova\/","og_site_name":"Portal NPM","article_published_time":"2021-12-20T12:47:56+00:00","author":"Genival Barbosa","twitter_card":"summary_large_image","twitter_misc":{"Escrito por":"Genival Barbosa","Est. tempo de leitura":"2 minutos"},"schema":{"@context":"https:\/\/schema.org","@graph":[{"@type":"WebPage","@id":"https:\/\/portalnpm.com\/index.php\/2021\/12\/20\/homem-morre-apos-colisao-frontal-entre-duas-motocicletas-na-zona-rural-de-vila-nova\/","url":"https:\/\/portalnpm.com\/index.php\/2021\/12\/20\/homem-morre-apos-colisao-frontal-entre-duas-motocicletas-na-zona-rural-de-vila-nova\/","name":"Homem morre ap\u00f3s colis\u00e3o frontal entre duas motocicletas na zona rural de Vila Nova - Portal NPM","isPartOf":{"@id":"https:\/\/portalnpm.com\/#website"},"primaryImageOfPage":{"@id":"https:\/\/portalnpm.com\/index.php\/2021\/12\/20\/homem-morre-apos-colisao-frontal-entre-duas-motocicletas-na-zona-rural-de-vila-nova\/#primaryimage"},"image":{"@id":"https:\/\/portalnpm.com\/index.php\/2021\/12\/20\/homem-morre-apos-colisao-frontal-entre-duas-motocicletas-na-zona-rural-de-vila-nova\/#primaryimage"},"thumbnailUrl":"","datePublished":"2021-12-20T12:47:56+00:00","dateModified":"2021-12-20T12:47:56+00:00","author":{"@id":"https:\/\/portalnpm.com\/#\/schema\/person\/49313e563cfdefcc167f1ee4c017c294"},"breadcrumb":{"@id":"https:\/\/portalnpm.com\/index.php\/2021\/12\/20\/homem-morre-apos-colisao-frontal-entre-duas-motocicletas-na-zona-rural-de-vila-nova\/#breadcrumb"},"inLanguage":"pt-BR","potentialAction":[{"@type":"ReadAction","target":["https:\/\/portalnpm.com\/index.php\/2021\/12\/20\/homem-morre-apos-colisao-frontal-entre-duas-motocicletas-na-zona-rural-de-vila-nova\/"]}]},{"@type":"ImageObject","inLanguage":"pt-BR","@id":"https:\/\/portalnpm.com\/index.php\/2021\/12\/20\/homem-morre-apos-colisao-frontal-entre-duas-motocicletas-na-zona-rural-de-vila-nova\/#primaryimage","url":"","contentUrl":""},{"@type":"BreadcrumbList","@id":"https:\/\/portalnpm.com\/index.php\/2021\/12\/20\/homem-morre-apos-colisao-frontal-entre-duas-motocicletas-na-zona-rural-de-vila-nova\/#breadcrumb","itemListElement":[{"@type":"ListItem","position":1,"name":"In\u00edcio","item":"https:\/\/portalnpm.com\/"},{"@type":"ListItem","position":2,"name":"Homem morre ap\u00f3s colis\u00e3o frontal entre duas motocicletas na zona rural de Vila Nova"}]},{"@type":"WebSite","@id":"https:\/\/portalnpm.com\/#website","url":"https:\/\/portalnpm.com\/","name":"Portal NPM","description":"Not\u00edcias em Primeira M\u00e3o","potentialAction":[{"@type":"SearchAction","target":{"@type":"EntryPoint","urlTemplate":"https:\/\/portalnpm.com\/?s={search_term_string}"},"query-input":"required name=search_term_string"}],"inLanguage":"pt-BR"},{"@type":"Person","@id":"https:\/\/portalnpm.com\/#\/schema\/person\/49313e563cfdefcc167f1ee4c017c294","name":"Genival Barbosa","image":{"@type":"ImageObject","inLanguage":"pt-BR","@id":"https:\/\/portalnpm.com\/#\/schema\/person\/image\/","url":"https:\/\/portalnpm.com\/wp-content\/uploads\/2024\/02\/avatar_user_2_1707743258-96x96.jpeg","contentUrl":"https:\/\/portalnpm.com\/wp-content\/uploads\/2024\/02\/avatar_user_2_1707743258-96x96.jpeg","caption":"Genival Barbosa"},"url":"https:\/\/portalnpm.com\/index.php\/author\/genival\/"}]}},"jetpack_sharing_enabled":true,"jetpack_featured_media_url":"","_links":{"self":[{"href":"https:\/\/portalnpm.com\/index.php\/wp-json\/wp\/v2\/posts\/39221"}],"collection":[{"href":"https:\/\/portalnpm.com\/index.php\/wp-json\/wp\/v2\/posts"}],"about":[{"href":"https:\/\/portalnpm.com\/index.php\/wp-json\/wp\/v2\/types\/post"}],"author":[{"embeddable":true,"href":"https:\/\/portalnpm.com\/index.php\/wp-json\/wp\/v2\/users\/2"}],"replies":[{"embeddable":true,"href":"https:\/\/portalnpm.com\/index.php\/wp-json\/wp\/v2\/comments?post=39221"}],"version-history":[{"count":0,"href":"https:\/\/portalnpm.com\/index.php\/wp-json\/wp\/v2\/posts\/39221\/revisions"}],"wp:featuredmedia":[{"embeddable":true,"href":"https:\/\/portalnpm.com\/index.php\/wp-json\/"}],"wp:attachment":[{"href":"https:\/\/portalnpm.com\/index.php\/wp-json\/wp\/v2\/media?parent=39221"}],"wp:term":[{"taxonomy":"category","embeddable":true,"href":"https:\/\/portalnpm.com\/index.php\/wp-json\/wp\/v2\/categories?post=39221"},{"taxonomy":"post_tag","embeddable":true,"href":"https:\/\/portalnpm.com\/index.php\/wp-json\/wp\/v2\/tags?post=39221"}],"curies":[{"name":"wp","href":"https:\/\/api.w.org\/{rel}","templated":true}]}}