{"id":39237,"date":"2021-12-20T19:12:50","date_gmt":"2021-12-20T22:12:50","guid":{"rendered":"https:\/\/backupnpm.codetainer.com.br\/?p=39237"},"modified":"2021-12-20T19:12:50","modified_gmt":"2021-12-20T22:12:50","slug":"jovem-de-24-anos-e-assassinado-com-tres-tiros-no-litoral-do-piaui","status":"publish","type":"post","link":"https:\/\/portalnpm.com\/index.php\/2021\/12\/20\/jovem-de-24-anos-e-assassinado-com-tres-tiros-no-litoral-do-piaui\/","title":{"rendered":"Jovem de 24 anos \u00e9 assassinado com tr\u00eas tiros no litoral do Piau\u00ed"},"content":{"rendered":"<p style=\"text-align: justify;\">Um homem conhecido como\u00a0Marcondes dos Santos Nascimento, de\u00a024 anos, foi assassinado brutalmente na manh\u00e3 deste domingo (19\/12), nas\u00a0proximidades da cidade de Barra Grande regi\u00e3o Norte do Piau\u00ed. As informa\u00e7\u00f5es s\u00e3o do\u00a0<a href=\"https:\/\/phbwebcidade.com.br\/policia\/jovem-de-24-anos-e-assassinado-com-tres-tiros-em-barra-grande-pi\/\" target=\"_blank\" rel=\"noopener\"><strong>PHB Web Cidade<\/strong><\/a>.<\/p>\n<div class=\"big-image-noticia\" style=\"text-align: justify;\"><a class=\"imageRevael\" href=\"https:\/\/storage.stwonline.com.br\/180graus\/media\/image_bank\/2021\/12\/marcondes-dos-santos-nascimento-assassinado-com-tres-tiros.jpg\" data-modaal-desc=\"Marcondes dos Santos Nascimento, assassinado com tr\u00eas tiros na cabe\u00e7a em Barra Grande PI\"><img decoding=\"async\" src=\"https:\/\/storage.stwonline.com.br\/180graus\/media\/image_bank\/2021\/12\/marcondes-dos-santos-nascimento-assassinado-com-tres-tiros.jpg\" alt=\"Marcondes dos Santos Nascimento, assassinado com tr\u00eas tiros na cabe\u00e7a em Barra Grande PI\" width=\"undefined\" height=\"undefined\" \/><\/a><\/p>\n<div class=\"legend\">Marcondes dos Santos Nascimento, assassinado com tr\u00eas tiros na cabe\u00e7a em Barra Grande PI<\/div>\n<\/div>\n<p style=\"text-align: justify;\">De acordo com informa\u00e7\u00f5es da\u00a0policia, a v\u00edtima teria\u00a0sido abordada\u00a0por tr\u00eas homens em um ve\u00edculo n\u00e3o identificado e ao sa\u00edrem do autom\u00f3vel, pegaram Marcondes de surpresa, levaram a um matagal, amarraram seus bra\u00e7os com uma corda e efetuaram tr\u00eas disparos de arma de fogo ponto 40.<\/p>\n<p style=\"text-align: justify;\">Diante dos fatos, o Instituto M\u00e9dico Legal (IML) foi acionado e a v\u00edtima conduzida para a os procedimentos legais e logo ap\u00f3s a retirada do corpo por familiares para ser velado.<\/p>\n<p style=\"text-align: justify;\">A v\u00edtima tinha hist\u00f3rico de furtos e era envolvido com fac\u00e7\u00f5es.<\/p>\n<p style=\"text-align: justify;\"><strong>Com informa\u00e7\u00f5es do\u00a0canal de YouTube J. Marcos.<\/strong><\/p>\n","protected":false},"excerpt":{"rendered":"<p>Um homem conhecido como\u00a0Marcondes dos Santos Nascimento, de\u00a024 anos, foi assassinado brutalmente na manh\u00e3 deste domingo (19\/12), nas\u00a0proximidades da cidade de Barra Grande regi\u00e3o Norte do Piau\u00ed. As informa\u00e7\u00f5es s\u00e3o do\u00a0PHB Web Cidade. Marcondes dos Santos Nascimento, assassinado com tr\u00eas tiros na cabe\u00e7a em Barra Grande PI De acordo com informa\u00e7\u00f5es da\u00a0policia, a v\u00edtima teria\u00a0sido &hellip;<\/p>\n","protected":false},"author":2,"featured_media":39238,"comment_status":"open","ping_status":"open","sticky":false,"template":"","format":"standard","meta":{"content-type":"","rop_custom_images_group":[],"rop_custom_messages_group":[],"rop_publish_now":"initial","rop_publish_now_accounts":{"facebook_2648258775420054_1618374048415101":""},"rop_publish_now_history":[],"rop_publish_now_status":"pending","footnotes":"","_jetpack_memberships_contains_paid_content":false},"categories":[145],"tags":[172,460,187],"yoast_head":"<!-- This site is optimized with the Yoast SEO plugin v22.3 - https:\/\/yoast.com\/wordpress\/plugins\/seo\/ -->\n<title>Jovem de 24 anos \u00e9 assassinado com tr\u00eas tiros no litoral do Piau\u00ed - Portal NPM<\/title>\n<meta name=\"robots\" content=\"index, follow, max-snippet:-1, max-image-preview:large, max-video-preview:-1\" \/>\n<link rel=\"canonical\" href=\"https:\/\/portalnpm.com\/index.php\/2021\/12\/20\/jovem-de-24-anos-e-assassinado-com-tres-tiros-no-litoral-do-piaui\/\" \/>\n<meta property=\"og:locale\" content=\"pt_BR\" \/>\n<meta property=\"og:type\" content=\"article\" \/>\n<meta property=\"og:title\" content=\"Jovem de 24 anos \u00e9 assassinado com tr\u00eas tiros no litoral do Piau\u00ed - Portal NPM\" \/>\n<meta property=\"og:description\" content=\"Um homem conhecido como\u00a0Marcondes dos Santos Nascimento, de\u00a024 anos, foi assassinado brutalmente na manh\u00e3 deste domingo (19\/12), nas\u00a0proximidades da cidade de Barra Grande regi\u00e3o Norte do Piau\u00ed. As informa\u00e7\u00f5es s\u00e3o do\u00a0PHB Web Cidade. Marcondes dos Santos Nascimento, assassinado com tr\u00eas tiros na cabe\u00e7a em Barra Grande PI De acordo com informa\u00e7\u00f5es da\u00a0policia, a v\u00edtima teria\u00a0sido &hellip;\" \/>\n<meta property=\"og:url\" content=\"https:\/\/portalnpm.com\/index.php\/2021\/12\/20\/jovem-de-24-anos-e-assassinado-com-tres-tiros-no-litoral-do-piaui\/\" \/>\n<meta property=\"og:site_name\" content=\"Portal NPM\" \/>\n<meta property=\"article:published_time\" content=\"2021-12-20T22:12:50+00:00\" \/>\n<meta name=\"author\" content=\"Genival Barbosa\" \/>\n<meta name=\"twitter:card\" content=\"summary_large_image\" \/>\n<meta name=\"twitter:label1\" content=\"Escrito por\" \/>\n\t<meta name=\"twitter:data1\" content=\"Genival Barbosa\" \/>\n\t<meta name=\"twitter:label2\" content=\"Est. tempo de leitura\" \/>\n\t<meta name=\"twitter:data2\" content=\"1 minuto\" \/>\n<script type=\"application\/ld+json\" class=\"yoast-schema-graph\">{\"@context\":\"https:\/\/schema.org\",\"@graph\":[{\"@type\":\"WebPage\",\"@id\":\"https:\/\/portalnpm.com\/index.php\/2021\/12\/20\/jovem-de-24-anos-e-assassinado-com-tres-tiros-no-litoral-do-piaui\/\",\"url\":\"https:\/\/portalnpm.com\/index.php\/2021\/12\/20\/jovem-de-24-anos-e-assassinado-com-tres-tiros-no-litoral-do-piaui\/\",\"name\":\"Jovem de 24 anos \u00e9 assassinado com tr\u00eas tiros no litoral do Piau\u00ed - Portal NPM\",\"isPartOf\":{\"@id\":\"https:\/\/portalnpm.com\/#website\"},\"primaryImageOfPage\":{\"@id\":\"https:\/\/portalnpm.com\/index.php\/2021\/12\/20\/jovem-de-24-anos-e-assassinado-com-tres-tiros-no-litoral-do-piaui\/#primaryimage\"},\"image\":{\"@id\":\"https:\/\/portalnpm.com\/index.php\/2021\/12\/20\/jovem-de-24-anos-e-assassinado-com-tres-tiros-no-litoral-do-piaui\/#primaryimage\"},\"thumbnailUrl\":\"\",\"datePublished\":\"2021-12-20T22:12:50+00:00\",\"dateModified\":\"2021-12-20T22:12:50+00:00\",\"author\":{\"@id\":\"https:\/\/portalnpm.com\/#\/schema\/person\/49313e563cfdefcc167f1ee4c017c294\"},\"breadcrumb\":{\"@id\":\"https:\/\/portalnpm.com\/index.php\/2021\/12\/20\/jovem-de-24-anos-e-assassinado-com-tres-tiros-no-litoral-do-piaui\/#breadcrumb\"},\"inLanguage\":\"pt-BR\",\"potentialAction\":[{\"@type\":\"ReadAction\",\"target\":[\"https:\/\/portalnpm.com\/index.php\/2021\/12\/20\/jovem-de-24-anos-e-assassinado-com-tres-tiros-no-litoral-do-piaui\/\"]}]},{\"@type\":\"ImageObject\",\"inLanguage\":\"pt-BR\",\"@id\":\"https:\/\/portalnpm.com\/index.php\/2021\/12\/20\/jovem-de-24-anos-e-assassinado-com-tres-tiros-no-litoral-do-piaui\/#primaryimage\",\"url\":\"\",\"contentUrl\":\"\"},{\"@type\":\"BreadcrumbList\",\"@id\":\"https:\/\/portalnpm.com\/index.php\/2021\/12\/20\/jovem-de-24-anos-e-assassinado-com-tres-tiros-no-litoral-do-piaui\/#breadcrumb\",\"itemListElement\":[{\"@type\":\"ListItem\",\"position\":1,\"name\":\"In\u00edcio\",\"item\":\"https:\/\/portalnpm.com\/\"},{\"@type\":\"ListItem\",\"position\":2,\"name\":\"Jovem de 24 anos \u00e9 assassinado com tr\u00eas tiros no litoral do Piau\u00ed\"}]},{\"@type\":\"WebSite\",\"@id\":\"https:\/\/portalnpm.com\/#website\",\"url\":\"https:\/\/portalnpm.com\/\",\"name\":\"Portal NPM\",\"description\":\"Not\u00edcias em Primeira M\u00e3o\",\"potentialAction\":[{\"@type\":\"SearchAction\",\"target\":{\"@type\":\"EntryPoint\",\"urlTemplate\":\"https:\/\/portalnpm.com\/?s={search_term_string}\"},\"query-input\":\"required name=search_term_string\"}],\"inLanguage\":\"pt-BR\"},{\"@type\":\"Person\",\"@id\":\"https:\/\/portalnpm.com\/#\/schema\/person\/49313e563cfdefcc167f1ee4c017c294\",\"name\":\"Genival Barbosa\",\"image\":{\"@type\":\"ImageObject\",\"inLanguage\":\"pt-BR\",\"@id\":\"https:\/\/portalnpm.com\/#\/schema\/person\/image\/\",\"url\":\"https:\/\/portalnpm.com\/wp-content\/uploads\/2024\/02\/avatar_user_2_1707743258-96x96.jpeg\",\"contentUrl\":\"https:\/\/portalnpm.com\/wp-content\/uploads\/2024\/02\/avatar_user_2_1707743258-96x96.jpeg\",\"caption\":\"Genival Barbosa\"},\"url\":\"https:\/\/portalnpm.com\/index.php\/author\/genival\/\"}]}<\/script>\n<!-- \/ Yoast SEO plugin. -->","yoast_head_json":{"title":"Jovem de 24 anos \u00e9 assassinado com tr\u00eas tiros no litoral do Piau\u00ed - Portal NPM","robots":{"index":"index","follow":"follow","max-snippet":"max-snippet:-1","max-image-preview":"max-image-preview:large","max-video-preview":"max-video-preview:-1"},"canonical":"https:\/\/portalnpm.com\/index.php\/2021\/12\/20\/jovem-de-24-anos-e-assassinado-com-tres-tiros-no-litoral-do-piaui\/","og_locale":"pt_BR","og_type":"article","og_title":"Jovem de 24 anos \u00e9 assassinado com tr\u00eas tiros no litoral do Piau\u00ed - Portal NPM","og_description":"Um homem conhecido como\u00a0Marcondes dos Santos Nascimento, de\u00a024 anos, foi assassinado brutalmente na manh\u00e3 deste domingo (19\/12), nas\u00a0proximidades da cidade de Barra Grande regi\u00e3o Norte do Piau\u00ed. As informa\u00e7\u00f5es s\u00e3o do\u00a0PHB Web Cidade. Marcondes dos Santos Nascimento, assassinado com tr\u00eas tiros na cabe\u00e7a em Barra Grande PI De acordo com informa\u00e7\u00f5es da\u00a0policia, a v\u00edtima teria\u00a0sido &hellip;","og_url":"https:\/\/portalnpm.com\/index.php\/2021\/12\/20\/jovem-de-24-anos-e-assassinado-com-tres-tiros-no-litoral-do-piaui\/","og_site_name":"Portal NPM","article_published_time":"2021-12-20T22:12:50+00:00","author":"Genival Barbosa","twitter_card":"summary_large_image","twitter_misc":{"Escrito por":"Genival Barbosa","Est. tempo de leitura":"1 minuto"},"schema":{"@context":"https:\/\/schema.org","@graph":[{"@type":"WebPage","@id":"https:\/\/portalnpm.com\/index.php\/2021\/12\/20\/jovem-de-24-anos-e-assassinado-com-tres-tiros-no-litoral-do-piaui\/","url":"https:\/\/portalnpm.com\/index.php\/2021\/12\/20\/jovem-de-24-anos-e-assassinado-com-tres-tiros-no-litoral-do-piaui\/","name":"Jovem de 24 anos \u00e9 assassinado com tr\u00eas tiros no litoral do Piau\u00ed - Portal NPM","isPartOf":{"@id":"https:\/\/portalnpm.com\/#website"},"primaryImageOfPage":{"@id":"https:\/\/portalnpm.com\/index.php\/2021\/12\/20\/jovem-de-24-anos-e-assassinado-com-tres-tiros-no-litoral-do-piaui\/#primaryimage"},"image":{"@id":"https:\/\/portalnpm.com\/index.php\/2021\/12\/20\/jovem-de-24-anos-e-assassinado-com-tres-tiros-no-litoral-do-piaui\/#primaryimage"},"thumbnailUrl":"","datePublished":"2021-12-20T22:12:50+00:00","dateModified":"2021-12-20T22:12:50+00:00","author":{"@id":"https:\/\/portalnpm.com\/#\/schema\/person\/49313e563cfdefcc167f1ee4c017c294"},"breadcrumb":{"@id":"https:\/\/portalnpm.com\/index.php\/2021\/12\/20\/jovem-de-24-anos-e-assassinado-com-tres-tiros-no-litoral-do-piaui\/#breadcrumb"},"inLanguage":"pt-BR","potentialAction":[{"@type":"ReadAction","target":["https:\/\/portalnpm.com\/index.php\/2021\/12\/20\/jovem-de-24-anos-e-assassinado-com-tres-tiros-no-litoral-do-piaui\/"]}]},{"@type":"ImageObject","inLanguage":"pt-BR","@id":"https:\/\/portalnpm.com\/index.php\/2021\/12\/20\/jovem-de-24-anos-e-assassinado-com-tres-tiros-no-litoral-do-piaui\/#primaryimage","url":"","contentUrl":""},{"@type":"BreadcrumbList","@id":"https:\/\/portalnpm.com\/index.php\/2021\/12\/20\/jovem-de-24-anos-e-assassinado-com-tres-tiros-no-litoral-do-piaui\/#breadcrumb","itemListElement":[{"@type":"ListItem","position":1,"name":"In\u00edcio","item":"https:\/\/portalnpm.com\/"},{"@type":"ListItem","position":2,"name":"Jovem de 24 anos \u00e9 assassinado com tr\u00eas tiros no litoral do Piau\u00ed"}]},{"@type":"WebSite","@id":"https:\/\/portalnpm.com\/#website","url":"https:\/\/portalnpm.com\/","name":"Portal NPM","description":"Not\u00edcias em Primeira M\u00e3o","potentialAction":[{"@type":"SearchAction","target":{"@type":"EntryPoint","urlTemplate":"https:\/\/portalnpm.com\/?s={search_term_string}"},"query-input":"required name=search_term_string"}],"inLanguage":"pt-BR"},{"@type":"Person","@id":"https:\/\/portalnpm.com\/#\/schema\/person\/49313e563cfdefcc167f1ee4c017c294","name":"Genival Barbosa","image":{"@type":"ImageObject","inLanguage":"pt-BR","@id":"https:\/\/portalnpm.com\/#\/schema\/person\/image\/","url":"https:\/\/portalnpm.com\/wp-content\/uploads\/2024\/02\/avatar_user_2_1707743258-96x96.jpeg","contentUrl":"https:\/\/portalnpm.com\/wp-content\/uploads\/2024\/02\/avatar_user_2_1707743258-96x96.jpeg","caption":"Genival Barbosa"},"url":"https:\/\/portalnpm.com\/index.php\/author\/genival\/"}]}},"jetpack_sharing_enabled":true,"jetpack_featured_media_url":"","_links":{"self":[{"href":"https:\/\/portalnpm.com\/index.php\/wp-json\/wp\/v2\/posts\/39237"}],"collection":[{"href":"https:\/\/portalnpm.com\/index.php\/wp-json\/wp\/v2\/posts"}],"about":[{"href":"https:\/\/portalnpm.com\/index.php\/wp-json\/wp\/v2\/types\/post"}],"author":[{"embeddable":true,"href":"https:\/\/portalnpm.com\/index.php\/wp-json\/wp\/v2\/users\/2"}],"replies":[{"embeddable":true,"href":"https:\/\/portalnpm.com\/index.php\/wp-json\/wp\/v2\/comments?post=39237"}],"version-history":[{"count":0,"href":"https:\/\/portalnpm.com\/index.php\/wp-json\/wp\/v2\/posts\/39237\/revisions"}],"wp:featuredmedia":[{"embeddable":true,"href":"https:\/\/portalnpm.com\/index.php\/wp-json\/"}],"wp:attachment":[{"href":"https:\/\/portalnpm.com\/index.php\/wp-json\/wp\/v2\/media?parent=39237"}],"wp:term":[{"taxonomy":"category","embeddable":true,"href":"https:\/\/portalnpm.com\/index.php\/wp-json\/wp\/v2\/categories?post=39237"},{"taxonomy":"post_tag","embeddable":true,"href":"https:\/\/portalnpm.com\/index.php\/wp-json\/wp\/v2\/tags?post=39237"}],"curies":[{"name":"wp","href":"https:\/\/api.w.org\/{rel}","templated":true}]}}