{"id":39250,"date":"2021-12-21T10:31:46","date_gmt":"2021-12-21T13:31:46","guid":{"rendered":"https:\/\/backupnpm.codetainer.com.br\/?p=39250"},"modified":"2021-12-21T10:31:46","modified_gmt":"2021-12-21T13:31:46","slug":"estudante-de-paulistana-representa-o-piaui-no-forum-nacional-dos-direitos-das-criancas-e-adolescentes","status":"publish","type":"post","link":"https:\/\/portalnpm.com\/index.php\/2021\/12\/21\/estudante-de-paulistana-representa-o-piaui-no-forum-nacional-dos-direitos-das-criancas-e-adolescentes\/","title":{"rendered":"Estudante de Paulistana representa o Piau\u00ed no F\u00f3rum Nacional dos Direitos das Crian\u00e7as e Adolescentes"},"content":{"rendered":"<p><span style=\"font-size: 10px;\"><em>Dessyca Silva<\/em><\/span><\/p>\n<p>&nbsp;<\/p>\n<p id=\"viewer-foo\" class=\"mm8Nw _1j-51 _1atvN _1FoOD _78FBa _3_La3 _1atvN public-DraftStyleDefault-block-depth0 public-DraftStyleDefault-text-ltr\" style=\"text-align: justify;\"><span class=\"_2PHJq public-DraftStyleDefault-ltr\">A estudante de jornalismo natural do munic\u00edpio de Paulistana, <strong>Dessyca Silva<\/strong>, representou o estado do Piau\u00ed no <\/span><span class=\"_3zM-5\"><strong style=\"text-decoration-line: underline;\">Encontro Nacional dos F\u00f3runs Estaduais e Distrital dos Direitos da Crian\u00e7a e do Adolescente<\/strong> realizado nesta segunda-feira, 20 de dezembro.<\/span><\/p>\n<p style=\"text-align: justify;\">A jovem foi escolhida para ser a delegada representante do Piau\u00ed no encontro durante uma edi\u00e7\u00e3o do f\u00f3rum estadual realizado em Teresina no final de 2019.<\/p>\n<figure id=\"attachment_39252\" aria-describedby=\"caption-attachment-39252\" style=\"width: 1240px\" class=\"wp-caption alignnone\"><img fetchpriority=\"high\" decoding=\"async\" class=\"size-full wp-image-39252\" src=\"https:\/\/backupnpm.codetainer.com.br\/wp-content\/uploads\/2021\/12\/IMG-20211220-WA0077.jpg\" alt=\"\" width=\"1240\" height=\"596\" \/><figcaption id=\"caption-attachment-39252\" class=\"wp-caption-text\">F\u00f3rum Nacional dos Direitos das Crian\u00e7as e Adolescentes<\/figcaption><\/figure>\n<p style=\"text-align: justify;\"><strong>F\u00f3rum Nacional dos Direitos das Crian\u00e7as e Adolescentes<\/strong><\/p>\n<p style=\"text-align: justify;\">O evento<span class=\"_2PHJq public-DraftStyleDefault-ltr\">\u00a0foi promovido de modo virtual<\/span> e organizado por meio de uma parceria do Lar Fabiano de Cristo, com o F\u00f3rum Nacional e os F\u00f3runs Estaduais de Direitos das Crian\u00e7as e Adolescentes.<\/p>\n<p style=\"text-align: justify;\">A solenidade contou com a presen\u00e7a de mais de 40 pessoas entre representantes estaduais e distrital desenvolvidos por meio do Projeto Fortalecer-A\u00e7\u00e3o, advogados da OAB e membros de Assist\u00eancias Sociais.<\/p>\n<p style=\"text-align: justify;\">Na pauta, esteve o alinhamento de atua\u00e7\u00e3o e estrat\u00e9gias em favor do fortalecimento da sociedade civil e em conjunto com crian\u00e7as e adolescentes.<\/p>\n<p style=\"text-align: justify;\">Nos anos de 2018 e 2019 foram realizados 18 encontros no Brasil. Os \u00faltimos 09 encontros e o encontro nacional deveriam ter acontecido no ano de 2020, o que n\u00e3o foi poss\u00edvel por conta da pandemia de Covid. A programa\u00e7\u00e3o do Projeto foi suspensa, e somente a partir de outubro de 2021 foi autorizada a retomada dos encontros no formato virtual.<\/p>\n<p style=\"text-align: justify;\">A estudante falou sobre a experi\u00eancia de ter representado o Piau\u00ed no encontro:<\/p>\n<p style=\"text-align: justify;\"><em>&#8220;Ter presenciado desde o encontro estadual do F\u00f3rum D.C.A at\u00e9 o encontro Nacional, foi de suma import\u00e2ncia para minha experi\u00eancia profissional, como tamb\u00e9m para levar para a minha vida pessoal, todos os ensinamentos, aprendizados, experi\u00eancias trocadas com os munic\u00edpios do Piau\u00ed, e com outros estados. Enfim, ser a delegada do f\u00f3rum do Piau\u00ed, me fez ver que a cada dia que se passa, o meu dever de procurar melhorias e lutar pela preserva\u00e7\u00e3o dos direitos das crian\u00e7as e dos adolescentes s\u00f3 cresce ao decorrer do tempo.&#8221; disse.<\/em><\/p>\n","protected":false},"excerpt":{"rendered":"<p>Dessyca Silva &nbsp; A estudante de jornalismo natural do munic\u00edpio de Paulistana, Dessyca Silva, representou o estado do Piau\u00ed no Encontro Nacional dos F\u00f3runs Estaduais e Distrital dos Direitos da Crian\u00e7a e do Adolescente realizado nesta segunda-feira, 20 de dezembro. A jovem foi escolhida para ser a delegada representante do Piau\u00ed no encontro durante uma &hellip;<\/p>\n","protected":false},"author":4,"featured_media":39259,"comment_status":"open","ping_status":"open","sticky":false,"template":"","format":"standard","meta":{"content-type":"","rop_custom_images_group":[],"rop_custom_messages_group":[],"rop_publish_now":"initial","rop_publish_now_accounts":{"facebook_2648258775420054_1618374048415101":""},"rop_publish_now_history":[],"rop_publish_now_status":"pending","footnotes":"","_jetpack_memberships_contains_paid_content":false},"categories":[109],"tags":[],"yoast_head":"<!-- This site is optimized with the Yoast SEO plugin v22.3 - https:\/\/yoast.com\/wordpress\/plugins\/seo\/ -->\n<title>Estudante de Paulistana representa o Piau\u00ed no F\u00f3rum Nacional dos Direitos das Crian\u00e7as e Adolescentes - Portal NPM<\/title>\n<meta name=\"robots\" content=\"index, follow, max-snippet:-1, max-image-preview:large, max-video-preview:-1\" \/>\n<link rel=\"canonical\" href=\"https:\/\/portalnpm.com\/index.php\/2021\/12\/21\/estudante-de-paulistana-representa-o-piaui-no-forum-nacional-dos-direitos-das-criancas-e-adolescentes\/\" \/>\n<meta property=\"og:locale\" content=\"pt_BR\" \/>\n<meta property=\"og:type\" content=\"article\" \/>\n<meta property=\"og:title\" content=\"Estudante de Paulistana representa o Piau\u00ed no F\u00f3rum Nacional dos Direitos das Crian\u00e7as e Adolescentes - Portal NPM\" \/>\n<meta property=\"og:description\" content=\"Dessyca Silva &nbsp; A estudante de jornalismo natural do munic\u00edpio de Paulistana, Dessyca Silva, representou o estado do Piau\u00ed no Encontro Nacional dos F\u00f3runs Estaduais e Distrital dos Direitos da Crian\u00e7a e do Adolescente realizado nesta segunda-feira, 20 de dezembro. A jovem foi escolhida para ser a delegada representante do Piau\u00ed no encontro durante uma &hellip;\" \/>\n<meta property=\"og:url\" content=\"https:\/\/portalnpm.com\/index.php\/2021\/12\/21\/estudante-de-paulistana-representa-o-piaui-no-forum-nacional-dos-direitos-das-criancas-e-adolescentes\/\" \/>\n<meta property=\"og:site_name\" content=\"Portal NPM\" \/>\n<meta property=\"article:published_time\" content=\"2021-12-21T13:31:46+00:00\" \/>\n<meta name=\"author\" content=\"Reda\u00e7\u00e3o\" \/>\n<meta name=\"twitter:card\" content=\"summary_large_image\" \/>\n<meta name=\"twitter:label1\" content=\"Escrito por\" \/>\n\t<meta name=\"twitter:data1\" content=\"Reda\u00e7\u00e3o\" \/>\n\t<meta name=\"twitter:label2\" content=\"Est. tempo de leitura\" \/>\n\t<meta name=\"twitter:data2\" content=\"2 minutos\" \/>\n<script type=\"application\/ld+json\" class=\"yoast-schema-graph\">{\"@context\":\"https:\/\/schema.org\",\"@graph\":[{\"@type\":\"WebPage\",\"@id\":\"https:\/\/portalnpm.com\/index.php\/2021\/12\/21\/estudante-de-paulistana-representa-o-piaui-no-forum-nacional-dos-direitos-das-criancas-e-adolescentes\/\",\"url\":\"https:\/\/portalnpm.com\/index.php\/2021\/12\/21\/estudante-de-paulistana-representa-o-piaui-no-forum-nacional-dos-direitos-das-criancas-e-adolescentes\/\",\"name\":\"Estudante de Paulistana representa o Piau\u00ed no F\u00f3rum Nacional dos Direitos das Crian\u00e7as e Adolescentes - Portal NPM\",\"isPartOf\":{\"@id\":\"https:\/\/portalnpm.com\/#website\"},\"primaryImageOfPage\":{\"@id\":\"https:\/\/portalnpm.com\/index.php\/2021\/12\/21\/estudante-de-paulistana-representa-o-piaui-no-forum-nacional-dos-direitos-das-criancas-e-adolescentes\/#primaryimage\"},\"image\":{\"@id\":\"https:\/\/portalnpm.com\/index.php\/2021\/12\/21\/estudante-de-paulistana-representa-o-piaui-no-forum-nacional-dos-direitos-das-criancas-e-adolescentes\/#primaryimage\"},\"thumbnailUrl\":\"\",\"datePublished\":\"2021-12-21T13:31:46+00:00\",\"dateModified\":\"2021-12-21T13:31:46+00:00\",\"author\":{\"@id\":\"https:\/\/portalnpm.com\/#\/schema\/person\/0b5f230ec96cee25504fa328e7f2b733\"},\"breadcrumb\":{\"@id\":\"https:\/\/portalnpm.com\/index.php\/2021\/12\/21\/estudante-de-paulistana-representa-o-piaui-no-forum-nacional-dos-direitos-das-criancas-e-adolescentes\/#breadcrumb\"},\"inLanguage\":\"pt-BR\",\"potentialAction\":[{\"@type\":\"ReadAction\",\"target\":[\"https:\/\/portalnpm.com\/index.php\/2021\/12\/21\/estudante-de-paulistana-representa-o-piaui-no-forum-nacional-dos-direitos-das-criancas-e-adolescentes\/\"]}]},{\"@type\":\"ImageObject\",\"inLanguage\":\"pt-BR\",\"@id\":\"https:\/\/portalnpm.com\/index.php\/2021\/12\/21\/estudante-de-paulistana-representa-o-piaui-no-forum-nacional-dos-direitos-das-criancas-e-adolescentes\/#primaryimage\",\"url\":\"\",\"contentUrl\":\"\"},{\"@type\":\"BreadcrumbList\",\"@id\":\"https:\/\/portalnpm.com\/index.php\/2021\/12\/21\/estudante-de-paulistana-representa-o-piaui-no-forum-nacional-dos-direitos-das-criancas-e-adolescentes\/#breadcrumb\",\"itemListElement\":[{\"@type\":\"ListItem\",\"position\":1,\"name\":\"In\u00edcio\",\"item\":\"https:\/\/portalnpm.com\/\"},{\"@type\":\"ListItem\",\"position\":2,\"name\":\"Estudante de Paulistana representa o Piau\u00ed no F\u00f3rum Nacional dos Direitos das Crian\u00e7as e Adolescentes\"}]},{\"@type\":\"WebSite\",\"@id\":\"https:\/\/portalnpm.com\/#website\",\"url\":\"https:\/\/portalnpm.com\/\",\"name\":\"Portal NPM\",\"description\":\"Not\u00edcias em Primeira M\u00e3o\",\"potentialAction\":[{\"@type\":\"SearchAction\",\"target\":{\"@type\":\"EntryPoint\",\"urlTemplate\":\"https:\/\/portalnpm.com\/?s={search_term_string}\"},\"query-input\":\"required name=search_term_string\"}],\"inLanguage\":\"pt-BR\"},{\"@type\":\"Person\",\"@id\":\"https:\/\/portalnpm.com\/#\/schema\/person\/0b5f230ec96cee25504fa328e7f2b733\",\"name\":\"Reda\u00e7\u00e3o\",\"image\":{\"@type\":\"ImageObject\",\"inLanguage\":\"pt-BR\",\"@id\":\"https:\/\/portalnpm.com\/#\/schema\/person\/image\/\",\"url\":\"https:\/\/portalnpm.com\/wp-content\/uploads\/2024\/03\/avatar_user_4_1710097212-96x96.png\",\"contentUrl\":\"https:\/\/portalnpm.com\/wp-content\/uploads\/2024\/03\/avatar_user_4_1710097212-96x96.png\",\"caption\":\"Reda\u00e7\u00e3o\"},\"url\":\"https:\/\/portalnpm.com\/index.php\/author\/redacao\/\"}]}<\/script>\n<!-- \/ Yoast SEO plugin. -->","yoast_head_json":{"title":"Estudante de Paulistana representa o Piau\u00ed no F\u00f3rum Nacional dos Direitos das Crian\u00e7as e Adolescentes - Portal NPM","robots":{"index":"index","follow":"follow","max-snippet":"max-snippet:-1","max-image-preview":"max-image-preview:large","max-video-preview":"max-video-preview:-1"},"canonical":"https:\/\/portalnpm.com\/index.php\/2021\/12\/21\/estudante-de-paulistana-representa-o-piaui-no-forum-nacional-dos-direitos-das-criancas-e-adolescentes\/","og_locale":"pt_BR","og_type":"article","og_title":"Estudante de Paulistana representa o Piau\u00ed no F\u00f3rum Nacional dos Direitos das Crian\u00e7as e Adolescentes - Portal NPM","og_description":"Dessyca Silva &nbsp; A estudante de jornalismo natural do munic\u00edpio de Paulistana, Dessyca Silva, representou o estado do Piau\u00ed no Encontro Nacional dos F\u00f3runs Estaduais e Distrital dos Direitos da Crian\u00e7a e do Adolescente realizado nesta segunda-feira, 20 de dezembro. A jovem foi escolhida para ser a delegada representante do Piau\u00ed no encontro durante uma &hellip;","og_url":"https:\/\/portalnpm.com\/index.php\/2021\/12\/21\/estudante-de-paulistana-representa-o-piaui-no-forum-nacional-dos-direitos-das-criancas-e-adolescentes\/","og_site_name":"Portal NPM","article_published_time":"2021-12-21T13:31:46+00:00","author":"Reda\u00e7\u00e3o","twitter_card":"summary_large_image","twitter_misc":{"Escrito por":"Reda\u00e7\u00e3o","Est. tempo de leitura":"2 minutos"},"schema":{"@context":"https:\/\/schema.org","@graph":[{"@type":"WebPage","@id":"https:\/\/portalnpm.com\/index.php\/2021\/12\/21\/estudante-de-paulistana-representa-o-piaui-no-forum-nacional-dos-direitos-das-criancas-e-adolescentes\/","url":"https:\/\/portalnpm.com\/index.php\/2021\/12\/21\/estudante-de-paulistana-representa-o-piaui-no-forum-nacional-dos-direitos-das-criancas-e-adolescentes\/","name":"Estudante de Paulistana representa o Piau\u00ed no F\u00f3rum Nacional dos Direitos das Crian\u00e7as e Adolescentes - Portal NPM","isPartOf":{"@id":"https:\/\/portalnpm.com\/#website"},"primaryImageOfPage":{"@id":"https:\/\/portalnpm.com\/index.php\/2021\/12\/21\/estudante-de-paulistana-representa-o-piaui-no-forum-nacional-dos-direitos-das-criancas-e-adolescentes\/#primaryimage"},"image":{"@id":"https:\/\/portalnpm.com\/index.php\/2021\/12\/21\/estudante-de-paulistana-representa-o-piaui-no-forum-nacional-dos-direitos-das-criancas-e-adolescentes\/#primaryimage"},"thumbnailUrl":"","datePublished":"2021-12-21T13:31:46+00:00","dateModified":"2021-12-21T13:31:46+00:00","author":{"@id":"https:\/\/portalnpm.com\/#\/schema\/person\/0b5f230ec96cee25504fa328e7f2b733"},"breadcrumb":{"@id":"https:\/\/portalnpm.com\/index.php\/2021\/12\/21\/estudante-de-paulistana-representa-o-piaui-no-forum-nacional-dos-direitos-das-criancas-e-adolescentes\/#breadcrumb"},"inLanguage":"pt-BR","potentialAction":[{"@type":"ReadAction","target":["https:\/\/portalnpm.com\/index.php\/2021\/12\/21\/estudante-de-paulistana-representa-o-piaui-no-forum-nacional-dos-direitos-das-criancas-e-adolescentes\/"]}]},{"@type":"ImageObject","inLanguage":"pt-BR","@id":"https:\/\/portalnpm.com\/index.php\/2021\/12\/21\/estudante-de-paulistana-representa-o-piaui-no-forum-nacional-dos-direitos-das-criancas-e-adolescentes\/#primaryimage","url":"","contentUrl":""},{"@type":"BreadcrumbList","@id":"https:\/\/portalnpm.com\/index.php\/2021\/12\/21\/estudante-de-paulistana-representa-o-piaui-no-forum-nacional-dos-direitos-das-criancas-e-adolescentes\/#breadcrumb","itemListElement":[{"@type":"ListItem","position":1,"name":"In\u00edcio","item":"https:\/\/portalnpm.com\/"},{"@type":"ListItem","position":2,"name":"Estudante de Paulistana representa o Piau\u00ed no F\u00f3rum Nacional dos Direitos das Crian\u00e7as e Adolescentes"}]},{"@type":"WebSite","@id":"https:\/\/portalnpm.com\/#website","url":"https:\/\/portalnpm.com\/","name":"Portal NPM","description":"Not\u00edcias em Primeira M\u00e3o","potentialAction":[{"@type":"SearchAction","target":{"@type":"EntryPoint","urlTemplate":"https:\/\/portalnpm.com\/?s={search_term_string}"},"query-input":"required name=search_term_string"}],"inLanguage":"pt-BR"},{"@type":"Person","@id":"https:\/\/portalnpm.com\/#\/schema\/person\/0b5f230ec96cee25504fa328e7f2b733","name":"Reda\u00e7\u00e3o","image":{"@type":"ImageObject","inLanguage":"pt-BR","@id":"https:\/\/portalnpm.com\/#\/schema\/person\/image\/","url":"https:\/\/portalnpm.com\/wp-content\/uploads\/2024\/03\/avatar_user_4_1710097212-96x96.png","contentUrl":"https:\/\/portalnpm.com\/wp-content\/uploads\/2024\/03\/avatar_user_4_1710097212-96x96.png","caption":"Reda\u00e7\u00e3o"},"url":"https:\/\/portalnpm.com\/index.php\/author\/redacao\/"}]}},"jetpack_sharing_enabled":true,"jetpack_featured_media_url":"","_links":{"self":[{"href":"https:\/\/portalnpm.com\/index.php\/wp-json\/wp\/v2\/posts\/39250"}],"collection":[{"href":"https:\/\/portalnpm.com\/index.php\/wp-json\/wp\/v2\/posts"}],"about":[{"href":"https:\/\/portalnpm.com\/index.php\/wp-json\/wp\/v2\/types\/post"}],"author":[{"embeddable":true,"href":"https:\/\/portalnpm.com\/index.php\/wp-json\/wp\/v2\/users\/4"}],"replies":[{"embeddable":true,"href":"https:\/\/portalnpm.com\/index.php\/wp-json\/wp\/v2\/comments?post=39250"}],"version-history":[{"count":0,"href":"https:\/\/portalnpm.com\/index.php\/wp-json\/wp\/v2\/posts\/39250\/revisions"}],"wp:featuredmedia":[{"embeddable":true,"href":"https:\/\/portalnpm.com\/index.php\/wp-json\/"}],"wp:attachment":[{"href":"https:\/\/portalnpm.com\/index.php\/wp-json\/wp\/v2\/media?parent=39250"}],"wp:term":[{"taxonomy":"category","embeddable":true,"href":"https:\/\/portalnpm.com\/index.php\/wp-json\/wp\/v2\/categories?post=39250"},{"taxonomy":"post_tag","embeddable":true,"href":"https:\/\/portalnpm.com\/index.php\/wp-json\/wp\/v2\/tags?post=39250"}],"curies":[{"name":"wp","href":"https:\/\/api.w.org\/{rel}","templated":true}]}}