{"id":39315,"date":"2021-12-24T10:20:58","date_gmt":"2021-12-24T13:20:58","guid":{"rendered":"https:\/\/backupnpm.codetainer.com.br\/?p=39315"},"modified":"2021-12-24T10:20:58","modified_gmt":"2021-12-24T13:20:58","slug":"homem-morre-em-grave-acidente-de-transito-na-br-316-em-picos","status":"publish","type":"post","link":"https:\/\/portalnpm.com\/index.php\/2021\/12\/24\/homem-morre-em-grave-acidente-de-transito-na-br-316-em-picos\/","title":{"rendered":"Homem morre em grave acidente de tr\u00e2nsito na BR-316 em Picos"},"content":{"rendered":"<div class=\"content\">\n<p style=\"text-align: justify;\">Um homem identificado como\u00a0Est\u00eav\u00e3o Gomes, faleceu na manh\u00e3 desta quinta-feira (23\/12), por volta das 11h00, ap\u00f3s\u00a0um grave acidente de tr\u00e2nsito, na BR-316, bairro Belo Norte, em frente \u00e0 Pousada Guaribas, em Picos. As informa\u00e7\u00f5es s\u00e3o do\u00a0<a href=\"https:\/\/www.riachaonet.com.br\/portal\/cabeleireiro-morre-em-acidente-de-transito-na-br-316-veja-fotos\/\" target=\"_blank\" rel=\"noopener\"><strong>RiachaoNet<\/strong><\/a>.<\/p>\n<p style=\"text-align: justify;\">\n<p style=\"text-align: justify;\">\n<p style=\"text-align: justify;\">Ainda n\u00e3o h\u00e1 informa\u00e7\u00f5es concretas de como aconteceu o acidente. Sabe-se apenas que ele pilotava uma Pop 100, de cor vermelha e placa PID-4661, quando houve a colis\u00e3o lateral contra um ve\u00edculo Fiat Strada, de cor branca e placa QRX5F68.<\/p>\n<div class=\"big-image-noticia\" style=\"text-align: justify;\"><a class=\"imageRevael\" href=\"https:\/\/storage.stwonline.com.br\/180graus\/media\/image_bank\/2021\/12\/acidente-estevao-cabeleireiro-18.jpg\" data-modaal-desc=\"\"><img decoding=\"async\" src=\"https:\/\/storage.stwonline.com.br\/180graus\/media\/image_bank\/2021\/12\/acidente-estevao-cabeleireiro-18.jpg\" alt=\"\" width=\"undefined\" height=\"undefined\" \/><\/a><\/div>\n<div class=\"big-image-noticia\" style=\"text-align: justify;\">Mesmo de capacete, a v\u00edtima\u00a0teve morte no local do acidente. J\u00e1 o motorista do Fiat Strada evadiu-se do local, segundo informa\u00e7\u00f5es de populares. Um dos filhos e a esposa da v\u00edtima estiveram no local para reconhecimento.<\/div>\n<div class=\"big-image-noticia\" style=\"text-align: justify;\">Est\u00eav\u00e3o, que residia no centro de Picos, dirigia-se para o bairro Belo Norte, para a casa de um de seus filhos, onde deixaria o almo\u00e7o. Seu corpo ser\u00e1 enviado para o Instituto M\u00e9dico Legal de Floriano.\u00a0Imagens de seguran\u00e7a de empresas pr\u00f3ximas ao local do acidente est\u00e3o sendo analisadas neste momento pela Per\u00edcia Criminal para elucidar como se deu o acidente.<\/div>\n<div class=\"big-image-noticia\" style=\"text-align: justify;\"><a class=\"imageRevael\" href=\"https:\/\/storage.stwonline.com.br\/180graus\/media\/image_bank\/2021\/12\/acidente-estevao-cabeleireiro-13.jpg\" data-modaal-desc=\"\"><img decoding=\"async\" src=\"https:\/\/storage.stwonline.com.br\/180graus\/media\/image_bank\/2021\/12\/acidente-estevao-cabeleireiro-13.jpg\" alt=\"\" width=\"undefined\" height=\"undefined\" \/><\/a><\/div>\n<p style=\"text-align: justify;\">\n<p style=\"text-align: justify;\">\n<div class=\"big-image-noticia\" style=\"text-align: justify;\"><a class=\"imageRevael\" href=\"https:\/\/storage.stwonline.com.br\/180graus\/media\/image_bank\/2021\/12\/acidente-estevao-cabeleireiro-8.jpg\" data-modaal-desc=\"\"><img decoding=\"async\" src=\"https:\/\/storage.stwonline.com.br\/180graus\/media\/image_bank\/2021\/12\/acidente-estevao-cabeleireiro-8.jpg\" alt=\"\" width=\"undefined\" height=\"undefined\" \/><\/a><\/div>\n<p style=\"text-align: justify;\">\n<div class=\"big-image-noticia\" style=\"text-align: justify;\"><a class=\"imageRevael\" href=\"https:\/\/storage.stwonline.com.br\/180graus\/media\/image_bank\/2021\/12\/eec74e47-a115-47aa-8983-ce2bcf46d12b.jpg\" data-modaal-desc=\"\"><img decoding=\"async\" src=\"https:\/\/storage.stwonline.com.br\/180graus\/media\/image_bank\/2021\/12\/eec74e47-a115-47aa-8983-ce2bcf46d12b.jpg\" alt=\"\" width=\"undefined\" height=\"undefined\" \/><\/a><\/div>\n<p style=\"text-align: justify;\">\n<div class=\"big-image-noticia\" style=\"text-align: justify;\"><a class=\"imageRevael\" href=\"https:\/\/storage.stwonline.com.br\/180graus\/media\/image_bank\/2021\/12\/acidente-estevao-cabeleireiro-23_LK7j4jh.jpg\" data-modaal-desc=\"\"><img decoding=\"async\" src=\"https:\/\/storage.stwonline.com.br\/180graus\/media\/image_bank\/2021\/12\/acidente-estevao-cabeleireiro-23_LK7j4jh.jpg\" alt=\"\" width=\"undefined\" height=\"undefined\" \/><\/a><\/div>\n<p style=\"text-align: justify;\">\n<\/div>\n<div class=\"row justify-content-between comunica-erro\" style=\"text-align: justify;\">As informa\u00e7\u00f5es s\u00e3o do Portal Riachaonet, via 180 Graus<\/div>\n","protected":false},"excerpt":{"rendered":"<p>Um homem identificado como\u00a0Est\u00eav\u00e3o Gomes, faleceu na manh\u00e3 desta quinta-feira (23\/12), por volta das 11h00, ap\u00f3s\u00a0um grave acidente de tr\u00e2nsito, na BR-316, bairro Belo Norte, em frente \u00e0 Pousada Guaribas, em Picos. As informa\u00e7\u00f5es s\u00e3o do\u00a0RiachaoNet. Ainda n\u00e3o h\u00e1 informa\u00e7\u00f5es concretas de como aconteceu o acidente. Sabe-se apenas que ele pilotava uma Pop 100, de &hellip;<\/p>\n","protected":false},"author":2,"featured_media":39316,"comment_status":"open","ping_status":"open","sticky":false,"template":"","format":"standard","meta":{"content-type":"","rop_custom_images_group":[],"rop_custom_messages_group":[],"rop_publish_now":"initial","rop_publish_now_accounts":{"facebook_2648258775420054_1618374048415101":""},"rop_publish_now_history":[],"rop_publish_now_status":"pending","footnotes":"","_jetpack_memberships_contains_paid_content":false},"categories":[109,127],"tags":[154,128],"yoast_head":"<!-- This site is optimized with the Yoast SEO plugin v22.3 - https:\/\/yoast.com\/wordpress\/plugins\/seo\/ -->\n<title>Homem morre em grave acidente de tr\u00e2nsito na BR-316 em Picos - Portal NPM<\/title>\n<meta name=\"robots\" content=\"index, follow, max-snippet:-1, max-image-preview:large, max-video-preview:-1\" \/>\n<link rel=\"canonical\" href=\"https:\/\/portalnpm.com\/index.php\/2021\/12\/24\/homem-morre-em-grave-acidente-de-transito-na-br-316-em-picos\/\" \/>\n<meta property=\"og:locale\" content=\"pt_BR\" \/>\n<meta property=\"og:type\" content=\"article\" \/>\n<meta property=\"og:title\" content=\"Homem morre em grave acidente de tr\u00e2nsito na BR-316 em Picos - Portal NPM\" \/>\n<meta property=\"og:description\" content=\"Um homem identificado como\u00a0Est\u00eav\u00e3o Gomes, faleceu na manh\u00e3 desta quinta-feira (23\/12), por volta das 11h00, ap\u00f3s\u00a0um grave acidente de tr\u00e2nsito, na BR-316, bairro Belo Norte, em frente \u00e0 Pousada Guaribas, em Picos. As informa\u00e7\u00f5es s\u00e3o do\u00a0RiachaoNet. Ainda n\u00e3o h\u00e1 informa\u00e7\u00f5es concretas de como aconteceu o acidente. Sabe-se apenas que ele pilotava uma Pop 100, de &hellip;\" \/>\n<meta property=\"og:url\" content=\"https:\/\/portalnpm.com\/index.php\/2021\/12\/24\/homem-morre-em-grave-acidente-de-transito-na-br-316-em-picos\/\" \/>\n<meta property=\"og:site_name\" content=\"Portal NPM\" \/>\n<meta property=\"article:published_time\" content=\"2021-12-24T13:20:58+00:00\" \/>\n<meta name=\"author\" content=\"Genival Barbosa\" \/>\n<meta name=\"twitter:card\" content=\"summary_large_image\" \/>\n<meta name=\"twitter:label1\" content=\"Escrito por\" \/>\n\t<meta name=\"twitter:data1\" content=\"Genival Barbosa\" \/>\n\t<meta name=\"twitter:label2\" content=\"Est. tempo de leitura\" \/>\n\t<meta name=\"twitter:data2\" content=\"2 minutos\" \/>\n<script type=\"application\/ld+json\" class=\"yoast-schema-graph\">{\"@context\":\"https:\/\/schema.org\",\"@graph\":[{\"@type\":\"WebPage\",\"@id\":\"https:\/\/portalnpm.com\/index.php\/2021\/12\/24\/homem-morre-em-grave-acidente-de-transito-na-br-316-em-picos\/\",\"url\":\"https:\/\/portalnpm.com\/index.php\/2021\/12\/24\/homem-morre-em-grave-acidente-de-transito-na-br-316-em-picos\/\",\"name\":\"Homem morre em grave acidente de tr\u00e2nsito na BR-316 em Picos - Portal NPM\",\"isPartOf\":{\"@id\":\"https:\/\/portalnpm.com\/#website\"},\"primaryImageOfPage\":{\"@id\":\"https:\/\/portalnpm.com\/index.php\/2021\/12\/24\/homem-morre-em-grave-acidente-de-transito-na-br-316-em-picos\/#primaryimage\"},\"image\":{\"@id\":\"https:\/\/portalnpm.com\/index.php\/2021\/12\/24\/homem-morre-em-grave-acidente-de-transito-na-br-316-em-picos\/#primaryimage\"},\"thumbnailUrl\":\"\",\"datePublished\":\"2021-12-24T13:20:58+00:00\",\"dateModified\":\"2021-12-24T13:20:58+00:00\",\"author\":{\"@id\":\"https:\/\/portalnpm.com\/#\/schema\/person\/49313e563cfdefcc167f1ee4c017c294\"},\"breadcrumb\":{\"@id\":\"https:\/\/portalnpm.com\/index.php\/2021\/12\/24\/homem-morre-em-grave-acidente-de-transito-na-br-316-em-picos\/#breadcrumb\"},\"inLanguage\":\"pt-BR\",\"potentialAction\":[{\"@type\":\"ReadAction\",\"target\":[\"https:\/\/portalnpm.com\/index.php\/2021\/12\/24\/homem-morre-em-grave-acidente-de-transito-na-br-316-em-picos\/\"]}]},{\"@type\":\"ImageObject\",\"inLanguage\":\"pt-BR\",\"@id\":\"https:\/\/portalnpm.com\/index.php\/2021\/12\/24\/homem-morre-em-grave-acidente-de-transito-na-br-316-em-picos\/#primaryimage\",\"url\":\"\",\"contentUrl\":\"\"},{\"@type\":\"BreadcrumbList\",\"@id\":\"https:\/\/portalnpm.com\/index.php\/2021\/12\/24\/homem-morre-em-grave-acidente-de-transito-na-br-316-em-picos\/#breadcrumb\",\"itemListElement\":[{\"@type\":\"ListItem\",\"position\":1,\"name\":\"In\u00edcio\",\"item\":\"https:\/\/portalnpm.com\/\"},{\"@type\":\"ListItem\",\"position\":2,\"name\":\"Homem morre em grave acidente de tr\u00e2nsito na BR-316 em Picos\"}]},{\"@type\":\"WebSite\",\"@id\":\"https:\/\/portalnpm.com\/#website\",\"url\":\"https:\/\/portalnpm.com\/\",\"name\":\"Portal NPM\",\"description\":\"Not\u00edcias em Primeira M\u00e3o\",\"potentialAction\":[{\"@type\":\"SearchAction\",\"target\":{\"@type\":\"EntryPoint\",\"urlTemplate\":\"https:\/\/portalnpm.com\/?s={search_term_string}\"},\"query-input\":\"required name=search_term_string\"}],\"inLanguage\":\"pt-BR\"},{\"@type\":\"Person\",\"@id\":\"https:\/\/portalnpm.com\/#\/schema\/person\/49313e563cfdefcc167f1ee4c017c294\",\"name\":\"Genival Barbosa\",\"image\":{\"@type\":\"ImageObject\",\"inLanguage\":\"pt-BR\",\"@id\":\"https:\/\/portalnpm.com\/#\/schema\/person\/image\/\",\"url\":\"https:\/\/portalnpm.com\/wp-content\/uploads\/2024\/02\/avatar_user_2_1707743258-96x96.jpeg\",\"contentUrl\":\"https:\/\/portalnpm.com\/wp-content\/uploads\/2024\/02\/avatar_user_2_1707743258-96x96.jpeg\",\"caption\":\"Genival Barbosa\"},\"url\":\"https:\/\/portalnpm.com\/index.php\/author\/genival\/\"}]}<\/script>\n<!-- \/ Yoast SEO plugin. -->","yoast_head_json":{"title":"Homem morre em grave acidente de tr\u00e2nsito na BR-316 em Picos - Portal NPM","robots":{"index":"index","follow":"follow","max-snippet":"max-snippet:-1","max-image-preview":"max-image-preview:large","max-video-preview":"max-video-preview:-1"},"canonical":"https:\/\/portalnpm.com\/index.php\/2021\/12\/24\/homem-morre-em-grave-acidente-de-transito-na-br-316-em-picos\/","og_locale":"pt_BR","og_type":"article","og_title":"Homem morre em grave acidente de tr\u00e2nsito na BR-316 em Picos - Portal NPM","og_description":"Um homem identificado como\u00a0Est\u00eav\u00e3o Gomes, faleceu na manh\u00e3 desta quinta-feira (23\/12), por volta das 11h00, ap\u00f3s\u00a0um grave acidente de tr\u00e2nsito, na BR-316, bairro Belo Norte, em frente \u00e0 Pousada Guaribas, em Picos. As informa\u00e7\u00f5es s\u00e3o do\u00a0RiachaoNet. Ainda n\u00e3o h\u00e1 informa\u00e7\u00f5es concretas de como aconteceu o acidente. Sabe-se apenas que ele pilotava uma Pop 100, de &hellip;","og_url":"https:\/\/portalnpm.com\/index.php\/2021\/12\/24\/homem-morre-em-grave-acidente-de-transito-na-br-316-em-picos\/","og_site_name":"Portal NPM","article_published_time":"2021-12-24T13:20:58+00:00","author":"Genival Barbosa","twitter_card":"summary_large_image","twitter_misc":{"Escrito por":"Genival Barbosa","Est. tempo de leitura":"2 minutos"},"schema":{"@context":"https:\/\/schema.org","@graph":[{"@type":"WebPage","@id":"https:\/\/portalnpm.com\/index.php\/2021\/12\/24\/homem-morre-em-grave-acidente-de-transito-na-br-316-em-picos\/","url":"https:\/\/portalnpm.com\/index.php\/2021\/12\/24\/homem-morre-em-grave-acidente-de-transito-na-br-316-em-picos\/","name":"Homem morre em grave acidente de tr\u00e2nsito na BR-316 em Picos - Portal NPM","isPartOf":{"@id":"https:\/\/portalnpm.com\/#website"},"primaryImageOfPage":{"@id":"https:\/\/portalnpm.com\/index.php\/2021\/12\/24\/homem-morre-em-grave-acidente-de-transito-na-br-316-em-picos\/#primaryimage"},"image":{"@id":"https:\/\/portalnpm.com\/index.php\/2021\/12\/24\/homem-morre-em-grave-acidente-de-transito-na-br-316-em-picos\/#primaryimage"},"thumbnailUrl":"","datePublished":"2021-12-24T13:20:58+00:00","dateModified":"2021-12-24T13:20:58+00:00","author":{"@id":"https:\/\/portalnpm.com\/#\/schema\/person\/49313e563cfdefcc167f1ee4c017c294"},"breadcrumb":{"@id":"https:\/\/portalnpm.com\/index.php\/2021\/12\/24\/homem-morre-em-grave-acidente-de-transito-na-br-316-em-picos\/#breadcrumb"},"inLanguage":"pt-BR","potentialAction":[{"@type":"ReadAction","target":["https:\/\/portalnpm.com\/index.php\/2021\/12\/24\/homem-morre-em-grave-acidente-de-transito-na-br-316-em-picos\/"]}]},{"@type":"ImageObject","inLanguage":"pt-BR","@id":"https:\/\/portalnpm.com\/index.php\/2021\/12\/24\/homem-morre-em-grave-acidente-de-transito-na-br-316-em-picos\/#primaryimage","url":"","contentUrl":""},{"@type":"BreadcrumbList","@id":"https:\/\/portalnpm.com\/index.php\/2021\/12\/24\/homem-morre-em-grave-acidente-de-transito-na-br-316-em-picos\/#breadcrumb","itemListElement":[{"@type":"ListItem","position":1,"name":"In\u00edcio","item":"https:\/\/portalnpm.com\/"},{"@type":"ListItem","position":2,"name":"Homem morre em grave acidente de tr\u00e2nsito na BR-316 em Picos"}]},{"@type":"WebSite","@id":"https:\/\/portalnpm.com\/#website","url":"https:\/\/portalnpm.com\/","name":"Portal NPM","description":"Not\u00edcias em Primeira M\u00e3o","potentialAction":[{"@type":"SearchAction","target":{"@type":"EntryPoint","urlTemplate":"https:\/\/portalnpm.com\/?s={search_term_string}"},"query-input":"required name=search_term_string"}],"inLanguage":"pt-BR"},{"@type":"Person","@id":"https:\/\/portalnpm.com\/#\/schema\/person\/49313e563cfdefcc167f1ee4c017c294","name":"Genival Barbosa","image":{"@type":"ImageObject","inLanguage":"pt-BR","@id":"https:\/\/portalnpm.com\/#\/schema\/person\/image\/","url":"https:\/\/portalnpm.com\/wp-content\/uploads\/2024\/02\/avatar_user_2_1707743258-96x96.jpeg","contentUrl":"https:\/\/portalnpm.com\/wp-content\/uploads\/2024\/02\/avatar_user_2_1707743258-96x96.jpeg","caption":"Genival Barbosa"},"url":"https:\/\/portalnpm.com\/index.php\/author\/genival\/"}]}},"jetpack_sharing_enabled":true,"jetpack_featured_media_url":"","_links":{"self":[{"href":"https:\/\/portalnpm.com\/index.php\/wp-json\/wp\/v2\/posts\/39315"}],"collection":[{"href":"https:\/\/portalnpm.com\/index.php\/wp-json\/wp\/v2\/posts"}],"about":[{"href":"https:\/\/portalnpm.com\/index.php\/wp-json\/wp\/v2\/types\/post"}],"author":[{"embeddable":true,"href":"https:\/\/portalnpm.com\/index.php\/wp-json\/wp\/v2\/users\/2"}],"replies":[{"embeddable":true,"href":"https:\/\/portalnpm.com\/index.php\/wp-json\/wp\/v2\/comments?post=39315"}],"version-history":[{"count":0,"href":"https:\/\/portalnpm.com\/index.php\/wp-json\/wp\/v2\/posts\/39315\/revisions"}],"wp:featuredmedia":[{"embeddable":true,"href":"https:\/\/portalnpm.com\/index.php\/wp-json\/"}],"wp:attachment":[{"href":"https:\/\/portalnpm.com\/index.php\/wp-json\/wp\/v2\/media?parent=39315"}],"wp:term":[{"taxonomy":"category","embeddable":true,"href":"https:\/\/portalnpm.com\/index.php\/wp-json\/wp\/v2\/categories?post=39315"},{"taxonomy":"post_tag","embeddable":true,"href":"https:\/\/portalnpm.com\/index.php\/wp-json\/wp\/v2\/tags?post=39315"}],"curies":[{"name":"wp","href":"https:\/\/api.w.org\/{rel}","templated":true}]}}