{"id":39415,"date":"2021-12-28T05:46:55","date_gmt":"2021-12-28T08:46:55","guid":{"rendered":"https:\/\/backupnpm.codetainer.com.br\/?p=39415"},"modified":"2021-12-28T05:46:55","modified_gmt":"2021-12-28T08:46:55","slug":"inter-anuncia-uruguaio-cacique-medina-como-novo-treinador","status":"publish","type":"post","link":"https:\/\/portalnpm.com\/index.php\/2021\/12\/28\/inter-anuncia-uruguaio-cacique-medina-como-novo-treinador\/","title":{"rendered":"Inter anuncia uruguaio Cacique Medina como novo treinador"},"content":{"rendered":"<section class=\"xpa-switch-article\">\n<div class=\"news-paragraph text-1\">\n<p style=\"text-align: justify;\">O Internacional j\u00e1 tem um treinador para a temporada de 2022. Na tarde desta sexta-feira, a equipe anunciou por meio de suas redes sociais a contrata\u00e7\u00e3o do t\u00e9cnico uruguaio Alexander \u201dCacique\u201d Medina, de 43 anos, ex-Talleres, da Argentina. O contrato vai at\u00e9 dezembro 2022.<\/p>\n<\/div>\n<\/section>\n<section class=\"xpa-switch-article\">\n<div class=\"news-paragraph text-1\">\n<p>O novo comandante chega para suprir a vaga deixada pelo tamb\u00e9m uruguaio Diego Aguirre, que fracassou no objetivo de levar a equipe colorada \u00e0 Copa Libertadores de 2022, deixando o clube no 12\u00ba lugar da tabela do Brasileir\u00e3o com 48 pontos somados.<\/p>\n<\/div>\n<\/section>\n<section class=\"xpa-switch-article\">\n<div class=\"news-paragraph text-1\">\n<p>\u201dBienvenido, Cacique Medina. A tribo colorada est\u00e1 contigo\u201d, escreveu o Inter em suas redes sociais.<\/p>\n<\/div>\n<\/section>\n<section class=\"xpa-switch-article\">\n<div class=\"twitter-component\">\n<div class=\"twitter-tweet twitter-tweet-rendered\"><iframe id=\"twitter-widget-0\" class=\"\" title=\"Twitter Tweet\" src=\"https:\/\/platform.twitter.com\/embed\/Tweet.html?creatorScreenName=OneFootball&amp;dnt=false&amp;embedId=twitter-widget-0&amp;features=eyJ0ZndfZXhwZXJpbWVudHNfY29va2llX2V4cGlyYXRpb24iOnsiYnVja2V0IjoxMjA5NjAwLCJ2ZXJzaW9uIjpudWxsfSwidGZ3X2hvcml6b25fdHdlZXRfZW1iZWRfOTU1NSI6eyJidWNrZXQiOiJodGUiLCJ2ZXJzaW9uIjpudWxsfSwidGZ3X3NwYWNlX2NhcmQiOnsiYnVja2V0Ijoib2ZmIiwidmVyc2lvbiI6bnVsbH19&amp;frame=false&amp;hideCard=false&amp;hideThread=true&amp;id=1475591187558023181&amp;lang=pt&amp;origin=https%3A%2F%2Fwww.gazetaesportiva.com%2Ftimes%2Finternacional%2Finter-anuncia-uruguaio-cacique-medina-como-novo-treinador%2F&amp;sessionId=76ad4d3c6ba44578dc27cab098399f98da86c5e7&amp;siteScreenName=OneFootball&amp;theme=light&amp;widgetsVersion=9fd78d5%3A1638479056965&amp;width=550px\" frameborder=\"0\" scrolling=\"no\" allowfullscreen=\"allowfullscreen\" data-tweet-id=\"1475591187558023181\" data-mce-fragment=\"1\"><\/iframe><\/div>\n<\/div>\n<\/section>\n<section class=\"xpa-switch-article\">\n<div class=\"news-paragraph text-1\">\n<p>Cacique Medina come\u00e7ou sua carreira como t\u00e9cnico no Nacional do Uruguai, em 2016 e, desde junho de 2019, comandava o Talleres.<\/p>\n<\/div>\n<\/section>\n<section class=\"xpa-switch-article\">\n<div class=\"news-paragraph text-1\">\n<p>O treinador deixa sua ex-equipe com campanha hist\u00f3ria para o clube no Campeonato Argentino de 2021. O Talleres foi terceiro colocado, a oito pontos do l\u00edder River Plate e a cinco de dist\u00e2ncia do quarto Boca Juniors.<\/p>\n<\/div>\n<\/section>\n<section class=\"xpa-switch-article\">\n<div class=\"news-paragraph text-1\">\n<p>Agora, o uruguaio foca no come\u00e7o de temporada do Internacional, que tem pela frente o in\u00edcio do Campeonato Ga\u00facho de 2022, j\u00e1 em janeiro.<\/p>\n<\/div>\n<\/section>\n<section class=\"xpa-switch-article\">\n<div class=\"entity-navigation-grid\" style=\"text-align: justify;\">\n<header class=\"title-7-bold entity-navigation-grid__title\">Gazeta Esportiva\u00a0<\/header>\n<\/div>\n<\/section>\n","protected":false},"excerpt":{"rendered":"<p>O Internacional j\u00e1 tem um treinador para a temporada de 2022. Na tarde desta sexta-feira, a equipe anunciou por meio de suas redes sociais a contrata\u00e7\u00e3o do t\u00e9cnico uruguaio Alexander \u201dCacique\u201d Medina, de 43 anos, ex-Talleres, da Argentina. O contrato vai at\u00e9 dezembro 2022. O novo comandante chega para suprir a vaga deixada pelo tamb\u00e9m &hellip;<\/p>\n","protected":false},"author":2,"featured_media":39416,"comment_status":"open","ping_status":"open","sticky":false,"template":"","format":"standard","meta":{"content-type":"","rop_custom_images_group":[],"rop_custom_messages_group":[],"rop_publish_now":"initial","rop_publish_now_accounts":{"facebook_2648258775420054_1618374048415101":""},"rop_publish_now_history":[],"rop_publish_now_status":"pending","footnotes":"","_jetpack_memberships_contains_paid_content":false},"categories":[108],"tags":[8603,1105,1076],"yoast_head":"<!-- This site is optimized with the Yoast SEO plugin v22.3 - https:\/\/yoast.com\/wordpress\/plugins\/seo\/ -->\n<title>Inter anuncia uruguaio Cacique Medina como novo treinador - Portal NPM<\/title>\n<meta name=\"robots\" content=\"index, follow, max-snippet:-1, max-image-preview:large, max-video-preview:-1\" \/>\n<link rel=\"canonical\" href=\"https:\/\/portalnpm.com\/index.php\/2021\/12\/28\/inter-anuncia-uruguaio-cacique-medina-como-novo-treinador\/\" \/>\n<meta property=\"og:locale\" content=\"pt_BR\" \/>\n<meta property=\"og:type\" content=\"article\" \/>\n<meta property=\"og:title\" content=\"Inter anuncia uruguaio Cacique Medina como novo treinador - Portal NPM\" \/>\n<meta property=\"og:description\" content=\"O Internacional j\u00e1 tem um treinador para a temporada de 2022. Na tarde desta sexta-feira, a equipe anunciou por meio de suas redes sociais a contrata\u00e7\u00e3o do t\u00e9cnico uruguaio Alexander \u201dCacique\u201d Medina, de 43 anos, ex-Talleres, da Argentina. O contrato vai at\u00e9 dezembro 2022. O novo comandante chega para suprir a vaga deixada pelo tamb\u00e9m &hellip;\" \/>\n<meta property=\"og:url\" content=\"https:\/\/portalnpm.com\/index.php\/2021\/12\/28\/inter-anuncia-uruguaio-cacique-medina-como-novo-treinador\/\" \/>\n<meta property=\"og:site_name\" content=\"Portal NPM\" \/>\n<meta property=\"article:published_time\" content=\"2021-12-28T08:46:55+00:00\" \/>\n<meta name=\"author\" content=\"Genival Barbosa\" \/>\n<meta name=\"twitter:card\" content=\"summary_large_image\" \/>\n<meta name=\"twitter:label1\" content=\"Escrito por\" \/>\n\t<meta name=\"twitter:data1\" content=\"Genival Barbosa\" \/>\n\t<meta name=\"twitter:label2\" content=\"Est. tempo de leitura\" \/>\n\t<meta name=\"twitter:data2\" content=\"1 minuto\" \/>\n<script type=\"application\/ld+json\" class=\"yoast-schema-graph\">{\"@context\":\"https:\/\/schema.org\",\"@graph\":[{\"@type\":\"WebPage\",\"@id\":\"https:\/\/portalnpm.com\/index.php\/2021\/12\/28\/inter-anuncia-uruguaio-cacique-medina-como-novo-treinador\/\",\"url\":\"https:\/\/portalnpm.com\/index.php\/2021\/12\/28\/inter-anuncia-uruguaio-cacique-medina-como-novo-treinador\/\",\"name\":\"Inter anuncia uruguaio Cacique Medina como novo treinador - Portal NPM\",\"isPartOf\":{\"@id\":\"https:\/\/portalnpm.com\/#website\"},\"primaryImageOfPage\":{\"@id\":\"https:\/\/portalnpm.com\/index.php\/2021\/12\/28\/inter-anuncia-uruguaio-cacique-medina-como-novo-treinador\/#primaryimage\"},\"image\":{\"@id\":\"https:\/\/portalnpm.com\/index.php\/2021\/12\/28\/inter-anuncia-uruguaio-cacique-medina-como-novo-treinador\/#primaryimage\"},\"thumbnailUrl\":\"\",\"datePublished\":\"2021-12-28T08:46:55+00:00\",\"dateModified\":\"2021-12-28T08:46:55+00:00\",\"author\":{\"@id\":\"https:\/\/portalnpm.com\/#\/schema\/person\/49313e563cfdefcc167f1ee4c017c294\"},\"breadcrumb\":{\"@id\":\"https:\/\/portalnpm.com\/index.php\/2021\/12\/28\/inter-anuncia-uruguaio-cacique-medina-como-novo-treinador\/#breadcrumb\"},\"inLanguage\":\"pt-BR\",\"potentialAction\":[{\"@type\":\"ReadAction\",\"target\":[\"https:\/\/portalnpm.com\/index.php\/2021\/12\/28\/inter-anuncia-uruguaio-cacique-medina-como-novo-treinador\/\"]}]},{\"@type\":\"ImageObject\",\"inLanguage\":\"pt-BR\",\"@id\":\"https:\/\/portalnpm.com\/index.php\/2021\/12\/28\/inter-anuncia-uruguaio-cacique-medina-como-novo-treinador\/#primaryimage\",\"url\":\"\",\"contentUrl\":\"\"},{\"@type\":\"BreadcrumbList\",\"@id\":\"https:\/\/portalnpm.com\/index.php\/2021\/12\/28\/inter-anuncia-uruguaio-cacique-medina-como-novo-treinador\/#breadcrumb\",\"itemListElement\":[{\"@type\":\"ListItem\",\"position\":1,\"name\":\"In\u00edcio\",\"item\":\"https:\/\/portalnpm.com\/\"},{\"@type\":\"ListItem\",\"position\":2,\"name\":\"Inter anuncia uruguaio Cacique Medina como novo treinador\"}]},{\"@type\":\"WebSite\",\"@id\":\"https:\/\/portalnpm.com\/#website\",\"url\":\"https:\/\/portalnpm.com\/\",\"name\":\"Portal NPM\",\"description\":\"Not\u00edcias em Primeira M\u00e3o\",\"potentialAction\":[{\"@type\":\"SearchAction\",\"target\":{\"@type\":\"EntryPoint\",\"urlTemplate\":\"https:\/\/portalnpm.com\/?s={search_term_string}\"},\"query-input\":\"required name=search_term_string\"}],\"inLanguage\":\"pt-BR\"},{\"@type\":\"Person\",\"@id\":\"https:\/\/portalnpm.com\/#\/schema\/person\/49313e563cfdefcc167f1ee4c017c294\",\"name\":\"Genival Barbosa\",\"image\":{\"@type\":\"ImageObject\",\"inLanguage\":\"pt-BR\",\"@id\":\"https:\/\/portalnpm.com\/#\/schema\/person\/image\/\",\"url\":\"https:\/\/portalnpm.com\/wp-content\/uploads\/2024\/02\/avatar_user_2_1707743258-96x96.jpeg\",\"contentUrl\":\"https:\/\/portalnpm.com\/wp-content\/uploads\/2024\/02\/avatar_user_2_1707743258-96x96.jpeg\",\"caption\":\"Genival Barbosa\"},\"url\":\"https:\/\/portalnpm.com\/index.php\/author\/genival\/\"}]}<\/script>\n<!-- \/ Yoast SEO plugin. -->","yoast_head_json":{"title":"Inter anuncia uruguaio Cacique Medina como novo treinador - Portal NPM","robots":{"index":"index","follow":"follow","max-snippet":"max-snippet:-1","max-image-preview":"max-image-preview:large","max-video-preview":"max-video-preview:-1"},"canonical":"https:\/\/portalnpm.com\/index.php\/2021\/12\/28\/inter-anuncia-uruguaio-cacique-medina-como-novo-treinador\/","og_locale":"pt_BR","og_type":"article","og_title":"Inter anuncia uruguaio Cacique Medina como novo treinador - Portal NPM","og_description":"O Internacional j\u00e1 tem um treinador para a temporada de 2022. Na tarde desta sexta-feira, a equipe anunciou por meio de suas redes sociais a contrata\u00e7\u00e3o do t\u00e9cnico uruguaio Alexander \u201dCacique\u201d Medina, de 43 anos, ex-Talleres, da Argentina. O contrato vai at\u00e9 dezembro 2022. O novo comandante chega para suprir a vaga deixada pelo tamb\u00e9m &hellip;","og_url":"https:\/\/portalnpm.com\/index.php\/2021\/12\/28\/inter-anuncia-uruguaio-cacique-medina-como-novo-treinador\/","og_site_name":"Portal NPM","article_published_time":"2021-12-28T08:46:55+00:00","author":"Genival Barbosa","twitter_card":"summary_large_image","twitter_misc":{"Escrito por":"Genival Barbosa","Est. tempo de leitura":"1 minuto"},"schema":{"@context":"https:\/\/schema.org","@graph":[{"@type":"WebPage","@id":"https:\/\/portalnpm.com\/index.php\/2021\/12\/28\/inter-anuncia-uruguaio-cacique-medina-como-novo-treinador\/","url":"https:\/\/portalnpm.com\/index.php\/2021\/12\/28\/inter-anuncia-uruguaio-cacique-medina-como-novo-treinador\/","name":"Inter anuncia uruguaio Cacique Medina como novo treinador - Portal NPM","isPartOf":{"@id":"https:\/\/portalnpm.com\/#website"},"primaryImageOfPage":{"@id":"https:\/\/portalnpm.com\/index.php\/2021\/12\/28\/inter-anuncia-uruguaio-cacique-medina-como-novo-treinador\/#primaryimage"},"image":{"@id":"https:\/\/portalnpm.com\/index.php\/2021\/12\/28\/inter-anuncia-uruguaio-cacique-medina-como-novo-treinador\/#primaryimage"},"thumbnailUrl":"","datePublished":"2021-12-28T08:46:55+00:00","dateModified":"2021-12-28T08:46:55+00:00","author":{"@id":"https:\/\/portalnpm.com\/#\/schema\/person\/49313e563cfdefcc167f1ee4c017c294"},"breadcrumb":{"@id":"https:\/\/portalnpm.com\/index.php\/2021\/12\/28\/inter-anuncia-uruguaio-cacique-medina-como-novo-treinador\/#breadcrumb"},"inLanguage":"pt-BR","potentialAction":[{"@type":"ReadAction","target":["https:\/\/portalnpm.com\/index.php\/2021\/12\/28\/inter-anuncia-uruguaio-cacique-medina-como-novo-treinador\/"]}]},{"@type":"ImageObject","inLanguage":"pt-BR","@id":"https:\/\/portalnpm.com\/index.php\/2021\/12\/28\/inter-anuncia-uruguaio-cacique-medina-como-novo-treinador\/#primaryimage","url":"","contentUrl":""},{"@type":"BreadcrumbList","@id":"https:\/\/portalnpm.com\/index.php\/2021\/12\/28\/inter-anuncia-uruguaio-cacique-medina-como-novo-treinador\/#breadcrumb","itemListElement":[{"@type":"ListItem","position":1,"name":"In\u00edcio","item":"https:\/\/portalnpm.com\/"},{"@type":"ListItem","position":2,"name":"Inter anuncia uruguaio Cacique Medina como novo treinador"}]},{"@type":"WebSite","@id":"https:\/\/portalnpm.com\/#website","url":"https:\/\/portalnpm.com\/","name":"Portal NPM","description":"Not\u00edcias em Primeira M\u00e3o","potentialAction":[{"@type":"SearchAction","target":{"@type":"EntryPoint","urlTemplate":"https:\/\/portalnpm.com\/?s={search_term_string}"},"query-input":"required name=search_term_string"}],"inLanguage":"pt-BR"},{"@type":"Person","@id":"https:\/\/portalnpm.com\/#\/schema\/person\/49313e563cfdefcc167f1ee4c017c294","name":"Genival Barbosa","image":{"@type":"ImageObject","inLanguage":"pt-BR","@id":"https:\/\/portalnpm.com\/#\/schema\/person\/image\/","url":"https:\/\/portalnpm.com\/wp-content\/uploads\/2024\/02\/avatar_user_2_1707743258-96x96.jpeg","contentUrl":"https:\/\/portalnpm.com\/wp-content\/uploads\/2024\/02\/avatar_user_2_1707743258-96x96.jpeg","caption":"Genival Barbosa"},"url":"https:\/\/portalnpm.com\/index.php\/author\/genival\/"}]}},"jetpack_sharing_enabled":true,"jetpack_featured_media_url":"","_links":{"self":[{"href":"https:\/\/portalnpm.com\/index.php\/wp-json\/wp\/v2\/posts\/39415"}],"collection":[{"href":"https:\/\/portalnpm.com\/index.php\/wp-json\/wp\/v2\/posts"}],"about":[{"href":"https:\/\/portalnpm.com\/index.php\/wp-json\/wp\/v2\/types\/post"}],"author":[{"embeddable":true,"href":"https:\/\/portalnpm.com\/index.php\/wp-json\/wp\/v2\/users\/2"}],"replies":[{"embeddable":true,"href":"https:\/\/portalnpm.com\/index.php\/wp-json\/wp\/v2\/comments?post=39415"}],"version-history":[{"count":0,"href":"https:\/\/portalnpm.com\/index.php\/wp-json\/wp\/v2\/posts\/39415\/revisions"}],"wp:featuredmedia":[{"embeddable":true,"href":"https:\/\/portalnpm.com\/index.php\/wp-json\/"}],"wp:attachment":[{"href":"https:\/\/portalnpm.com\/index.php\/wp-json\/wp\/v2\/media?parent=39415"}],"wp:term":[{"taxonomy":"category","embeddable":true,"href":"https:\/\/portalnpm.com\/index.php\/wp-json\/wp\/v2\/categories?post=39415"},{"taxonomy":"post_tag","embeddable":true,"href":"https:\/\/portalnpm.com\/index.php\/wp-json\/wp\/v2\/tags?post=39415"}],"curies":[{"name":"wp","href":"https:\/\/api.w.org\/{rel}","templated":true}]}}